{"id":1880,"date":"2023-11-21T10:54:44","date_gmt":"2023-11-21T10:54:44","guid":{"rendered":"https:\/\/dev.buod.de\/hageni-magyar-bal-beszamoloja\/"},"modified":"2024-04-11T13:34:09","modified_gmt":"2024-04-11T13:34:09","slug":"hageni-magyar-bal-beszamoloja","status":"publish","type":"post","link":"https:\/\/buod.de\/de\/hageni-magyar-bal-beszamoloja\/","title":{"rendered":"Hageni Magyar B\u00e1l besz\u00e1mol\u00f3ja"},"content":{"rendered":"<p>Tisztelt c\u00edmzettek!<\/p>\n<p>November 11-\u00e9n a Ruhr-vid\u00e9ki magyar k\u00f6z\u00f6ss\u00e9g nagy \u00f6r\u00f6m\u00e9re \u00fajb\u00f3l megtartottuk a Hageni Magyar B\u00e1lt.<\/p>\n<p><!--more--><\/p>\n<p>A csatolm\u00e1nyban tal\u00e1lhat\u00f3 a r\u00f6vid besz\u00e1mol\u00f3nk, olvass\u00e1tok szeretettel!<\/p>\n<p>\u00dcdv\u00f6zlettel,<\/p>\n<p>P\u00e1lffy Zs\u00f3fia<br \/> KCsP<\/p>\n<p>&nbsp;<\/p>\n<p>&nbsp;<\/p>\n<p><a href=\"https:\/\/buod.de\/de\/images\/BUOD_info\/Hageni_Magyar_Bl.pdf\/\">http:\/\/www.buod.de\/images\/BUOD_info\/Hageni_Magyar_Bl.pdf<\/a><\/p>","protected":false},"excerpt":{"rendered":"<p>Tisztelt c\u00edmzettek! November 11-\u00e9n a Ruhr-vid\u00e9ki magyar k\u00f6z\u00f6ss\u00e9g nagy \u00f6r\u00f6m\u00e9re \u00fajb\u00f3l megtartottuk a Hageni Magyar B\u00e1lt.<\/p>","protected":false},"author":4,"featured_media":0,"comment_status":"open","ping_status":"open","sticky":false,"template":"","format":"standard","meta":{"footnotes":""},"categories":[17],"tags":[21],"class_list":["post-1880","post","type-post","status-publish","format-standard","hentry","category-hirek","tag-21"],"yoast_head":"<!-- This site is optimized with the Yoast SEO plugin v27.5 - https:\/\/yoast.com\/product\/yoast-seo-wordpress\/ -->\n<title>Hageni Magyar B\u00e1l besz\u00e1mol\u00f3ja - BUOD<\/title>\n<meta name=\"robots\" content=\"index, follow, max-snippet:-1, max-image-preview:large, max-video-preview:-1\" \/>\n<link rel=\"canonical\" href=\"https:\/\/buod.de\/de\/hageni-magyar-bal-beszamoloja\/\" \/>\n<meta property=\"og:locale\" content=\"de_DE\" \/>\n<meta property=\"og:type\" content=\"article\" \/>\n<meta property=\"og:title\" content=\"Hageni Magyar B\u00e1l besz\u00e1mol\u00f3ja - BUOD\" \/>\n<meta property=\"og:description\" content=\"Tisztelt c\u00edmzettek! November 11-\u00e9n a Ruhr-vid\u00e9ki magyar k\u00f6z\u00f6ss\u00e9g nagy \u00f6r\u00f6m\u00e9re \u00fajb\u00f3l megtartottuk a Hageni Magyar B\u00e1lt.\" \/>\n<meta property=\"og:url\" content=\"https:\/\/buod.de\/de\/hageni-magyar-bal-beszamoloja\/\" \/>\n<meta property=\"og:site_name\" content=\"BUOD\" \/>\n<meta property=\"article:publisher\" content=\"https:\/\/www.facebook.com\/profile.php?id=100082185652397\" \/>\n<meta property=\"article:published_time\" content=\"2023-11-21T10:54:44+00:00\" \/>\n<meta property=\"article:modified_time\" content=\"2024-04-11T13:34:09+00:00\" \/>\n<meta name=\"author\" content=\"Gery V\u00e1rkonyi\" \/>\n<meta name=\"twitter:card\" content=\"summary_large_image\" \/>\n<meta name=\"twitter:label1\" content=\"Written by\" \/>\n\t<meta name=\"twitter:data1\" content=\"Gery V\u00e1rkonyi\" \/>\n<script type=\"application\/ld+json\" class=\"yoast-schema-graph\">{\"@context\":\"https:\\\/\\\/schema.org\",\"@graph\":[{\"@type\":\"Article\",\"@id\":\"https:\\\/\\\/buod.de\\\/hageni-magyar-bal-beszamoloja\\\/#article\",\"isPartOf\":{\"@id\":\"https:\\\/\\\/buod.de\\\/hageni-magyar-bal-beszamoloja\\\/\"},\"author\":{\"name\":\"Gery V\u00e1rkonyi\",\"@id\":\"https:\\\/\\\/buod.de\\\/#\\\/schema\\\/person\\\/8332a3e63b017fea8fcd17e9c0f96bf1\"},\"headline\":\"Hageni Magyar B\u00e1l besz\u00e1mol\u00f3ja\",\"datePublished\":\"2023-11-21T10:54:44+00:00\",\"dateModified\":\"2024-04-11T13:34:09+00:00\",\"mainEntityOfPage\":{\"@id\":\"https:\\\/\\\/buod.de\\\/hageni-magyar-bal-beszamoloja\\\/\"},\"wordCount\":67,\"commentCount\":0,\"publisher\":{\"@id\":\"https:\\\/\\\/buod.de\\\/#organization\"},\"keywords\":[\"2023\"],\"articleSection\":[\"H\u00edrek\"],\"inLanguage\":\"de-DE\",\"potentialAction\":[{\"@type\":\"CommentAction\",\"name\":\"Comment\",\"target\":[\"https:\\\/\\\/buod.de\\\/hageni-magyar-bal-beszamoloja\\\/#respond\"]}]},{\"@type\":\"WebPage\",\"@id\":\"https:\\\/\\\/buod.de\\\/hageni-magyar-bal-beszamoloja\\\/\",\"url\":\"https:\\\/\\\/buod.de\\\/hageni-magyar-bal-beszamoloja\\\/\",\"name\":\"Hageni Magyar B\u00e1l besz\u00e1mol\u00f3ja - BUOD\",\"isPartOf\":{\"@id\":\"https:\\\/\\\/buod.de\\\/#website\"},\"datePublished\":\"2023-11-21T10:54:44+00:00\",\"dateModified\":\"2024-04-11T13:34:09+00:00\",\"breadcrumb\":{\"@id\":\"https:\\\/\\\/buod.de\\\/hageni-magyar-bal-beszamoloja\\\/#breadcrumb\"},\"inLanguage\":\"de-DE\",\"potentialAction\":[{\"@type\":\"ReadAction\",\"target\":[\"https:\\\/\\\/buod.de\\\/hageni-magyar-bal-beszamoloja\\\/\"]}]},{\"@type\":\"BreadcrumbList\",\"@id\":\"https:\\\/\\\/buod.de\\\/hageni-magyar-bal-beszamoloja\\\/#breadcrumb\",\"itemListElement\":[{\"@type\":\"ListItem\",\"position\":1,\"name\":\"Kezd\u0151lap\",\"item\":\"https:\\\/\\\/buod.de\\\/\"},{\"@type\":\"ListItem\",\"position\":2,\"name\":\"Hageni Magyar B\u00e1l besz\u00e1mol\u00f3ja\"}]},{\"@type\":\"WebSite\",\"@id\":\"https:\\\/\\\/buod.de\\\/#website\",\"url\":\"https:\\\/\\\/buod.de\\\/\",\"name\":\"BUOD\",\"description\":\"Bund Ungarischer Organisationen in Deutschland\",\"publisher\":{\"@id\":\"https:\\\/\\\/buod.de\\\/#organization\"},\"potentialAction\":[{\"@type\":\"SearchAction\",\"target\":{\"@type\":\"EntryPoint\",\"urlTemplate\":\"https:\\\/\\\/buod.de\\\/?s={search_term_string}\"},\"query-input\":{\"@type\":\"PropertyValueSpecification\",\"valueRequired\":true,\"valueName\":\"search_term_string\"}}],\"inLanguage\":\"de-DE\"},{\"@type\":\"Organization\",\"@id\":\"https:\\\/\\\/buod.de\\\/#organization\",\"name\":\"BUOD\",\"url\":\"https:\\\/\\\/buod.de\\\/\",\"logo\":{\"@type\":\"ImageObject\",\"inLanguage\":\"de-DE\",\"@id\":\"https:\\\/\\\/buod.de\\\/#\\\/schema\\\/logo\\\/image\\\/\",\"url\":\"https:\\\/\\\/buod.de\\\/wp-content\\\/uploads\\\/2024\\\/03\\\/BUOD-logo.png\",\"contentUrl\":\"https:\\\/\\\/buod.de\\\/wp-content\\\/uploads\\\/2024\\\/03\\\/BUOD-logo.png\",\"width\":586,\"height\":490,\"caption\":\"BUOD\"},\"image\":{\"@id\":\"https:\\\/\\\/buod.de\\\/#\\\/schema\\\/logo\\\/image\\\/\"},\"sameAs\":[\"https:\\\/\\\/www.facebook.com\\\/profile.php?id=100082185652397\"]},{\"@type\":\"Person\",\"@id\":\"https:\\\/\\\/buod.de\\\/#\\\/schema\\\/person\\\/8332a3e63b017fea8fcd17e9c0f96bf1\",\"name\":\"Gery V\u00e1rkonyi\",\"image\":{\"@type\":\"ImageObject\",\"inLanguage\":\"de-DE\",\"@id\":\"https:\\\/\\\/secure.gravatar.com\\\/avatar\\\/c1babe7dc68f065be4ec606c522172804715398688c78c6fffca3888b364e934?s=96&d=mm&r=g\",\"url\":\"https:\\\/\\\/secure.gravatar.com\\\/avatar\\\/c1babe7dc68f065be4ec606c522172804715398688c78c6fffca3888b364e934?s=96&d=mm&r=g\",\"contentUrl\":\"https:\\\/\\\/secure.gravatar.com\\\/avatar\\\/c1babe7dc68f065be4ec606c522172804715398688c78c6fffca3888b364e934?s=96&d=mm&r=g\",\"caption\":\"Gery V\u00e1rkonyi\"},\"url\":\"https:\\\/\\\/buod.de\\\/de\\\/author\\\/geryvarkonyi\\\/\"}]}<\/script>\n<!-- \/ Yoast SEO plugin. -->","yoast_head_json":{"title":"Hageni Magyar B\u00e1l besz\u00e1mol\u00f3ja - BUOD","robots":{"index":"index","follow":"follow","max-snippet":"max-snippet:-1","max-image-preview":"max-image-preview:large","max-video-preview":"max-video-preview:-1"},"canonical":"https:\/\/buod.de\/de\/hageni-magyar-bal-beszamoloja\/","og_locale":"de_DE","og_type":"article","og_title":"Hageni Magyar B\u00e1l besz\u00e1mol\u00f3ja - BUOD","og_description":"Tisztelt c\u00edmzettek! November 11-\u00e9n a Ruhr-vid\u00e9ki magyar k\u00f6z\u00f6ss\u00e9g nagy \u00f6r\u00f6m\u00e9re \u00fajb\u00f3l megtartottuk a Hageni Magyar B\u00e1lt.","og_url":"https:\/\/buod.de\/de\/hageni-magyar-bal-beszamoloja\/","og_site_name":"BUOD","article_publisher":"https:\/\/www.facebook.com\/profile.php?id=100082185652397","article_published_time":"2023-11-21T10:54:44+00:00","article_modified_time":"2024-04-11T13:34:09+00:00","author":"Gery V\u00e1rkonyi","twitter_card":"summary_large_image","twitter_misc":{"Written by":"Gery V\u00e1rkonyi"},"schema":{"@context":"https:\/\/schema.org","@graph":[{"@type":"Article","@id":"https:\/\/buod.de\/hageni-magyar-bal-beszamoloja\/#article","isPartOf":{"@id":"https:\/\/buod.de\/hageni-magyar-bal-beszamoloja\/"},"author":{"name":"Gery V\u00e1rkonyi","@id":"https:\/\/buod.de\/#\/schema\/person\/8332a3e63b017fea8fcd17e9c0f96bf1"},"headline":"Hageni Magyar B\u00e1l besz\u00e1mol\u00f3ja","datePublished":"2023-11-21T10:54:44+00:00","dateModified":"2024-04-11T13:34:09+00:00","mainEntityOfPage":{"@id":"https:\/\/buod.de\/hageni-magyar-bal-beszamoloja\/"},"wordCount":67,"commentCount":0,"publisher":{"@id":"https:\/\/buod.de\/#organization"},"keywords":["2023"],"articleSection":["H\u00edrek"],"inLanguage":"de-DE","potentialAction":[{"@type":"CommentAction","name":"Comment","target":["https:\/\/buod.de\/hageni-magyar-bal-beszamoloja\/#respond"]}]},{"@type":"WebPage","@id":"https:\/\/buod.de\/hageni-magyar-bal-beszamoloja\/","url":"https:\/\/buod.de\/hageni-magyar-bal-beszamoloja\/","name":"Hageni Magyar B\u00e1l besz\u00e1mol\u00f3ja - BUOD","isPartOf":{"@id":"https:\/\/buod.de\/#website"},"datePublished":"2023-11-21T10:54:44+00:00","dateModified":"2024-04-11T13:34:09+00:00","breadcrumb":{"@id":"https:\/\/buod.de\/hageni-magyar-bal-beszamoloja\/#breadcrumb"},"inLanguage":"de-DE","potentialAction":[{"@type":"ReadAction","target":["https:\/\/buod.de\/hageni-magyar-bal-beszamoloja\/"]}]},{"@type":"BreadcrumbList","@id":"https:\/\/buod.de\/hageni-magyar-bal-beszamoloja\/#breadcrumb","itemListElement":[{"@type":"ListItem","position":1,"name":"Kezd\u0151lap","item":"https:\/\/buod.de\/"},{"@type":"ListItem","position":2,"name":"Hageni Magyar B\u00e1l besz\u00e1mol\u00f3ja"}]},{"@type":"WebSite","@id":"https:\/\/buod.de\/#website","url":"https:\/\/buod.de\/","name":"BUOD","description":"Bund Ungarischer Organisationen in Deutschland","publisher":{"@id":"https:\/\/buod.de\/#organization"},"potentialAction":[{"@type":"SearchAction","target":{"@type":"EntryPoint","urlTemplate":"https:\/\/buod.de\/?s={search_term_string}"},"query-input":{"@type":"PropertyValueSpecification","valueRequired":true,"valueName":"search_term_string"}}],"inLanguage":"de-DE"},{"@type":"Organization","@id":"https:\/\/buod.de\/#organization","name":"BUOD","url":"https:\/\/buod.de\/","logo":{"@type":"ImageObject","inLanguage":"de-DE","@id":"https:\/\/buod.de\/#\/schema\/logo\/image\/","url":"https:\/\/buod.de\/wp-content\/uploads\/2024\/03\/BUOD-logo.png","contentUrl":"https:\/\/buod.de\/wp-content\/uploads\/2024\/03\/BUOD-logo.png","width":586,"height":490,"caption":"BUOD"},"image":{"@id":"https:\/\/buod.de\/#\/schema\/logo\/image\/"},"sameAs":["https:\/\/www.facebook.com\/profile.php?id=100082185652397"]},{"@type":"Person","@id":"https:\/\/buod.de\/#\/schema\/person\/8332a3e63b017fea8fcd17e9c0f96bf1","name":"Gery V\u00e1rkonyi","image":{"@type":"ImageObject","inLanguage":"de-DE","@id":"https:\/\/secure.gravatar.com\/avatar\/c1babe7dc68f065be4ec606c522172804715398688c78c6fffca3888b364e934?s=96&d=mm&r=g","url":"https:\/\/secure.gravatar.com\/avatar\/c1babe7dc68f065be4ec606c522172804715398688c78c6fffca3888b364e934?s=96&d=mm&r=g","contentUrl":"https:\/\/secure.gravatar.com\/avatar\/c1babe7dc68f065be4ec606c522172804715398688c78c6fffca3888b364e934?s=96&d=mm&r=g","caption":"Gery V\u00e1rkonyi"},"url":"https:\/\/buod.de\/de\/author\/geryvarkonyi\/"}]}},"_links":{"self":[{"href":"https:\/\/buod.de\/de\/wp-json\/wp\/v2\/posts\/1880","targetHints":{"allow":["GET"]}}],"collection":[{"href":"https:\/\/buod.de\/de\/wp-json\/wp\/v2\/posts"}],"about":[{"href":"https:\/\/buod.de\/de\/wp-json\/wp\/v2\/types\/post"}],"author":[{"embeddable":true,"href":"https:\/\/buod.de\/de\/wp-json\/wp\/v2\/users\/4"}],"replies":[{"embeddable":true,"href":"https:\/\/buod.de\/de\/wp-json\/wp\/v2\/comments?post=1880"}],"version-history":[{"count":1,"href":"https:\/\/buod.de\/de\/wp-json\/wp\/v2\/posts\/1880\/revisions"}],"predecessor-version":[{"id":2405,"href":"https:\/\/buod.de\/de\/wp-json\/wp\/v2\/posts\/1880\/revisions\/2405"}],"wp:attachment":[{"href":"https:\/\/buod.de\/de\/wp-json\/wp\/v2\/media?parent=1880"}],"wp:term":[{"taxonomy":"category","embeddable":true,"href":"https:\/\/buod.de\/de\/wp-json\/wp\/v2\/categories?post=1880"},{"taxonomy":"post_tag","embeddable":true,"href":"https:\/\/buod.de\/de\/wp-json\/wp\/v2\/tags?post=1880"}],"curies":[{"name":"wp","href":"https:\/\/api.w.org\/{rel}","templated":true}]}}