{"id":1886,"date":"2023-11-22T12:06:35","date_gmt":"2023-11-22T12:06:35","guid":{"rendered":"https:\/\/dev.buod.de\/kastlis-torzsasztal-nurnbergben\/"},"modified":"2024-04-11T13:34:09","modified_gmt":"2024-04-11T13:34:09","slug":"kastlis-torzsasztal-nurnbergben","status":"publish","type":"post","link":"https:\/\/buod.de\/de\/kastlis-torzsasztal-nurnbergben\/","title":{"rendered":"Kastlis T\u00f6rzsasztal N\u00fcrnbergben"},"content":{"rendered":"<p><strong>T\u00f6rzsasztal ALUMNI, N\u00fcrnberg \u2013 2023. november 18.<\/strong><\/p>\n<p>B\u00e1r az el\u0151z\u0151 \u00e9vekben kialakult egy olyan szok\u00e1s, hogy egyik \u00e9vben N\u00fcrnbergben, k\u00f6vetkez\u0151 \u00e9vben Kastlban szervez\u0151d\u00f6tt az \u00e9vi \u201eszok\u00e1sos\u201d T\u00f6rzsasztal \u00edgy, november t\u00e1j\u00e9k\u00e1n, ebben az \u00e9vben ez m\u00e1sk\u00e9ppen alakult.<\/p>\n<p><!--more--><\/p>\n<p>A kor\u00e1bbi visszajelz\u00e9seknek, k\u00e9r\u00e9seknek engedve, maradt id\u00e9n is N\u00fcrnberg ennek a tal\u00e1lkoz\u00f3nak a sz\u00ednhelye, egyszer\u0171, praktikus okokb\u00f3l, a r\u00e9szvev\u0151k nagy t\u00f6bbs\u00e9ge jobban meg tudja k\u00f6zel\u00edteni a v\u00e1rost.<\/p>\n<p>Schmidt K\u00e1roly, az egyes\u00fclet eln\u00f6ke \u00e9s Katona \u00c1gnes eln\u00f6ks\u00e9gi tag m\u00e1r j\u00f3 id\u0151ben, szeptemberben megkezdt\u00e9k a szervez\u00e9st, Karcsi lefoglalta a M\u00fcller\u2019s Restaurant k\u00fcl\u00f6nterm\u00e9t, ahova november 18-ra h\u00edvt\u00e1k a Kastlis di\u00e1kokat egy k\u00f6tetlen, j\u00f3 hangulat\u00fa vacsor\u00e1ra, besz\u00e9lget\u00e9sre.<\/p>\n<p>Az el\u0151zetes visszajelz\u00e9sek alapj\u00e1n 25 f\u0151re lehetett sz\u00e1m\u00edtani, azt\u00e1n meglepet\u00e9sk\u00e9nt meg\u00e9rkezett M\u00fcller Gyuri is. El\u0151sz\u00f6r term\u00e9szetesen az azonos koroszt\u00e1lyb\u00f3l \u00e9rkez\u0151k \u00fcltek k\u00f6r\u00fcl egy-egy asztalt, de azt\u00e1n miut\u00e1n a vacsor\u00e1t mindenki elk\u00f6lt\u00f6tte, m\u00e1r beindult a mozg\u00e1s, a k\u00f6lt\u00f6z\u00e9s, t\u00f6bben v\u00e1ltottak asztalt, \u00e9rdekl\u0151dtek egym\u00e1sr\u00f3l, ki hogy van, mi t\u00f6rt\u00e9nt vele az elm\u00falt \u00e9vekben.<\/p>\n<p>Term\u00e9szetesen Schmidt Karesz id\u00e9n is k\u00fcld\u00f6tt csomagocsk\u00e1t a Mikul\u00e1s, k\u00f6sz\u00f6nj\u00fck sz\u00e9pen!<\/p>\n<p>\u00d6r\u00f6m\u00fcnkre a r\u00e9szvev\u0151k k\u00f6z\u00f6tt volt Gell\u00e9ri Emil, volt egyes\u00fcleti eln\u00f6k helyettes is, \u0151t unok\u00e1ja k\u00eds\u00e9rte el. A teljess\u00e9g ig\u00e9nye n\u00e9lk\u00fcl, Galac Zoli kisl\u00e1ny\u00e1val, Stuttgart mell\u0151l, Schmidt Karesz \u00e9s Szil\u00e1gyi Zsuzsi Frankfurtb\u00f3l \u00e9rkeztek, Pajor Laci \u00e9s M\u00fcller Gyuri b\u00e1csi Kastlb\u00f3l, \u00e9s t\u00f6bben a k\u00f6rnyez\u0151 telep\u00fcl\u00e9sekr\u0151l, ill. N\u00fcrnbergb\u0151l j\u00f6ttek el.<\/p>\n<p>Ker\u00fclt az asztalra finom h\u00e1zi s\u00fctem\u00e9ny is, (amit Gitta k\u00e9sz\u00edtett), mindenki sz\u00edvesen fogadta el.<\/p>\n<p>Gyuri b\u00e1csi \u00e9s Karcsi is eml\u00edtette, hogy december 9-10-\u00e9n lesz Kastlban a helyi kar\u00e1csonyi v\u00e1s\u00e1r. A h\u00edr hallat\u00e1ra m\u00e1r elkezd\u0151d\u00f6tt a szervezked\u00e9s, ki, kivel, mikor tud elmenni, az\u00e9rt, hogy ism\u00e9t elt\u00f6lthessenek egy r\u00f6videbb est\u00e9t egy\u00fctt, k\u00f6z\u00f6sen.<\/p>\n<p>Besz\u00e9lget\u00e9s k\u00f6zben elhangzott olyan k\u00e9rd\u00e9s is, hogy \u201e\u2026 csak ez az egy T\u00f6rzsasztal szokott lenni \u00e9vente?\u201d- utalva arra, hogy lehet, hogy ig\u00e9ny lenne t\u00f6bb tal\u00e1lkoz\u00e1si lehet\u0151s\u00e9gre is. Persze a P\u00fcnk\u00f6sdi tal\u00e1lkoz\u00f3 minden \u00e9vben megrendez\u00e9sre ker\u00fcl, mint az \u00e9v egyik legnagyobb esem\u00e9nye, illetve sokat besz\u00e9lgettek a balatoni, illetve h\u00e9v\u00edzi, ny\u00e1ri T\u00f6rzsasztalr\u00f3l is, hiszen annak is m\u00e1r j\u00f3 h\u00edre, hagyom\u00e1nya teremt\u0151d\u00f6tt a ut\u00f3bbi n\u00e9h\u00e1ny \u00e9vben.<\/p>\n<p>Az eln\u00f6ks\u00e9g r\u00f6vid megbesz\u00e9l\u00e9st tartott sz\u0171k k\u00f6rben, egy kis munka is belef\u00e9rt az esti programba. Sz\u00f3ba ker\u00fclt a BGA nyertes p\u00e1ly\u00e1zati eredm\u00e9nye, ami a napokban lett v\u00e9gleges, ez igaz\u00e1n j\u00f3 h\u00edr az egyes\u00fclet sz\u00e1m\u00e1ra.<\/p>\n<p>Az \u00e9tteremre nem lehetett panasz, az \u00e9telek finomak voltak, a felszolg\u00e1lok gyorsak, rugalmasak, annyira, hogy a 22.00 \u00f3rai z\u00e1r\u00e1sb\u00f3l az lett a v\u00e9g\u00e9n, hogy 23.30 k\u00f6r\u00fcl l\u00e9pett ki az utols\u00f3 Kastlis. Kint m\u00e1r semmi, a kellemetlen, h\u0171v\u00f6s es\u0151 sem, ronthatta el a j\u00f3 hangulat\u00fa est\u00e9t.<\/p>\n<p>Viszont l\u00e1t\u00e1sra hamarosan, Kastlban, a kar\u00e1csonyi v\u00e1s\u00e1r alkalm\u00e1val!<\/p>\n<p>Minden j\u00f3t, P\u00e9ter Judit (KCSP \u00f6szt\u00f6nd\u00edjas)<\/p>\n<p>&nbsp;<\/p>\n<p><img loading=\"lazy\" decoding=\"async\" class=\"size-full wp-image-1881\" src=\"https:\/\/buod.de\/wp-content\/uploads\/2023\/11\/Trzsasztal_Nrnberg_11_18_23-5.jpg\" alt=\"Trzsasztal Nrnberg 11 18 23 5\" width=\"500\" height=\"333\" srcset=\"https:\/\/buod.de\/wp-content\/uploads\/2023\/11\/Trzsasztal_Nrnberg_11_18_23-5.jpg 1024w, https:\/\/buod.de\/wp-content\/uploads\/2023\/11\/Trzsasztal_Nrnberg_11_18_23-5-300x200.jpg 300w, https:\/\/buod.de\/wp-content\/uploads\/2023\/11\/Trzsasztal_Nrnberg_11_18_23-5-768x512.jpg 768w, https:\/\/buod.de\/wp-content\/uploads\/2023\/11\/Trzsasztal_Nrnberg_11_18_23-5-18x12.jpg 18w\" sizes=\"auto, (max-width: 500px) 100vw, 500px\" \/><img loading=\"lazy\" decoding=\"async\" class=\"size-full wp-image-1882\" src=\"https:\/\/buod.de\/wp-content\/uploads\/2023\/11\/Trzsasztal_Nrnberg_11_18_23-2.jpg\" alt=\"Trzsasztal Nrnberg 11 18 23 2\" width=\"500\" height=\"334\" srcset=\"https:\/\/buod.de\/wp-content\/uploads\/2023\/11\/Trzsasztal_Nrnberg_11_18_23-2.jpg 1024w, https:\/\/buod.de\/wp-content\/uploads\/2023\/11\/Trzsasztal_Nrnberg_11_18_23-2-300x200.jpg 300w, https:\/\/buod.de\/wp-content\/uploads\/2023\/11\/Trzsasztal_Nrnberg_11_18_23-2-768x512.jpg 768w, https:\/\/buod.de\/wp-content\/uploads\/2023\/11\/Trzsasztal_Nrnberg_11_18_23-2-18x12.jpg 18w\" sizes=\"auto, (max-width: 500px) 100vw, 500px\" \/><img loading=\"lazy\" decoding=\"async\" class=\"size-full wp-image-1883\" src=\"https:\/\/buod.de\/wp-content\/uploads\/2023\/11\/Trzsasztal_Nrnberg_11_18_23-3.jpg\" alt=\"Trzsasztal Nrnberg 11 18 23 3\" width=\"500\" height=\"375\" srcset=\"https:\/\/buod.de\/wp-content\/uploads\/2023\/11\/Trzsasztal_Nrnberg_11_18_23-3.jpg 1024w, https:\/\/buod.de\/wp-content\/uploads\/2023\/11\/Trzsasztal_Nrnberg_11_18_23-3-300x225.jpg 300w, https:\/\/buod.de\/wp-content\/uploads\/2023\/11\/Trzsasztal_Nrnberg_11_18_23-3-768x576.jpg 768w, https:\/\/buod.de\/wp-content\/uploads\/2023\/11\/Trzsasztal_Nrnberg_11_18_23-3-16x12.jpg 16w\" sizes=\"auto, (max-width: 500px) 100vw, 500px\" \/><img loading=\"lazy\" decoding=\"async\" class=\"size-full wp-image-1884\" src=\"https:\/\/buod.de\/wp-content\/uploads\/2023\/11\/Trzsasztal_Nrnberg_11_18_23-4.jpg\" alt=\"Trzsasztal Nrnberg 11 18 23 4\" width=\"500\" height=\"375\" srcset=\"https:\/\/buod.de\/wp-content\/uploads\/2023\/11\/Trzsasztal_Nrnberg_11_18_23-4.jpg 1024w, https:\/\/buod.de\/wp-content\/uploads\/2023\/11\/Trzsasztal_Nrnberg_11_18_23-4-300x225.jpg 300w, https:\/\/buod.de\/wp-content\/uploads\/2023\/11\/Trzsasztal_Nrnberg_11_18_23-4-768x576.jpg 768w, https:\/\/buod.de\/wp-content\/uploads\/2023\/11\/Trzsasztal_Nrnberg_11_18_23-4-16x12.jpg 16w\" sizes=\"auto, (max-width: 500px) 100vw, 500px\" \/><img loading=\"lazy\" decoding=\"async\" class=\"size-full wp-image-1885\" src=\"https:\/\/buod.de\/wp-content\/uploads\/2023\/11\/Trzsasztal_Nrnberg_11_18_23-1.jpg\" alt=\"Trzsasztal Nrnberg 11 18 23 1\" width=\"611\" height=\"711\" srcset=\"https:\/\/buod.de\/wp-content\/uploads\/2023\/11\/Trzsasztal_Nrnberg_11_18_23-1.jpg 1940w, https:\/\/buod.de\/wp-content\/uploads\/2023\/11\/Trzsasztal_Nrnberg_11_18_23-1-258x300.jpg 258w, https:\/\/buod.de\/wp-content\/uploads\/2023\/11\/Trzsasztal_Nrnberg_11_18_23-1-880x1024.jpg 880w, https:\/\/buod.de\/wp-content\/uploads\/2023\/11\/Trzsasztal_Nrnberg_11_18_23-1-768x893.jpg 768w, https:\/\/buod.de\/wp-content\/uploads\/2023\/11\/Trzsasztal_Nrnberg_11_18_23-1-1320x1536.jpg 1320w, https:\/\/buod.de\/wp-content\/uploads\/2023\/11\/Trzsasztal_Nrnberg_11_18_23-1-1760x2048.jpg 1760w, https:\/\/buod.de\/wp-content\/uploads\/2023\/11\/Trzsasztal_Nrnberg_11_18_23-1-10x12.jpg 10w\" sizes=\"auto, (max-width: 611px) 100vw, 611px\" \/><\/p>","protected":false},"excerpt":{"rendered":"<p>T\u00f6rzsasztal ALUMNI, N\u00fcrnberg \u2013 2023. november 18. B\u00e1r az el\u0151z\u0151 \u00e9vekben kialakult egy olyan szok\u00e1s, hogy egyik \u00e9vben N\u00fcrnbergben, k\u00f6vetkez\u0151 \u00e9vben Kastlban szervez\u0151d\u00f6tt az \u00e9vi \u201eszok\u00e1sos\u201d T\u00f6rzsasztal \u00edgy, november t\u00e1j\u00e9k\u00e1n, ebben az \u00e9vben ez m\u00e1sk\u00e9ppen alakult.<\/p>","protected":false},"author":4,"featured_media":1881,"comment_status":"open","ping_status":"open","sticky":false,"template":"","format":"standard","meta":{"footnotes":""},"categories":[17],"tags":[21],"class_list":["post-1886","post","type-post","status-publish","format-standard","has-post-thumbnail","hentry","category-hirek","tag-21"],"yoast_head":"<!-- This site is optimized with the Yoast SEO plugin v27.5 - https:\/\/yoast.com\/product\/yoast-seo-wordpress\/ -->\n<title>Kastlis T\u00f6rzsasztal N\u00fcrnbergben - BUOD<\/title>\n<meta name=\"robots\" content=\"index, follow, max-snippet:-1, max-image-preview:large, max-video-preview:-1\" \/>\n<link rel=\"canonical\" href=\"https:\/\/buod.de\/de\/kastlis-torzsasztal-nurnbergben\/\" \/>\n<meta property=\"og:locale\" content=\"de_DE\" \/>\n<meta property=\"og:type\" content=\"article\" \/>\n<meta property=\"og:title\" content=\"Kastlis T\u00f6rzsasztal N\u00fcrnbergben - BUOD\" \/>\n<meta property=\"og:description\" content=\"T\u00f6rzsasztal ALUMNI, N\u00fcrnberg \u2013 2023. november 18. B\u00e1r az el\u0151z\u0151 \u00e9vekben kialakult egy olyan szok\u00e1s, hogy egyik \u00e9vben N\u00fcrnbergben, k\u00f6vetkez\u0151 \u00e9vben Kastlban szervez\u0151d\u00f6tt az \u00e9vi \u201eszok\u00e1sos\u201d T\u00f6rzsasztal \u00edgy, november t\u00e1j\u00e9k\u00e1n, ebben az \u00e9vben ez m\u00e1sk\u00e9ppen alakult.\" \/>\n<meta property=\"og:url\" content=\"https:\/\/buod.de\/de\/kastlis-torzsasztal-nurnbergben\/\" \/>\n<meta property=\"og:site_name\" content=\"BUOD\" \/>\n<meta property=\"article:publisher\" content=\"https:\/\/www.facebook.com\/profile.php?id=100082185652397\" \/>\n<meta property=\"article:published_time\" content=\"2023-11-22T12:06:35+00:00\" \/>\n<meta property=\"article:modified_time\" content=\"2024-04-11T13:34:09+00:00\" \/>\n<meta property=\"og:image\" content=\"https:\/\/buod.de\/wp-content\/uploads\/2023\/11\/Trzsasztal_Nrnberg_11_18_23-5.jpg\" \/>\n\t<meta property=\"og:image:width\" content=\"1024\" \/>\n\t<meta property=\"og:image:height\" content=\"683\" \/>\n\t<meta property=\"og:image:type\" content=\"image\/jpeg\" \/>\n<meta name=\"author\" content=\"Gery V\u00e1rkonyi\" \/>\n<meta name=\"twitter:card\" content=\"summary_large_image\" \/>\n<meta name=\"twitter:label1\" content=\"Written by\" \/>\n\t<meta name=\"twitter:data1\" content=\"Gery V\u00e1rkonyi\" \/>\n\t<meta name=\"twitter:label2\" content=\"Est. reading time\" \/>\n\t<meta name=\"twitter:data2\" content=\"3 minutes\" \/>\n<script type=\"application\/ld+json\" class=\"yoast-schema-graph\">{\"@context\":\"https:\\\/\\\/schema.org\",\"@graph\":[{\"@type\":\"Article\",\"@id\":\"https:\\\/\\\/buod.de\\\/kastlis-torzsasztal-nurnbergben\\\/#article\",\"isPartOf\":{\"@id\":\"https:\\\/\\\/buod.de\\\/kastlis-torzsasztal-nurnbergben\\\/\"},\"author\":{\"name\":\"Gery V\u00e1rkonyi\",\"@id\":\"https:\\\/\\\/buod.de\\\/#\\\/schema\\\/person\\\/8332a3e63b017fea8fcd17e9c0f96bf1\"},\"headline\":\"Kastlis T\u00f6rzsasztal N\u00fcrnbergben\",\"datePublished\":\"2023-11-22T12:06:35+00:00\",\"dateModified\":\"2024-04-11T13:34:09+00:00\",\"mainEntityOfPage\":{\"@id\":\"https:\\\/\\\/buod.de\\\/kastlis-torzsasztal-nurnbergben\\\/\"},\"wordCount\":650,\"commentCount\":0,\"publisher\":{\"@id\":\"https:\\\/\\\/buod.de\\\/#organization\"},\"image\":{\"@id\":\"https:\\\/\\\/buod.de\\\/kastlis-torzsasztal-nurnbergben\\\/#primaryimage\"},\"thumbnailUrl\":\"https:\\\/\\\/buod.de\\\/wp-content\\\/uploads\\\/2023\\\/11\\\/Trzsasztal_Nrnberg_11_18_23-5.jpg\",\"keywords\":[\"2023\"],\"articleSection\":[\"H\u00edrek\"],\"inLanguage\":\"de-DE\",\"potentialAction\":[{\"@type\":\"CommentAction\",\"name\":\"Comment\",\"target\":[\"https:\\\/\\\/buod.de\\\/kastlis-torzsasztal-nurnbergben\\\/#respond\"]}]},{\"@type\":\"WebPage\",\"@id\":\"https:\\\/\\\/buod.de\\\/kastlis-torzsasztal-nurnbergben\\\/\",\"url\":\"https:\\\/\\\/buod.de\\\/kastlis-torzsasztal-nurnbergben\\\/\",\"name\":\"Kastlis T\u00f6rzsasztal N\u00fcrnbergben - BUOD\",\"isPartOf\":{\"@id\":\"https:\\\/\\\/buod.de\\\/#website\"},\"primaryImageOfPage\":{\"@id\":\"https:\\\/\\\/buod.de\\\/kastlis-torzsasztal-nurnbergben\\\/#primaryimage\"},\"image\":{\"@id\":\"https:\\\/\\\/buod.de\\\/kastlis-torzsasztal-nurnbergben\\\/#primaryimage\"},\"thumbnailUrl\":\"https:\\\/\\\/buod.de\\\/wp-content\\\/uploads\\\/2023\\\/11\\\/Trzsasztal_Nrnberg_11_18_23-5.jpg\",\"datePublished\":\"2023-11-22T12:06:35+00:00\",\"dateModified\":\"2024-04-11T13:34:09+00:00\",\"breadcrumb\":{\"@id\":\"https:\\\/\\\/buod.de\\\/kastlis-torzsasztal-nurnbergben\\\/#breadcrumb\"},\"inLanguage\":\"de-DE\",\"potentialAction\":[{\"@type\":\"ReadAction\",\"target\":[\"https:\\\/\\\/buod.de\\\/kastlis-torzsasztal-nurnbergben\\\/\"]}]},{\"@type\":\"ImageObject\",\"inLanguage\":\"de-DE\",\"@id\":\"https:\\\/\\\/buod.de\\\/kastlis-torzsasztal-nurnbergben\\\/#primaryimage\",\"url\":\"https:\\\/\\\/buod.de\\\/wp-content\\\/uploads\\\/2023\\\/11\\\/Trzsasztal_Nrnberg_11_18_23-5.jpg\",\"contentUrl\":\"https:\\\/\\\/buod.de\\\/wp-content\\\/uploads\\\/2023\\\/11\\\/Trzsasztal_Nrnberg_11_18_23-5.jpg\",\"width\":1024,\"height\":683,\"caption\":\"Trzsasztal Nrnberg 11 18 23 5\"},{\"@type\":\"BreadcrumbList\",\"@id\":\"https:\\\/\\\/buod.de\\\/kastlis-torzsasztal-nurnbergben\\\/#breadcrumb\",\"itemListElement\":[{\"@type\":\"ListItem\",\"position\":1,\"name\":\"Kezd\u0151lap\",\"item\":\"https:\\\/\\\/buod.de\\\/\"},{\"@type\":\"ListItem\",\"position\":2,\"name\":\"Kastlis T\u00f6rzsasztal N\u00fcrnbergben\"}]},{\"@type\":\"WebSite\",\"@id\":\"https:\\\/\\\/buod.de\\\/#website\",\"url\":\"https:\\\/\\\/buod.de\\\/\",\"name\":\"BUOD\",\"description\":\"Bund Ungarischer Organisationen in Deutschland\",\"publisher\":{\"@id\":\"https:\\\/\\\/buod.de\\\/#organization\"},\"potentialAction\":[{\"@type\":\"SearchAction\",\"target\":{\"@type\":\"EntryPoint\",\"urlTemplate\":\"https:\\\/\\\/buod.de\\\/?s={search_term_string}\"},\"query-input\":{\"@type\":\"PropertyValueSpecification\",\"valueRequired\":true,\"valueName\":\"search_term_string\"}}],\"inLanguage\":\"de-DE\"},{\"@type\":\"Organization\",\"@id\":\"https:\\\/\\\/buod.de\\\/#organization\",\"name\":\"BUOD\",\"url\":\"https:\\\/\\\/buod.de\\\/\",\"logo\":{\"@type\":\"ImageObject\",\"inLanguage\":\"de-DE\",\"@id\":\"https:\\\/\\\/buod.de\\\/#\\\/schema\\\/logo\\\/image\\\/\",\"url\":\"https:\\\/\\\/buod.de\\\/wp-content\\\/uploads\\\/2024\\\/03\\\/BUOD-logo.png\",\"contentUrl\":\"https:\\\/\\\/buod.de\\\/wp-content\\\/uploads\\\/2024\\\/03\\\/BUOD-logo.png\",\"width\":586,\"height\":490,\"caption\":\"BUOD\"},\"image\":{\"@id\":\"https:\\\/\\\/buod.de\\\/#\\\/schema\\\/logo\\\/image\\\/\"},\"sameAs\":[\"https:\\\/\\\/www.facebook.com\\\/profile.php?id=100082185652397\"]},{\"@type\":\"Person\",\"@id\":\"https:\\\/\\\/buod.de\\\/#\\\/schema\\\/person\\\/8332a3e63b017fea8fcd17e9c0f96bf1\",\"name\":\"Gery V\u00e1rkonyi\",\"image\":{\"@type\":\"ImageObject\",\"inLanguage\":\"de-DE\",\"@id\":\"https:\\\/\\\/secure.gravatar.com\\\/avatar\\\/c1babe7dc68f065be4ec606c522172804715398688c78c6fffca3888b364e934?s=96&d=mm&r=g\",\"url\":\"https:\\\/\\\/secure.gravatar.com\\\/avatar\\\/c1babe7dc68f065be4ec606c522172804715398688c78c6fffca3888b364e934?s=96&d=mm&r=g\",\"contentUrl\":\"https:\\\/\\\/secure.gravatar.com\\\/avatar\\\/c1babe7dc68f065be4ec606c522172804715398688c78c6fffca3888b364e934?s=96&d=mm&r=g\",\"caption\":\"Gery V\u00e1rkonyi\"},\"url\":\"https:\\\/\\\/buod.de\\\/de\\\/author\\\/geryvarkonyi\\\/\"}]}<\/script>\n<!-- \/ Yoast SEO plugin. -->","yoast_head_json":{"title":"Kastlis T\u00f6rzsasztal N\u00fcrnbergben - BUOD","robots":{"index":"index","follow":"follow","max-snippet":"max-snippet:-1","max-image-preview":"max-image-preview:large","max-video-preview":"max-video-preview:-1"},"canonical":"https:\/\/buod.de\/de\/kastlis-torzsasztal-nurnbergben\/","og_locale":"de_DE","og_type":"article","og_title":"Kastlis T\u00f6rzsasztal N\u00fcrnbergben - BUOD","og_description":"T\u00f6rzsasztal ALUMNI, N\u00fcrnberg \u2013 2023. november 18. B\u00e1r az el\u0151z\u0151 \u00e9vekben kialakult egy olyan szok\u00e1s, hogy egyik \u00e9vben N\u00fcrnbergben, k\u00f6vetkez\u0151 \u00e9vben Kastlban szervez\u0151d\u00f6tt az \u00e9vi \u201eszok\u00e1sos\u201d T\u00f6rzsasztal \u00edgy, november t\u00e1j\u00e9k\u00e1n, ebben az \u00e9vben ez m\u00e1sk\u00e9ppen alakult.","og_url":"https:\/\/buod.de\/de\/kastlis-torzsasztal-nurnbergben\/","og_site_name":"BUOD","article_publisher":"https:\/\/www.facebook.com\/profile.php?id=100082185652397","article_published_time":"2023-11-22T12:06:35+00:00","article_modified_time":"2024-04-11T13:34:09+00:00","og_image":[{"width":1024,"height":683,"url":"https:\/\/buod.de\/wp-content\/uploads\/2023\/11\/Trzsasztal_Nrnberg_11_18_23-5.jpg","type":"image\/jpeg"}],"author":"Gery V\u00e1rkonyi","twitter_card":"summary_large_image","twitter_misc":{"Written by":"Gery V\u00e1rkonyi","Est. reading time":"3 minutes"},"schema":{"@context":"https:\/\/schema.org","@graph":[{"@type":"Article","@id":"https:\/\/buod.de\/kastlis-torzsasztal-nurnbergben\/#article","isPartOf":{"@id":"https:\/\/buod.de\/kastlis-torzsasztal-nurnbergben\/"},"author":{"name":"Gery V\u00e1rkonyi","@id":"https:\/\/buod.de\/#\/schema\/person\/8332a3e63b017fea8fcd17e9c0f96bf1"},"headline":"Kastlis T\u00f6rzsasztal N\u00fcrnbergben","datePublished":"2023-11-22T12:06:35+00:00","dateModified":"2024-04-11T13:34:09+00:00","mainEntityOfPage":{"@id":"https:\/\/buod.de\/kastlis-torzsasztal-nurnbergben\/"},"wordCount":650,"commentCount":0,"publisher":{"@id":"https:\/\/buod.de\/#organization"},"image":{"@id":"https:\/\/buod.de\/kastlis-torzsasztal-nurnbergben\/#primaryimage"},"thumbnailUrl":"https:\/\/buod.de\/wp-content\/uploads\/2023\/11\/Trzsasztal_Nrnberg_11_18_23-5.jpg","keywords":["2023"],"articleSection":["H\u00edrek"],"inLanguage":"de-DE","potentialAction":[{"@type":"CommentAction","name":"Comment","target":["https:\/\/buod.de\/kastlis-torzsasztal-nurnbergben\/#respond"]}]},{"@type":"WebPage","@id":"https:\/\/buod.de\/kastlis-torzsasztal-nurnbergben\/","url":"https:\/\/buod.de\/kastlis-torzsasztal-nurnbergben\/","name":"Kastlis T\u00f6rzsasztal N\u00fcrnbergben - BUOD","isPartOf":{"@id":"https:\/\/buod.de\/#website"},"primaryImageOfPage":{"@id":"https:\/\/buod.de\/kastlis-torzsasztal-nurnbergben\/#primaryimage"},"image":{"@id":"https:\/\/buod.de\/kastlis-torzsasztal-nurnbergben\/#primaryimage"},"thumbnailUrl":"https:\/\/buod.de\/wp-content\/uploads\/2023\/11\/Trzsasztal_Nrnberg_11_18_23-5.jpg","datePublished":"2023-11-22T12:06:35+00:00","dateModified":"2024-04-11T13:34:09+00:00","breadcrumb":{"@id":"https:\/\/buod.de\/kastlis-torzsasztal-nurnbergben\/#breadcrumb"},"inLanguage":"de-DE","potentialAction":[{"@type":"ReadAction","target":["https:\/\/buod.de\/kastlis-torzsasztal-nurnbergben\/"]}]},{"@type":"ImageObject","inLanguage":"de-DE","@id":"https:\/\/buod.de\/kastlis-torzsasztal-nurnbergben\/#primaryimage","url":"https:\/\/buod.de\/wp-content\/uploads\/2023\/11\/Trzsasztal_Nrnberg_11_18_23-5.jpg","contentUrl":"https:\/\/buod.de\/wp-content\/uploads\/2023\/11\/Trzsasztal_Nrnberg_11_18_23-5.jpg","width":1024,"height":683,"caption":"Trzsasztal Nrnberg 11 18 23 5"},{"@type":"BreadcrumbList","@id":"https:\/\/buod.de\/kastlis-torzsasztal-nurnbergben\/#breadcrumb","itemListElement":[{"@type":"ListItem","position":1,"name":"Kezd\u0151lap","item":"https:\/\/buod.de\/"},{"@type":"ListItem","position":2,"name":"Kastlis T\u00f6rzsasztal N\u00fcrnbergben"}]},{"@type":"WebSite","@id":"https:\/\/buod.de\/#website","url":"https:\/\/buod.de\/","name":"BUOD","description":"Bund Ungarischer Organisationen in Deutschland","publisher":{"@id":"https:\/\/buod.de\/#organization"},"potentialAction":[{"@type":"SearchAction","target":{"@type":"EntryPoint","urlTemplate":"https:\/\/buod.de\/?s={search_term_string}"},"query-input":{"@type":"PropertyValueSpecification","valueRequired":true,"valueName":"search_term_string"}}],"inLanguage":"de-DE"},{"@type":"Organization","@id":"https:\/\/buod.de\/#organization","name":"BUOD","url":"https:\/\/buod.de\/","logo":{"@type":"ImageObject","inLanguage":"de-DE","@id":"https:\/\/buod.de\/#\/schema\/logo\/image\/","url":"https:\/\/buod.de\/wp-content\/uploads\/2024\/03\/BUOD-logo.png","contentUrl":"https:\/\/buod.de\/wp-content\/uploads\/2024\/03\/BUOD-logo.png","width":586,"height":490,"caption":"BUOD"},"image":{"@id":"https:\/\/buod.de\/#\/schema\/logo\/image\/"},"sameAs":["https:\/\/www.facebook.com\/profile.php?id=100082185652397"]},{"@type":"Person","@id":"https:\/\/buod.de\/#\/schema\/person\/8332a3e63b017fea8fcd17e9c0f96bf1","name":"Gery V\u00e1rkonyi","image":{"@type":"ImageObject","inLanguage":"de-DE","@id":"https:\/\/secure.gravatar.com\/avatar\/c1babe7dc68f065be4ec606c522172804715398688c78c6fffca3888b364e934?s=96&d=mm&r=g","url":"https:\/\/secure.gravatar.com\/avatar\/c1babe7dc68f065be4ec606c522172804715398688c78c6fffca3888b364e934?s=96&d=mm&r=g","contentUrl":"https:\/\/secure.gravatar.com\/avatar\/c1babe7dc68f065be4ec606c522172804715398688c78c6fffca3888b364e934?s=96&d=mm&r=g","caption":"Gery V\u00e1rkonyi"},"url":"https:\/\/buod.de\/de\/author\/geryvarkonyi\/"}]}},"_links":{"self":[{"href":"https:\/\/buod.de\/de\/wp-json\/wp\/v2\/posts\/1886","targetHints":{"allow":["GET"]}}],"collection":[{"href":"https:\/\/buod.de\/de\/wp-json\/wp\/v2\/posts"}],"about":[{"href":"https:\/\/buod.de\/de\/wp-json\/wp\/v2\/types\/post"}],"author":[{"embeddable":true,"href":"https:\/\/buod.de\/de\/wp-json\/wp\/v2\/users\/4"}],"replies":[{"embeddable":true,"href":"https:\/\/buod.de\/de\/wp-json\/wp\/v2\/comments?post=1886"}],"version-history":[{"count":1,"href":"https:\/\/buod.de\/de\/wp-json\/wp\/v2\/posts\/1886\/revisions"}],"predecessor-version":[{"id":2404,"href":"https:\/\/buod.de\/de\/wp-json\/wp\/v2\/posts\/1886\/revisions\/2404"}],"wp:featuredmedia":[{"embeddable":true,"href":"https:\/\/buod.de\/de\/wp-json\/wp\/v2\/media\/1881"}],"wp:attachment":[{"href":"https:\/\/buod.de\/de\/wp-json\/wp\/v2\/media?parent=1886"}],"wp:term":[{"taxonomy":"category","embeddable":true,"href":"https:\/\/buod.de\/de\/wp-json\/wp\/v2\/categories?post=1886"},{"taxonomy":"post_tag","embeddable":true,"href":"https:\/\/buod.de\/de\/wp-json\/wp\/v2\/tags?post=1886"}],"curies":[{"name":"wp","href":"https:\/\/api.w.org\/{rel}","templated":true}]}}