{"id":1923,"date":"2024-01-21T12:23:13","date_gmt":"2024-01-21T12:23:13","guid":{"rendered":"https:\/\/dev.buod.de\/tajekoztatas-a-rakoczi-szovetseg-diaszpora-programjarol-2\/"},"modified":"2024-04-11T13:45:22","modified_gmt":"2024-04-11T13:45:22","slug":"tajekoztatas-a-rakoczi-szovetseg-diaszpora-programjarol-2","status":"publish","type":"post","link":"https:\/\/buod.de\/de\/tajekoztatas-a-rakoczi-szovetseg-diaszpora-programjarol-2\/","title":{"rendered":"T\u00e1j\u00e9koztat\u00e1s a R\u00e1k\u00f3czi Sz\u00f6vets\u00e9g Diaszp\u00f3ra Programj\u00e1r\u00f3l"},"content":{"rendered":"<p>Kedves Mindny\u00e1jan!<\/p>\n<p>Tov\u00e1bb\u00edtjuk a Nemzetpolitikai \u00c1llamtik\u00e1rs\u00e1g t\u00e1j\u00e9koztat\u00f3j\u00e1t a R\u00e1k\u00f3czi Sz\u00f6vets\u00e9g idei diaszp\u00f3ra programjair\u00f3l.<\/p>\n<p>Sz\u00edves figyelmetekbe aj\u00e1nljuk ezeket a kiv\u00e1l\u00f3 programokat \u00e9s t\u00e1borokat!<\/p>\n<p><!--more--><\/p>\n<p>\u00dcdv\u00f6zlettel \u2013 Klement Korn\u00e9l (Kori)<\/p>\n<p>&nbsp;<\/p>\n<p><strong>Tisztelt Eln\u00f6k Asszony! Tisztelt Eln\u00f6k \u00dar!<\/strong><\/p>\n<p>Sz\u00edves t\u00e1j\u00e9koztat\u00e1s\u00e1ul jelzem, hogy a Minisztereln\u00f6ks\u00e9g Nemzetpolitikai \u00c1llamtitk\u00e1rs\u00e1ga \u00e9s a R\u00e1k\u00f3czi Sz\u00f6vets\u00e9g ism\u00e9t meghirdette a Diaszp\u00f3ra Programot.<\/p>\n<p>A program lehet\u0151s\u00e9get biztos\u00edt a diaszp\u00f3r\u00e1ban \u00e9l\u0151 10 \u00e9s 25 \u00e9v k\u00f6z\u00f6tti fiataloknak, hogy Magyarorsz\u00e1gra \u00e9s a k\u00fclhoni magyarlakta ter\u00fcletekre l\u00e1togassanak; c\u00e9lja, hogy a fiatalok k\u00f6zelebbr\u0151l megismerj\u00e9k sz\u00fcleik, nagysz\u00fcleik sz\u00fcl\u0151f\u00f6ldj\u00e9t \u00e9s er\u0151s\u00f6dj\u00f6n a magyar identit\u00e1suk.<\/p>\n<p>A Magyarorsz\u00e1g Korm\u00e1nya t\u00e1mogat\u00e1s\u00e1val megval\u00f3sul\u00f3 Diaszp\u00f3ra Program 11 k\u00fcl\u00f6nb\u00f6z\u0151 programid\u0151szakot tartalmaz 2024 m\u00e1jusa \u00e9s decembere k\u00f6z\u00f6tt. Ezek k\u00f6z\u00fcl tematikus ny\u00e1ri t\u00e1borokat, tanulm\u00e1nyutakat tetsz\u00e9s szerint v\u00e1laszthatnak a jelentkez\u0151k. A diaszp\u00f3r\u00e1ban tev\u00e9kenyked\u0151 pedag\u00f3gusok, amennyiben nem k\u00eds\u00e9r\u0151k\u00e9nt \u00e9rkeznek a programra, \u00fagy a ny\u00e1ri \u00d6sszmagyar Tan\u00e1rt\u00e1bort v\u00e1laszthatj\u00e1k.<\/p>\n<p><strong>&nbsp;<\/strong><\/p>\n<p><strong>A jelentkez\u00e9si hat\u00e1rid\u0151: 2024. m\u00e1rcius 15<\/strong>.<\/p>\n<p>R\u00e9szletek \u00e9s a jelentkez\u00e9si fel\u00fclet itt \u00e9rhet\u0151 el: <a href=\"https:\/\/rakocziszovetseg.org\/2024\/01\/17\/diaszpora-program-2024\/\"><\/a><a href=\"https:\/\/rakocziszovetseg.org\/2024\/01\/17\/diaszpora-program-2024\/\">https:\/\/rakocziszovetseg.org\/2024\/01\/17\/diaszpora-program-2024\/<\/a><\/p>\n<p>K\u00e9rj\u00fck, t\u00e1j\u00e9koztass\u00e1k magyar k\u00f6z\u00f6ss\u00e9geiket a Diaszp\u00f3ra Programr\u00f3l.<\/p>\n<p>Sz\u00edves egy\u00fcttm\u0171k\u00f6d\u00e9s\u00fcket el\u0151re is k\u00f6sz\u00f6nj\u00fck.<\/p>\n<p>\u00dcdv\u00f6zlettel,<\/p>\n<p><strong><em>&nbsp;&nbsp;&nbsp; <\/em><\/strong><strong>&nbsp;<em>&nbsp;&nbsp;&nbsp;&nbsp;&nbsp;<\/em><\/strong><\/p>\n<p><em>&nbsp;<\/em><\/p>\n<p>&nbsp;&nbsp;&nbsp;&nbsp;&nbsp;&nbsp;&nbsp;&nbsp;&nbsp;&nbsp;&nbsp;&nbsp;&nbsp;&nbsp;&nbsp;&nbsp;&nbsp;<\/p>\n<table>\n<tbody>\n<tr>\n<td>\n<p>&nbsp;&nbsp;&nbsp;&nbsp;&nbsp;&nbsp;&nbsp;&nbsp;&nbsp;&nbsp;&nbsp;&nbsp;&nbsp;&nbsp;&nbsp;&nbsp;&nbsp;&nbsp;&nbsp;&nbsp;&nbsp;&nbsp;&nbsp;&nbsp;&nbsp;&nbsp;&nbsp;&nbsp;&nbsp;&nbsp;&nbsp;&nbsp;&nbsp;&nbsp;<\/p>\n<p>&nbsp;&nbsp;&nbsp;&nbsp;&nbsp;&nbsp;&nbsp;&nbsp;&nbsp;&nbsp;&nbsp;&nbsp;&nbsp;&nbsp;&nbsp;&nbsp;&nbsp; MINISZTERELN\u00d6KS\u00c9G<\/p>\n<p>&nbsp;<\/p>\n<\/td>\n<td>\n<p><strong>PIRITYIN\u00c9 SZAB\u00d3 JUDIT<\/strong><\/p>\n<p>f\u0151oszt\u00e1lyvezet\u0151 &nbsp;<\/p>\n<p>MINISZTERELN\u00d6KS\u00c9G<\/p>\n<p>NEMZETPOLITIKAI \u00c1LLAMTITK\u00c1RS\u00c1G<\/p>\n<p>Diaszp\u00f3ra \u00e9s D\u00e9lvid\u00e9ki F\u0151oszt\u00e1ly<\/p>\n<p>1013 Budapest, Ybl Mikl\u00f3s t\u00e9r 6.,<\/p>\n<p>V\u00e1rkert &#8211; D\u00e9li Palota<\/p>\n<p>Postai c\u00edm: 1357 Budapest, Pf. 6.<\/p>\n<p>TEL.: +36 1 7955953, +36 30 9614069<\/p>\n<p>e-mail:&nbsp;<a href=\"mailto:judit.szabo.pirityine@me.gov.hu\"><\/a><a href=\"mailto:judit.szabo.pirityine@me.gov.hu\">judit.szabo.pirityine@me.gov.hu<\/a><\/p>\n<p><a href=\"http:\/\/www.kormany.hu\/\">www.kormany.hu<\/a><\/p>\n<\/td>\n<\/tr>\n<\/tbody>\n<\/table>","protected":false},"excerpt":{"rendered":"<p>Kedves Mindny\u00e1jan! Tov\u00e1bb\u00edtjuk a Nemzetpolitikai \u00c1llamtik\u00e1rs\u00e1g t\u00e1j\u00e9koztat\u00f3j\u00e1t a R\u00e1k\u00f3czi Sz\u00f6vets\u00e9g idei diaszp\u00f3ra programjair\u00f3l. Sz\u00edves figyelmetekbe aj\u00e1nljuk ezeket a kiv\u00e1l\u00f3 programokat \u00e9s t\u00e1borokat!<\/p>","protected":false},"author":4,"featured_media":0,"comment_status":"open","ping_status":"open","sticky":false,"template":"","format":"standard","meta":{"footnotes":""},"categories":[17],"tags":[22],"class_list":["post-1923","post","type-post","status-publish","format-standard","hentry","category-hirek","tag-22"],"yoast_head":"<!-- This site is optimized with the Yoast SEO plugin v27.5 - https:\/\/yoast.com\/product\/yoast-seo-wordpress\/ -->\n<title>T\u00e1j\u00e9koztat\u00e1s a R\u00e1k\u00f3czi Sz\u00f6vets\u00e9g Diaszp\u00f3ra Programj\u00e1r\u00f3l - BUOD<\/title>\n<meta name=\"robots\" content=\"index, follow, max-snippet:-1, max-image-preview:large, max-video-preview:-1\" \/>\n<link rel=\"canonical\" href=\"https:\/\/buod.de\/de\/tajekoztatas-a-rakoczi-szovetseg-diaszpora-programjarol-2\/\" \/>\n<meta property=\"og:locale\" content=\"de_DE\" \/>\n<meta property=\"og:type\" content=\"article\" \/>\n<meta property=\"og:title\" content=\"T\u00e1j\u00e9koztat\u00e1s a R\u00e1k\u00f3czi Sz\u00f6vets\u00e9g Diaszp\u00f3ra Programj\u00e1r\u00f3l - BUOD\" \/>\n<meta property=\"og:description\" content=\"Kedves Mindny\u00e1jan! Tov\u00e1bb\u00edtjuk a Nemzetpolitikai \u00c1llamtik\u00e1rs\u00e1g t\u00e1j\u00e9koztat\u00f3j\u00e1t a R\u00e1k\u00f3czi Sz\u00f6vets\u00e9g idei diaszp\u00f3ra programjair\u00f3l. Sz\u00edves figyelmetekbe aj\u00e1nljuk ezeket a kiv\u00e1l\u00f3 programokat \u00e9s t\u00e1borokat!\" \/>\n<meta property=\"og:url\" content=\"https:\/\/buod.de\/de\/tajekoztatas-a-rakoczi-szovetseg-diaszpora-programjarol-2\/\" \/>\n<meta property=\"og:site_name\" content=\"BUOD\" \/>\n<meta property=\"article:publisher\" content=\"https:\/\/www.facebook.com\/profile.php?id=100082185652397\" \/>\n<meta property=\"article:published_time\" content=\"2024-01-21T12:23:13+00:00\" \/>\n<meta property=\"article:modified_time\" content=\"2024-04-11T13:45:22+00:00\" \/>\n<meta name=\"author\" content=\"Gery V\u00e1rkonyi\" \/>\n<meta name=\"twitter:card\" content=\"summary_large_image\" \/>\n<meta name=\"twitter:label1\" content=\"Written by\" \/>\n\t<meta name=\"twitter:data1\" content=\"Gery V\u00e1rkonyi\" \/>\n\t<meta name=\"twitter:label2\" content=\"Est. reading time\" \/>\n\t<meta name=\"twitter:data2\" content=\"2 minutes\" \/>\n<script type=\"application\/ld+json\" class=\"yoast-schema-graph\">{\"@context\":\"https:\\\/\\\/schema.org\",\"@graph\":[{\"@type\":\"Article\",\"@id\":\"https:\\\/\\\/buod.de\\\/tajekoztatas-a-rakoczi-szovetseg-diaszpora-programjarol-2\\\/#article\",\"isPartOf\":{\"@id\":\"https:\\\/\\\/buod.de\\\/tajekoztatas-a-rakoczi-szovetseg-diaszpora-programjarol-2\\\/\"},\"author\":{\"name\":\"Gery V\u00e1rkonyi\",\"@id\":\"https:\\\/\\\/buod.de\\\/#\\\/schema\\\/person\\\/8332a3e63b017fea8fcd17e9c0f96bf1\"},\"headline\":\"T\u00e1j\u00e9koztat\u00e1s a R\u00e1k\u00f3czi Sz\u00f6vets\u00e9g Diaszp\u00f3ra Programj\u00e1r\u00f3l\",\"datePublished\":\"2024-01-21T12:23:13+00:00\",\"dateModified\":\"2024-04-11T13:45:22+00:00\",\"mainEntityOfPage\":{\"@id\":\"https:\\\/\\\/buod.de\\\/tajekoztatas-a-rakoczi-szovetseg-diaszpora-programjarol-2\\\/\"},\"wordCount\":429,\"commentCount\":0,\"publisher\":{\"@id\":\"https:\\\/\\\/buod.de\\\/#organization\"},\"keywords\":[\"2024\"],\"articleSection\":[\"H\u00edrek\"],\"inLanguage\":\"de-DE\",\"potentialAction\":[{\"@type\":\"CommentAction\",\"name\":\"Comment\",\"target\":[\"https:\\\/\\\/buod.de\\\/tajekoztatas-a-rakoczi-szovetseg-diaszpora-programjarol-2\\\/#respond\"]}]},{\"@type\":\"WebPage\",\"@id\":\"https:\\\/\\\/buod.de\\\/tajekoztatas-a-rakoczi-szovetseg-diaszpora-programjarol-2\\\/\",\"url\":\"https:\\\/\\\/buod.de\\\/tajekoztatas-a-rakoczi-szovetseg-diaszpora-programjarol-2\\\/\",\"name\":\"T\u00e1j\u00e9koztat\u00e1s a R\u00e1k\u00f3czi Sz\u00f6vets\u00e9g Diaszp\u00f3ra Programj\u00e1r\u00f3l - BUOD\",\"isPartOf\":{\"@id\":\"https:\\\/\\\/buod.de\\\/#website\"},\"datePublished\":\"2024-01-21T12:23:13+00:00\",\"dateModified\":\"2024-04-11T13:45:22+00:00\",\"breadcrumb\":{\"@id\":\"https:\\\/\\\/buod.de\\\/tajekoztatas-a-rakoczi-szovetseg-diaszpora-programjarol-2\\\/#breadcrumb\"},\"inLanguage\":\"de-DE\",\"potentialAction\":[{\"@type\":\"ReadAction\",\"target\":[\"https:\\\/\\\/buod.de\\\/tajekoztatas-a-rakoczi-szovetseg-diaszpora-programjarol-2\\\/\"]}]},{\"@type\":\"BreadcrumbList\",\"@id\":\"https:\\\/\\\/buod.de\\\/tajekoztatas-a-rakoczi-szovetseg-diaszpora-programjarol-2\\\/#breadcrumb\",\"itemListElement\":[{\"@type\":\"ListItem\",\"position\":1,\"name\":\"Kezd\u0151lap\",\"item\":\"https:\\\/\\\/buod.de\\\/\"},{\"@type\":\"ListItem\",\"position\":2,\"name\":\"T\u00e1j\u00e9koztat\u00e1s a R\u00e1k\u00f3czi Sz\u00f6vets\u00e9g Diaszp\u00f3ra Programj\u00e1r\u00f3l\"}]},{\"@type\":\"WebSite\",\"@id\":\"https:\\\/\\\/buod.de\\\/#website\",\"url\":\"https:\\\/\\\/buod.de\\\/\",\"name\":\"BUOD\",\"description\":\"Bund Ungarischer Organisationen in Deutschland\",\"publisher\":{\"@id\":\"https:\\\/\\\/buod.de\\\/#organization\"},\"potentialAction\":[{\"@type\":\"SearchAction\",\"target\":{\"@type\":\"EntryPoint\",\"urlTemplate\":\"https:\\\/\\\/buod.de\\\/?s={search_term_string}\"},\"query-input\":{\"@type\":\"PropertyValueSpecification\",\"valueRequired\":true,\"valueName\":\"search_term_string\"}}],\"inLanguage\":\"de-DE\"},{\"@type\":\"Organization\",\"@id\":\"https:\\\/\\\/buod.de\\\/#organization\",\"name\":\"BUOD\",\"url\":\"https:\\\/\\\/buod.de\\\/\",\"logo\":{\"@type\":\"ImageObject\",\"inLanguage\":\"de-DE\",\"@id\":\"https:\\\/\\\/buod.de\\\/#\\\/schema\\\/logo\\\/image\\\/\",\"url\":\"https:\\\/\\\/buod.de\\\/wp-content\\\/uploads\\\/2024\\\/03\\\/BUOD-logo.png\",\"contentUrl\":\"https:\\\/\\\/buod.de\\\/wp-content\\\/uploads\\\/2024\\\/03\\\/BUOD-logo.png\",\"width\":586,\"height\":490,\"caption\":\"BUOD\"},\"image\":{\"@id\":\"https:\\\/\\\/buod.de\\\/#\\\/schema\\\/logo\\\/image\\\/\"},\"sameAs\":[\"https:\\\/\\\/www.facebook.com\\\/profile.php?id=100082185652397\"]},{\"@type\":\"Person\",\"@id\":\"https:\\\/\\\/buod.de\\\/#\\\/schema\\\/person\\\/8332a3e63b017fea8fcd17e9c0f96bf1\",\"name\":\"Gery V\u00e1rkonyi\",\"image\":{\"@type\":\"ImageObject\",\"inLanguage\":\"de-DE\",\"@id\":\"https:\\\/\\\/secure.gravatar.com\\\/avatar\\\/c1babe7dc68f065be4ec606c522172804715398688c78c6fffca3888b364e934?s=96&d=mm&r=g\",\"url\":\"https:\\\/\\\/secure.gravatar.com\\\/avatar\\\/c1babe7dc68f065be4ec606c522172804715398688c78c6fffca3888b364e934?s=96&d=mm&r=g\",\"contentUrl\":\"https:\\\/\\\/secure.gravatar.com\\\/avatar\\\/c1babe7dc68f065be4ec606c522172804715398688c78c6fffca3888b364e934?s=96&d=mm&r=g\",\"caption\":\"Gery V\u00e1rkonyi\"},\"url\":\"https:\\\/\\\/buod.de\\\/de\\\/author\\\/geryvarkonyi\\\/\"}]}<\/script>\n<!-- \/ Yoast SEO plugin. -->","yoast_head_json":{"title":"T\u00e1j\u00e9koztat\u00e1s a R\u00e1k\u00f3czi Sz\u00f6vets\u00e9g Diaszp\u00f3ra Programj\u00e1r\u00f3l - BUOD","robots":{"index":"index","follow":"follow","max-snippet":"max-snippet:-1","max-image-preview":"max-image-preview:large","max-video-preview":"max-video-preview:-1"},"canonical":"https:\/\/buod.de\/de\/tajekoztatas-a-rakoczi-szovetseg-diaszpora-programjarol-2\/","og_locale":"de_DE","og_type":"article","og_title":"T\u00e1j\u00e9koztat\u00e1s a R\u00e1k\u00f3czi Sz\u00f6vets\u00e9g Diaszp\u00f3ra Programj\u00e1r\u00f3l - BUOD","og_description":"Kedves Mindny\u00e1jan! Tov\u00e1bb\u00edtjuk a Nemzetpolitikai \u00c1llamtik\u00e1rs\u00e1g t\u00e1j\u00e9koztat\u00f3j\u00e1t a R\u00e1k\u00f3czi Sz\u00f6vets\u00e9g idei diaszp\u00f3ra programjair\u00f3l. Sz\u00edves figyelmetekbe aj\u00e1nljuk ezeket a kiv\u00e1l\u00f3 programokat \u00e9s t\u00e1borokat!","og_url":"https:\/\/buod.de\/de\/tajekoztatas-a-rakoczi-szovetseg-diaszpora-programjarol-2\/","og_site_name":"BUOD","article_publisher":"https:\/\/www.facebook.com\/profile.php?id=100082185652397","article_published_time":"2024-01-21T12:23:13+00:00","article_modified_time":"2024-04-11T13:45:22+00:00","author":"Gery V\u00e1rkonyi","twitter_card":"summary_large_image","twitter_misc":{"Written by":"Gery V\u00e1rkonyi","Est. reading time":"2 minutes"},"schema":{"@context":"https:\/\/schema.org","@graph":[{"@type":"Article","@id":"https:\/\/buod.de\/tajekoztatas-a-rakoczi-szovetseg-diaszpora-programjarol-2\/#article","isPartOf":{"@id":"https:\/\/buod.de\/tajekoztatas-a-rakoczi-szovetseg-diaszpora-programjarol-2\/"},"author":{"name":"Gery V\u00e1rkonyi","@id":"https:\/\/buod.de\/#\/schema\/person\/8332a3e63b017fea8fcd17e9c0f96bf1"},"headline":"T\u00e1j\u00e9koztat\u00e1s a R\u00e1k\u00f3czi Sz\u00f6vets\u00e9g Diaszp\u00f3ra Programj\u00e1r\u00f3l","datePublished":"2024-01-21T12:23:13+00:00","dateModified":"2024-04-11T13:45:22+00:00","mainEntityOfPage":{"@id":"https:\/\/buod.de\/tajekoztatas-a-rakoczi-szovetseg-diaszpora-programjarol-2\/"},"wordCount":429,"commentCount":0,"publisher":{"@id":"https:\/\/buod.de\/#organization"},"keywords":["2024"],"articleSection":["H\u00edrek"],"inLanguage":"de-DE","potentialAction":[{"@type":"CommentAction","name":"Comment","target":["https:\/\/buod.de\/tajekoztatas-a-rakoczi-szovetseg-diaszpora-programjarol-2\/#respond"]}]},{"@type":"WebPage","@id":"https:\/\/buod.de\/tajekoztatas-a-rakoczi-szovetseg-diaszpora-programjarol-2\/","url":"https:\/\/buod.de\/tajekoztatas-a-rakoczi-szovetseg-diaszpora-programjarol-2\/","name":"T\u00e1j\u00e9koztat\u00e1s a R\u00e1k\u00f3czi Sz\u00f6vets\u00e9g Diaszp\u00f3ra Programj\u00e1r\u00f3l - BUOD","isPartOf":{"@id":"https:\/\/buod.de\/#website"},"datePublished":"2024-01-21T12:23:13+00:00","dateModified":"2024-04-11T13:45:22+00:00","breadcrumb":{"@id":"https:\/\/buod.de\/tajekoztatas-a-rakoczi-szovetseg-diaszpora-programjarol-2\/#breadcrumb"},"inLanguage":"de-DE","potentialAction":[{"@type":"ReadAction","target":["https:\/\/buod.de\/tajekoztatas-a-rakoczi-szovetseg-diaszpora-programjarol-2\/"]}]},{"@type":"BreadcrumbList","@id":"https:\/\/buod.de\/tajekoztatas-a-rakoczi-szovetseg-diaszpora-programjarol-2\/#breadcrumb","itemListElement":[{"@type":"ListItem","position":1,"name":"Kezd\u0151lap","item":"https:\/\/buod.de\/"},{"@type":"ListItem","position":2,"name":"T\u00e1j\u00e9koztat\u00e1s a R\u00e1k\u00f3czi Sz\u00f6vets\u00e9g Diaszp\u00f3ra Programj\u00e1r\u00f3l"}]},{"@type":"WebSite","@id":"https:\/\/buod.de\/#website","url":"https:\/\/buod.de\/","name":"BUOD","description":"Bund Ungarischer Organisationen in Deutschland","publisher":{"@id":"https:\/\/buod.de\/#organization"},"potentialAction":[{"@type":"SearchAction","target":{"@type":"EntryPoint","urlTemplate":"https:\/\/buod.de\/?s={search_term_string}"},"query-input":{"@type":"PropertyValueSpecification","valueRequired":true,"valueName":"search_term_string"}}],"inLanguage":"de-DE"},{"@type":"Organization","@id":"https:\/\/buod.de\/#organization","name":"BUOD","url":"https:\/\/buod.de\/","logo":{"@type":"ImageObject","inLanguage":"de-DE","@id":"https:\/\/buod.de\/#\/schema\/logo\/image\/","url":"https:\/\/buod.de\/wp-content\/uploads\/2024\/03\/BUOD-logo.png","contentUrl":"https:\/\/buod.de\/wp-content\/uploads\/2024\/03\/BUOD-logo.png","width":586,"height":490,"caption":"BUOD"},"image":{"@id":"https:\/\/buod.de\/#\/schema\/logo\/image\/"},"sameAs":["https:\/\/www.facebook.com\/profile.php?id=100082185652397"]},{"@type":"Person","@id":"https:\/\/buod.de\/#\/schema\/person\/8332a3e63b017fea8fcd17e9c0f96bf1","name":"Gery V\u00e1rkonyi","image":{"@type":"ImageObject","inLanguage":"de-DE","@id":"https:\/\/secure.gravatar.com\/avatar\/c1babe7dc68f065be4ec606c522172804715398688c78c6fffca3888b364e934?s=96&d=mm&r=g","url":"https:\/\/secure.gravatar.com\/avatar\/c1babe7dc68f065be4ec606c522172804715398688c78c6fffca3888b364e934?s=96&d=mm&r=g","contentUrl":"https:\/\/secure.gravatar.com\/avatar\/c1babe7dc68f065be4ec606c522172804715398688c78c6fffca3888b364e934?s=96&d=mm&r=g","caption":"Gery V\u00e1rkonyi"},"url":"https:\/\/buod.de\/de\/author\/geryvarkonyi\/"}]}},"_links":{"self":[{"href":"https:\/\/buod.de\/de\/wp-json\/wp\/v2\/posts\/1923","targetHints":{"allow":["GET"]}}],"collection":[{"href":"https:\/\/buod.de\/de\/wp-json\/wp\/v2\/posts"}],"about":[{"href":"https:\/\/buod.de\/de\/wp-json\/wp\/v2\/types\/post"}],"author":[{"embeddable":true,"href":"https:\/\/buod.de\/de\/wp-json\/wp\/v2\/users\/4"}],"replies":[{"embeddable":true,"href":"https:\/\/buod.de\/de\/wp-json\/wp\/v2\/comments?post=1923"}],"version-history":[{"count":1,"href":"https:\/\/buod.de\/de\/wp-json\/wp\/v2\/posts\/1923\/revisions"}],"predecessor-version":[{"id":2515,"href":"https:\/\/buod.de\/de\/wp-json\/wp\/v2\/posts\/1923\/revisions\/2515"}],"wp:attachment":[{"href":"https:\/\/buod.de\/de\/wp-json\/wp\/v2\/media?parent=1923"}],"wp:term":[{"taxonomy":"category","embeddable":true,"href":"https:\/\/buod.de\/de\/wp-json\/wp\/v2\/categories?post=1923"},{"taxonomy":"post_tag","embeddable":true,"href":"https:\/\/buod.de\/de\/wp-json\/wp\/v2\/tags?post=1923"}],"curies":[{"name":"wp","href":"https:\/\/api.w.org\/{rel}","templated":true}]}}