{"id":1924,"date":"2024-01-22T12:40:40","date_gmt":"2024-01-22T12:40:40","guid":{"rendered":"https:\/\/dev.buod.de\/marosan-csaba\/"},"modified":"2024-04-11T13:45:22","modified_gmt":"2024-04-11T13:45:22","slug":"marosan-csaba","status":"publish","type":"post","link":"https:\/\/buod.de\/de\/marosan-csaba\/","title":{"rendered":"Maros\u00e1n Csaba"},"content":{"rendered":"<p>Kedves Listatagok!<\/p>\n<p>Szeretettel aj\u00e1nlom figyelmetekbe Maros\u00e1n Csaba sz\u00ednm\u0171v\u00e9sz level\u00e9t, akinek febru\u00e1rban N\u00e9metorsz\u00e1gban lesz k\u00e9t el\u0151ad\u00e1sa, de sz\u00edvesen v\u00e1llal tov\u00e1bbi fell\u00e9p\u00e9seket.<\/p>\n<p>\u00dcdv\u00f6zlettel:<\/p>\n<p>Pereszl\u00e9nyi Erika<\/p>\n<p><!--more--><\/p>\n<p>&nbsp;<\/p>\n<p>&nbsp;<\/p>\n<p>Kedves bar\u00e1taim!<\/p>\n<p>2024. febru\u00e1r 17 \u00e9s 20 k\u00f6z\u00f6tt N\u00e9metorsz\u00e1gba utazom. 17-\u00e9n Hamburgban, 18-\u00e1n pedig Hannoverben l\u00e9pek fel a Humor az irodalomban c. m\u0171sorommal.&nbsp;<\/p>\n<p>Ezen emailben k\u00fcld\u00f6m a r\u00f6vid bemutatkoz\u00f3mat valamint a tov\u00e1bbi verses m\u0171soraim le\u00edr\u00e1s\u00e1t.&nbsp;<\/p>\n<p>Ha volna ig\u00e9ny valamely m\u0171soromra 19 vagy 20-\u00e1n, k\u00e9rem jelezz\u00e9k.&nbsp;<\/p>\n<p>&nbsp; &nbsp; &nbsp; &nbsp; &nbsp; &nbsp;Maros\u00e1n Csaba vagyok, a Kolozsv\u00e1ri \u00c1llami Magyar Sz\u00ednh\u00e1z t\u00e1rsulat\u00e1nak egyik legifjabb tagja.<\/p>\n<p>P\u00e1r \u00e9vvel ezel\u0151tt elind\u00edtottam egy olyan egy\u00e9ni mozgalmat Erd\u00e9lyben, melynek c\u00e9lja megszerettetni az irodalmat az emberekkel. Eddig k\u00f6zel 120 k\u00f6z\u00e9piskol\u00e1ban \u00e9s 160 templomban j\u00e1rtam Erd\u00e9lyben olyan egy\u00e9ni m\u0171sorokkal melyek \u00e9retts\u00e9gi t\u00e9telek, \u00e9s k\u00f6zel \u00f6tvenezer di\u00e1knak hirdettem, hogy van \u00e9let a simogat\u00f3s telefonok vil\u00e1g\u00e1n t\u00fal is.<\/p>\n<p>Hiszem azt, hogy nyelv\u00e9ben \u00e9l a nemzet. Rem\u00e9nyik S\u00e1ndor szavaival \u00e9lve, nem hagyom a templomot \u00e9s az iskol\u00e1t.&nbsp;<\/p>\n<p>Ezen el\u0151ad\u00e1sok k\u00f6z\u00fcl lehetne v\u00e1logatni.<\/p>\n<p>1.&nbsp; A Bomlott cimbalom-Arany J\u00e1nos ismeretlen arca c. el\u0151ad\u00e1s \u00fagy vezet v\u00e9gig Arany \u00e9let\u00fatj\u00e1n, hogy egy eddig ismeretlenebb, der\u0171sebb, humorosabb arc\u00e1t villantja fel a k\u00f6lt\u0151nek, kieg\u00e9sz\u00edtve ezzel az iskolai Arany-k\u00e9pet.<\/p>\n<p>2.Dsida Jen\u0151, a Psalmus Hungaricus szerz\u0151je, \u00e9lete nagy r\u00e9sz\u00e9t Kolozsv\u00e1ron \u00e9lte. A Tarka-barka str\u00f3f\u00e1k c. m\u0171sorom Dsida Jen\u0151r\u0151l sz\u00f3l, arr\u00f3l az emberr\u0151l aki meghat\u00e1roz\u00f3 szerepet j\u00e1tszott a k\u00e9t vil\u00e1gh\u00e1bor\u00fa k\u00f6z\u00f6tti erd\u00e9lyi irodalomban.<\/p>\n<p>3. Humor az irodalomban &#8211; A humor j\u00e1t\u00e9k. J\u00e1t\u00e9kra h\u00edvlak titeket. Adott n\u00e9h\u00e1ny szerz\u0151 a magyar irodalomb\u00f3l, akiknek a humorosnak v\u00e9lt sz\u00f6vegeit beletettem egy kos\u00e1rba. Egy adott t\u00e9rben \u00e9s id\u0151ben sorra kih\u00fazzuk egy\u00fctt ezeket a sz\u00f6vegeket, azt rem\u00e9lve, hogy a rekeszizmok nem maradnak statikusak. A j\u00e1tsz\u00f3t\u00e1rsam, mondd, akarsz-e lenni?<\/p>\n<p>4. Az Adyt\u00f3l k\u00f6lcs\u00f6nz\u00f6tt Int\u00e9s az \u0151rz\u0151kh\u00f6z c\u00edm\u0171 el\u0151ad\u00e1s gerinc\u00e9t olyan k\u00fcl\u00f6nb\u00f6z\u0151 kor\u00fa, st\u00edlus\u00fa \u00e9s hangulat\u00fa versek alkotj\u00e1k, melyek sz\u00f3lnak a haz\u00e1r\u00f3l, hitr\u0151l, kitart\u00e1sr\u00f3l \u00e9s helyt\u00e1ll\u00e1sr\u00f3l. Ady, Radn\u00f3ti, Pet\u0151fi \u00e9s Dsida azon versei hangzanak el az el\u0151ad\u00e1sban, melyek id\u0151t\u00e1ll\u00f3 \u00fczeneteket tartalmaznak.<\/p>\n<p>5.Az \u0150rizem a szemed c. verses el\u0151ad\u00e1sban olyan k\u00f6ltem\u00e9nyek hangzanak el melyeknek k\u00f6z\u00e9ppontj\u00e1ban a f\u00e9rfi-n\u0151 kapcsolat vagyis a szerelem ker\u00fcl, mert b\u00e1rmilyen f\u00e1jdalmat, bossz\u00fas\u00e1got is okoznak n\u00e9ha egym\u00e1snak, a legm\u00e9lyebb gy\u00f6ny\u00f6r\u0171s\u00e9get, igazi mened\u00e9ket m\u00e9giscsak egym\u00e1sban lelik.<\/p>\n<p>UI: Elk\u00fcld\u00f6m a facebook oldalamat, ahol megtekinthet\u0151 az eddigi tev\u00e9kenys\u00e9gem, valamint csatolom Ady Endre A Kalota partj\u00e1n c vers\u00e9t, Arany J\u00e1nos Szent L\u00e1szl\u00f3 legend\u00e1j\u00e1r\u00f3l sz\u00f3l\u00f3 kisfilmem melyet az Arany eml\u00e9kbizotts\u00e1ggal kar\u00f6ltve k\u00e9sz\u00edtettem \u00e9s az&nbsp; el\u0151ad\u00e1sokr\u00f3l sz\u00f3l\u00f3 anyagokat.<\/p>\n<p><a href=\"https:\/\/www.facebook.com\/marosancsaba\/\"><\/a><a href=\"https:\/\/www.facebook.com\/marosancsaba\/\">https:\/\/www.facebook.com\/marosancsaba\/<\/a><\/p>\n<p><a href=\"https:\/\/www.youtube.com\/watch?v=RJMxVERMyDw\"><\/a><a href=\"https:\/\/www.youtube.com\/watch?v=RJMxVERMyDw\">https:\/\/www.youtube.com\/watch?v=RJMxVERMyDw<\/a><\/p>\n<p><a href=\"https:\/\/www.youtube.com\/watch?v=PjWvPsBX0oU\"><\/a><a href=\"https:\/\/www.youtube.com\/watch?v=PjWvPsBX0oU\">https:\/\/www.youtube.com\/watch?v=PjWvPsBX0oU<\/a>&nbsp;&nbsp;<\/p>\n<p><a href=\"https:\/\/www.youtube.com\/watch?v=UlAQqKC3W30&amp;t=179s\"><\/a><a href=\"https:\/\/www.youtube.com\/watch?v=UlAQqKC3W30&amp;t=179s\">https:\/\/www.youtube.com\/watch?v=UlAQqKC3W30&amp;t=179s<\/a><\/p>\n<p><a href=\"https:\/\/www.youtube.com\/watch?v=f45Fr4AkauE&amp;t=569s\"><\/a><a href=\"https:\/\/www.youtube.com\/watch?v=f45Fr4AkauE&amp;t=569s\">https:\/\/www.youtube.com\/watch?v=f45Fr4AkauE&amp;t=569s<\/a><\/p>","protected":false},"excerpt":{"rendered":"<p>Kedves Listatagok! Szeretettel aj\u00e1nlom figyelmetekbe Maros\u00e1n Csaba sz\u00ednm\u0171v\u00e9sz level\u00e9t, akinek febru\u00e1rban N\u00e9metorsz\u00e1gban lesz k\u00e9t el\u0151ad\u00e1sa, de sz\u00edvesen v\u00e1llal tov\u00e1bbi fell\u00e9p\u00e9seket. \u00dcdv\u00f6zlettel: Pereszl\u00e9nyi Erika<\/p>","protected":false},"author":4,"featured_media":0,"comment_status":"open","ping_status":"open","sticky":false,"template":"","format":"standard","meta":{"footnotes":""},"categories":[17],"tags":[22],"class_list":["post-1924","post","type-post","status-publish","format-standard","hentry","category-hirek","tag-22"],"yoast_head":"<!-- This site is optimized with the Yoast SEO plugin v27.5 - https:\/\/yoast.com\/product\/yoast-seo-wordpress\/ -->\n<title>Maros\u00e1n Csaba - BUOD<\/title>\n<meta name=\"robots\" content=\"index, follow, max-snippet:-1, max-image-preview:large, max-video-preview:-1\" \/>\n<link rel=\"canonical\" href=\"https:\/\/buod.de\/de\/marosan-csaba\/\" \/>\n<meta property=\"og:locale\" content=\"de_DE\" \/>\n<meta property=\"og:type\" content=\"article\" \/>\n<meta property=\"og:title\" content=\"Maros\u00e1n Csaba - BUOD\" \/>\n<meta property=\"og:description\" content=\"Kedves Listatagok! Szeretettel aj\u00e1nlom figyelmetekbe Maros\u00e1n Csaba sz\u00ednm\u0171v\u00e9sz level\u00e9t, akinek febru\u00e1rban N\u00e9metorsz\u00e1gban lesz k\u00e9t el\u0151ad\u00e1sa, de sz\u00edvesen v\u00e1llal tov\u00e1bbi fell\u00e9p\u00e9seket. \u00dcdv\u00f6zlettel: Pereszl\u00e9nyi Erika\" \/>\n<meta property=\"og:url\" content=\"https:\/\/buod.de\/de\/marosan-csaba\/\" \/>\n<meta property=\"og:site_name\" content=\"BUOD\" \/>\n<meta property=\"article:publisher\" content=\"https:\/\/www.facebook.com\/profile.php?id=100082185652397\" \/>\n<meta property=\"article:published_time\" content=\"2024-01-22T12:40:40+00:00\" \/>\n<meta property=\"article:modified_time\" content=\"2024-04-11T13:45:22+00:00\" \/>\n<meta name=\"author\" content=\"Gery V\u00e1rkonyi\" \/>\n<meta name=\"twitter:card\" content=\"summary_large_image\" \/>\n<meta name=\"twitter:label1\" content=\"Written by\" \/>\n\t<meta name=\"twitter:data1\" content=\"Gery V\u00e1rkonyi\" \/>\n\t<meta name=\"twitter:label2\" content=\"Est. reading time\" \/>\n\t<meta name=\"twitter:data2\" content=\"3 minutes\" \/>\n<script type=\"application\/ld+json\" class=\"yoast-schema-graph\">{\"@context\":\"https:\\\/\\\/schema.org\",\"@graph\":[{\"@type\":\"Article\",\"@id\":\"https:\\\/\\\/buod.de\\\/marosan-csaba\\\/#article\",\"isPartOf\":{\"@id\":\"https:\\\/\\\/buod.de\\\/marosan-csaba\\\/\"},\"author\":{\"name\":\"Gery V\u00e1rkonyi\",\"@id\":\"https:\\\/\\\/buod.de\\\/#\\\/schema\\\/person\\\/8332a3e63b017fea8fcd17e9c0f96bf1\"},\"headline\":\"Maros\u00e1n Csaba\",\"datePublished\":\"2024-01-22T12:40:40+00:00\",\"dateModified\":\"2024-04-11T13:45:22+00:00\",\"mainEntityOfPage\":{\"@id\":\"https:\\\/\\\/buod.de\\\/marosan-csaba\\\/\"},\"wordCount\":634,\"commentCount\":0,\"publisher\":{\"@id\":\"https:\\\/\\\/buod.de\\\/#organization\"},\"keywords\":[\"2024\"],\"articleSection\":[\"H\u00edrek\"],\"inLanguage\":\"de-DE\",\"potentialAction\":[{\"@type\":\"CommentAction\",\"name\":\"Comment\",\"target\":[\"https:\\\/\\\/buod.de\\\/marosan-csaba\\\/#respond\"]}]},{\"@type\":\"WebPage\",\"@id\":\"https:\\\/\\\/buod.de\\\/marosan-csaba\\\/\",\"url\":\"https:\\\/\\\/buod.de\\\/marosan-csaba\\\/\",\"name\":\"Maros\u00e1n Csaba - BUOD\",\"isPartOf\":{\"@id\":\"https:\\\/\\\/buod.de\\\/#website\"},\"datePublished\":\"2024-01-22T12:40:40+00:00\",\"dateModified\":\"2024-04-11T13:45:22+00:00\",\"breadcrumb\":{\"@id\":\"https:\\\/\\\/buod.de\\\/marosan-csaba\\\/#breadcrumb\"},\"inLanguage\":\"de-DE\",\"potentialAction\":[{\"@type\":\"ReadAction\",\"target\":[\"https:\\\/\\\/buod.de\\\/marosan-csaba\\\/\"]}]},{\"@type\":\"BreadcrumbList\",\"@id\":\"https:\\\/\\\/buod.de\\\/marosan-csaba\\\/#breadcrumb\",\"itemListElement\":[{\"@type\":\"ListItem\",\"position\":1,\"name\":\"Kezd\u0151lap\",\"item\":\"https:\\\/\\\/buod.de\\\/\"},{\"@type\":\"ListItem\",\"position\":2,\"name\":\"Maros\u00e1n Csaba\"}]},{\"@type\":\"WebSite\",\"@id\":\"https:\\\/\\\/buod.de\\\/#website\",\"url\":\"https:\\\/\\\/buod.de\\\/\",\"name\":\"BUOD\",\"description\":\"Bund Ungarischer Organisationen in Deutschland\",\"publisher\":{\"@id\":\"https:\\\/\\\/buod.de\\\/#organization\"},\"potentialAction\":[{\"@type\":\"SearchAction\",\"target\":{\"@type\":\"EntryPoint\",\"urlTemplate\":\"https:\\\/\\\/buod.de\\\/?s={search_term_string}\"},\"query-input\":{\"@type\":\"PropertyValueSpecification\",\"valueRequired\":true,\"valueName\":\"search_term_string\"}}],\"inLanguage\":\"de-DE\"},{\"@type\":\"Organization\",\"@id\":\"https:\\\/\\\/buod.de\\\/#organization\",\"name\":\"BUOD\",\"url\":\"https:\\\/\\\/buod.de\\\/\",\"logo\":{\"@type\":\"ImageObject\",\"inLanguage\":\"de-DE\",\"@id\":\"https:\\\/\\\/buod.de\\\/#\\\/schema\\\/logo\\\/image\\\/\",\"url\":\"https:\\\/\\\/buod.de\\\/wp-content\\\/uploads\\\/2024\\\/03\\\/BUOD-logo.png\",\"contentUrl\":\"https:\\\/\\\/buod.de\\\/wp-content\\\/uploads\\\/2024\\\/03\\\/BUOD-logo.png\",\"width\":586,\"height\":490,\"caption\":\"BUOD\"},\"image\":{\"@id\":\"https:\\\/\\\/buod.de\\\/#\\\/schema\\\/logo\\\/image\\\/\"},\"sameAs\":[\"https:\\\/\\\/www.facebook.com\\\/profile.php?id=100082185652397\"]},{\"@type\":\"Person\",\"@id\":\"https:\\\/\\\/buod.de\\\/#\\\/schema\\\/person\\\/8332a3e63b017fea8fcd17e9c0f96bf1\",\"name\":\"Gery V\u00e1rkonyi\",\"image\":{\"@type\":\"ImageObject\",\"inLanguage\":\"de-DE\",\"@id\":\"https:\\\/\\\/secure.gravatar.com\\\/avatar\\\/c1babe7dc68f065be4ec606c522172804715398688c78c6fffca3888b364e934?s=96&d=mm&r=g\",\"url\":\"https:\\\/\\\/secure.gravatar.com\\\/avatar\\\/c1babe7dc68f065be4ec606c522172804715398688c78c6fffca3888b364e934?s=96&d=mm&r=g\",\"contentUrl\":\"https:\\\/\\\/secure.gravatar.com\\\/avatar\\\/c1babe7dc68f065be4ec606c522172804715398688c78c6fffca3888b364e934?s=96&d=mm&r=g\",\"caption\":\"Gery V\u00e1rkonyi\"},\"url\":\"https:\\\/\\\/buod.de\\\/de\\\/author\\\/geryvarkonyi\\\/\"}]}<\/script>\n<!-- \/ Yoast SEO plugin. -->","yoast_head_json":{"title":"Maros\u00e1n Csaba - BUOD","robots":{"index":"index","follow":"follow","max-snippet":"max-snippet:-1","max-image-preview":"max-image-preview:large","max-video-preview":"max-video-preview:-1"},"canonical":"https:\/\/buod.de\/de\/marosan-csaba\/","og_locale":"de_DE","og_type":"article","og_title":"Maros\u00e1n Csaba - BUOD","og_description":"Kedves Listatagok! Szeretettel aj\u00e1nlom figyelmetekbe Maros\u00e1n Csaba sz\u00ednm\u0171v\u00e9sz level\u00e9t, akinek febru\u00e1rban N\u00e9metorsz\u00e1gban lesz k\u00e9t el\u0151ad\u00e1sa, de sz\u00edvesen v\u00e1llal tov\u00e1bbi fell\u00e9p\u00e9seket. \u00dcdv\u00f6zlettel: Pereszl\u00e9nyi Erika","og_url":"https:\/\/buod.de\/de\/marosan-csaba\/","og_site_name":"BUOD","article_publisher":"https:\/\/www.facebook.com\/profile.php?id=100082185652397","article_published_time":"2024-01-22T12:40:40+00:00","article_modified_time":"2024-04-11T13:45:22+00:00","author":"Gery V\u00e1rkonyi","twitter_card":"summary_large_image","twitter_misc":{"Written by":"Gery V\u00e1rkonyi","Est. reading time":"3 minutes"},"schema":{"@context":"https:\/\/schema.org","@graph":[{"@type":"Article","@id":"https:\/\/buod.de\/marosan-csaba\/#article","isPartOf":{"@id":"https:\/\/buod.de\/marosan-csaba\/"},"author":{"name":"Gery V\u00e1rkonyi","@id":"https:\/\/buod.de\/#\/schema\/person\/8332a3e63b017fea8fcd17e9c0f96bf1"},"headline":"Maros\u00e1n Csaba","datePublished":"2024-01-22T12:40:40+00:00","dateModified":"2024-04-11T13:45:22+00:00","mainEntityOfPage":{"@id":"https:\/\/buod.de\/marosan-csaba\/"},"wordCount":634,"commentCount":0,"publisher":{"@id":"https:\/\/buod.de\/#organization"},"keywords":["2024"],"articleSection":["H\u00edrek"],"inLanguage":"de-DE","potentialAction":[{"@type":"CommentAction","name":"Comment","target":["https:\/\/buod.de\/marosan-csaba\/#respond"]}]},{"@type":"WebPage","@id":"https:\/\/buod.de\/marosan-csaba\/","url":"https:\/\/buod.de\/marosan-csaba\/","name":"Maros\u00e1n Csaba - BUOD","isPartOf":{"@id":"https:\/\/buod.de\/#website"},"datePublished":"2024-01-22T12:40:40+00:00","dateModified":"2024-04-11T13:45:22+00:00","breadcrumb":{"@id":"https:\/\/buod.de\/marosan-csaba\/#breadcrumb"},"inLanguage":"de-DE","potentialAction":[{"@type":"ReadAction","target":["https:\/\/buod.de\/marosan-csaba\/"]}]},{"@type":"BreadcrumbList","@id":"https:\/\/buod.de\/marosan-csaba\/#breadcrumb","itemListElement":[{"@type":"ListItem","position":1,"name":"Kezd\u0151lap","item":"https:\/\/buod.de\/"},{"@type":"ListItem","position":2,"name":"Maros\u00e1n Csaba"}]},{"@type":"WebSite","@id":"https:\/\/buod.de\/#website","url":"https:\/\/buod.de\/","name":"BUOD","description":"Bund Ungarischer Organisationen in Deutschland","publisher":{"@id":"https:\/\/buod.de\/#organization"},"potentialAction":[{"@type":"SearchAction","target":{"@type":"EntryPoint","urlTemplate":"https:\/\/buod.de\/?s={search_term_string}"},"query-input":{"@type":"PropertyValueSpecification","valueRequired":true,"valueName":"search_term_string"}}],"inLanguage":"de-DE"},{"@type":"Organization","@id":"https:\/\/buod.de\/#organization","name":"BUOD","url":"https:\/\/buod.de\/","logo":{"@type":"ImageObject","inLanguage":"de-DE","@id":"https:\/\/buod.de\/#\/schema\/logo\/image\/","url":"https:\/\/buod.de\/wp-content\/uploads\/2024\/03\/BUOD-logo.png","contentUrl":"https:\/\/buod.de\/wp-content\/uploads\/2024\/03\/BUOD-logo.png","width":586,"height":490,"caption":"BUOD"},"image":{"@id":"https:\/\/buod.de\/#\/schema\/logo\/image\/"},"sameAs":["https:\/\/www.facebook.com\/profile.php?id=100082185652397"]},{"@type":"Person","@id":"https:\/\/buod.de\/#\/schema\/person\/8332a3e63b017fea8fcd17e9c0f96bf1","name":"Gery V\u00e1rkonyi","image":{"@type":"ImageObject","inLanguage":"de-DE","@id":"https:\/\/secure.gravatar.com\/avatar\/c1babe7dc68f065be4ec606c522172804715398688c78c6fffca3888b364e934?s=96&d=mm&r=g","url":"https:\/\/secure.gravatar.com\/avatar\/c1babe7dc68f065be4ec606c522172804715398688c78c6fffca3888b364e934?s=96&d=mm&r=g","contentUrl":"https:\/\/secure.gravatar.com\/avatar\/c1babe7dc68f065be4ec606c522172804715398688c78c6fffca3888b364e934?s=96&d=mm&r=g","caption":"Gery V\u00e1rkonyi"},"url":"https:\/\/buod.de\/de\/author\/geryvarkonyi\/"}]}},"_links":{"self":[{"href":"https:\/\/buod.de\/de\/wp-json\/wp\/v2\/posts\/1924","targetHints":{"allow":["GET"]}}],"collection":[{"href":"https:\/\/buod.de\/de\/wp-json\/wp\/v2\/posts"}],"about":[{"href":"https:\/\/buod.de\/de\/wp-json\/wp\/v2\/types\/post"}],"author":[{"embeddable":true,"href":"https:\/\/buod.de\/de\/wp-json\/wp\/v2\/users\/4"}],"replies":[{"embeddable":true,"href":"https:\/\/buod.de\/de\/wp-json\/wp\/v2\/comments?post=1924"}],"version-history":[{"count":1,"href":"https:\/\/buod.de\/de\/wp-json\/wp\/v2\/posts\/1924\/revisions"}],"predecessor-version":[{"id":2514,"href":"https:\/\/buod.de\/de\/wp-json\/wp\/v2\/posts\/1924\/revisions\/2514"}],"wp:attachment":[{"href":"https:\/\/buod.de\/de\/wp-json\/wp\/v2\/media?parent=1924"}],"wp:term":[{"taxonomy":"category","embeddable":true,"href":"https:\/\/buod.de\/de\/wp-json\/wp\/v2\/categories?post=1924"},{"taxonomy":"post_tag","embeddable":true,"href":"https:\/\/buod.de\/de\/wp-json\/wp\/v2\/tags?post=1924"}],"curies":[{"name":"wp","href":"https:\/\/api.w.org\/{rel}","templated":true}]}}