{"id":1927,"date":"2024-02-03T13:39:28","date_gmt":"2024-02-03T13:39:28","guid":{"rendered":"https:\/\/dev.buod.de\/anschlag-auf-ungarisches-kulturzentrum-in-berlin-2\/"},"modified":"2024-04-11T13:45:22","modified_gmt":"2024-04-11T13:45:22","slug":"anschlag-auf-ungarisches-kulturzentrum-in-berlin-2","status":"publish","type":"post","link":"https:\/\/buod.de\/de\/anschlag-auf-ungarisches-kulturzentrum-in-berlin-2\/","title":{"rendered":"Anschlag auf ungarisches Kulturzentrum in Berlin"},"content":{"rendered":"<p>An die Mitglieder und Freunde der<\/p>\n<p>Deutsch-Ungarischen Gesellschaft in der Bundesrepublik Deutschland e.V.<\/p>\n<p>Sehr geehrte Damen und Herren,<\/p>\n<p>vor wenigen Tagen haben deutsche Linksextremisten einen Anschlag auf das ungarische Kulturzentrum in Berlin ver\u00fcbt! Personen kamen gottseidank nicht zu Schaden, aber es wurden zahlreiche Fensterscheiben mit Hammerschl\u00e4gen zerst\u00f6rt.&nbsp;<\/p>\n<p><!--more--><\/p>\n<p>Zu diesem feigen Angriff auf das Collegium Hungaricum Berlin hat sich in einem im Internet ver\u00f6ffentlichten Schreiben die sogenannte &#8222;Antifa&#8221; bekannt. In ihrem bizarren Text erkl\u00e4rt sie ihre Straftat zu einer &#8222;Solidarit\u00e4tsaktion&#8221; mit der Bande von Linksextremisten, die im vergangenen Jahr in Budapest Menschen schwer verletzt hat und deshalb derzeit dort vor Gericht steht. Die linksextremistischen Kriminellen wenden sich auch ausdr\u00fccklich gegen unsere Deutsch-Ungarische Gesellschaft und erw\u00e4hnen insbesondere die Gespr\u00e4chsrunde mit Ungarns Kanzleramtsminister Gergely Guly\u00e1s, die wir im Oktober im CHB veranstaltet hatten.<\/p>\n<p>Dem anliegenden Artikel des Magazins &#8222;Apollo News&#8221; k\u00f6nnen Sie weitere Einzelheiten entnehmen. Es ist wohl leider bezeichnend, dass die deutschen Medien diesen Anschlag auf das CHB ansonsten bisher unerw\u00e4hnt lassen.&nbsp;Wie w\u00e4re das wohl, wenn es sich um einen Anschlag von Rechtsextremisten gehandelt h\u00e4tte?<\/p>\n<p>Die Deutsch-Ungarische Gesellschaft wird sich unter meiner F\u00fchrung jedenfalls auch durch massive Drohungen nicht in ihrem Engagement f\u00fcr die deutsch-ungarische Freundschaft beirren lassen! Unter folgendem Link k\u00f6nnen Sie sich bei Interesse einen Rede von mir zur Migrationspolitik in Deutschland und Ungarn anschauen, die ich k\u00fcrzlich in Dresden gehalten habe: <a href=\"https:\/\/youtu.be\/62uS8v6vTjA\"><\/a><a href=\"https:\/\/youtu.be\/62uS8v6vTjA\">https:\/\/youtu.be\/62uS8v6vTjA<\/a><\/p>\n<p>Und abschlie\u00dfend noch ein Wort zur gestrigen Verst\u00e4ndigung des EU-Gipfels \u00fcber neue Finanzhilfen f\u00fcr die Ukraine: Ungarn hat trotz erheblicher Bedenken den Weg daf\u00fcr freigemacht, um die Geschlossenheit des Westens gegen\u00fcber Russland nicht zu gef\u00e4hrden und die Ukraine weiter zu unterst\u00fctzen. Die Mahnung von Viktor Orb\u00e1n, dass dies aber keine politischen Bem\u00fchungen ersetzen kann, um endlich zu einem Waffenstillstand in der Ukraine zu kommen, bleibt aktueller denn je. Auch wenn die deutsche Bundesregierung die Augen davor weiter verschlie\u00dfen m\u00f6chte.<\/p>\n<p>Herzliche Gr\u00fc\u00dfe<\/p>\n<p>Ihr<\/p>\n<p>Gerhard Papke<\/p>\n<p><strong>Dr. Gerhard Papke<\/strong><\/p>\n<p>Landtagsvizepr\u00e4sident NRW a.D.<\/p>\n<p>Pr\u00e4sident der Deutsch-Ungarischen Gesellschaft<\/p>\n<p>in der Bundesrepublik Deutschland e.V.<\/p>\n<p>&nbsp;<\/p>\n<p>&nbsp;<\/p>\n<p><a href=\"https:\/\/buod.de\/de\/images\/BUOD_info\/Anschlag_auf_CHB_Bericht_Apollo_News.pdf\/\">http:\/\/www.buod.de\/images\/BUOD_info\/Anschlag_auf_CHB_Bericht_Apollo_News.pdf<\/a><\/p>","protected":false},"excerpt":{"rendered":"<p>An die Mitglieder und Freunde der Deutsch-Ungarischen Gesellschaft in der Bundesrepublik Deutschland e.V. Sehr geehrte Damen und Herren, vor wenigen Tagen haben deutsche Linksextremisten einen Anschlag auf das ungarische Kulturzentrum in Berlin ver\u00fcbt! Personen kamen gottseidank nicht zu Schaden, aber es wurden zahlreiche Fensterscheiben mit Hammerschl\u00e4gen zerst\u00f6rt.&nbsp;<\/p>","protected":false},"author":4,"featured_media":0,"comment_status":"open","ping_status":"open","sticky":false,"template":"","format":"standard","meta":{"footnotes":""},"categories":[17],"tags":[22],"class_list":["post-1927","post","type-post","status-publish","format-standard","hentry","category-hirek","tag-22"],"yoast_head":"<!-- This site is optimized with the Yoast SEO plugin v27.5 - https:\/\/yoast.com\/product\/yoast-seo-wordpress\/ -->\n<title>Anschlag auf ungarisches Kulturzentrum in Berlin - BUOD<\/title>\n<meta name=\"robots\" content=\"index, follow, max-snippet:-1, max-image-preview:large, max-video-preview:-1\" \/>\n<link rel=\"canonical\" href=\"https:\/\/buod.de\/de\/anschlag-auf-ungarisches-kulturzentrum-in-berlin-2\/\" \/>\n<meta property=\"og:locale\" content=\"de_DE\" \/>\n<meta property=\"og:type\" content=\"article\" \/>\n<meta property=\"og:title\" content=\"Anschlag auf ungarisches Kulturzentrum in Berlin - BUOD\" \/>\n<meta property=\"og:description\" content=\"An die Mitglieder und Freunde der Deutsch-Ungarischen Gesellschaft in der Bundesrepublik Deutschland e.V. Sehr geehrte Damen und Herren, vor wenigen Tagen haben deutsche Linksextremisten einen Anschlag auf das ungarische Kulturzentrum in Berlin ver\u00fcbt! Personen kamen gottseidank nicht zu Schaden, aber es wurden zahlreiche Fensterscheiben mit Hammerschl\u00e4gen zerst\u00f6rt.&nbsp;\" \/>\n<meta property=\"og:url\" content=\"https:\/\/buod.de\/de\/anschlag-auf-ungarisches-kulturzentrum-in-berlin-2\/\" \/>\n<meta property=\"og:site_name\" content=\"BUOD\" \/>\n<meta property=\"article:publisher\" content=\"https:\/\/www.facebook.com\/profile.php?id=100082185652397\" \/>\n<meta property=\"article:published_time\" content=\"2024-02-03T13:39:28+00:00\" \/>\n<meta property=\"article:modified_time\" content=\"2024-04-11T13:45:22+00:00\" \/>\n<meta name=\"author\" content=\"Gery V\u00e1rkonyi\" \/>\n<meta name=\"twitter:card\" content=\"summary_large_image\" \/>\n<meta name=\"twitter:label1\" content=\"Written by\" \/>\n\t<meta name=\"twitter:data1\" content=\"Gery V\u00e1rkonyi\" \/>\n\t<meta name=\"twitter:label2\" content=\"Est. reading time\" \/>\n\t<meta name=\"twitter:data2\" content=\"2 minutes\" \/>\n<script type=\"application\/ld+json\" class=\"yoast-schema-graph\">{\"@context\":\"https:\\\/\\\/schema.org\",\"@graph\":[{\"@type\":\"Article\",\"@id\":\"https:\\\/\\\/buod.de\\\/anschlag-auf-ungarisches-kulturzentrum-in-berlin-2\\\/#article\",\"isPartOf\":{\"@id\":\"https:\\\/\\\/buod.de\\\/anschlag-auf-ungarisches-kulturzentrum-in-berlin-2\\\/\"},\"author\":{\"name\":\"Gery V\u00e1rkonyi\",\"@id\":\"https:\\\/\\\/buod.de\\\/#\\\/schema\\\/person\\\/8332a3e63b017fea8fcd17e9c0f96bf1\"},\"headline\":\"Anschlag auf ungarisches Kulturzentrum in Berlin\",\"datePublished\":\"2024-02-03T13:39:28+00:00\",\"dateModified\":\"2024-04-11T13:45:22+00:00\",\"mainEntityOfPage\":{\"@id\":\"https:\\\/\\\/buod.de\\\/anschlag-auf-ungarisches-kulturzentrum-in-berlin-2\\\/\"},\"wordCount\":387,\"commentCount\":0,\"publisher\":{\"@id\":\"https:\\\/\\\/buod.de\\\/#organization\"},\"keywords\":[\"2024\"],\"articleSection\":[\"H\u00edrek\"],\"inLanguage\":\"de-DE\",\"potentialAction\":[{\"@type\":\"CommentAction\",\"name\":\"Comment\",\"target\":[\"https:\\\/\\\/buod.de\\\/anschlag-auf-ungarisches-kulturzentrum-in-berlin-2\\\/#respond\"]}]},{\"@type\":\"WebPage\",\"@id\":\"https:\\\/\\\/buod.de\\\/anschlag-auf-ungarisches-kulturzentrum-in-berlin-2\\\/\",\"url\":\"https:\\\/\\\/buod.de\\\/anschlag-auf-ungarisches-kulturzentrum-in-berlin-2\\\/\",\"name\":\"Anschlag auf ungarisches Kulturzentrum in Berlin - BUOD\",\"isPartOf\":{\"@id\":\"https:\\\/\\\/buod.de\\\/#website\"},\"datePublished\":\"2024-02-03T13:39:28+00:00\",\"dateModified\":\"2024-04-11T13:45:22+00:00\",\"breadcrumb\":{\"@id\":\"https:\\\/\\\/buod.de\\\/anschlag-auf-ungarisches-kulturzentrum-in-berlin-2\\\/#breadcrumb\"},\"inLanguage\":\"de-DE\",\"potentialAction\":[{\"@type\":\"ReadAction\",\"target\":[\"https:\\\/\\\/buod.de\\\/anschlag-auf-ungarisches-kulturzentrum-in-berlin-2\\\/\"]}]},{\"@type\":\"BreadcrumbList\",\"@id\":\"https:\\\/\\\/buod.de\\\/anschlag-auf-ungarisches-kulturzentrum-in-berlin-2\\\/#breadcrumb\",\"itemListElement\":[{\"@type\":\"ListItem\",\"position\":1,\"name\":\"Kezd\u0151lap\",\"item\":\"https:\\\/\\\/buod.de\\\/\"},{\"@type\":\"ListItem\",\"position\":2,\"name\":\"Anschlag auf ungarisches Kulturzentrum in Berlin\"}]},{\"@type\":\"WebSite\",\"@id\":\"https:\\\/\\\/buod.de\\\/#website\",\"url\":\"https:\\\/\\\/buod.de\\\/\",\"name\":\"BUOD\",\"description\":\"Bund Ungarischer Organisationen in Deutschland\",\"publisher\":{\"@id\":\"https:\\\/\\\/buod.de\\\/#organization\"},\"potentialAction\":[{\"@type\":\"SearchAction\",\"target\":{\"@type\":\"EntryPoint\",\"urlTemplate\":\"https:\\\/\\\/buod.de\\\/?s={search_term_string}\"},\"query-input\":{\"@type\":\"PropertyValueSpecification\",\"valueRequired\":true,\"valueName\":\"search_term_string\"}}],\"inLanguage\":\"de-DE\"},{\"@type\":\"Organization\",\"@id\":\"https:\\\/\\\/buod.de\\\/#organization\",\"name\":\"BUOD\",\"url\":\"https:\\\/\\\/buod.de\\\/\",\"logo\":{\"@type\":\"ImageObject\",\"inLanguage\":\"de-DE\",\"@id\":\"https:\\\/\\\/buod.de\\\/#\\\/schema\\\/logo\\\/image\\\/\",\"url\":\"https:\\\/\\\/buod.de\\\/wp-content\\\/uploads\\\/2024\\\/03\\\/BUOD-logo.png\",\"contentUrl\":\"https:\\\/\\\/buod.de\\\/wp-content\\\/uploads\\\/2024\\\/03\\\/BUOD-logo.png\",\"width\":586,\"height\":490,\"caption\":\"BUOD\"},\"image\":{\"@id\":\"https:\\\/\\\/buod.de\\\/#\\\/schema\\\/logo\\\/image\\\/\"},\"sameAs\":[\"https:\\\/\\\/www.facebook.com\\\/profile.php?id=100082185652397\"]},{\"@type\":\"Person\",\"@id\":\"https:\\\/\\\/buod.de\\\/#\\\/schema\\\/person\\\/8332a3e63b017fea8fcd17e9c0f96bf1\",\"name\":\"Gery V\u00e1rkonyi\",\"image\":{\"@type\":\"ImageObject\",\"inLanguage\":\"de-DE\",\"@id\":\"https:\\\/\\\/secure.gravatar.com\\\/avatar\\\/c1babe7dc68f065be4ec606c522172804715398688c78c6fffca3888b364e934?s=96&d=mm&r=g\",\"url\":\"https:\\\/\\\/secure.gravatar.com\\\/avatar\\\/c1babe7dc68f065be4ec606c522172804715398688c78c6fffca3888b364e934?s=96&d=mm&r=g\",\"contentUrl\":\"https:\\\/\\\/secure.gravatar.com\\\/avatar\\\/c1babe7dc68f065be4ec606c522172804715398688c78c6fffca3888b364e934?s=96&d=mm&r=g\",\"caption\":\"Gery V\u00e1rkonyi\"},\"url\":\"https:\\\/\\\/buod.de\\\/de\\\/author\\\/geryvarkonyi\\\/\"}]}<\/script>\n<!-- \/ Yoast SEO plugin. -->","yoast_head_json":{"title":"Anschlag auf ungarisches Kulturzentrum in Berlin - BUOD","robots":{"index":"index","follow":"follow","max-snippet":"max-snippet:-1","max-image-preview":"max-image-preview:large","max-video-preview":"max-video-preview:-1"},"canonical":"https:\/\/buod.de\/de\/anschlag-auf-ungarisches-kulturzentrum-in-berlin-2\/","og_locale":"de_DE","og_type":"article","og_title":"Anschlag auf ungarisches Kulturzentrum in Berlin - BUOD","og_description":"An die Mitglieder und Freunde der Deutsch-Ungarischen Gesellschaft in der Bundesrepublik Deutschland e.V. Sehr geehrte Damen und Herren, vor wenigen Tagen haben deutsche Linksextremisten einen Anschlag auf das ungarische Kulturzentrum in Berlin ver\u00fcbt! Personen kamen gottseidank nicht zu Schaden, aber es wurden zahlreiche Fensterscheiben mit Hammerschl\u00e4gen zerst\u00f6rt.&nbsp;","og_url":"https:\/\/buod.de\/de\/anschlag-auf-ungarisches-kulturzentrum-in-berlin-2\/","og_site_name":"BUOD","article_publisher":"https:\/\/www.facebook.com\/profile.php?id=100082185652397","article_published_time":"2024-02-03T13:39:28+00:00","article_modified_time":"2024-04-11T13:45:22+00:00","author":"Gery V\u00e1rkonyi","twitter_card":"summary_large_image","twitter_misc":{"Written by":"Gery V\u00e1rkonyi","Est. reading time":"2 minutes"},"schema":{"@context":"https:\/\/schema.org","@graph":[{"@type":"Article","@id":"https:\/\/buod.de\/anschlag-auf-ungarisches-kulturzentrum-in-berlin-2\/#article","isPartOf":{"@id":"https:\/\/buod.de\/anschlag-auf-ungarisches-kulturzentrum-in-berlin-2\/"},"author":{"name":"Gery V\u00e1rkonyi","@id":"https:\/\/buod.de\/#\/schema\/person\/8332a3e63b017fea8fcd17e9c0f96bf1"},"headline":"Anschlag auf ungarisches Kulturzentrum in Berlin","datePublished":"2024-02-03T13:39:28+00:00","dateModified":"2024-04-11T13:45:22+00:00","mainEntityOfPage":{"@id":"https:\/\/buod.de\/anschlag-auf-ungarisches-kulturzentrum-in-berlin-2\/"},"wordCount":387,"commentCount":0,"publisher":{"@id":"https:\/\/buod.de\/#organization"},"keywords":["2024"],"articleSection":["H\u00edrek"],"inLanguage":"de-DE","potentialAction":[{"@type":"CommentAction","name":"Comment","target":["https:\/\/buod.de\/anschlag-auf-ungarisches-kulturzentrum-in-berlin-2\/#respond"]}]},{"@type":"WebPage","@id":"https:\/\/buod.de\/anschlag-auf-ungarisches-kulturzentrum-in-berlin-2\/","url":"https:\/\/buod.de\/anschlag-auf-ungarisches-kulturzentrum-in-berlin-2\/","name":"Anschlag auf ungarisches Kulturzentrum in Berlin - BUOD","isPartOf":{"@id":"https:\/\/buod.de\/#website"},"datePublished":"2024-02-03T13:39:28+00:00","dateModified":"2024-04-11T13:45:22+00:00","breadcrumb":{"@id":"https:\/\/buod.de\/anschlag-auf-ungarisches-kulturzentrum-in-berlin-2\/#breadcrumb"},"inLanguage":"de-DE","potentialAction":[{"@type":"ReadAction","target":["https:\/\/buod.de\/anschlag-auf-ungarisches-kulturzentrum-in-berlin-2\/"]}]},{"@type":"BreadcrumbList","@id":"https:\/\/buod.de\/anschlag-auf-ungarisches-kulturzentrum-in-berlin-2\/#breadcrumb","itemListElement":[{"@type":"ListItem","position":1,"name":"Kezd\u0151lap","item":"https:\/\/buod.de\/"},{"@type":"ListItem","position":2,"name":"Anschlag auf ungarisches Kulturzentrum in Berlin"}]},{"@type":"WebSite","@id":"https:\/\/buod.de\/#website","url":"https:\/\/buod.de\/","name":"BUOD","description":"Bund Ungarischer Organisationen in Deutschland","publisher":{"@id":"https:\/\/buod.de\/#organization"},"potentialAction":[{"@type":"SearchAction","target":{"@type":"EntryPoint","urlTemplate":"https:\/\/buod.de\/?s={search_term_string}"},"query-input":{"@type":"PropertyValueSpecification","valueRequired":true,"valueName":"search_term_string"}}],"inLanguage":"de-DE"},{"@type":"Organization","@id":"https:\/\/buod.de\/#organization","name":"BUOD","url":"https:\/\/buod.de\/","logo":{"@type":"ImageObject","inLanguage":"de-DE","@id":"https:\/\/buod.de\/#\/schema\/logo\/image\/","url":"https:\/\/buod.de\/wp-content\/uploads\/2024\/03\/BUOD-logo.png","contentUrl":"https:\/\/buod.de\/wp-content\/uploads\/2024\/03\/BUOD-logo.png","width":586,"height":490,"caption":"BUOD"},"image":{"@id":"https:\/\/buod.de\/#\/schema\/logo\/image\/"},"sameAs":["https:\/\/www.facebook.com\/profile.php?id=100082185652397"]},{"@type":"Person","@id":"https:\/\/buod.de\/#\/schema\/person\/8332a3e63b017fea8fcd17e9c0f96bf1","name":"Gery V\u00e1rkonyi","image":{"@type":"ImageObject","inLanguage":"de-DE","@id":"https:\/\/secure.gravatar.com\/avatar\/c1babe7dc68f065be4ec606c522172804715398688c78c6fffca3888b364e934?s=96&d=mm&r=g","url":"https:\/\/secure.gravatar.com\/avatar\/c1babe7dc68f065be4ec606c522172804715398688c78c6fffca3888b364e934?s=96&d=mm&r=g","contentUrl":"https:\/\/secure.gravatar.com\/avatar\/c1babe7dc68f065be4ec606c522172804715398688c78c6fffca3888b364e934?s=96&d=mm&r=g","caption":"Gery V\u00e1rkonyi"},"url":"https:\/\/buod.de\/de\/author\/geryvarkonyi\/"}]}},"_links":{"self":[{"href":"https:\/\/buod.de\/de\/wp-json\/wp\/v2\/posts\/1927","targetHints":{"allow":["GET"]}}],"collection":[{"href":"https:\/\/buod.de\/de\/wp-json\/wp\/v2\/posts"}],"about":[{"href":"https:\/\/buod.de\/de\/wp-json\/wp\/v2\/types\/post"}],"author":[{"embeddable":true,"href":"https:\/\/buod.de\/de\/wp-json\/wp\/v2\/users\/4"}],"replies":[{"embeddable":true,"href":"https:\/\/buod.de\/de\/wp-json\/wp\/v2\/comments?post=1927"}],"version-history":[{"count":1,"href":"https:\/\/buod.de\/de\/wp-json\/wp\/v2\/posts\/1927\/revisions"}],"predecessor-version":[{"id":2512,"href":"https:\/\/buod.de\/de\/wp-json\/wp\/v2\/posts\/1927\/revisions\/2512"}],"wp:attachment":[{"href":"https:\/\/buod.de\/de\/wp-json\/wp\/v2\/media?parent=1927"}],"wp:term":[{"taxonomy":"category","embeddable":true,"href":"https:\/\/buod.de\/de\/wp-json\/wp\/v2\/categories?post=1927"},{"taxonomy":"post_tag","embeddable":true,"href":"https:\/\/buod.de\/de\/wp-json\/wp\/v2\/tags?post=1927"}],"curies":[{"name":"wp","href":"https:\/\/api.w.org\/{rel}","templated":true}]}}