{"id":1937,"date":"2024-02-15T11:05:17","date_gmt":"2024-02-15T11:05:17","guid":{"rendered":"https:\/\/dev.buod.de\/frankfurti-magyar-bal-es-tanchaz-2\/"},"modified":"2024-04-11T13:45:21","modified_gmt":"2024-04-11T13:45:21","slug":"frankfurti-magyar-bal-es-tanchaz-2","status":"publish","type":"post","link":"https:\/\/buod.de\/de\/frankfurti-magyar-bal-es-tanchaz-2\/","title":{"rendered":"Frankfurti Magyar B\u00e1l \u00e9s T\u00e1nch\u00e1z"},"content":{"rendered":"<p>2024. janu\u00e1r 27-\u00e9n este ker\u00fclt megrendez\u00e9sre a nagy hagyom\u00e1nyokkal rendelkez\u0151 Frankfurti<br \/>Magyar B\u00e1l \u00e9s T\u00e1nch\u00e1z. A t\u00f6bb mint 60 \u00e9ves m\u00falttal b\u00edr\u00f3 esem\u00e9ny nemcsak a Frankfurt \u00e9s<br \/>k\u00f6rny\u00e9kbelieknek fontos alkalom, hanem t\u00f6bben \u00e9rkeztek N\u00e9metorsz\u00e1g messzebbi pontjair\u00f3l,<br \/>s\u0151t k\u00fclf\u00f6ldr\u0151l is.<\/p>\n<p><!--more--><\/p>\n<p>A rendezv\u00e9nyre m\u00e1r hetekkel kor\u00e1bban elkezd\u0151d\u00f6tt a k\u00e9sz\u00fclet: a tervez\u00e9s, a jegy\u00e9rt\u00e9kes\u00edt\u00e9s, a<br \/>prom\u00f3ci\u00f3 \u00e9s sok egy\u00e9b szervez\u00e9si teend\u0151.<\/p>\n<p><img loading=\"lazy\" decoding=\"async\" class=\"size-full wp-image-1934\" src=\"https:\/\/buod.de\/wp-content\/uploads\/2024\/02\/fmb1.jpg\" alt=\"fmb1\" width=\"1184\" height=\"845\" srcset=\"https:\/\/buod.de\/wp-content\/uploads\/2024\/02\/fmb1.jpg 1184w, https:\/\/buod.de\/wp-content\/uploads\/2024\/02\/fmb1-300x214.jpg 300w, https:\/\/buod.de\/wp-content\/uploads\/2024\/02\/fmb1-1024x731.jpg 1024w, https:\/\/buod.de\/wp-content\/uploads\/2024\/02\/fmb1-768x548.jpg 768w, https:\/\/buod.de\/wp-content\/uploads\/2024\/02\/fmb1-18x12.jpg 18w\" sizes=\"auto, (max-width: 1184px) 100vw, 1184px\" \/><br \/>A helysz\u00ednt ad\u00f3 Stadthalle Hofheim m\u00e1r a kapunyit\u00e1s el\u0151tt fogadta a szorgos kezeket a<br \/>dekor\u00e1l\u00e1sra, el\u0151k\u00e9sz\u00edt\u00e9sre, a t\u00e1ncos l\u00e1bakat a f\u0151pr\u00f3b\u00e1ra.<br \/>A b\u00e1lt az els\u0151b\u00e1loz\u00f3k palot\u00e1sa nyitotta, melyet Hanzely M\u00e1ria tan\u00edtotta be. Ezt k\u00f6vette a<br \/>Cifra t\u00e1ncegy\u00fcttes ifj\u00fas\u00e1gi csoportj\u00e1nak m\u0171sora, melyben vajdaszentiv\u00e1nyi t\u00e1ncokat mutattak<br \/>be, Klementn\u00e9 Kecskem\u00e9ti Bea \u00e9s Klement N\u00e1ndor koreogr\u00e1fi\u00e1ja alapj\u00e1n. S lez\u00e1r\u00e1sk\u00e9nt a<br \/>Rezeda t\u00e1ncegy\u00fcttes mez\u0151s\u00e9gi koreogr\u00e1fi\u00e1val \u00f6rvendeztette meg a jelenl\u00e9v\u0151ket. Az ut\u00f3bbit<br \/>betan\u00edtotta: B\u00e1nhegyi Nikoletta \u00e9s Bohus Gy\u00f6rgy.<br \/>Az este folyam\u00e1n finom falatok ker\u00fcltek a t\u00e1ny\u00e9rokra. A jelenl\u00e9v\u0151k 3 fajta f\u0151\u00e9tel \u00e9s<br \/>k\u00fcl\u00f6nb\u00f6z\u0151 hidegt\u00e1lak \u00e9s desszertek k\u00f6z\u00fcl v\u00e1laszthattak.<br \/>Term\u00e9szetesen id\u00e9n sem maradhatott el a nagy n\u00e9pszer\u0171s\u00e9gnek \u00f6rvend\u0151 tombola, amelyre<br \/>sz\u00e1mos felaj\u00e1nl\u00e1s \u00e9rkezett, \u00edgy \u00f6sszesen 400 aj\u00e1nd\u00e9kt\u00e1rgyat volt lehet\u0151s\u00e9g megnyerni a<br \/>szerencs\u00e9seknek. A f\u0151nyerem\u00e9ny pedig egy 10 napos F\u00fcl\u00f6p szigeteki utaz\u00e1s volt. Gratul\u00e1lunk<br \/>a nyerteseknek! A tombol\u00e1b\u00f3l befolyt \u00f6sszeget a Lehel vez\u00e9r cserk\u00e9szcsapat j\u00f3t\u00e9kony c\u00e9lra<br \/>ford\u00edtja.<\/p>\n<p><img loading=\"lazy\" decoding=\"async\" class=\"size-full wp-image-1935\" src=\"https:\/\/buod.de\/wp-content\/uploads\/2024\/02\/fmb2.jpg\" alt=\"fmb2\" width=\"1250\" height=\"832\" srcset=\"https:\/\/buod.de\/wp-content\/uploads\/2024\/02\/fmb2.jpg 1250w, https:\/\/buod.de\/wp-content\/uploads\/2024\/02\/fmb2-300x200.jpg 300w, https:\/\/buod.de\/wp-content\/uploads\/2024\/02\/fmb2-1024x682.jpg 1024w, https:\/\/buod.de\/wp-content\/uploads\/2024\/02\/fmb2-768x511.jpg 768w, https:\/\/buod.de\/wp-content\/uploads\/2024\/02\/fmb2-18x12.jpg 18w\" sizes=\"auto, (max-width: 1250px) 100vw, 1250px\" \/><br \/>A mulats\u00e1g a rendezv\u00e9nyhelysz\u00edn 2 szintj\u00e9n zajlott, a remek hangulatr\u00f3l a f\u00f6ldszinten a<br \/>nagyteremben az Asterix t\u00e1nczenekar gondoskodott. M\u00edg akik n\u00e9pzen\u00e9re v\u00e1gytak, az els\u0151<br \/>emeleti t\u00e1nch\u00e1zban ismerkedhettek meg a k\u00fcl\u00f6nb\u00f6z\u0151 t\u00e1jegys\u00e9gek t\u00e1ncaival (p\u00e9ld\u00e1ul: moldvai<br \/>k\u00f6rt\u00e1nc, mez\u0151s\u00e9gi, kalotaszegi, g\u00f6m\u00f6ri\u2026) A talpal\u00e1val\u00f3r\u00f3l a Var\u00e1zsk\u00f6r zenekar<br \/>gondoskodott, m\u00edg a t\u00e1nch\u00e1zban l\u00e9v\u0151 tan\u00edt\u00e1sr\u00f3l Gresa D\u00e1vid (PSP \u00f6szt\u00f6nd\u00edjas) \u00e9s j\u00f3magam<br \/>Balogh Eszter (KCSP \u00f6szt\u00f6nd\u00edjas). Nagy \u00f6r\u00f6m\u00fcnkre szolg\u00e1lt, hogy mind a kezd\u0151k, mind a<br \/>tapasztaltabbak lelkesen csatlakoztak.<br \/>Mindenki felejthetetlen \u00e9lm\u00e9nyekkel gazdagodva t\u00e1vozott. K\u00f6sz\u00f6net minden szervez\u0151nek!<br \/>\u00c9rdemes m\u00e1r most be\u00edrni a j\u00f6v\u0151 \u00e9vi b\u00e1l id\u0151pontj\u00e1t, nehogy valaki lemaradjon, mert aki<br \/>lemarad kimarad: 2025.02.01.<\/p>\n<p>Frankfurt, 2024. 01. 28<br \/>Balogh Eszter Borb\u00e1la<\/p>\n<p><img loading=\"lazy\" decoding=\"async\" class=\"size-full wp-image-1936\" src=\"https:\/\/buod.de\/wp-content\/uploads\/2024\/02\/fmb3.jpg\" alt=\"fmb3\" width=\"1268\" height=\"839\" srcset=\"https:\/\/buod.de\/wp-content\/uploads\/2024\/02\/fmb3.jpg 1268w, https:\/\/buod.de\/wp-content\/uploads\/2024\/02\/fmb3-300x199.jpg 300w\" sizes=\"auto, (max-width: 1268px) 100vw, 1268px\" \/><\/p>","protected":false},"excerpt":{"rendered":"<p>2024. janu\u00e1r 27-\u00e9n este ker\u00fclt megrendez\u00e9sre a nagy hagyom\u00e1nyokkal rendelkez\u0151 FrankfurtiMagyar B\u00e1l \u00e9s T\u00e1nch\u00e1z. A t\u00f6bb mint 60 \u00e9ves m\u00falttal b\u00edr\u00f3 esem\u00e9ny nemcsak a Frankfurt \u00e9sk\u00f6rny\u00e9kbelieknek fontos alkalom, hanem t\u00f6bben \u00e9rkeztek N\u00e9metorsz\u00e1g messzebbi pontjair\u00f3l,s\u0151t k\u00fclf\u00f6ldr\u0151l is.<\/p>","protected":false},"author":4,"featured_media":1934,"comment_status":"open","ping_status":"open","sticky":false,"template":"","format":"standard","meta":{"footnotes":""},"categories":[17],"tags":[22],"class_list":["post-1937","post","type-post","status-publish","format-standard","has-post-thumbnail","hentry","category-hirek","tag-22"],"yoast_head":"<!-- This site is optimized with the Yoast SEO plugin v27.5 - https:\/\/yoast.com\/product\/yoast-seo-wordpress\/ -->\n<title>Frankfurti Magyar B\u00e1l \u00e9s T\u00e1nch\u00e1z - BUOD<\/title>\n<meta name=\"robots\" content=\"index, follow, max-snippet:-1, max-image-preview:large, max-video-preview:-1\" \/>\n<link rel=\"canonical\" href=\"https:\/\/buod.de\/de\/frankfurti-magyar-bal-es-tanchaz-2\/\" \/>\n<meta property=\"og:locale\" content=\"de_DE\" \/>\n<meta property=\"og:type\" content=\"article\" \/>\n<meta property=\"og:title\" content=\"Frankfurti Magyar B\u00e1l \u00e9s T\u00e1nch\u00e1z - BUOD\" \/>\n<meta property=\"og:description\" content=\"2024. janu\u00e1r 27-\u00e9n este ker\u00fclt megrendez\u00e9sre a nagy hagyom\u00e1nyokkal rendelkez\u0151 FrankfurtiMagyar B\u00e1l \u00e9s T\u00e1nch\u00e1z. A t\u00f6bb mint 60 \u00e9ves m\u00falttal b\u00edr\u00f3 esem\u00e9ny nemcsak a Frankfurt \u00e9sk\u00f6rny\u00e9kbelieknek fontos alkalom, hanem t\u00f6bben \u00e9rkeztek N\u00e9metorsz\u00e1g messzebbi pontjair\u00f3l,s\u0151t k\u00fclf\u00f6ldr\u0151l is.\" \/>\n<meta property=\"og:url\" content=\"https:\/\/buod.de\/de\/frankfurti-magyar-bal-es-tanchaz-2\/\" \/>\n<meta property=\"og:site_name\" content=\"BUOD\" \/>\n<meta property=\"article:publisher\" content=\"https:\/\/www.facebook.com\/profile.php?id=100082185652397\" \/>\n<meta property=\"article:published_time\" content=\"2024-02-15T11:05:17+00:00\" \/>\n<meta property=\"article:modified_time\" content=\"2024-04-11T13:45:21+00:00\" \/>\n<meta property=\"og:image\" content=\"https:\/\/buod.de\/wp-content\/uploads\/2024\/02\/fmb1.jpg\" \/>\n\t<meta property=\"og:image:width\" content=\"1184\" \/>\n\t<meta property=\"og:image:height\" content=\"845\" \/>\n\t<meta property=\"og:image:type\" content=\"image\/jpeg\" \/>\n<meta name=\"author\" content=\"Gery V\u00e1rkonyi\" \/>\n<meta name=\"twitter:card\" content=\"summary_large_image\" \/>\n<meta name=\"twitter:label1\" content=\"Written by\" \/>\n\t<meta name=\"twitter:data1\" content=\"Gery V\u00e1rkonyi\" \/>\n\t<meta name=\"twitter:label2\" content=\"Est. reading time\" \/>\n\t<meta name=\"twitter:data2\" content=\"2 minutes\" \/>\n<script type=\"application\/ld+json\" class=\"yoast-schema-graph\">{\"@context\":\"https:\\\/\\\/schema.org\",\"@graph\":[{\"@type\":\"Article\",\"@id\":\"https:\\\/\\\/buod.de\\\/frankfurti-magyar-bal-es-tanchaz-2\\\/#article\",\"isPartOf\":{\"@id\":\"https:\\\/\\\/buod.de\\\/frankfurti-magyar-bal-es-tanchaz-2\\\/\"},\"author\":{\"name\":\"Gery V\u00e1rkonyi\",\"@id\":\"https:\\\/\\\/buod.de\\\/#\\\/schema\\\/person\\\/8332a3e63b017fea8fcd17e9c0f96bf1\"},\"headline\":\"Frankfurti Magyar B\u00e1l \u00e9s T\u00e1nch\u00e1z\",\"datePublished\":\"2024-02-15T11:05:17+00:00\",\"dateModified\":\"2024-04-11T13:45:21+00:00\",\"mainEntityOfPage\":{\"@id\":\"https:\\\/\\\/buod.de\\\/frankfurti-magyar-bal-es-tanchaz-2\\\/\"},\"wordCount\":470,\"commentCount\":0,\"publisher\":{\"@id\":\"https:\\\/\\\/buod.de\\\/#organization\"},\"image\":{\"@id\":\"https:\\\/\\\/buod.de\\\/frankfurti-magyar-bal-es-tanchaz-2\\\/#primaryimage\"},\"thumbnailUrl\":\"https:\\\/\\\/buod.de\\\/wp-content\\\/uploads\\\/2024\\\/02\\\/fmb1.jpg\",\"keywords\":[\"2024\"],\"articleSection\":[\"H\u00edrek\"],\"inLanguage\":\"de-DE\",\"potentialAction\":[{\"@type\":\"CommentAction\",\"name\":\"Comment\",\"target\":[\"https:\\\/\\\/buod.de\\\/frankfurti-magyar-bal-es-tanchaz-2\\\/#respond\"]}]},{\"@type\":\"WebPage\",\"@id\":\"https:\\\/\\\/buod.de\\\/frankfurti-magyar-bal-es-tanchaz-2\\\/\",\"url\":\"https:\\\/\\\/buod.de\\\/frankfurti-magyar-bal-es-tanchaz-2\\\/\",\"name\":\"Frankfurti Magyar B\u00e1l \u00e9s T\u00e1nch\u00e1z - BUOD\",\"isPartOf\":{\"@id\":\"https:\\\/\\\/buod.de\\\/#website\"},\"primaryImageOfPage\":{\"@id\":\"https:\\\/\\\/buod.de\\\/frankfurti-magyar-bal-es-tanchaz-2\\\/#primaryimage\"},\"image\":{\"@id\":\"https:\\\/\\\/buod.de\\\/frankfurti-magyar-bal-es-tanchaz-2\\\/#primaryimage\"},\"thumbnailUrl\":\"https:\\\/\\\/buod.de\\\/wp-content\\\/uploads\\\/2024\\\/02\\\/fmb1.jpg\",\"datePublished\":\"2024-02-15T11:05:17+00:00\",\"dateModified\":\"2024-04-11T13:45:21+00:00\",\"breadcrumb\":{\"@id\":\"https:\\\/\\\/buod.de\\\/frankfurti-magyar-bal-es-tanchaz-2\\\/#breadcrumb\"},\"inLanguage\":\"de-DE\",\"potentialAction\":[{\"@type\":\"ReadAction\",\"target\":[\"https:\\\/\\\/buod.de\\\/frankfurti-magyar-bal-es-tanchaz-2\\\/\"]}]},{\"@type\":\"ImageObject\",\"inLanguage\":\"de-DE\",\"@id\":\"https:\\\/\\\/buod.de\\\/frankfurti-magyar-bal-es-tanchaz-2\\\/#primaryimage\",\"url\":\"https:\\\/\\\/buod.de\\\/wp-content\\\/uploads\\\/2024\\\/02\\\/fmb1.jpg\",\"contentUrl\":\"https:\\\/\\\/buod.de\\\/wp-content\\\/uploads\\\/2024\\\/02\\\/fmb1.jpg\",\"width\":1184,\"height\":845,\"caption\":\"fmb1\"},{\"@type\":\"BreadcrumbList\",\"@id\":\"https:\\\/\\\/buod.de\\\/frankfurti-magyar-bal-es-tanchaz-2\\\/#breadcrumb\",\"itemListElement\":[{\"@type\":\"ListItem\",\"position\":1,\"name\":\"Kezd\u0151lap\",\"item\":\"https:\\\/\\\/buod.de\\\/\"},{\"@type\":\"ListItem\",\"position\":2,\"name\":\"Frankfurti Magyar B\u00e1l \u00e9s T\u00e1nch\u00e1z\"}]},{\"@type\":\"WebSite\",\"@id\":\"https:\\\/\\\/buod.de\\\/#website\",\"url\":\"https:\\\/\\\/buod.de\\\/\",\"name\":\"BUOD\",\"description\":\"Bund Ungarischer Organisationen in Deutschland\",\"publisher\":{\"@id\":\"https:\\\/\\\/buod.de\\\/#organization\"},\"potentialAction\":[{\"@type\":\"SearchAction\",\"target\":{\"@type\":\"EntryPoint\",\"urlTemplate\":\"https:\\\/\\\/buod.de\\\/?s={search_term_string}\"},\"query-input\":{\"@type\":\"PropertyValueSpecification\",\"valueRequired\":true,\"valueName\":\"search_term_string\"}}],\"inLanguage\":\"de-DE\"},{\"@type\":\"Organization\",\"@id\":\"https:\\\/\\\/buod.de\\\/#organization\",\"name\":\"BUOD\",\"url\":\"https:\\\/\\\/buod.de\\\/\",\"logo\":{\"@type\":\"ImageObject\",\"inLanguage\":\"de-DE\",\"@id\":\"https:\\\/\\\/buod.de\\\/#\\\/schema\\\/logo\\\/image\\\/\",\"url\":\"https:\\\/\\\/buod.de\\\/wp-content\\\/uploads\\\/2024\\\/03\\\/BUOD-logo.png\",\"contentUrl\":\"https:\\\/\\\/buod.de\\\/wp-content\\\/uploads\\\/2024\\\/03\\\/BUOD-logo.png\",\"width\":586,\"height\":490,\"caption\":\"BUOD\"},\"image\":{\"@id\":\"https:\\\/\\\/buod.de\\\/#\\\/schema\\\/logo\\\/image\\\/\"},\"sameAs\":[\"https:\\\/\\\/www.facebook.com\\\/profile.php?id=100082185652397\"]},{\"@type\":\"Person\",\"@id\":\"https:\\\/\\\/buod.de\\\/#\\\/schema\\\/person\\\/8332a3e63b017fea8fcd17e9c0f96bf1\",\"name\":\"Gery V\u00e1rkonyi\",\"image\":{\"@type\":\"ImageObject\",\"inLanguage\":\"de-DE\",\"@id\":\"https:\\\/\\\/secure.gravatar.com\\\/avatar\\\/c1babe7dc68f065be4ec606c522172804715398688c78c6fffca3888b364e934?s=96&d=mm&r=g\",\"url\":\"https:\\\/\\\/secure.gravatar.com\\\/avatar\\\/c1babe7dc68f065be4ec606c522172804715398688c78c6fffca3888b364e934?s=96&d=mm&r=g\",\"contentUrl\":\"https:\\\/\\\/secure.gravatar.com\\\/avatar\\\/c1babe7dc68f065be4ec606c522172804715398688c78c6fffca3888b364e934?s=96&d=mm&r=g\",\"caption\":\"Gery V\u00e1rkonyi\"},\"url\":\"https:\\\/\\\/buod.de\\\/de\\\/author\\\/geryvarkonyi\\\/\"}]}<\/script>\n<!-- \/ Yoast SEO plugin. -->","yoast_head_json":{"title":"Frankfurti Magyar B\u00e1l \u00e9s T\u00e1nch\u00e1z - BUOD","robots":{"index":"index","follow":"follow","max-snippet":"max-snippet:-1","max-image-preview":"max-image-preview:large","max-video-preview":"max-video-preview:-1"},"canonical":"https:\/\/buod.de\/de\/frankfurti-magyar-bal-es-tanchaz-2\/","og_locale":"de_DE","og_type":"article","og_title":"Frankfurti Magyar B\u00e1l \u00e9s T\u00e1nch\u00e1z - BUOD","og_description":"2024. janu\u00e1r 27-\u00e9n este ker\u00fclt megrendez\u00e9sre a nagy hagyom\u00e1nyokkal rendelkez\u0151 FrankfurtiMagyar B\u00e1l \u00e9s T\u00e1nch\u00e1z. A t\u00f6bb mint 60 \u00e9ves m\u00falttal b\u00edr\u00f3 esem\u00e9ny nemcsak a Frankfurt \u00e9sk\u00f6rny\u00e9kbelieknek fontos alkalom, hanem t\u00f6bben \u00e9rkeztek N\u00e9metorsz\u00e1g messzebbi pontjair\u00f3l,s\u0151t k\u00fclf\u00f6ldr\u0151l is.","og_url":"https:\/\/buod.de\/de\/frankfurti-magyar-bal-es-tanchaz-2\/","og_site_name":"BUOD","article_publisher":"https:\/\/www.facebook.com\/profile.php?id=100082185652397","article_published_time":"2024-02-15T11:05:17+00:00","article_modified_time":"2024-04-11T13:45:21+00:00","og_image":[{"width":1184,"height":845,"url":"https:\/\/buod.de\/wp-content\/uploads\/2024\/02\/fmb1.jpg","type":"image\/jpeg"}],"author":"Gery V\u00e1rkonyi","twitter_card":"summary_large_image","twitter_misc":{"Written by":"Gery V\u00e1rkonyi","Est. reading time":"2 minutes"},"schema":{"@context":"https:\/\/schema.org","@graph":[{"@type":"Article","@id":"https:\/\/buod.de\/frankfurti-magyar-bal-es-tanchaz-2\/#article","isPartOf":{"@id":"https:\/\/buod.de\/frankfurti-magyar-bal-es-tanchaz-2\/"},"author":{"name":"Gery V\u00e1rkonyi","@id":"https:\/\/buod.de\/#\/schema\/person\/8332a3e63b017fea8fcd17e9c0f96bf1"},"headline":"Frankfurti Magyar B\u00e1l \u00e9s T\u00e1nch\u00e1z","datePublished":"2024-02-15T11:05:17+00:00","dateModified":"2024-04-11T13:45:21+00:00","mainEntityOfPage":{"@id":"https:\/\/buod.de\/frankfurti-magyar-bal-es-tanchaz-2\/"},"wordCount":470,"commentCount":0,"publisher":{"@id":"https:\/\/buod.de\/#organization"},"image":{"@id":"https:\/\/buod.de\/frankfurti-magyar-bal-es-tanchaz-2\/#primaryimage"},"thumbnailUrl":"https:\/\/buod.de\/wp-content\/uploads\/2024\/02\/fmb1.jpg","keywords":["2024"],"articleSection":["H\u00edrek"],"inLanguage":"de-DE","potentialAction":[{"@type":"CommentAction","name":"Comment","target":["https:\/\/buod.de\/frankfurti-magyar-bal-es-tanchaz-2\/#respond"]}]},{"@type":"WebPage","@id":"https:\/\/buod.de\/frankfurti-magyar-bal-es-tanchaz-2\/","url":"https:\/\/buod.de\/frankfurti-magyar-bal-es-tanchaz-2\/","name":"Frankfurti Magyar B\u00e1l \u00e9s T\u00e1nch\u00e1z - BUOD","isPartOf":{"@id":"https:\/\/buod.de\/#website"},"primaryImageOfPage":{"@id":"https:\/\/buod.de\/frankfurti-magyar-bal-es-tanchaz-2\/#primaryimage"},"image":{"@id":"https:\/\/buod.de\/frankfurti-magyar-bal-es-tanchaz-2\/#primaryimage"},"thumbnailUrl":"https:\/\/buod.de\/wp-content\/uploads\/2024\/02\/fmb1.jpg","datePublished":"2024-02-15T11:05:17+00:00","dateModified":"2024-04-11T13:45:21+00:00","breadcrumb":{"@id":"https:\/\/buod.de\/frankfurti-magyar-bal-es-tanchaz-2\/#breadcrumb"},"inLanguage":"de-DE","potentialAction":[{"@type":"ReadAction","target":["https:\/\/buod.de\/frankfurti-magyar-bal-es-tanchaz-2\/"]}]},{"@type":"ImageObject","inLanguage":"de-DE","@id":"https:\/\/buod.de\/frankfurti-magyar-bal-es-tanchaz-2\/#primaryimage","url":"https:\/\/buod.de\/wp-content\/uploads\/2024\/02\/fmb1.jpg","contentUrl":"https:\/\/buod.de\/wp-content\/uploads\/2024\/02\/fmb1.jpg","width":1184,"height":845,"caption":"fmb1"},{"@type":"BreadcrumbList","@id":"https:\/\/buod.de\/frankfurti-magyar-bal-es-tanchaz-2\/#breadcrumb","itemListElement":[{"@type":"ListItem","position":1,"name":"Kezd\u0151lap","item":"https:\/\/buod.de\/"},{"@type":"ListItem","position":2,"name":"Frankfurti Magyar B\u00e1l \u00e9s T\u00e1nch\u00e1z"}]},{"@type":"WebSite","@id":"https:\/\/buod.de\/#website","url":"https:\/\/buod.de\/","name":"BUOD","description":"Bund Ungarischer Organisationen in Deutschland","publisher":{"@id":"https:\/\/buod.de\/#organization"},"potentialAction":[{"@type":"SearchAction","target":{"@type":"EntryPoint","urlTemplate":"https:\/\/buod.de\/?s={search_term_string}"},"query-input":{"@type":"PropertyValueSpecification","valueRequired":true,"valueName":"search_term_string"}}],"inLanguage":"de-DE"},{"@type":"Organization","@id":"https:\/\/buod.de\/#organization","name":"BUOD","url":"https:\/\/buod.de\/","logo":{"@type":"ImageObject","inLanguage":"de-DE","@id":"https:\/\/buod.de\/#\/schema\/logo\/image\/","url":"https:\/\/buod.de\/wp-content\/uploads\/2024\/03\/BUOD-logo.png","contentUrl":"https:\/\/buod.de\/wp-content\/uploads\/2024\/03\/BUOD-logo.png","width":586,"height":490,"caption":"BUOD"},"image":{"@id":"https:\/\/buod.de\/#\/schema\/logo\/image\/"},"sameAs":["https:\/\/www.facebook.com\/profile.php?id=100082185652397"]},{"@type":"Person","@id":"https:\/\/buod.de\/#\/schema\/person\/8332a3e63b017fea8fcd17e9c0f96bf1","name":"Gery V\u00e1rkonyi","image":{"@type":"ImageObject","inLanguage":"de-DE","@id":"https:\/\/secure.gravatar.com\/avatar\/c1babe7dc68f065be4ec606c522172804715398688c78c6fffca3888b364e934?s=96&d=mm&r=g","url":"https:\/\/secure.gravatar.com\/avatar\/c1babe7dc68f065be4ec606c522172804715398688c78c6fffca3888b364e934?s=96&d=mm&r=g","contentUrl":"https:\/\/secure.gravatar.com\/avatar\/c1babe7dc68f065be4ec606c522172804715398688c78c6fffca3888b364e934?s=96&d=mm&r=g","caption":"Gery V\u00e1rkonyi"},"url":"https:\/\/buod.de\/de\/author\/geryvarkonyi\/"}]}},"_links":{"self":[{"href":"https:\/\/buod.de\/de\/wp-json\/wp\/v2\/posts\/1937","targetHints":{"allow":["GET"]}}],"collection":[{"href":"https:\/\/buod.de\/de\/wp-json\/wp\/v2\/posts"}],"about":[{"href":"https:\/\/buod.de\/de\/wp-json\/wp\/v2\/types\/post"}],"author":[{"embeddable":true,"href":"https:\/\/buod.de\/de\/wp-json\/wp\/v2\/users\/4"}],"replies":[{"embeddable":true,"href":"https:\/\/buod.de\/de\/wp-json\/wp\/v2\/comments?post=1937"}],"version-history":[{"count":1,"href":"https:\/\/buod.de\/de\/wp-json\/wp\/v2\/posts\/1937\/revisions"}],"predecessor-version":[{"id":2505,"href":"https:\/\/buod.de\/de\/wp-json\/wp\/v2\/posts\/1937\/revisions\/2505"}],"wp:featuredmedia":[{"embeddable":true,"href":"https:\/\/buod.de\/de\/wp-json\/wp\/v2\/media\/1934"}],"wp:attachment":[{"href":"https:\/\/buod.de\/de\/wp-json\/wp\/v2\/media?parent=1937"}],"wp:term":[{"taxonomy":"category","embeddable":true,"href":"https:\/\/buod.de\/de\/wp-json\/wp\/v2\/categories?post=1937"},{"taxonomy":"post_tag","embeddable":true,"href":"https:\/\/buod.de\/de\/wp-json\/wp\/v2\/tags?post=1937"}],"curies":[{"name":"wp","href":"https:\/\/api.w.org\/{rel}","templated":true}]}}