{"id":1954,"date":"2024-03-01T09:03:59","date_gmt":"2024-03-01T09:03:59","guid":{"rendered":"https:\/\/dev.buod.de\/varnagy-andrea-kcsp-koncertje-munchenben-a-bajor-magyar-forum-rendezeseben\/"},"modified":"2024-04-11T13:45:20","modified_gmt":"2024-04-11T13:45:20","slug":"varnagy-andrea-kcsp-koncertje-munchenben-a-bajor-magyar-forum-rendezeseben","status":"publish","type":"post","link":"https:\/\/buod.de\/de\/varnagy-andrea-kcsp-koncertje-munchenben-a-bajor-magyar-forum-rendezeseben\/","title":{"rendered":"V\u00e1rnagy Andrea KCSP koncertje M\u00fcnchenben a Bajor-Magyar F\u00f3rum rendez\u00e9s\u00e9ben"},"content":{"rendered":"<p>Kedves Listat\u00e1rsak!<\/p>\n<p>R\u00f6viden besz\u00e1molok a Bajor-Magyar F\u00f3rum sikeres rendezv\u00e9ny\u00e9r\u0151l. KCSP \u00f6szt\u00f6nd\u00edjasunk, a Liszt-d\u00edjas V\u00e1rnagy Andrea zongoram\u0171v\u00e9szn\u0151 febru\u00e1r 27-\u00e9n egy nagysiker\u0171 zongorakoncertet adott M\u00fcnchenben. A K\u00fcnstlerhaus a v\u00e1ros sz\u00edv\u00e9ben a Lenbachplatzon egy fogalom, a v\u00e1ros egyik legismertebb \u00e9s legr\u00e9gibb m\u0171v\u00e9szek \u00e9s k\u00f6z\u00f6ns\u00e9gtal\u00e1lkoz\u00f3k helye 125 \u00e9ve.<\/p>\n<p><!--more--><\/p>\n<p>Tuladonosa az Allotria m\u0171v\u00e9szegyes\u00fclet, amelynek eddig k\u00e9t magyar tagja volt, Bencz\u00far Gyula fest\u0151, \u00e9s L\u00e1ng P\u00e9ter zen\u00e9sz, aki szint\u00e9n jelen volt.A Miller terem zs\u00fafol\u00e1sig megtelt a bajor \u00e9s magyar vend\u00e9gekkel, hiszen c\u00e9l\u00fcnk volt, hogy a magyar diasz\u00f3ra \u00e9s a bajorok kapcsolat\u00e1t er\u0151s\u00edts\u00fck. Dezasse Mikl\u00f3s gr\u00f3f megny\u00edt\u00f3ja ut\u00e1n Dr. Helmut Palder, a F\u00f3rum eln\u00f6ke mutatta be a F\u00f3rum KCSP \u00f6szt\u00f6nd\u00edjas zongoram\u0171v\u00e9szn\u0151j\u00e9t \u00e9s m\u00e9ltatta szem\u00e9lyes elk\u00f6telezetts\u00e9ggel a bajor-magyar kapcsolatok jelent\u0151s\u00e9g\u00e9t ebben a jelenleg Magyarorsz\u00e1g sz\u00e1m\u00e1ra kev\u00e9sb\u00e9 pozit\u00edv be\u00e1ll\u00edtotts\u00e1g\u00fa N\u00e9metorsz\u00e1gban. A programhoz n\u00e9h\u00e1ny k\u00e9pet mell\u00e9kelek. A jelenl\u00e9v\u0151k k\u00f6z\u00f6tt k\u00f6z\u00e9leti szem\u00e9lyis\u00e9gek is voltak, t\u00f6bben F\u00f3rum tagok. Andrea a le\u00e1ny\u00e1val, Lilivel, aki mesterszakon v\u00e9gzett zongoram\u0171v\u00e9szn\u0151, l\u00e9pett fel, n\u00e9gykezes darabokat adtak el\u0151. Tal\u00e1n \u0151k az egyetlen anya-le\u00e1ny zongoram\u0171v\u00e9sz-p\u00e1r a vil\u00e1gon. A sz\u00fcnet ut\u00e1n a koncert v\u00e9g\u00e9n j\u00f6tt az utols\u00f3 meglepet\u00e9s, Szekr\u00e9nyessy Csan\u00e1d harmad\u00e9ves Liszt Ferenc zeneakad\u00e9miai zondoram\u0171v\u00e9sz hallgat\u00f3val egy hatkezes darabot adtak el\u0151, amely egy ritka zenei esem\u00e9ny. A siker fergeteges volt. Andrea a darabok el\u0151tt kiv\u00e1l\u00f3 n\u00e9mets\u00e9ggel ismertette a m\u0171veket, azok zenei titkait valamint komponist\u00e1ik \u00e9let\u00e9t, kiv\u00e1l\u00f3s\u00e1gaikat, nagyon sok magyar vonatkoz\u00e1ssal, \u00fajra meger\u0151s\u00edtv\u00e9n, hogy magyar kultur\u00e1nkra \u00e9s magyars\u00e1gunkra b\u00fcszk\u00e9k lehet\u00fcnk. A koncert ut\u00e1n t\u00f6bben a helysz\u00ednen felv\u00e9tel\u00fcket k\u00e9rt\u00e9k a Bajor-Magyar F\u00f3rumba. \u00d6r\u00fcl\u00fcnk mint F\u00f3rum, hogy k\u00e9rt\u00fcnk \u00e9s kaptunk KCSP \u00f6szt\u00f6nd\u00edjast, k\u00f6z\u00f6ss\u00e9gi \u00e9let\u00fcnk megelevenedett \u00e9s az eddigin\u00e9l jelent\u0151sebb lett. A koncertr\u0151l Ravasz Zolt\u00e1n videofelv\u00e9telt k\u00e9sz\u00edtett.<\/p>\n<p>\u00dcdv\u00f6zlettel<\/p>\n<p>Ravasz \u00c1kos<\/p>\n<p>mentor<\/p>\n<p><a href=\"https:\/\/buod.de\/de\/images\/BUOD_info\/Einladung_Gste_27-1.pdf\/\">http:\/\/www.buod.de\/images\/BUOD_info\/Einladung_Gste_27-1.pdf<\/a><\/p>\n<p><a href=\"https:\/\/buod.de\/de\/images\/BUOD_info\/Bevezeto_2024_02_27.pdf\/\">http:\/\/www.buod.de\/images\/BUOD_info\/Bevezeto_2024_02_27.pdf<\/a><\/p>\n<p>&nbsp;<\/p>\n<p>&nbsp;<\/p>\n<p><img loading=\"lazy\" decoding=\"async\" class=\"size-full wp-image-1949\" src=\"https:\/\/buod.de\/wp-content\/uploads\/2024\/03\/20240227_214743.jpg\" alt=\"20240227 214743\" width=\"1200\" height=\"675\" srcset=\"https:\/\/buod.de\/wp-content\/uploads\/2024\/03\/20240227_214743.jpg 1200w, https:\/\/buod.de\/wp-content\/uploads\/2024\/03\/20240227_214743-300x169.jpg 300w, https:\/\/buod.de\/wp-content\/uploads\/2024\/03\/20240227_214743-1024x576.jpg 1024w, https:\/\/buod.de\/wp-content\/uploads\/2024\/03\/20240227_214743-768x432.jpg 768w, https:\/\/buod.de\/wp-content\/uploads\/2024\/03\/20240227_214743-18x10.jpg 18w\" sizes=\"auto, (max-width: 1200px) 100vw, 1200px\" \/><\/p>\n<p><img loading=\"lazy\" decoding=\"async\" class=\"size-full wp-image-1950\" src=\"https:\/\/buod.de\/wp-content\/uploads\/2024\/03\/20240227_214206.jpg\" alt=\"20240227 214206\" width=\"1200\" height=\"675\" srcset=\"https:\/\/buod.de\/wp-content\/uploads\/2024\/03\/20240227_214206.jpg 1200w, https:\/\/buod.de\/wp-content\/uploads\/2024\/03\/20240227_214206-300x169.jpg 300w, https:\/\/buod.de\/wp-content\/uploads\/2024\/03\/20240227_214206-1024x576.jpg 1024w, https:\/\/buod.de\/wp-content\/uploads\/2024\/03\/20240227_214206-768x432.jpg 768w, https:\/\/buod.de\/wp-content\/uploads\/2024\/03\/20240227_214206-18x10.jpg 18w\" sizes=\"auto, (max-width: 1200px) 100vw, 1200px\" \/><\/p>\n<p><img loading=\"lazy\" decoding=\"async\" class=\"size-full wp-image-1951\" src=\"https:\/\/buod.de\/wp-content\/uploads\/2024\/03\/Andrea-s-Lili-a-zongornl-2024-02-27.jpg\" alt=\"Andrea s Lili a zongornl 2024 02 27\" width=\"1200\" height=\"1042\" srcset=\"https:\/\/buod.de\/wp-content\/uploads\/2024\/03\/Andrea-s-Lili-a-zongornl-2024-02-27.jpg 1200w, https:\/\/buod.de\/wp-content\/uploads\/2024\/03\/Andrea-s-Lili-a-zongornl-2024-02-27-300x261.jpg 300w, https:\/\/buod.de\/wp-content\/uploads\/2024\/03\/Andrea-s-Lili-a-zongornl-2024-02-27-1024x889.jpg 1024w, https:\/\/buod.de\/wp-content\/uploads\/2024\/03\/Andrea-s-Lili-a-zongornl-2024-02-27-768x667.jpg 768w, https:\/\/buod.de\/wp-content\/uploads\/2024\/03\/Andrea-s-Lili-a-zongornl-2024-02-27-14x12.jpg 14w\" sizes=\"auto, (max-width: 1200px) 100vw, 1200px\" \/><\/p>\n<p><img loading=\"lazy\" decoding=\"async\" class=\"size-full wp-image-1952\" src=\"https:\/\/buod.de\/wp-content\/uploads\/2024\/03\/Koncert-2024-02-27-hatkezes.jpg\" alt=\"Koncert 2024 02 27 hatkezes\" width=\"491\" height=\"578\" srcset=\"https:\/\/buod.de\/wp-content\/uploads\/2024\/03\/Koncert-2024-02-27-hatkezes.jpg 933w, https:\/\/buod.de\/wp-content\/uploads\/2024\/03\/Koncert-2024-02-27-hatkezes-255x300.jpg 255w, https:\/\/buod.de\/wp-content\/uploads\/2024\/03\/Koncert-2024-02-27-hatkezes-869x1024.jpg 869w, https:\/\/buod.de\/wp-content\/uploads\/2024\/03\/Koncert-2024-02-27-hatkezes-768x905.jpg 768w, https:\/\/buod.de\/wp-content\/uploads\/2024\/03\/Koncert-2024-02-27-hatkezes-10x12.jpg 10w\" sizes=\"auto, (max-width: 491px) 100vw, 491px\" \/><img loading=\"lazy\" decoding=\"async\" class=\"size-full wp-image-1953\" src=\"https:\/\/buod.de\/wp-content\/uploads\/2024\/03\/Koncert-2024-02-27.jpg\" alt=\"Koncert 2024 02 27\" width=\"308\" height=\"566\" srcset=\"https:\/\/buod.de\/wp-content\/uploads\/2024\/03\/Koncert-2024-02-27.jpg 557w, https:\/\/buod.de\/wp-content\/uploads\/2024\/03\/Koncert-2024-02-27-163x300.jpg 163w, https:\/\/buod.de\/wp-content\/uploads\/2024\/03\/Koncert-2024-02-27-7x12.jpg 7w\" sizes=\"auto, (max-width: 308px) 100vw, 308px\" \/><\/p>","protected":false},"excerpt":{"rendered":"<p>Kedves Listat\u00e1rsak! R\u00f6viden besz\u00e1molok a Bajor-Magyar F\u00f3rum sikeres rendezv\u00e9ny\u00e9r\u0151l. KCSP \u00f6szt\u00f6nd\u00edjasunk, a Liszt-d\u00edjas V\u00e1rnagy Andrea zongoram\u0171v\u00e9szn\u0151 febru\u00e1r 27-\u00e9n egy nagysiker\u0171 zongorakoncertet adott M\u00fcnchenben. A K\u00fcnstlerhaus a v\u00e1ros sz\u00edv\u00e9ben a Lenbachplatzon egy fogalom, a v\u00e1ros egyik legismertebb \u00e9s legr\u00e9gibb m\u0171v\u00e9szek \u00e9s k\u00f6z\u00f6ns\u00e9gtal\u00e1lkoz\u00f3k helye 125 \u00e9ve.<\/p>","protected":false},"author":4,"featured_media":1949,"comment_status":"open","ping_status":"open","sticky":false,"template":"","format":"standard","meta":{"footnotes":""},"categories":[17],"tags":[22],"class_list":["post-1954","post","type-post","status-publish","format-standard","has-post-thumbnail","hentry","category-hirek","tag-22"],"yoast_head":"<!-- This site is optimized with the Yoast SEO plugin v27.5 - https:\/\/yoast.com\/product\/yoast-seo-wordpress\/ -->\n<title>V\u00e1rnagy Andrea KCSP koncertje M\u00fcnchenben a Bajor-Magyar F\u00f3rum rendez\u00e9s\u00e9ben - BUOD<\/title>\n<meta name=\"robots\" content=\"index, follow, max-snippet:-1, max-image-preview:large, max-video-preview:-1\" \/>\n<link rel=\"canonical\" href=\"https:\/\/buod.de\/de\/varnagy-andrea-kcsp-koncertje-munchenben-a-bajor-magyar-forum-rendezeseben\/\" \/>\n<meta property=\"og:locale\" content=\"de_DE\" \/>\n<meta property=\"og:type\" content=\"article\" \/>\n<meta property=\"og:title\" content=\"V\u00e1rnagy Andrea KCSP koncertje M\u00fcnchenben a Bajor-Magyar F\u00f3rum rendez\u00e9s\u00e9ben - BUOD\" \/>\n<meta property=\"og:description\" content=\"Kedves Listat\u00e1rsak! R\u00f6viden besz\u00e1molok a Bajor-Magyar F\u00f3rum sikeres rendezv\u00e9ny\u00e9r\u0151l. KCSP \u00f6szt\u00f6nd\u00edjasunk, a Liszt-d\u00edjas V\u00e1rnagy Andrea zongoram\u0171v\u00e9szn\u0151 febru\u00e1r 27-\u00e9n egy nagysiker\u0171 zongorakoncertet adott M\u00fcnchenben. A K\u00fcnstlerhaus a v\u00e1ros sz\u00edv\u00e9ben a Lenbachplatzon egy fogalom, a v\u00e1ros egyik legismertebb \u00e9s legr\u00e9gibb m\u0171v\u00e9szek \u00e9s k\u00f6z\u00f6ns\u00e9gtal\u00e1lkoz\u00f3k helye 125 \u00e9ve.\" \/>\n<meta property=\"og:url\" content=\"https:\/\/buod.de\/de\/varnagy-andrea-kcsp-koncertje-munchenben-a-bajor-magyar-forum-rendezeseben\/\" \/>\n<meta property=\"og:site_name\" content=\"BUOD\" \/>\n<meta property=\"article:publisher\" content=\"https:\/\/www.facebook.com\/profile.php?id=100082185652397\" \/>\n<meta property=\"article:published_time\" content=\"2024-03-01T09:03:59+00:00\" \/>\n<meta property=\"article:modified_time\" content=\"2024-04-11T13:45:20+00:00\" \/>\n<meta property=\"og:image\" content=\"https:\/\/buod.de\/wp-content\/uploads\/2024\/03\/20240227_214743.jpg\" \/>\n\t<meta property=\"og:image:width\" content=\"1200\" \/>\n\t<meta property=\"og:image:height\" content=\"675\" \/>\n\t<meta property=\"og:image:type\" content=\"image\/jpeg\" \/>\n<meta name=\"author\" content=\"Gery V\u00e1rkonyi\" \/>\n<meta name=\"twitter:card\" content=\"summary_large_image\" \/>\n<meta name=\"twitter:label1\" content=\"Written by\" \/>\n\t<meta name=\"twitter:data1\" content=\"Gery V\u00e1rkonyi\" \/>\n\t<meta name=\"twitter:label2\" content=\"Est. reading time\" \/>\n\t<meta name=\"twitter:data2\" content=\"2 minutes\" \/>\n<script type=\"application\/ld+json\" class=\"yoast-schema-graph\">{\"@context\":\"https:\\\/\\\/schema.org\",\"@graph\":[{\"@type\":\"Article\",\"@id\":\"https:\\\/\\\/buod.de\\\/varnagy-andrea-kcsp-koncertje-munchenben-a-bajor-magyar-forum-rendezeseben\\\/#article\",\"isPartOf\":{\"@id\":\"https:\\\/\\\/buod.de\\\/varnagy-andrea-kcsp-koncertje-munchenben-a-bajor-magyar-forum-rendezeseben\\\/\"},\"author\":{\"name\":\"Gery V\u00e1rkonyi\",\"@id\":\"https:\\\/\\\/buod.de\\\/#\\\/schema\\\/person\\\/8332a3e63b017fea8fcd17e9c0f96bf1\"},\"headline\":\"V\u00e1rnagy Andrea KCSP koncertje M\u00fcnchenben a Bajor-Magyar F\u00f3rum rendez\u00e9s\u00e9ben\",\"datePublished\":\"2024-03-01T09:03:59+00:00\",\"dateModified\":\"2024-04-11T13:45:20+00:00\",\"mainEntityOfPage\":{\"@id\":\"https:\\\/\\\/buod.de\\\/varnagy-andrea-kcsp-koncertje-munchenben-a-bajor-magyar-forum-rendezeseben\\\/\"},\"wordCount\":459,\"commentCount\":0,\"publisher\":{\"@id\":\"https:\\\/\\\/buod.de\\\/#organization\"},\"image\":{\"@id\":\"https:\\\/\\\/buod.de\\\/varnagy-andrea-kcsp-koncertje-munchenben-a-bajor-magyar-forum-rendezeseben\\\/#primaryimage\"},\"thumbnailUrl\":\"https:\\\/\\\/buod.de\\\/wp-content\\\/uploads\\\/2024\\\/03\\\/20240227_214743.jpg\",\"keywords\":[\"2024\"],\"articleSection\":[\"H\u00edrek\"],\"inLanguage\":\"de-DE\",\"potentialAction\":[{\"@type\":\"CommentAction\",\"name\":\"Comment\",\"target\":[\"https:\\\/\\\/buod.de\\\/varnagy-andrea-kcsp-koncertje-munchenben-a-bajor-magyar-forum-rendezeseben\\\/#respond\"]}]},{\"@type\":\"WebPage\",\"@id\":\"https:\\\/\\\/buod.de\\\/varnagy-andrea-kcsp-koncertje-munchenben-a-bajor-magyar-forum-rendezeseben\\\/\",\"url\":\"https:\\\/\\\/buod.de\\\/varnagy-andrea-kcsp-koncertje-munchenben-a-bajor-magyar-forum-rendezeseben\\\/\",\"name\":\"V\u00e1rnagy Andrea KCSP koncertje M\u00fcnchenben a Bajor-Magyar F\u00f3rum rendez\u00e9s\u00e9ben - BUOD\",\"isPartOf\":{\"@id\":\"https:\\\/\\\/buod.de\\\/#website\"},\"primaryImageOfPage\":{\"@id\":\"https:\\\/\\\/buod.de\\\/varnagy-andrea-kcsp-koncertje-munchenben-a-bajor-magyar-forum-rendezeseben\\\/#primaryimage\"},\"image\":{\"@id\":\"https:\\\/\\\/buod.de\\\/varnagy-andrea-kcsp-koncertje-munchenben-a-bajor-magyar-forum-rendezeseben\\\/#primaryimage\"},\"thumbnailUrl\":\"https:\\\/\\\/buod.de\\\/wp-content\\\/uploads\\\/2024\\\/03\\\/20240227_214743.jpg\",\"datePublished\":\"2024-03-01T09:03:59+00:00\",\"dateModified\":\"2024-04-11T13:45:20+00:00\",\"breadcrumb\":{\"@id\":\"https:\\\/\\\/buod.de\\\/varnagy-andrea-kcsp-koncertje-munchenben-a-bajor-magyar-forum-rendezeseben\\\/#breadcrumb\"},\"inLanguage\":\"de-DE\",\"potentialAction\":[{\"@type\":\"ReadAction\",\"target\":[\"https:\\\/\\\/buod.de\\\/varnagy-andrea-kcsp-koncertje-munchenben-a-bajor-magyar-forum-rendezeseben\\\/\"]}]},{\"@type\":\"ImageObject\",\"inLanguage\":\"de-DE\",\"@id\":\"https:\\\/\\\/buod.de\\\/varnagy-andrea-kcsp-koncertje-munchenben-a-bajor-magyar-forum-rendezeseben\\\/#primaryimage\",\"url\":\"https:\\\/\\\/buod.de\\\/wp-content\\\/uploads\\\/2024\\\/03\\\/20240227_214743.jpg\",\"contentUrl\":\"https:\\\/\\\/buod.de\\\/wp-content\\\/uploads\\\/2024\\\/03\\\/20240227_214743.jpg\",\"width\":1200,\"height\":675,\"caption\":\"20240227 214743\"},{\"@type\":\"BreadcrumbList\",\"@id\":\"https:\\\/\\\/buod.de\\\/varnagy-andrea-kcsp-koncertje-munchenben-a-bajor-magyar-forum-rendezeseben\\\/#breadcrumb\",\"itemListElement\":[{\"@type\":\"ListItem\",\"position\":1,\"name\":\"Kezd\u0151lap\",\"item\":\"https:\\\/\\\/buod.de\\\/\"},{\"@type\":\"ListItem\",\"position\":2,\"name\":\"V\u00e1rnagy Andrea KCSP koncertje M\u00fcnchenben a Bajor-Magyar F\u00f3rum rendez\u00e9s\u00e9ben\"}]},{\"@type\":\"WebSite\",\"@id\":\"https:\\\/\\\/buod.de\\\/#website\",\"url\":\"https:\\\/\\\/buod.de\\\/\",\"name\":\"BUOD\",\"description\":\"Bund Ungarischer Organisationen in Deutschland\",\"publisher\":{\"@id\":\"https:\\\/\\\/buod.de\\\/#organization\"},\"potentialAction\":[{\"@type\":\"SearchAction\",\"target\":{\"@type\":\"EntryPoint\",\"urlTemplate\":\"https:\\\/\\\/buod.de\\\/?s={search_term_string}\"},\"query-input\":{\"@type\":\"PropertyValueSpecification\",\"valueRequired\":true,\"valueName\":\"search_term_string\"}}],\"inLanguage\":\"de-DE\"},{\"@type\":\"Organization\",\"@id\":\"https:\\\/\\\/buod.de\\\/#organization\",\"name\":\"BUOD\",\"url\":\"https:\\\/\\\/buod.de\\\/\",\"logo\":{\"@type\":\"ImageObject\",\"inLanguage\":\"de-DE\",\"@id\":\"https:\\\/\\\/buod.de\\\/#\\\/schema\\\/logo\\\/image\\\/\",\"url\":\"https:\\\/\\\/buod.de\\\/wp-content\\\/uploads\\\/2024\\\/03\\\/BUOD-logo.png\",\"contentUrl\":\"https:\\\/\\\/buod.de\\\/wp-content\\\/uploads\\\/2024\\\/03\\\/BUOD-logo.png\",\"width\":586,\"height\":490,\"caption\":\"BUOD\"},\"image\":{\"@id\":\"https:\\\/\\\/buod.de\\\/#\\\/schema\\\/logo\\\/image\\\/\"},\"sameAs\":[\"https:\\\/\\\/www.facebook.com\\\/profile.php?id=100082185652397\"]},{\"@type\":\"Person\",\"@id\":\"https:\\\/\\\/buod.de\\\/#\\\/schema\\\/person\\\/8332a3e63b017fea8fcd17e9c0f96bf1\",\"name\":\"Gery V\u00e1rkonyi\",\"image\":{\"@type\":\"ImageObject\",\"inLanguage\":\"de-DE\",\"@id\":\"https:\\\/\\\/secure.gravatar.com\\\/avatar\\\/c1babe7dc68f065be4ec606c522172804715398688c78c6fffca3888b364e934?s=96&d=mm&r=g\",\"url\":\"https:\\\/\\\/secure.gravatar.com\\\/avatar\\\/c1babe7dc68f065be4ec606c522172804715398688c78c6fffca3888b364e934?s=96&d=mm&r=g\",\"contentUrl\":\"https:\\\/\\\/secure.gravatar.com\\\/avatar\\\/c1babe7dc68f065be4ec606c522172804715398688c78c6fffca3888b364e934?s=96&d=mm&r=g\",\"caption\":\"Gery V\u00e1rkonyi\"},\"url\":\"https:\\\/\\\/buod.de\\\/de\\\/author\\\/geryvarkonyi\\\/\"}]}<\/script>\n<!-- \/ Yoast SEO plugin. -->","yoast_head_json":{"title":"V\u00e1rnagy Andrea KCSP koncertje M\u00fcnchenben a Bajor-Magyar F\u00f3rum rendez\u00e9s\u00e9ben - BUOD","robots":{"index":"index","follow":"follow","max-snippet":"max-snippet:-1","max-image-preview":"max-image-preview:large","max-video-preview":"max-video-preview:-1"},"canonical":"https:\/\/buod.de\/de\/varnagy-andrea-kcsp-koncertje-munchenben-a-bajor-magyar-forum-rendezeseben\/","og_locale":"de_DE","og_type":"article","og_title":"V\u00e1rnagy Andrea KCSP koncertje M\u00fcnchenben a Bajor-Magyar F\u00f3rum rendez\u00e9s\u00e9ben - BUOD","og_description":"Kedves Listat\u00e1rsak! R\u00f6viden besz\u00e1molok a Bajor-Magyar F\u00f3rum sikeres rendezv\u00e9ny\u00e9r\u0151l. KCSP \u00f6szt\u00f6nd\u00edjasunk, a Liszt-d\u00edjas V\u00e1rnagy Andrea zongoram\u0171v\u00e9szn\u0151 febru\u00e1r 27-\u00e9n egy nagysiker\u0171 zongorakoncertet adott M\u00fcnchenben. A K\u00fcnstlerhaus a v\u00e1ros sz\u00edv\u00e9ben a Lenbachplatzon egy fogalom, a v\u00e1ros egyik legismertebb \u00e9s legr\u00e9gibb m\u0171v\u00e9szek \u00e9s k\u00f6z\u00f6ns\u00e9gtal\u00e1lkoz\u00f3k helye 125 \u00e9ve.","og_url":"https:\/\/buod.de\/de\/varnagy-andrea-kcsp-koncertje-munchenben-a-bajor-magyar-forum-rendezeseben\/","og_site_name":"BUOD","article_publisher":"https:\/\/www.facebook.com\/profile.php?id=100082185652397","article_published_time":"2024-03-01T09:03:59+00:00","article_modified_time":"2024-04-11T13:45:20+00:00","og_image":[{"width":1200,"height":675,"url":"https:\/\/buod.de\/wp-content\/uploads\/2024\/03\/20240227_214743.jpg","type":"image\/jpeg"}],"author":"Gery V\u00e1rkonyi","twitter_card":"summary_large_image","twitter_misc":{"Written by":"Gery V\u00e1rkonyi","Est. reading time":"2 minutes"},"schema":{"@context":"https:\/\/schema.org","@graph":[{"@type":"Article","@id":"https:\/\/buod.de\/varnagy-andrea-kcsp-koncertje-munchenben-a-bajor-magyar-forum-rendezeseben\/#article","isPartOf":{"@id":"https:\/\/buod.de\/varnagy-andrea-kcsp-koncertje-munchenben-a-bajor-magyar-forum-rendezeseben\/"},"author":{"name":"Gery V\u00e1rkonyi","@id":"https:\/\/buod.de\/#\/schema\/person\/8332a3e63b017fea8fcd17e9c0f96bf1"},"headline":"V\u00e1rnagy Andrea KCSP koncertje M\u00fcnchenben a Bajor-Magyar F\u00f3rum rendez\u00e9s\u00e9ben","datePublished":"2024-03-01T09:03:59+00:00","dateModified":"2024-04-11T13:45:20+00:00","mainEntityOfPage":{"@id":"https:\/\/buod.de\/varnagy-andrea-kcsp-koncertje-munchenben-a-bajor-magyar-forum-rendezeseben\/"},"wordCount":459,"commentCount":0,"publisher":{"@id":"https:\/\/buod.de\/#organization"},"image":{"@id":"https:\/\/buod.de\/varnagy-andrea-kcsp-koncertje-munchenben-a-bajor-magyar-forum-rendezeseben\/#primaryimage"},"thumbnailUrl":"https:\/\/buod.de\/wp-content\/uploads\/2024\/03\/20240227_214743.jpg","keywords":["2024"],"articleSection":["H\u00edrek"],"inLanguage":"de-DE","potentialAction":[{"@type":"CommentAction","name":"Comment","target":["https:\/\/buod.de\/varnagy-andrea-kcsp-koncertje-munchenben-a-bajor-magyar-forum-rendezeseben\/#respond"]}]},{"@type":"WebPage","@id":"https:\/\/buod.de\/varnagy-andrea-kcsp-koncertje-munchenben-a-bajor-magyar-forum-rendezeseben\/","url":"https:\/\/buod.de\/varnagy-andrea-kcsp-koncertje-munchenben-a-bajor-magyar-forum-rendezeseben\/","name":"V\u00e1rnagy Andrea KCSP koncertje M\u00fcnchenben a Bajor-Magyar F\u00f3rum rendez\u00e9s\u00e9ben - BUOD","isPartOf":{"@id":"https:\/\/buod.de\/#website"},"primaryImageOfPage":{"@id":"https:\/\/buod.de\/varnagy-andrea-kcsp-koncertje-munchenben-a-bajor-magyar-forum-rendezeseben\/#primaryimage"},"image":{"@id":"https:\/\/buod.de\/varnagy-andrea-kcsp-koncertje-munchenben-a-bajor-magyar-forum-rendezeseben\/#primaryimage"},"thumbnailUrl":"https:\/\/buod.de\/wp-content\/uploads\/2024\/03\/20240227_214743.jpg","datePublished":"2024-03-01T09:03:59+00:00","dateModified":"2024-04-11T13:45:20+00:00","breadcrumb":{"@id":"https:\/\/buod.de\/varnagy-andrea-kcsp-koncertje-munchenben-a-bajor-magyar-forum-rendezeseben\/#breadcrumb"},"inLanguage":"de-DE","potentialAction":[{"@type":"ReadAction","target":["https:\/\/buod.de\/varnagy-andrea-kcsp-koncertje-munchenben-a-bajor-magyar-forum-rendezeseben\/"]}]},{"@type":"ImageObject","inLanguage":"de-DE","@id":"https:\/\/buod.de\/varnagy-andrea-kcsp-koncertje-munchenben-a-bajor-magyar-forum-rendezeseben\/#primaryimage","url":"https:\/\/buod.de\/wp-content\/uploads\/2024\/03\/20240227_214743.jpg","contentUrl":"https:\/\/buod.de\/wp-content\/uploads\/2024\/03\/20240227_214743.jpg","width":1200,"height":675,"caption":"20240227 214743"},{"@type":"BreadcrumbList","@id":"https:\/\/buod.de\/varnagy-andrea-kcsp-koncertje-munchenben-a-bajor-magyar-forum-rendezeseben\/#breadcrumb","itemListElement":[{"@type":"ListItem","position":1,"name":"Kezd\u0151lap","item":"https:\/\/buod.de\/"},{"@type":"ListItem","position":2,"name":"V\u00e1rnagy Andrea KCSP koncertje M\u00fcnchenben a Bajor-Magyar F\u00f3rum rendez\u00e9s\u00e9ben"}]},{"@type":"WebSite","@id":"https:\/\/buod.de\/#website","url":"https:\/\/buod.de\/","name":"BUOD","description":"Bund Ungarischer Organisationen in Deutschland","publisher":{"@id":"https:\/\/buod.de\/#organization"},"potentialAction":[{"@type":"SearchAction","target":{"@type":"EntryPoint","urlTemplate":"https:\/\/buod.de\/?s={search_term_string}"},"query-input":{"@type":"PropertyValueSpecification","valueRequired":true,"valueName":"search_term_string"}}],"inLanguage":"de-DE"},{"@type":"Organization","@id":"https:\/\/buod.de\/#organization","name":"BUOD","url":"https:\/\/buod.de\/","logo":{"@type":"ImageObject","inLanguage":"de-DE","@id":"https:\/\/buod.de\/#\/schema\/logo\/image\/","url":"https:\/\/buod.de\/wp-content\/uploads\/2024\/03\/BUOD-logo.png","contentUrl":"https:\/\/buod.de\/wp-content\/uploads\/2024\/03\/BUOD-logo.png","width":586,"height":490,"caption":"BUOD"},"image":{"@id":"https:\/\/buod.de\/#\/schema\/logo\/image\/"},"sameAs":["https:\/\/www.facebook.com\/profile.php?id=100082185652397"]},{"@type":"Person","@id":"https:\/\/buod.de\/#\/schema\/person\/8332a3e63b017fea8fcd17e9c0f96bf1","name":"Gery V\u00e1rkonyi","image":{"@type":"ImageObject","inLanguage":"de-DE","@id":"https:\/\/secure.gravatar.com\/avatar\/c1babe7dc68f065be4ec606c522172804715398688c78c6fffca3888b364e934?s=96&d=mm&r=g","url":"https:\/\/secure.gravatar.com\/avatar\/c1babe7dc68f065be4ec606c522172804715398688c78c6fffca3888b364e934?s=96&d=mm&r=g","contentUrl":"https:\/\/secure.gravatar.com\/avatar\/c1babe7dc68f065be4ec606c522172804715398688c78c6fffca3888b364e934?s=96&d=mm&r=g","caption":"Gery V\u00e1rkonyi"},"url":"https:\/\/buod.de\/de\/author\/geryvarkonyi\/"}]}},"_links":{"self":[{"href":"https:\/\/buod.de\/de\/wp-json\/wp\/v2\/posts\/1954","targetHints":{"allow":["GET"]}}],"collection":[{"href":"https:\/\/buod.de\/de\/wp-json\/wp\/v2\/posts"}],"about":[{"href":"https:\/\/buod.de\/de\/wp-json\/wp\/v2\/types\/post"}],"author":[{"embeddable":true,"href":"https:\/\/buod.de\/de\/wp-json\/wp\/v2\/users\/4"}],"replies":[{"embeddable":true,"href":"https:\/\/buod.de\/de\/wp-json\/wp\/v2\/comments?post=1954"}],"version-history":[{"count":1,"href":"https:\/\/buod.de\/de\/wp-json\/wp\/v2\/posts\/1954\/revisions"}],"predecessor-version":[{"id":2497,"href":"https:\/\/buod.de\/de\/wp-json\/wp\/v2\/posts\/1954\/revisions\/2497"}],"wp:featuredmedia":[{"embeddable":true,"href":"https:\/\/buod.de\/de\/wp-json\/wp\/v2\/media\/1949"}],"wp:attachment":[{"href":"https:\/\/buod.de\/de\/wp-json\/wp\/v2\/media?parent=1954"}],"wp:term":[{"taxonomy":"category","embeddable":true,"href":"https:\/\/buod.de\/de\/wp-json\/wp\/v2\/categories?post=1954"},{"taxonomy":"post_tag","embeddable":true,"href":"https:\/\/buod.de\/de\/wp-json\/wp\/v2\/tags?post=1954"}],"curies":[{"name":"wp","href":"https:\/\/api.w.org\/{rel}","templated":true}]}}