{"id":6813,"date":"2024-04-02T08:37:29","date_gmt":"2024-04-02T08:37:29","guid":{"rendered":"https:\/\/dev.buod.de\/?p=6813"},"modified":"2024-04-26T08:38:01","modified_gmt":"2024-04-26T08:38:01","slug":"rendkivuli-talalkozas-radnotival_iv-14-_14-04-hagen","status":"publish","type":"post","link":"https:\/\/buod.de\/de\/rendkivuli-talalkozas-radnotival_iv-14-_14-04-hagen\/","title":{"rendered":"Rendk\u00edv\u00fcli tal\u00e1lkoz\u00e1s Radn\u00f3tival_IV.14._14.04.Hagen"},"content":{"rendered":"<p>Kedves Honfit\u00e1rsak! \/ Liebe Ungarnfreunde!<\/p>\n\n\n\n<p>Szeretettel v\u00e1rjuk \u00d6n\u00f6ket egy rendk\u00edv\u00fcli tal\u00e1lkoz\u00e1sra Radn\u00f3ti Mikl\u00f3ssal! \/ Wir erwarten Sie auf eine besondere Begegnung mit dem ungarischen Lyriker Mikl\u00f3s Radn\u00f3ti und freuen uns auf Ihr Kommen!&nbsp; &nbsp;<br>&nbsp; &nbsp; &nbsp; &nbsp; &nbsp; &nbsp; &nbsp; &nbsp; &nbsp; &nbsp; &nbsp; &nbsp; &nbsp; &nbsp;&nbsp;<\/p>\n\n\n\n<p>&nbsp; &nbsp; &nbsp; &nbsp; &nbsp; &nbsp; &nbsp; &nbsp; &nbsp; &nbsp; &nbsp; &nbsp; &nbsp; &nbsp; &nbsp; &nbsp; &nbsp; &nbsp; &nbsp; &nbsp; &nbsp; &nbsp; &nbsp; &nbsp; &nbsp; &nbsp; &nbsp; &nbsp; &nbsp; &nbsp; &nbsp; &nbsp; &nbsp; &nbsp; &nbsp; &nbsp; &nbsp; &nbsp; &nbsp; &nbsp; &nbsp; &nbsp; &nbsp; &nbsp; &nbsp; &nbsp; &nbsp; &nbsp; &nbsp; &nbsp; &nbsp; &nbsp; &nbsp; &nbsp; &nbsp;&#8211; <strong>Rekvizitumok r\u00e9gi verseimb\u00f6l<\/strong> &#8211;&nbsp;<\/p>\n\n\n\n<p><strong>LACZK\u00d3 VASS R\u00d3BERT \u00e9s SZ\u00c9P ANDR\u00c1S&nbsp;<\/strong><strong>SZERZ\u0150I-\u00c9S EL\u0150AD\u00d3I&nbsp; M\u0170SORA&nbsp;&nbsp;<\/strong><br><strong>2024 \u00c1PRILIS 14-\u00e9n, vas\u00e1rnap<\/strong> <strong>16:30 \u00f3rakor&nbsp; &nbsp;<\/strong><strong>Teremnyit\u00e1s 16 \u00f3rakor<\/strong><\/p>\n\n\n\n<p><br><strong>C\u00edm: St. Josef Gemeindehaus, Schmalestr.18, 58097<\/strong> <strong>HAGEN<\/strong><\/p>\n\n\n\n<p>\u00d6r\u00f6mmel k\u00f6sz\u00f6ntj\u00fck a tavalyi Pet\u0151fi est \u00fcnnepelt, kolozsv\u00e1ri el\u0151ad\u00f3m\u0171v\u00e9sz\u00e9t \u00e9s zongoram\u0171v\u00e9sz kis\u00e9r\u0151j\u00e9t n\u00e9metorsz\u00e1gi k\u00f6r\u00fatj\u00e1n ism\u00e9t Hagenben!<br>A k\u00f6ltem\u00e9nyek egy r\u00e9sze most is szabad el\u0151ad\u00e1sban, m\u00e1s r\u00e9sze k\u00f6t\u00f6tt form\u00e1ban, \u00e9l\u0151 zongorak\u00eds\u00e9rettel, zenesz\u00e1mk\u00e9nt hangzik el. Valamennyi kompoz\u00edci\u00f3 a m\u0171v\u00e9szek saj\u00e1t szerzem\u00e9nye.&nbsp;<\/p>\n\n\n\n<p>Az el\u0151ad\u00e1s&nbsp;teljes eg\u00e9sz\u00e9ben Radn\u00f3ti Mikl\u00f3s k\u00f6lt\u0151i \u00e9letm\u0171v\u00e9re \u00e9p\u00fcl, ami a magyar l\u00edra egyik cs\u00facsteljes\u00edtm\u00e9nye. Hol tragikus, hol \u00e9let\u00f6r\u00f6mt\u0151l duzzad\u00f3, hol romantikus, vagy ak\u00e1r pik\u00e1ns.<br>\u201eNem kikapcsol\u00f3d\u00e1st k\u00edn\u00e1lunk, hanem r\u00e1hangol\u00f3d\u00e1st egy olyan \u00e9letm\u0171re, amelynek a magyar k\u00f6lt\u00e9szet remekm\u0171veinek eg\u00e9sz sor\u00e1t k\u00f6sz\u00f6nhetj\u00fck.\u201c<\/p>\n\n\n\n<p>A <strong>Rekvizitumok r\u00e9gi verseimb\u0151l<\/strong> c\u00edm\u0171 Radn\u00f3ti&nbsp; m\u0171sorral a Holokauszt magyarorsz\u00e1gi \u00e1ldozataieml\u00e9k\u00e9nek (eml\u00e9knap \u00e1prilis 16) is ad\u00f3zunk.<br>A versek n\u00e9met nyelv\u0171 ford\u00edt\u00e1s\u00e1t egyidej\u00fcleg vet\u00edtj\u00fck.&nbsp;<br><br><strong>A k\u00f6lts\u00e9gekhez val\u00f3 sz\u00edves hozz\u00e1j\u00e1rul\u00e1sukat a helysz\u00ednen k\u00f6sz\u00f6nettel fogadjuk!<br>Mindenkit szeretettel v\u00e1runk!&nbsp; &nbsp;&nbsp;Jelentkez\u00e9s\u00fcket k\u00e9rj\u00fck: <\/strong><a href=\"mailto:vadrozsa@web.de\" target=\"_blank\" rel=\"noreferrer noopener\">vadrozsa@web.de<\/a>&nbsp;<\/p>\n\n\n\n<p>Tov\u00e1bbi r\u00e9szleteket a mell\u00e9kletben olvashatnak.<\/p>\n\n\n\n<p>&nbsp; &nbsp;+&nbsp; +&nbsp; +&nbsp; +&nbsp; &nbsp;+&nbsp; &nbsp; +&nbsp; &nbsp; +&nbsp; &nbsp;+&nbsp; &nbsp;&#8211;&nbsp; &nbsp;+&nbsp; &nbsp;+&nbsp; &nbsp;+&nbsp; &nbsp;+&nbsp; &nbsp;+&nbsp; &nbsp;+&nbsp; +&nbsp; +&nbsp; &nbsp;<\/p>\n\n\n\n<p>&nbsp; &nbsp; &#8211; <strong>Requisiten aus meinen alten Gedichten<\/strong> &#8211;&nbsp; &nbsp;&nbsp;<\/p>\n\n\n\n<p><strong>R\u00d3BERT LACZK\u00d3 VASS und ANDR\u00c1S SZ\u00c9P&nbsp;&nbsp;<\/strong><strong>AUTOREN- UND PERFORMERABEND&nbsp;<\/strong><br><strong>Sonntag, den 14. APRIL 2024 um 16:30 Uhr&nbsp;&nbsp;<\/strong><strong>Saal-\u00d6ffnung um 16 \u00f3rakor<\/strong><\/p>\n\n\n\n<p><strong>Adresse: St. Josef Gemeindehaus, Schmalestr.18, 58097<\/strong> <strong>HAGEN<\/strong><\/p>\n\n\n\n<p>Nach dem gro\u00dfartigen Pet\u0151fi Abend im letzten Jahr freuen wir uns die gefeierten K\u00fcnstler aus Kolozsv\u00e1r wieder in Hagen \u2013 an&nbsp;ihren Deutschlandtournee \u2013 zu begr\u00fc\u00dfen! &nbsp;<br>Ein Teil der Gedichte wird wieder mit Klavierbegleitung als Musikst\u00fcck der verschiedenen Stilrichtungen erklingen. Alle Werke sind eigene Kompositionen der K\u00fcnstler.<br>Sie pr\u00e4sentieren die ungarische Lyrik auf besondere Weise.<\/p>\n\n\n\n<p>Im Programm zeigen sie die verschiedenen Seiten des Dichters, oft tragisch und von drohendem Unheil erf\u00fcllt, aber auch romantisch bis hin zur Erotik oder fr\u00f6hlich und voller Lebensfreude. Es basiert auf das Lebenswerk von Mikl\u00f3s Radn\u00f3ti, was eine der gr\u00f6\u00dften Errungenschaften der ungarischen Lira ist.<\/p>\n\n\n\n<p>Mit dem Radn\u00f3ti&nbsp; Programm&nbsp; <strong>Requisiten aus meinen alten Gedichten<\/strong> erinnern wir auch an die Opfer der Holocaust in Ungarn (Gedenktag 16 April).&nbsp;<br>Die deutsche \u00dcbersetzung wird auf Leinwand projiziert.<\/p>\n\n\n\n<p><strong>Spenden am Abend f\u00fcr die Unkosten nehmen wir dankbar an!&nbsp;<\/strong><br><strong>Wir freuen uns auf Ihr Kommen!&nbsp;Um Anmeldung bitten wir<\/strong>: <a href=\"mailto:vadrozsa@web.de\" target=\"_blank\" rel=\"noreferrer noopener\">vadrozsa@web.de<\/a><br><br>Weitere Einzelheiten finden Sie im Anhang.<\/p>\n\n\n\n<p><strong>Kedves Egyes\u00fcleti Vezet\u0151k, \u00c9rdekl\u0151d\u0151k!<\/strong><br><br><strong>Online Ringat\u00f3 m\u00f3dszertani k\u00e9pz\u00e9st szerveznek ny\u00e1ron kifejezetten a diaszp\u00f3r\u00e1ban \u00e9l\u0151knek!<\/strong><strong><br><\/strong><br><strong>Ezen a linken olvashat\u00f3 minden adat \u00e9s id\u0151pontok \u00e9s itt lehet jelentkezni is:&nbsp;<\/strong><br><a href=\"https:\/\/www.ringato.hu\/tanfolyamok\/reszletek\/g3afM?fbclid=IwAR3fA7GnRx5HRTXrcmx344jPc_YYgWsYtwpGFHHfvgzDviDi6XcFOv-7OPg\">https:\/\/www.ringato.hu\/tanfolyamok\/reszletek\/g3afM?fbclid=IwAR3fA7GnRx5HRTXrcmx344jPc_YYgWsYtwpGFHHfvgzDviDi6XcFOv-7OPg<\/a><br><br>Aki nem ismern\u00e9, a Ringat\u00f3 egy Kod\u00e1ly-m\u00f3dszeren alapul\u00f3 kisgyermekkori zenepedag\u00f3giai m\u00f3dszer, ami nemr\u00e9g megkapta a Magyar \u00d6r\u00f6ks\u00e9g-d\u00edjat is. A Ringat\u00f3 foglalkoz\u00e1sokon a gyerekek \u00e9s sz\u00fcleik f\u0151k\u00e9nt a magyar n\u00e9pdalokkal, \u00f6lb\u00e9li j\u00e1t\u00e9kokkal stb. ismerkednek meg a j\u00f3l kidolgozott, szakmailag kifog\u00e1stalan, oldott hangulat\u00fa foglalkoz\u00e1sokon. Ez a m\u00f3dszer j\u00f3l be\u00e9p\u00edthet\u0151 a magyar \u00f3vod\u00e1k, babaklubok, csal\u00e1di napok foglalkoz\u00e1saiba is \u00e9s egy biztos alapot ad arra, hogy m\u00e9g jobban \u00e1tadhassuk a magyar zenei \u00f6r\u00f6ks\u00e9g\u00fcnket.&nbsp;A N\u00fcrnbergi Magyar \u00d3vod\u00e1ban \u00e9s a Babaklubban is ezen zenei nevel\u00e9si elvek szerint oktatjuk a gyerekeket, sz\u00fcl\u0151ket a magyar zenei n\u00e9phagyom\u00e1nyokra.<br><br>Mivel \u00e9n magam is v\u00e9gzett Ringat\u00f3 foglalkoz\u00e1svezet\u0151 vagyok, ha b\u00e1rmilyen k\u00e9rd\u00e9setek lenne a Ringat\u00f3val vagy ezzel a k\u00e9pz\u00e9ssel kapcsolatban, keressetek meg nyugodtan! Ha tudok, sz\u00edvesen v\u00e1laszolok a k\u00e9rd\u00e9sekre \u00e9s szeretettel aj\u00e1nlom ezt a k\u00e9pz\u00e9st.<br><br>Ha tudj\u00e1tok \u00e9rtes\u00edtsetek m\u00e1s egyes\u00fcleteket is, h\u00e1tha valakit \u00e9rdekel ez a lehet\u0151s\u00e9g!<br><br>Sz\u00e9p hetet:<br>V. Zombory Anik\u00f3<br>N\u00fcrnbergi Magyar Kult\u00faregyes\u00fclet<\/p>\n\n\n\n<figure class=\"wp-block-gallery has-nested-images columns-default is-cropped wp-block-gallery-1 is-layout-flex wp-block-gallery-is-layout-flex\"><\/figure>","protected":false},"excerpt":{"rendered":"<p>Kedves Honfit\u00e1rsak! \/ Liebe Ungarnfreunde! Szeretettel v\u00e1rjuk \u00d6n\u00f6ket egy rendk\u00edv\u00fcli tal\u00e1lkoz\u00e1sra Radn\u00f3ti Mikl\u00f3ssal! \/ Wir erwarten Sie auf eine besondere Begegnung mit dem ungarischen Lyriker Mikl\u00f3s Radn\u00f3ti und freuen uns auf Ihr Kommen!&nbsp; &nbsp;&nbsp; &nbsp; &nbsp; &nbsp; &nbsp; &nbsp; &nbsp; &nbsp; &nbsp; &nbsp; &nbsp; &nbsp; &nbsp; &nbsp;&nbsp; &nbsp; &nbsp; &nbsp; &nbsp; &nbsp; &nbsp; &nbsp; &nbsp; [&hellip;]<\/p>\n","protected":false},"author":4,"featured_media":0,"comment_status":"open","ping_status":"open","sticky":false,"template":"","format":"standard","meta":{"footnotes":""},"categories":[17],"tags":[22],"class_list":["post-6813","post","type-post","status-publish","format-standard","hentry","category-hirek","tag-22"],"yoast_head":"<!-- This site is optimized with the Yoast SEO plugin v27.5 - https:\/\/yoast.com\/product\/yoast-seo-wordpress\/ -->\n<title>Rendk\u00edv\u00fcli tal\u00e1lkoz\u00e1s Radn\u00f3tival_IV.14._14.04.Hagen - BUOD<\/title>\n<meta name=\"robots\" content=\"index, follow, max-snippet:-1, max-image-preview:large, max-video-preview:-1\" \/>\n<link rel=\"canonical\" href=\"https:\/\/buod.de\/de\/rendkivuli-talalkozas-radnotival_iv-14-_14-04-hagen\/\" \/>\n<meta property=\"og:locale\" content=\"de_DE\" \/>\n<meta property=\"og:type\" content=\"article\" \/>\n<meta property=\"og:title\" content=\"Rendk\u00edv\u00fcli tal\u00e1lkoz\u00e1s Radn\u00f3tival_IV.14._14.04.Hagen - BUOD\" \/>\n<meta property=\"og:description\" content=\"Kedves Honfit\u00e1rsak! \/ Liebe Ungarnfreunde! Szeretettel v\u00e1rjuk \u00d6n\u00f6ket egy rendk\u00edv\u00fcli tal\u00e1lkoz\u00e1sra Radn\u00f3ti Mikl\u00f3ssal! \/ Wir erwarten Sie auf eine besondere Begegnung mit dem ungarischen Lyriker Mikl\u00f3s Radn\u00f3ti und freuen uns auf Ihr Kommen!&nbsp; &nbsp;&nbsp; &nbsp; &nbsp; &nbsp; &nbsp; &nbsp; &nbsp; &nbsp; &nbsp; &nbsp; &nbsp; &nbsp; &nbsp; &nbsp;&nbsp; &nbsp; &nbsp; &nbsp; &nbsp; &nbsp; &nbsp; &nbsp; &nbsp; [&hellip;]\" \/>\n<meta property=\"og:url\" content=\"https:\/\/buod.de\/de\/rendkivuli-talalkozas-radnotival_iv-14-_14-04-hagen\/\" \/>\n<meta property=\"og:site_name\" content=\"BUOD\" \/>\n<meta property=\"article:publisher\" content=\"https:\/\/www.facebook.com\/profile.php?id=100082185652397\" \/>\n<meta property=\"article:published_time\" content=\"2024-04-02T08:37:29+00:00\" \/>\n<meta property=\"article:modified_time\" content=\"2024-04-26T08:38:01+00:00\" \/>\n<meta name=\"author\" content=\"Gery V\u00e1rkonyi\" \/>\n<meta name=\"twitter:card\" content=\"summary_large_image\" \/>\n<meta name=\"twitter:label1\" content=\"Written by\" \/>\n\t<meta name=\"twitter:data1\" content=\"Gery V\u00e1rkonyi\" \/>\n\t<meta name=\"twitter:label2\" content=\"Est. reading time\" \/>\n\t<meta name=\"twitter:data2\" content=\"5 minutes\" \/>\n<script type=\"application\/ld+json\" class=\"yoast-schema-graph\">{\"@context\":\"https:\\\/\\\/schema.org\",\"@graph\":[{\"@type\":\"Article\",\"@id\":\"https:\\\/\\\/buod.de\\\/rendkivuli-talalkozas-radnotival_iv-14-_14-04-hagen\\\/#article\",\"isPartOf\":{\"@id\":\"https:\\\/\\\/buod.de\\\/rendkivuli-talalkozas-radnotival_iv-14-_14-04-hagen\\\/\"},\"author\":{\"name\":\"Gery V\u00e1rkonyi\",\"@id\":\"https:\\\/\\\/buod.de\\\/#\\\/schema\\\/person\\\/8332a3e63b017fea8fcd17e9c0f96bf1\"},\"headline\":\"Rendk\u00edv\u00fcli tal\u00e1lkoz\u00e1s Radn\u00f3tival_IV.14._14.04.Hagen\",\"datePublished\":\"2024-04-02T08:37:29+00:00\",\"dateModified\":\"2024-04-26T08:38:01+00:00\",\"mainEntityOfPage\":{\"@id\":\"https:\\\/\\\/buod.de\\\/rendkivuli-talalkozas-radnotival_iv-14-_14-04-hagen\\\/\"},\"wordCount\":932,\"commentCount\":0,\"publisher\":{\"@id\":\"https:\\\/\\\/buod.de\\\/#organization\"},\"keywords\":[\"2024\"],\"articleSection\":[\"H\u00edrek\"],\"inLanguage\":\"de-DE\",\"potentialAction\":[{\"@type\":\"CommentAction\",\"name\":\"Comment\",\"target\":[\"https:\\\/\\\/buod.de\\\/rendkivuli-talalkozas-radnotival_iv-14-_14-04-hagen\\\/#respond\"]}]},{\"@type\":\"WebPage\",\"@id\":\"https:\\\/\\\/buod.de\\\/rendkivuli-talalkozas-radnotival_iv-14-_14-04-hagen\\\/\",\"url\":\"https:\\\/\\\/buod.de\\\/rendkivuli-talalkozas-radnotival_iv-14-_14-04-hagen\\\/\",\"name\":\"Rendk\u00edv\u00fcli tal\u00e1lkoz\u00e1s Radn\u00f3tival_IV.14._14.04.Hagen - BUOD\",\"isPartOf\":{\"@id\":\"https:\\\/\\\/buod.de\\\/#website\"},\"datePublished\":\"2024-04-02T08:37:29+00:00\",\"dateModified\":\"2024-04-26T08:38:01+00:00\",\"breadcrumb\":{\"@id\":\"https:\\\/\\\/buod.de\\\/rendkivuli-talalkozas-radnotival_iv-14-_14-04-hagen\\\/#breadcrumb\"},\"inLanguage\":\"de-DE\",\"potentialAction\":[{\"@type\":\"ReadAction\",\"target\":[\"https:\\\/\\\/buod.de\\\/rendkivuli-talalkozas-radnotival_iv-14-_14-04-hagen\\\/\"]}]},{\"@type\":\"BreadcrumbList\",\"@id\":\"https:\\\/\\\/buod.de\\\/rendkivuli-talalkozas-radnotival_iv-14-_14-04-hagen\\\/#breadcrumb\",\"itemListElement\":[{\"@type\":\"ListItem\",\"position\":1,\"name\":\"Kezd\u0151lap\",\"item\":\"https:\\\/\\\/buod.de\\\/\"},{\"@type\":\"ListItem\",\"position\":2,\"name\":\"Rendk\u00edv\u00fcli tal\u00e1lkoz\u00e1s Radn\u00f3tival_IV.14._14.04.Hagen\"}]},{\"@type\":\"WebSite\",\"@id\":\"https:\\\/\\\/buod.de\\\/#website\",\"url\":\"https:\\\/\\\/buod.de\\\/\",\"name\":\"BUOD\",\"description\":\"Bund Ungarischer Organisationen in Deutschland\",\"publisher\":{\"@id\":\"https:\\\/\\\/buod.de\\\/#organization\"},\"potentialAction\":[{\"@type\":\"SearchAction\",\"target\":{\"@type\":\"EntryPoint\",\"urlTemplate\":\"https:\\\/\\\/buod.de\\\/?s={search_term_string}\"},\"query-input\":{\"@type\":\"PropertyValueSpecification\",\"valueRequired\":true,\"valueName\":\"search_term_string\"}}],\"inLanguage\":\"de-DE\"},{\"@type\":\"Organization\",\"@id\":\"https:\\\/\\\/buod.de\\\/#organization\",\"name\":\"BUOD\",\"url\":\"https:\\\/\\\/buod.de\\\/\",\"logo\":{\"@type\":\"ImageObject\",\"inLanguage\":\"de-DE\",\"@id\":\"https:\\\/\\\/buod.de\\\/#\\\/schema\\\/logo\\\/image\\\/\",\"url\":\"https:\\\/\\\/buod.de\\\/wp-content\\\/uploads\\\/2024\\\/03\\\/BUOD-logo.png\",\"contentUrl\":\"https:\\\/\\\/buod.de\\\/wp-content\\\/uploads\\\/2024\\\/03\\\/BUOD-logo.png\",\"width\":586,\"height\":490,\"caption\":\"BUOD\"},\"image\":{\"@id\":\"https:\\\/\\\/buod.de\\\/#\\\/schema\\\/logo\\\/image\\\/\"},\"sameAs\":[\"https:\\\/\\\/www.facebook.com\\\/profile.php?id=100082185652397\"]},{\"@type\":\"Person\",\"@id\":\"https:\\\/\\\/buod.de\\\/#\\\/schema\\\/person\\\/8332a3e63b017fea8fcd17e9c0f96bf1\",\"name\":\"Gery V\u00e1rkonyi\",\"image\":{\"@type\":\"ImageObject\",\"inLanguage\":\"de-DE\",\"@id\":\"https:\\\/\\\/secure.gravatar.com\\\/avatar\\\/c1babe7dc68f065be4ec606c522172804715398688c78c6fffca3888b364e934?s=96&d=mm&r=g\",\"url\":\"https:\\\/\\\/secure.gravatar.com\\\/avatar\\\/c1babe7dc68f065be4ec606c522172804715398688c78c6fffca3888b364e934?s=96&d=mm&r=g\",\"contentUrl\":\"https:\\\/\\\/secure.gravatar.com\\\/avatar\\\/c1babe7dc68f065be4ec606c522172804715398688c78c6fffca3888b364e934?s=96&d=mm&r=g\",\"caption\":\"Gery V\u00e1rkonyi\"},\"url\":\"https:\\\/\\\/buod.de\\\/de\\\/author\\\/geryvarkonyi\\\/\"}]}<\/script>\n<!-- \/ Yoast SEO plugin. -->","yoast_head_json":{"title":"Rendk\u00edv\u00fcli tal\u00e1lkoz\u00e1s Radn\u00f3tival_IV.14._14.04.Hagen - BUOD","robots":{"index":"index","follow":"follow","max-snippet":"max-snippet:-1","max-image-preview":"max-image-preview:large","max-video-preview":"max-video-preview:-1"},"canonical":"https:\/\/buod.de\/de\/rendkivuli-talalkozas-radnotival_iv-14-_14-04-hagen\/","og_locale":"de_DE","og_type":"article","og_title":"Rendk\u00edv\u00fcli tal\u00e1lkoz\u00e1s Radn\u00f3tival_IV.14._14.04.Hagen - BUOD","og_description":"Kedves Honfit\u00e1rsak! \/ Liebe Ungarnfreunde! Szeretettel v\u00e1rjuk \u00d6n\u00f6ket egy rendk\u00edv\u00fcli tal\u00e1lkoz\u00e1sra Radn\u00f3ti Mikl\u00f3ssal! \/ Wir erwarten Sie auf eine besondere Begegnung mit dem ungarischen Lyriker Mikl\u00f3s Radn\u00f3ti und freuen uns auf Ihr Kommen!&nbsp; &nbsp;&nbsp; &nbsp; &nbsp; &nbsp; &nbsp; &nbsp; &nbsp; &nbsp; &nbsp; &nbsp; &nbsp; &nbsp; &nbsp; &nbsp;&nbsp; &nbsp; &nbsp; &nbsp; &nbsp; &nbsp; &nbsp; &nbsp; &nbsp; [&hellip;]","og_url":"https:\/\/buod.de\/de\/rendkivuli-talalkozas-radnotival_iv-14-_14-04-hagen\/","og_site_name":"BUOD","article_publisher":"https:\/\/www.facebook.com\/profile.php?id=100082185652397","article_published_time":"2024-04-02T08:37:29+00:00","article_modified_time":"2024-04-26T08:38:01+00:00","author":"Gery V\u00e1rkonyi","twitter_card":"summary_large_image","twitter_misc":{"Written by":"Gery V\u00e1rkonyi","Est. reading time":"5 minutes"},"schema":{"@context":"https:\/\/schema.org","@graph":[{"@type":"Article","@id":"https:\/\/buod.de\/rendkivuli-talalkozas-radnotival_iv-14-_14-04-hagen\/#article","isPartOf":{"@id":"https:\/\/buod.de\/rendkivuli-talalkozas-radnotival_iv-14-_14-04-hagen\/"},"author":{"name":"Gery V\u00e1rkonyi","@id":"https:\/\/buod.de\/#\/schema\/person\/8332a3e63b017fea8fcd17e9c0f96bf1"},"headline":"Rendk\u00edv\u00fcli tal\u00e1lkoz\u00e1s Radn\u00f3tival_IV.14._14.04.Hagen","datePublished":"2024-04-02T08:37:29+00:00","dateModified":"2024-04-26T08:38:01+00:00","mainEntityOfPage":{"@id":"https:\/\/buod.de\/rendkivuli-talalkozas-radnotival_iv-14-_14-04-hagen\/"},"wordCount":932,"commentCount":0,"publisher":{"@id":"https:\/\/buod.de\/#organization"},"keywords":["2024"],"articleSection":["H\u00edrek"],"inLanguage":"de-DE","potentialAction":[{"@type":"CommentAction","name":"Comment","target":["https:\/\/buod.de\/rendkivuli-talalkozas-radnotival_iv-14-_14-04-hagen\/#respond"]}]},{"@type":"WebPage","@id":"https:\/\/buod.de\/rendkivuli-talalkozas-radnotival_iv-14-_14-04-hagen\/","url":"https:\/\/buod.de\/rendkivuli-talalkozas-radnotival_iv-14-_14-04-hagen\/","name":"Rendk\u00edv\u00fcli tal\u00e1lkoz\u00e1s Radn\u00f3tival_IV.14._14.04.Hagen - BUOD","isPartOf":{"@id":"https:\/\/buod.de\/#website"},"datePublished":"2024-04-02T08:37:29+00:00","dateModified":"2024-04-26T08:38:01+00:00","breadcrumb":{"@id":"https:\/\/buod.de\/rendkivuli-talalkozas-radnotival_iv-14-_14-04-hagen\/#breadcrumb"},"inLanguage":"de-DE","potentialAction":[{"@type":"ReadAction","target":["https:\/\/buod.de\/rendkivuli-talalkozas-radnotival_iv-14-_14-04-hagen\/"]}]},{"@type":"BreadcrumbList","@id":"https:\/\/buod.de\/rendkivuli-talalkozas-radnotival_iv-14-_14-04-hagen\/#breadcrumb","itemListElement":[{"@type":"ListItem","position":1,"name":"Kezd\u0151lap","item":"https:\/\/buod.de\/"},{"@type":"ListItem","position":2,"name":"Rendk\u00edv\u00fcli tal\u00e1lkoz\u00e1s Radn\u00f3tival_IV.14._14.04.Hagen"}]},{"@type":"WebSite","@id":"https:\/\/buod.de\/#website","url":"https:\/\/buod.de\/","name":"BUOD","description":"Bund Ungarischer Organisationen in Deutschland","publisher":{"@id":"https:\/\/buod.de\/#organization"},"potentialAction":[{"@type":"SearchAction","target":{"@type":"EntryPoint","urlTemplate":"https:\/\/buod.de\/?s={search_term_string}"},"query-input":{"@type":"PropertyValueSpecification","valueRequired":true,"valueName":"search_term_string"}}],"inLanguage":"de-DE"},{"@type":"Organization","@id":"https:\/\/buod.de\/#organization","name":"BUOD","url":"https:\/\/buod.de\/","logo":{"@type":"ImageObject","inLanguage":"de-DE","@id":"https:\/\/buod.de\/#\/schema\/logo\/image\/","url":"https:\/\/buod.de\/wp-content\/uploads\/2024\/03\/BUOD-logo.png","contentUrl":"https:\/\/buod.de\/wp-content\/uploads\/2024\/03\/BUOD-logo.png","width":586,"height":490,"caption":"BUOD"},"image":{"@id":"https:\/\/buod.de\/#\/schema\/logo\/image\/"},"sameAs":["https:\/\/www.facebook.com\/profile.php?id=100082185652397"]},{"@type":"Person","@id":"https:\/\/buod.de\/#\/schema\/person\/8332a3e63b017fea8fcd17e9c0f96bf1","name":"Gery V\u00e1rkonyi","image":{"@type":"ImageObject","inLanguage":"de-DE","@id":"https:\/\/secure.gravatar.com\/avatar\/c1babe7dc68f065be4ec606c522172804715398688c78c6fffca3888b364e934?s=96&d=mm&r=g","url":"https:\/\/secure.gravatar.com\/avatar\/c1babe7dc68f065be4ec606c522172804715398688c78c6fffca3888b364e934?s=96&d=mm&r=g","contentUrl":"https:\/\/secure.gravatar.com\/avatar\/c1babe7dc68f065be4ec606c522172804715398688c78c6fffca3888b364e934?s=96&d=mm&r=g","caption":"Gery V\u00e1rkonyi"},"url":"https:\/\/buod.de\/de\/author\/geryvarkonyi\/"}]}},"_links":{"self":[{"href":"https:\/\/buod.de\/de\/wp-json\/wp\/v2\/posts\/6813","targetHints":{"allow":["GET"]}}],"collection":[{"href":"https:\/\/buod.de\/de\/wp-json\/wp\/v2\/posts"}],"about":[{"href":"https:\/\/buod.de\/de\/wp-json\/wp\/v2\/types\/post"}],"author":[{"embeddable":true,"href":"https:\/\/buod.de\/de\/wp-json\/wp\/v2\/users\/4"}],"replies":[{"embeddable":true,"href":"https:\/\/buod.de\/de\/wp-json\/wp\/v2\/comments?post=6813"}],"version-history":[{"count":2,"href":"https:\/\/buod.de\/de\/wp-json\/wp\/v2\/posts\/6813\/revisions"}],"predecessor-version":[{"id":6815,"href":"https:\/\/buod.de\/de\/wp-json\/wp\/v2\/posts\/6813\/revisions\/6815"}],"wp:attachment":[{"href":"https:\/\/buod.de\/de\/wp-json\/wp\/v2\/media?parent=6813"}],"wp:term":[{"taxonomy":"category","embeddable":true,"href":"https:\/\/buod.de\/de\/wp-json\/wp\/v2\/categories?post=6813"},{"taxonomy":"post_tag","embeddable":true,"href":"https:\/\/buod.de\/de\/wp-json\/wp\/v2\/tags?post=6813"}],"curies":[{"name":"wp","href":"https:\/\/api.w.org\/{rel}","templated":true}]}}