{"id":6826,"date":"2024-04-09T09:04:40","date_gmt":"2024-04-09T09:04:40","guid":{"rendered":"https:\/\/dev.buod.de\/?p=6826"},"modified":"2024-04-26T09:05:37","modified_gmt":"2024-04-26T09:05:37","slug":"meghivo-radnoti-est-hamburgban-aprilis-13-an","status":"publish","type":"post","link":"https:\/\/buod.de\/de\/meghivo-radnoti-est-hamburgban-aprilis-13-an\/","title":{"rendered":"Megh\u00edv\u00f3: Radn\u00f3ti est Hamburgban \u00e1prilis 13-\u00e1n"},"content":{"rendered":"<p>Kedves Listat\u00e1rsak!<\/p>\n\n\n\n<p>Belgiumi (Liszt Int\u00e9zet, Br\u00fcsszel \u2013 2023 \u00e1prilis 17.) \u00e9s hollandiai (Haagse Kunstrkring \u2013 H\u00e1ga, 2024. janu\u00e1r 27.) el\u0151ad\u00e1saik ut\u00e1n \u00e9szak-n\u00e9metorsz\u00e1gi magyar egyes\u00fcletek megh\u00edv\u00e1s\u00e1ra \u00e9s a magyar k\u00f6lt\u00e9szet napj\u00e1nak esem\u00e9nysor\u00e1ba illeszkedve h\u00e1rom\u00e1llom\u00e1sos n\u00e9metorsz\u00e1gi k\u00f6r\u00fatra indul a &#8222;Radn\u00f3ti \u2013 Rekvizitumok r\u00e9gi verseimb\u0151l&#8221; c. el\u0151ad\u00e1sn\u00e9pszer\u0171 alkot\u00f3p\u00e1rosa, Laczk\u00f3 Vass R\u00f3bert sz\u00ednm\u0171v\u00e9sz \u00e9s Sz\u00e9p Andr\u00e1s zongoram\u0171v\u00e9sz.<\/p>\n\n\n\n<p>El\u0151ad\u00e1suk teljes eg\u00e9sz\u00e9ben Radn\u00f3ti Mikl\u00f3s k\u00f6lt\u0151i \u00e9letm\u0171v\u00e9re \u00e9p\u00fcl, valamennyi kompoz\u00edci\u00f3 saj\u00e1t szerzem\u00e9ny, alkot\u00f3munk\u00e1juk pedig az \u00e9pp kibontakoz\u00f3 vil\u00e1gj\u00e1rv\u00e1ny el\u0151tt, 2019-ben fejez\u0151d\u00f6tt be, ez\u00e9rt az el\u0151ad\u00e1st j\u00f3 ideig nem is j\u00e1tszhatt\u00e1k.<\/p>\n\n\n\n<p>,,Megdolgoztunk ez\u00e9rt az el\u0151ad\u00e1s\u00e9rt, a j\u00e1rv\u00e1nyhelyzet miatt pedig sz\u00f3 szerint kib\u00f6jt\u00f6lt\u00fck az \u00e9rv\u00e9nyes bemutat\u00f3 lehet\u0151s\u00e9g\u00e9t. Az online kalandorkod\u00e1st eleve m\u00e9ltatlannak tal\u00e1ltam, ez\u00e9rt v\u00e1rtunk, \u00e9s hozz\u00e1csiszol\u00f3dtunk a m\u0171vekhez. Sz\u00e9p Andr\u00e1snak innen is k\u00f6sz\u00f6n\u00f6m az &#8222;Er\u0151ltetett menet&#8221; sz\u00edvbemarkol\u00f3 akkordjait, k\u00f6z\u00f6s munk\u00e1ink tal\u00e1n legszebb, igaz\u00e1n letisztult szerzem\u00e9ny\u00e9t j\u00e1tssza el ebben az el\u0151ad\u00e1sban.\u2019\u2019<\/p>\n\n\n\n<p>A teljes cikket itt olvashatj\u00e1tok:<\/p>\n\n\n\n<p><a href=\"https:\/\/deref-web.de\/mail\/client\/snyFifXpa3E\/dereferrer\/?redirectUrl=http%3A%2F%2Flaczkovass.ro%2Fhu%2Fnemetorszagba-keszulnek-a-radnoti-rekvizitumok-alkotoi-hannover-hamburg-hagen%2F%3Ffbclid%3DIwAR1d00-S9qlqFiLP4c4TW7g_IDCS-U99Udl8pCEa1OB_TgTTnuHXq2ceTuM_aem_AXBDOSFMZLwOB5NzzpzQksljc9q5c1mg2CkvO0BEYAoJ1Wp9uQ8-shpicW_1xE63kUHkkWNMbk1iEShs4Nlc67j7\"><\/a><a href=\"http:\/\/laczkovass.ro\/hu\/nemetorszagba-keszulnek-a-radnoti-rekvizitumok-alkotoi-hannover-hamburg-hagen\/?fbclid=IwAR1d00-S9qlqFiLP4c4TW7g_IDCS-U99Udl8pCEa1OB_TgTTnuHXq2ceTuM_aem_AXBDOSFMZLwOB5NzzpzQksljc9q5c1mg2CkvO0BEYAoJ1Wp9uQ8-shpicW_1xE63kUHkkWNMbk1iEShs4Nlc67j7\">http:\/\/laczkovass.ro\/hu\/nemetorszagba-keszulnek-a-radnoti-rekvizitumok-alkotoi-hannover-hamburg-hagen\/?fbclid=IwAR1d00-S9qlqFiLP4c4TW7g_IDCS-U99Udl8pCEa1OB_TgTTnuHXq2ceTuM_aem_AXBDOSFMZLwOB5NzzpzQksljc9q5c1mg2CkvO0BEYAoJ1Wp9uQ8-shpicW_1xE63kUHkkWNMbk1iEShs4Nlc67j7<\/a><\/p>\n\n\n\n<p>A Radn\u00f3ti est <strong>Frank-Vincent Nikisch Fotostudioj\u00e1nak<\/strong> szalonj\u00e1ban lesz. V\u00e1runk mindenkit szeretettel.&nbsp;<\/p>\n\n\n\n<p><strong>Id\u0151pont: 2024. \u00e1prilis 13. 19:00 \u00f3ra (teremnyit\u00e1s: 18:30 \u00f3rakor) Helysz\u00edn: Tarpenbekstra\u00dfe 65, 20251 Hamburg<\/strong><\/p>\n\n\n\n<p>A helysz\u00ednen italok, s\u00fctem\u00e9nyek \u00e9s tort\u00e1k v\u00e1s\u00e1rolhat\u00f3ak.&nbsp;<\/p>\n\n\n\n<p>T<strong>ov\u00e1bbi inform\u00e1ci\u00f3kat a jegyekr\u0151l az egyes\u00fclet oldal\u00e1n tal\u00e1ltok:<\/strong><\/p>\n\n\n\n<figure class=\"wp-block-embed\"><div class=\"wp-block-embed__wrapper\">\n<blockquote class=\"wp-embedded-content\" data-secret=\"mFZ8YbsYPc\"><a href=\"https:\/\/hamburgi-magyarok.de\/2024\/04\/07\/radnoti-est-aprilis-13-an\/\">Radn\u00f3ti est \u00e1prilis 13-\u00e1n<\/a><\/blockquote><iframe loading=\"lazy\" class=\"wp-embedded-content\" sandbox=\"allow-scripts\" security=\"restricted\" style=\"position: absolute; clip: rect(1px, 1px, 1px, 1px);\" title=\"&#8220;Radn\u00f3ti est \u00e1prilis 13-\u00e1n&#8221; &#8212; \" src=\"https:\/\/hamburgi-magyarok.de\/2024\/04\/07\/radnoti-est-aprilis-13-an\/embed\/#?secret=JiPOczIPi5#?secret=mFZ8YbsYPc\" data-secret=\"mFZ8YbsYPc\" width=\"500\" height=\"282\" frameborder=\"0\" marginwidth=\"0\" marginheight=\"0\" scrolling=\"no\"><\/iframe>\n<\/div><\/figure>\n\n\n\n<figure class=\"wp-block-image\"><img decoding=\"async\" src=\"https:\/\/www.buod.de\/images\/BUOD_info\/radnoti.jpg\" alt=\"radnoti\"\/><\/figure>\n\n\n\n<p>Hamburgi Magyarok Egyes\u00fclete nev\u00e9ben<\/p>\n\n\n\n<p>Doszt\u00e1n Korn\u00e9lia<\/p>\n\n\n\n<p>KCSP \u00f6szt\u00f6nd\u00edjas<\/p>","protected":false},"excerpt":{"rendered":"<p>Kedves Listat\u00e1rsak! Belgiumi (Liszt Int\u00e9zet, Br\u00fcsszel \u2013 2023 \u00e1prilis 17.) \u00e9s hollandiai (Haagse Kunstrkring \u2013 H\u00e1ga, 2024. janu\u00e1r 27.) el\u0151ad\u00e1saik ut\u00e1n \u00e9szak-n\u00e9metorsz\u00e1gi magyar egyes\u00fcletek megh\u00edv\u00e1s\u00e1ra \u00e9s a magyar k\u00f6lt\u00e9szet napj\u00e1nak esem\u00e9nysor\u00e1ba illeszkedve h\u00e1rom\u00e1llom\u00e1sos n\u00e9metorsz\u00e1gi k\u00f6r\u00fatra indul a &#8222;Radn\u00f3ti \u2013 Rekvizitumok r\u00e9gi verseimb\u0151l&#8221; c. el\u0151ad\u00e1sn\u00e9pszer\u0171 alkot\u00f3p\u00e1rosa, Laczk\u00f3 Vass R\u00f3bert sz\u00ednm\u0171v\u00e9sz \u00e9s Sz\u00e9p Andr\u00e1s zongoram\u0171v\u00e9sz. El\u0151ad\u00e1suk teljes [&hellip;]<\/p>\n","protected":false},"author":4,"featured_media":6828,"comment_status":"open","ping_status":"open","sticky":false,"template":"","format":"standard","meta":{"footnotes":""},"categories":[17],"tags":[22],"class_list":["post-6826","post","type-post","status-publish","format-standard","has-post-thumbnail","hentry","category-hirek","tag-22"],"yoast_head":"<!-- This site is optimized with the Yoast SEO plugin v27.5 - https:\/\/yoast.com\/product\/yoast-seo-wordpress\/ -->\n<title>Megh\u00edv\u00f3: Radn\u00f3ti est Hamburgban \u00e1prilis 13-\u00e1n - BUOD<\/title>\n<meta name=\"robots\" content=\"index, follow, max-snippet:-1, max-image-preview:large, max-video-preview:-1\" \/>\n<link rel=\"canonical\" href=\"https:\/\/buod.de\/de\/meghivo-radnoti-est-hamburgban-aprilis-13-an\/\" \/>\n<meta property=\"og:locale\" content=\"de_DE\" \/>\n<meta property=\"og:type\" content=\"article\" \/>\n<meta property=\"og:title\" content=\"Megh\u00edv\u00f3: Radn\u00f3ti est Hamburgban \u00e1prilis 13-\u00e1n - BUOD\" \/>\n<meta property=\"og:description\" content=\"Kedves Listat\u00e1rsak! Belgiumi (Liszt Int\u00e9zet, Br\u00fcsszel \u2013 2023 \u00e1prilis 17.) \u00e9s hollandiai (Haagse Kunstrkring \u2013 H\u00e1ga, 2024. janu\u00e1r 27.) el\u0151ad\u00e1saik ut\u00e1n \u00e9szak-n\u00e9metorsz\u00e1gi magyar egyes\u00fcletek megh\u00edv\u00e1s\u00e1ra \u00e9s a magyar k\u00f6lt\u00e9szet napj\u00e1nak esem\u00e9nysor\u00e1ba illeszkedve h\u00e1rom\u00e1llom\u00e1sos n\u00e9metorsz\u00e1gi k\u00f6r\u00fatra indul a &#8222;Radn\u00f3ti \u2013 Rekvizitumok r\u00e9gi verseimb\u0151l&#8221; c. el\u0151ad\u00e1sn\u00e9pszer\u0171 alkot\u00f3p\u00e1rosa, Laczk\u00f3 Vass R\u00f3bert sz\u00ednm\u0171v\u00e9sz \u00e9s Sz\u00e9p Andr\u00e1s zongoram\u0171v\u00e9sz. El\u0151ad\u00e1suk teljes [&hellip;]\" \/>\n<meta property=\"og:url\" content=\"https:\/\/buod.de\/de\/meghivo-radnoti-est-hamburgban-aprilis-13-an\/\" \/>\n<meta property=\"og:site_name\" content=\"BUOD\" \/>\n<meta property=\"article:publisher\" content=\"https:\/\/www.facebook.com\/profile.php?id=100082185652397\" \/>\n<meta property=\"article:published_time\" content=\"2024-04-09T09:04:40+00:00\" \/>\n<meta property=\"article:modified_time\" content=\"2024-04-26T09:05:37+00:00\" \/>\n<meta property=\"og:image\" content=\"https:\/\/buod.de\/wp-content\/uploads\/2024\/04\/radnoti.png\" \/>\n\t<meta property=\"og:image:width\" content=\"644\" \/>\n\t<meta property=\"og:image:height\" content=\"799\" \/>\n\t<meta property=\"og:image:type\" content=\"image\/png\" \/>\n<meta name=\"author\" content=\"Gery V\u00e1rkonyi\" \/>\n<meta name=\"twitter:card\" content=\"summary_large_image\" \/>\n<meta name=\"twitter:label1\" content=\"Written by\" \/>\n\t<meta name=\"twitter:data1\" content=\"Gery V\u00e1rkonyi\" \/>\n\t<meta name=\"twitter:label2\" content=\"Est. reading time\" \/>\n\t<meta name=\"twitter:data2\" content=\"2 minutes\" \/>\n<script type=\"application\/ld+json\" class=\"yoast-schema-graph\">{\"@context\":\"https:\\\/\\\/schema.org\",\"@graph\":[{\"@type\":\"Article\",\"@id\":\"https:\\\/\\\/buod.de\\\/meghivo-radnoti-est-hamburgban-aprilis-13-an\\\/#article\",\"isPartOf\":{\"@id\":\"https:\\\/\\\/buod.de\\\/meghivo-radnoti-est-hamburgban-aprilis-13-an\\\/\"},\"author\":{\"name\":\"Gery V\u00e1rkonyi\",\"@id\":\"https:\\\/\\\/buod.de\\\/#\\\/schema\\\/person\\\/8332a3e63b017fea8fcd17e9c0f96bf1\"},\"headline\":\"Megh\u00edv\u00f3: Radn\u00f3ti est Hamburgban \u00e1prilis 13-\u00e1n\",\"datePublished\":\"2024-04-09T09:04:40+00:00\",\"dateModified\":\"2024-04-26T09:05:37+00:00\",\"mainEntityOfPage\":{\"@id\":\"https:\\\/\\\/buod.de\\\/meghivo-radnoti-est-hamburgban-aprilis-13-an\\\/\"},\"wordCount\":359,\"commentCount\":0,\"publisher\":{\"@id\":\"https:\\\/\\\/buod.de\\\/#organization\"},\"image\":{\"@id\":\"https:\\\/\\\/buod.de\\\/meghivo-radnoti-est-hamburgban-aprilis-13-an\\\/#primaryimage\"},\"thumbnailUrl\":\"https:\\\/\\\/buod.de\\\/wp-content\\\/uploads\\\/2024\\\/04\\\/radnoti.png\",\"keywords\":[\"2024\"],\"articleSection\":[\"H\u00edrek\"],\"inLanguage\":\"de-DE\",\"potentialAction\":[{\"@type\":\"CommentAction\",\"name\":\"Comment\",\"target\":[\"https:\\\/\\\/buod.de\\\/meghivo-radnoti-est-hamburgban-aprilis-13-an\\\/#respond\"]}]},{\"@type\":\"WebPage\",\"@id\":\"https:\\\/\\\/buod.de\\\/meghivo-radnoti-est-hamburgban-aprilis-13-an\\\/\",\"url\":\"https:\\\/\\\/buod.de\\\/meghivo-radnoti-est-hamburgban-aprilis-13-an\\\/\",\"name\":\"Megh\u00edv\u00f3: Radn\u00f3ti est Hamburgban \u00e1prilis 13-\u00e1n - BUOD\",\"isPartOf\":{\"@id\":\"https:\\\/\\\/buod.de\\\/#website\"},\"primaryImageOfPage\":{\"@id\":\"https:\\\/\\\/buod.de\\\/meghivo-radnoti-est-hamburgban-aprilis-13-an\\\/#primaryimage\"},\"image\":{\"@id\":\"https:\\\/\\\/buod.de\\\/meghivo-radnoti-est-hamburgban-aprilis-13-an\\\/#primaryimage\"},\"thumbnailUrl\":\"https:\\\/\\\/buod.de\\\/wp-content\\\/uploads\\\/2024\\\/04\\\/radnoti.png\",\"datePublished\":\"2024-04-09T09:04:40+00:00\",\"dateModified\":\"2024-04-26T09:05:37+00:00\",\"breadcrumb\":{\"@id\":\"https:\\\/\\\/buod.de\\\/meghivo-radnoti-est-hamburgban-aprilis-13-an\\\/#breadcrumb\"},\"inLanguage\":\"de-DE\",\"potentialAction\":[{\"@type\":\"ReadAction\",\"target\":[\"https:\\\/\\\/buod.de\\\/meghivo-radnoti-est-hamburgban-aprilis-13-an\\\/\"]}]},{\"@type\":\"ImageObject\",\"inLanguage\":\"de-DE\",\"@id\":\"https:\\\/\\\/buod.de\\\/meghivo-radnoti-est-hamburgban-aprilis-13-an\\\/#primaryimage\",\"url\":\"https:\\\/\\\/buod.de\\\/wp-content\\\/uploads\\\/2024\\\/04\\\/radnoti.png\",\"contentUrl\":\"https:\\\/\\\/buod.de\\\/wp-content\\\/uploads\\\/2024\\\/04\\\/radnoti.png\",\"width\":644,\"height\":799},{\"@type\":\"BreadcrumbList\",\"@id\":\"https:\\\/\\\/buod.de\\\/meghivo-radnoti-est-hamburgban-aprilis-13-an\\\/#breadcrumb\",\"itemListElement\":[{\"@type\":\"ListItem\",\"position\":1,\"name\":\"Kezd\u0151lap\",\"item\":\"https:\\\/\\\/buod.de\\\/\"},{\"@type\":\"ListItem\",\"position\":2,\"name\":\"Megh\u00edv\u00f3: Radn\u00f3ti est Hamburgban \u00e1prilis 13-\u00e1n\"}]},{\"@type\":\"WebSite\",\"@id\":\"https:\\\/\\\/buod.de\\\/#website\",\"url\":\"https:\\\/\\\/buod.de\\\/\",\"name\":\"BUOD\",\"description\":\"Bund Ungarischer Organisationen in Deutschland\",\"publisher\":{\"@id\":\"https:\\\/\\\/buod.de\\\/#organization\"},\"potentialAction\":[{\"@type\":\"SearchAction\",\"target\":{\"@type\":\"EntryPoint\",\"urlTemplate\":\"https:\\\/\\\/buod.de\\\/?s={search_term_string}\"},\"query-input\":{\"@type\":\"PropertyValueSpecification\",\"valueRequired\":true,\"valueName\":\"search_term_string\"}}],\"inLanguage\":\"de-DE\"},{\"@type\":\"Organization\",\"@id\":\"https:\\\/\\\/buod.de\\\/#organization\",\"name\":\"BUOD\",\"url\":\"https:\\\/\\\/buod.de\\\/\",\"logo\":{\"@type\":\"ImageObject\",\"inLanguage\":\"de-DE\",\"@id\":\"https:\\\/\\\/buod.de\\\/#\\\/schema\\\/logo\\\/image\\\/\",\"url\":\"https:\\\/\\\/buod.de\\\/wp-content\\\/uploads\\\/2024\\\/03\\\/BUOD-logo.png\",\"contentUrl\":\"https:\\\/\\\/buod.de\\\/wp-content\\\/uploads\\\/2024\\\/03\\\/BUOD-logo.png\",\"width\":586,\"height\":490,\"caption\":\"BUOD\"},\"image\":{\"@id\":\"https:\\\/\\\/buod.de\\\/#\\\/schema\\\/logo\\\/image\\\/\"},\"sameAs\":[\"https:\\\/\\\/www.facebook.com\\\/profile.php?id=100082185652397\"]},{\"@type\":\"Person\",\"@id\":\"https:\\\/\\\/buod.de\\\/#\\\/schema\\\/person\\\/8332a3e63b017fea8fcd17e9c0f96bf1\",\"name\":\"Gery V\u00e1rkonyi\",\"image\":{\"@type\":\"ImageObject\",\"inLanguage\":\"de-DE\",\"@id\":\"https:\\\/\\\/secure.gravatar.com\\\/avatar\\\/c1babe7dc68f065be4ec606c522172804715398688c78c6fffca3888b364e934?s=96&d=mm&r=g\",\"url\":\"https:\\\/\\\/secure.gravatar.com\\\/avatar\\\/c1babe7dc68f065be4ec606c522172804715398688c78c6fffca3888b364e934?s=96&d=mm&r=g\",\"contentUrl\":\"https:\\\/\\\/secure.gravatar.com\\\/avatar\\\/c1babe7dc68f065be4ec606c522172804715398688c78c6fffca3888b364e934?s=96&d=mm&r=g\",\"caption\":\"Gery V\u00e1rkonyi\"},\"url\":\"https:\\\/\\\/buod.de\\\/de\\\/author\\\/geryvarkonyi\\\/\"}]}<\/script>\n<!-- \/ Yoast SEO plugin. -->","yoast_head_json":{"title":"Megh\u00edv\u00f3: Radn\u00f3ti est Hamburgban \u00e1prilis 13-\u00e1n - BUOD","robots":{"index":"index","follow":"follow","max-snippet":"max-snippet:-1","max-image-preview":"max-image-preview:large","max-video-preview":"max-video-preview:-1"},"canonical":"https:\/\/buod.de\/de\/meghivo-radnoti-est-hamburgban-aprilis-13-an\/","og_locale":"de_DE","og_type":"article","og_title":"Megh\u00edv\u00f3: Radn\u00f3ti est Hamburgban \u00e1prilis 13-\u00e1n - BUOD","og_description":"Kedves Listat\u00e1rsak! Belgiumi (Liszt Int\u00e9zet, Br\u00fcsszel \u2013 2023 \u00e1prilis 17.) \u00e9s hollandiai (Haagse Kunstrkring \u2013 H\u00e1ga, 2024. janu\u00e1r 27.) el\u0151ad\u00e1saik ut\u00e1n \u00e9szak-n\u00e9metorsz\u00e1gi magyar egyes\u00fcletek megh\u00edv\u00e1s\u00e1ra \u00e9s a magyar k\u00f6lt\u00e9szet napj\u00e1nak esem\u00e9nysor\u00e1ba illeszkedve h\u00e1rom\u00e1llom\u00e1sos n\u00e9metorsz\u00e1gi k\u00f6r\u00fatra indul a &#8222;Radn\u00f3ti \u2013 Rekvizitumok r\u00e9gi verseimb\u0151l&#8221; c. el\u0151ad\u00e1sn\u00e9pszer\u0171 alkot\u00f3p\u00e1rosa, Laczk\u00f3 Vass R\u00f3bert sz\u00ednm\u0171v\u00e9sz \u00e9s Sz\u00e9p Andr\u00e1s zongoram\u0171v\u00e9sz. El\u0151ad\u00e1suk teljes [&hellip;]","og_url":"https:\/\/buod.de\/de\/meghivo-radnoti-est-hamburgban-aprilis-13-an\/","og_site_name":"BUOD","article_publisher":"https:\/\/www.facebook.com\/profile.php?id=100082185652397","article_published_time":"2024-04-09T09:04:40+00:00","article_modified_time":"2024-04-26T09:05:37+00:00","og_image":[{"width":644,"height":799,"url":"https:\/\/buod.de\/wp-content\/uploads\/2024\/04\/radnoti.png","type":"image\/png"}],"author":"Gery V\u00e1rkonyi","twitter_card":"summary_large_image","twitter_misc":{"Written by":"Gery V\u00e1rkonyi","Est. reading time":"2 minutes"},"schema":{"@context":"https:\/\/schema.org","@graph":[{"@type":"Article","@id":"https:\/\/buod.de\/meghivo-radnoti-est-hamburgban-aprilis-13-an\/#article","isPartOf":{"@id":"https:\/\/buod.de\/meghivo-radnoti-est-hamburgban-aprilis-13-an\/"},"author":{"name":"Gery V\u00e1rkonyi","@id":"https:\/\/buod.de\/#\/schema\/person\/8332a3e63b017fea8fcd17e9c0f96bf1"},"headline":"Megh\u00edv\u00f3: Radn\u00f3ti est Hamburgban \u00e1prilis 13-\u00e1n","datePublished":"2024-04-09T09:04:40+00:00","dateModified":"2024-04-26T09:05:37+00:00","mainEntityOfPage":{"@id":"https:\/\/buod.de\/meghivo-radnoti-est-hamburgban-aprilis-13-an\/"},"wordCount":359,"commentCount":0,"publisher":{"@id":"https:\/\/buod.de\/#organization"},"image":{"@id":"https:\/\/buod.de\/meghivo-radnoti-est-hamburgban-aprilis-13-an\/#primaryimage"},"thumbnailUrl":"https:\/\/buod.de\/wp-content\/uploads\/2024\/04\/radnoti.png","keywords":["2024"],"articleSection":["H\u00edrek"],"inLanguage":"de-DE","potentialAction":[{"@type":"CommentAction","name":"Comment","target":["https:\/\/buod.de\/meghivo-radnoti-est-hamburgban-aprilis-13-an\/#respond"]}]},{"@type":"WebPage","@id":"https:\/\/buod.de\/meghivo-radnoti-est-hamburgban-aprilis-13-an\/","url":"https:\/\/buod.de\/meghivo-radnoti-est-hamburgban-aprilis-13-an\/","name":"Megh\u00edv\u00f3: Radn\u00f3ti est Hamburgban \u00e1prilis 13-\u00e1n - BUOD","isPartOf":{"@id":"https:\/\/buod.de\/#website"},"primaryImageOfPage":{"@id":"https:\/\/buod.de\/meghivo-radnoti-est-hamburgban-aprilis-13-an\/#primaryimage"},"image":{"@id":"https:\/\/buod.de\/meghivo-radnoti-est-hamburgban-aprilis-13-an\/#primaryimage"},"thumbnailUrl":"https:\/\/buod.de\/wp-content\/uploads\/2024\/04\/radnoti.png","datePublished":"2024-04-09T09:04:40+00:00","dateModified":"2024-04-26T09:05:37+00:00","breadcrumb":{"@id":"https:\/\/buod.de\/meghivo-radnoti-est-hamburgban-aprilis-13-an\/#breadcrumb"},"inLanguage":"de-DE","potentialAction":[{"@type":"ReadAction","target":["https:\/\/buod.de\/meghivo-radnoti-est-hamburgban-aprilis-13-an\/"]}]},{"@type":"ImageObject","inLanguage":"de-DE","@id":"https:\/\/buod.de\/meghivo-radnoti-est-hamburgban-aprilis-13-an\/#primaryimage","url":"https:\/\/buod.de\/wp-content\/uploads\/2024\/04\/radnoti.png","contentUrl":"https:\/\/buod.de\/wp-content\/uploads\/2024\/04\/radnoti.png","width":644,"height":799},{"@type":"BreadcrumbList","@id":"https:\/\/buod.de\/meghivo-radnoti-est-hamburgban-aprilis-13-an\/#breadcrumb","itemListElement":[{"@type":"ListItem","position":1,"name":"Kezd\u0151lap","item":"https:\/\/buod.de\/"},{"@type":"ListItem","position":2,"name":"Megh\u00edv\u00f3: Radn\u00f3ti est Hamburgban \u00e1prilis 13-\u00e1n"}]},{"@type":"WebSite","@id":"https:\/\/buod.de\/#website","url":"https:\/\/buod.de\/","name":"BUOD","description":"Bund Ungarischer Organisationen in Deutschland","publisher":{"@id":"https:\/\/buod.de\/#organization"},"potentialAction":[{"@type":"SearchAction","target":{"@type":"EntryPoint","urlTemplate":"https:\/\/buod.de\/?s={search_term_string}"},"query-input":{"@type":"PropertyValueSpecification","valueRequired":true,"valueName":"search_term_string"}}],"inLanguage":"de-DE"},{"@type":"Organization","@id":"https:\/\/buod.de\/#organization","name":"BUOD","url":"https:\/\/buod.de\/","logo":{"@type":"ImageObject","inLanguage":"de-DE","@id":"https:\/\/buod.de\/#\/schema\/logo\/image\/","url":"https:\/\/buod.de\/wp-content\/uploads\/2024\/03\/BUOD-logo.png","contentUrl":"https:\/\/buod.de\/wp-content\/uploads\/2024\/03\/BUOD-logo.png","width":586,"height":490,"caption":"BUOD"},"image":{"@id":"https:\/\/buod.de\/#\/schema\/logo\/image\/"},"sameAs":["https:\/\/www.facebook.com\/profile.php?id=100082185652397"]},{"@type":"Person","@id":"https:\/\/buod.de\/#\/schema\/person\/8332a3e63b017fea8fcd17e9c0f96bf1","name":"Gery V\u00e1rkonyi","image":{"@type":"ImageObject","inLanguage":"de-DE","@id":"https:\/\/secure.gravatar.com\/avatar\/c1babe7dc68f065be4ec606c522172804715398688c78c6fffca3888b364e934?s=96&d=mm&r=g","url":"https:\/\/secure.gravatar.com\/avatar\/c1babe7dc68f065be4ec606c522172804715398688c78c6fffca3888b364e934?s=96&d=mm&r=g","contentUrl":"https:\/\/secure.gravatar.com\/avatar\/c1babe7dc68f065be4ec606c522172804715398688c78c6fffca3888b364e934?s=96&d=mm&r=g","caption":"Gery V\u00e1rkonyi"},"url":"https:\/\/buod.de\/de\/author\/geryvarkonyi\/"}]}},"_links":{"self":[{"href":"https:\/\/buod.de\/de\/wp-json\/wp\/v2\/posts\/6826","targetHints":{"allow":["GET"]}}],"collection":[{"href":"https:\/\/buod.de\/de\/wp-json\/wp\/v2\/posts"}],"about":[{"href":"https:\/\/buod.de\/de\/wp-json\/wp\/v2\/types\/post"}],"author":[{"embeddable":true,"href":"https:\/\/buod.de\/de\/wp-json\/wp\/v2\/users\/4"}],"replies":[{"embeddable":true,"href":"https:\/\/buod.de\/de\/wp-json\/wp\/v2\/comments?post=6826"}],"version-history":[{"count":2,"href":"https:\/\/buod.de\/de\/wp-json\/wp\/v2\/posts\/6826\/revisions"}],"predecessor-version":[{"id":6829,"href":"https:\/\/buod.de\/de\/wp-json\/wp\/v2\/posts\/6826\/revisions\/6829"}],"wp:featuredmedia":[{"embeddable":true,"href":"https:\/\/buod.de\/de\/wp-json\/wp\/v2\/media\/6828"}],"wp:attachment":[{"href":"https:\/\/buod.de\/de\/wp-json\/wp\/v2\/media?parent=6826"}],"wp:term":[{"taxonomy":"category","embeddable":true,"href":"https:\/\/buod.de\/de\/wp-json\/wp\/v2\/categories?post=6826"},{"taxonomy":"post_tag","embeddable":true,"href":"https:\/\/buod.de\/de\/wp-json\/wp\/v2\/tags?post=6826"}],"curies":[{"name":"wp","href":"https:\/\/api.w.org\/{rel}","templated":true}]}}