{"id":6856,"date":"2024-04-18T10:20:28","date_gmt":"2024-04-18T10:20:28","guid":{"rendered":"https:\/\/dev.buod.de\/?p=6856"},"modified":"2024-04-26T10:21:33","modified_gmt":"2024-04-26T10:21:33","slug":"aktuelles-dug-online-veranstaltung-treffen-in-budapest","status":"publish","type":"post","link":"https:\/\/buod.de\/de\/aktuelles-dug-online-veranstaltung-treffen-in-budapest\/","title":{"rendered":"Aktuelles, DUG-Online-Veranstaltung + Treffen in Budapest"},"content":{"rendered":"<p>An die Mitglieder und Freunde der<\/p>\n\n\n\n<p>Deutsch-Ungarischen Gesellschaft in der Bundesrepublik Deutschland e.V.<\/p>\n\n\n\n<p>Sehr geehrte Damen und Herren,<\/p>\n\n\n\n<p>in Deutschland und \u00d6sterreich ist in den letzten Wochen recht ausf\u00fchrlich \u00fcber Demonstrationen in Budapest gegen die ungarische Regierung berichtet worden.<\/p>\n\n\n\n<p>Im Zentrum vieler Artikel linksliberaler Journalisten stand deren erkennbare Hoffnung, dass mit P\u00e9ter Magyar ein ernstzunehmender Gegenspieler f\u00fcr Viktor Orb\u00e1n auf der politischen B\u00fchne Ungarns aufgetaucht ist.&nbsp;<\/p>\n\n\n\n<p>Magyar war in Ungarn bisher politisch nicht aktiv, aber fr\u00fcher mit der ehemaligen Justizministerin Judit Varga verheiratet. Er hat ein privates Gespr\u00e4ch mit seiner damaligen Frau aufgezeichnet und als angeblichen Beleg f\u00fcr eine Intervention eines Regierungsmitglieds in einen gerichtlichen Korruptionsprozess ver\u00f6ffentlicht. Varga wiederum wirft ihrem fr\u00fcheren Mann h\u00e4usliche Gewalt vor und massiven Druck, um sie zu kompromittierenden \u00c4u\u00dferungen zu zwingen. Davon allerdings kann man in vielen Berichten in westlichen Medien bemerkenswerterweise kaum etwas oder gar nichts lesen! Magyar bleibt jedenfalls eine Figur mit vielen Fragezeichen.<\/p>\n\n\n\n<p>Bei den bevorstehenden Kommunal- und Europawahlen wird man wohl schon erkennen k\u00f6nnen, wie die ungarischen W\u00e4hler diese Vorg\u00e4nge bewerten. Umfragen deuten darauf hin, dass die Kampagne von Magyar eher zulasten der nach wie vor v\u00f6llig zerstrittenen linken Oppositionsparteien geht.&nbsp;<\/p>\n\n\n\n<p>Auch diese Konstellation werden wir nat\u00fcrlich er\u00f6rtern, wenn wir uns, wie bereits angek\u00fcndigt,&nbsp;<strong>am 13. Mai, 16.30 Uhr, <\/strong>zu unserer<strong> Online-Veranstaltung &#8222;Ungarn vor den Kommunal- und Europawahlen&#8221; <\/strong>treffen. Vortragen wird Bence Bauer, der Direktor des Deutsch-Ungarischen Instituts beim MCC, einer der profunden Kenner ungarischer Innenpolitik wie auch der wahlrechtlichen Rahmenbedingungen. Das Programm der Veranstaltung finden Sie als Anlage. Bitte melden Sie sich \u00fcber den dort befindlichen Link direkt beim MCC an!<\/p>\n\n\n\n<p>Im Anschluss an die Online-Konferenz,&nbsp;<strong>am 13. Mai, um 18.00 Uhr, <\/strong>werden wir das Thema auch noch bei einem&nbsp;<strong>DUG-Treffen in Budapest vertiefen.&nbsp;<\/strong>Wie \u00fcblich, wird sich dabei auch die Gelegenheit zum pers\u00f6nlichen Austausch ergeben. Der Veranstaltungsort:&nbsp;<strong>Mathias Corvinus Collegium,<\/strong>&nbsp;<strong>Tas vez\u00e9r u. 3-7, 1113 Budapest<\/strong>.&nbsp;<\/p>\n\n\n\n<p>Anmeldungen zu diesem Treffen in Budapest bitte an:&nbsp;<a href=\"mailto:dug.sofiavdvegt@gmail.com\" target=\"_blank\" rel=\"noreferrer noopener\"><\/a><a href=\"mailto:dug.sofiavdvegt@gmail.com\">dug.sofiavdvegt@gmail.com<\/a>.&nbsp;<\/p>\n\n\n\n<p>Ich w\u00fcrde mich sehr freuen, Sie in Budapest oder bei unserem Online-Gespr\u00e4ch zu treffen!<\/p>\n\n\n\n<p>Herzliche Gr\u00fc\u00dfe<\/p>\n\n\n\n<p>Ihr<\/p>\n\n\n\n<p>Gerhard Papke<\/p>\n\n\n\n<p><strong>Dr. Gerhard Papke<\/strong><\/p>\n\n\n\n<p>Landtagsvizepr\u00e4sident NRW a.D.<\/p>\n\n\n\n<p>Pr\u00e4sident der Deutsch-Ungarischen Gesellschaft<\/p>\n\n\n\n<p>in der Bundesrepublik Deutschland e.V.<\/p>\n\n\n\n<div data-wp-interactive=\"core\/file\" class=\"wp-block-file\"><object data-wp-bind--hidden=\"!state.hasPdfPreview\" hidden class=\"wp-block-file__embed\" data=\"https:\/\/buod.de\/wp-content\/uploads\/2024\/04\/Ungarn-vor-den-Kommunal-und-Europawahlen.pdf\" type=\"application\/pdf\" style=\"width:100%;height:600px\" aria-label=\"Embed of Ungarn-vor-den-Kommunal-und-Europawahlen.\"><\/object><a id=\"wp-block-file--media-57d3c47e-adce-4818-9822-37a2b24a1d34\" href=\"https:\/\/buod.de\/wp-content\/uploads\/2024\/04\/Ungarn-vor-den-Kommunal-und-Europawahlen.pdf\">Ungarn-vor-den-Kommunal-und-Europawahlen<\/a><a href=\"https:\/\/buod.de\/wp-content\/uploads\/2024\/04\/Ungarn-vor-den-Kommunal-und-Europawahlen.pdf\" class=\"wp-block-file__button wp-element-button\" download aria-describedby=\"wp-block-file--media-57d3c47e-adce-4818-9822-37a2b24a1d34\">Download<\/a><\/div>","protected":false},"excerpt":{"rendered":"<p>An die Mitglieder und Freunde der Deutsch-Ungarischen Gesellschaft in der Bundesrepublik Deutschland e.V. Sehr geehrte Damen und Herren, in Deutschland und \u00d6sterreich ist in den letzten Wochen recht ausf\u00fchrlich \u00fcber Demonstrationen in Budapest gegen die ungarische Regierung berichtet worden. Im Zentrum vieler Artikel linksliberaler Journalisten stand deren erkennbare Hoffnung, dass mit P\u00e9ter Magyar ein ernstzunehmender [&hellip;]<\/p>\n","protected":false},"author":4,"featured_media":0,"comment_status":"open","ping_status":"open","sticky":false,"template":"","format":"standard","meta":{"footnotes":""},"categories":[17],"tags":[22],"class_list":["post-6856","post","type-post","status-publish","format-standard","hentry","category-hirek","tag-22"],"yoast_head":"<!-- This site is optimized with the Yoast SEO plugin v27.5 - https:\/\/yoast.com\/product\/yoast-seo-wordpress\/ -->\n<title>Aktuelles, DUG-Online-Veranstaltung + Treffen in Budapest - BUOD<\/title>\n<meta name=\"robots\" content=\"index, follow, max-snippet:-1, max-image-preview:large, max-video-preview:-1\" \/>\n<link rel=\"canonical\" href=\"https:\/\/buod.de\/de\/aktuelles-dug-online-veranstaltung-treffen-in-budapest\/\" \/>\n<meta property=\"og:locale\" content=\"de_DE\" \/>\n<meta property=\"og:type\" content=\"article\" \/>\n<meta property=\"og:title\" content=\"Aktuelles, DUG-Online-Veranstaltung + Treffen in Budapest - BUOD\" \/>\n<meta property=\"og:description\" content=\"An die Mitglieder und Freunde der Deutsch-Ungarischen Gesellschaft in der Bundesrepublik Deutschland e.V. Sehr geehrte Damen und Herren, in Deutschland und \u00d6sterreich ist in den letzten Wochen recht ausf\u00fchrlich \u00fcber Demonstrationen in Budapest gegen die ungarische Regierung berichtet worden. Im Zentrum vieler Artikel linksliberaler Journalisten stand deren erkennbare Hoffnung, dass mit P\u00e9ter Magyar ein ernstzunehmender [&hellip;]\" \/>\n<meta property=\"og:url\" content=\"https:\/\/buod.de\/de\/aktuelles-dug-online-veranstaltung-treffen-in-budapest\/\" \/>\n<meta property=\"og:site_name\" content=\"BUOD\" \/>\n<meta property=\"article:publisher\" content=\"https:\/\/www.facebook.com\/profile.php?id=100082185652397\" \/>\n<meta property=\"article:published_time\" content=\"2024-04-18T10:20:28+00:00\" \/>\n<meta property=\"article:modified_time\" content=\"2024-04-26T10:21:33+00:00\" \/>\n<meta name=\"author\" content=\"Gery V\u00e1rkonyi\" \/>\n<meta name=\"twitter:card\" content=\"summary_large_image\" \/>\n<meta name=\"twitter:label1\" content=\"Written by\" \/>\n\t<meta name=\"twitter:data1\" content=\"Gery V\u00e1rkonyi\" \/>\n\t<meta name=\"twitter:label2\" content=\"Est. reading time\" \/>\n\t<meta name=\"twitter:data2\" content=\"2 minutes\" \/>\n<script type=\"application\/ld+json\" class=\"yoast-schema-graph\">{\"@context\":\"https:\\\/\\\/schema.org\",\"@graph\":[{\"@type\":\"Article\",\"@id\":\"https:\\\/\\\/buod.de\\\/aktuelles-dug-online-veranstaltung-treffen-in-budapest\\\/#article\",\"isPartOf\":{\"@id\":\"https:\\\/\\\/buod.de\\\/aktuelles-dug-online-veranstaltung-treffen-in-budapest\\\/\"},\"author\":{\"name\":\"Gery V\u00e1rkonyi\",\"@id\":\"https:\\\/\\\/buod.de\\\/#\\\/schema\\\/person\\\/8332a3e63b017fea8fcd17e9c0f96bf1\"},\"headline\":\"Aktuelles, DUG-Online-Veranstaltung + Treffen in Budapest\",\"datePublished\":\"2024-04-18T10:20:28+00:00\",\"dateModified\":\"2024-04-26T10:21:33+00:00\",\"mainEntityOfPage\":{\"@id\":\"https:\\\/\\\/buod.de\\\/aktuelles-dug-online-veranstaltung-treffen-in-budapest\\\/\"},\"wordCount\":395,\"commentCount\":0,\"publisher\":{\"@id\":\"https:\\\/\\\/buod.de\\\/#organization\"},\"keywords\":[\"2024\"],\"articleSection\":[\"H\u00edrek\"],\"inLanguage\":\"de-DE\",\"potentialAction\":[{\"@type\":\"CommentAction\",\"name\":\"Comment\",\"target\":[\"https:\\\/\\\/buod.de\\\/aktuelles-dug-online-veranstaltung-treffen-in-budapest\\\/#respond\"]}]},{\"@type\":\"WebPage\",\"@id\":\"https:\\\/\\\/buod.de\\\/aktuelles-dug-online-veranstaltung-treffen-in-budapest\\\/\",\"url\":\"https:\\\/\\\/buod.de\\\/aktuelles-dug-online-veranstaltung-treffen-in-budapest\\\/\",\"name\":\"Aktuelles, DUG-Online-Veranstaltung + Treffen in Budapest - BUOD\",\"isPartOf\":{\"@id\":\"https:\\\/\\\/buod.de\\\/#website\"},\"datePublished\":\"2024-04-18T10:20:28+00:00\",\"dateModified\":\"2024-04-26T10:21:33+00:00\",\"breadcrumb\":{\"@id\":\"https:\\\/\\\/buod.de\\\/aktuelles-dug-online-veranstaltung-treffen-in-budapest\\\/#breadcrumb\"},\"inLanguage\":\"de-DE\",\"potentialAction\":[{\"@type\":\"ReadAction\",\"target\":[\"https:\\\/\\\/buod.de\\\/aktuelles-dug-online-veranstaltung-treffen-in-budapest\\\/\"]}]},{\"@type\":\"BreadcrumbList\",\"@id\":\"https:\\\/\\\/buod.de\\\/aktuelles-dug-online-veranstaltung-treffen-in-budapest\\\/#breadcrumb\",\"itemListElement\":[{\"@type\":\"ListItem\",\"position\":1,\"name\":\"Kezd\u0151lap\",\"item\":\"https:\\\/\\\/buod.de\\\/\"},{\"@type\":\"ListItem\",\"position\":2,\"name\":\"Aktuelles, DUG-Online-Veranstaltung + Treffen in Budapest\"}]},{\"@type\":\"WebSite\",\"@id\":\"https:\\\/\\\/buod.de\\\/#website\",\"url\":\"https:\\\/\\\/buod.de\\\/\",\"name\":\"BUOD\",\"description\":\"Bund Ungarischer Organisationen in Deutschland\",\"publisher\":{\"@id\":\"https:\\\/\\\/buod.de\\\/#organization\"},\"potentialAction\":[{\"@type\":\"SearchAction\",\"target\":{\"@type\":\"EntryPoint\",\"urlTemplate\":\"https:\\\/\\\/buod.de\\\/?s={search_term_string}\"},\"query-input\":{\"@type\":\"PropertyValueSpecification\",\"valueRequired\":true,\"valueName\":\"search_term_string\"}}],\"inLanguage\":\"de-DE\"},{\"@type\":\"Organization\",\"@id\":\"https:\\\/\\\/buod.de\\\/#organization\",\"name\":\"BUOD\",\"url\":\"https:\\\/\\\/buod.de\\\/\",\"logo\":{\"@type\":\"ImageObject\",\"inLanguage\":\"de-DE\",\"@id\":\"https:\\\/\\\/buod.de\\\/#\\\/schema\\\/logo\\\/image\\\/\",\"url\":\"https:\\\/\\\/buod.de\\\/wp-content\\\/uploads\\\/2024\\\/03\\\/BUOD-logo.png\",\"contentUrl\":\"https:\\\/\\\/buod.de\\\/wp-content\\\/uploads\\\/2024\\\/03\\\/BUOD-logo.png\",\"width\":586,\"height\":490,\"caption\":\"BUOD\"},\"image\":{\"@id\":\"https:\\\/\\\/buod.de\\\/#\\\/schema\\\/logo\\\/image\\\/\"},\"sameAs\":[\"https:\\\/\\\/www.facebook.com\\\/profile.php?id=100082185652397\"]},{\"@type\":\"Person\",\"@id\":\"https:\\\/\\\/buod.de\\\/#\\\/schema\\\/person\\\/8332a3e63b017fea8fcd17e9c0f96bf1\",\"name\":\"Gery V\u00e1rkonyi\",\"image\":{\"@type\":\"ImageObject\",\"inLanguage\":\"de-DE\",\"@id\":\"https:\\\/\\\/secure.gravatar.com\\\/avatar\\\/c1babe7dc68f065be4ec606c522172804715398688c78c6fffca3888b364e934?s=96&d=mm&r=g\",\"url\":\"https:\\\/\\\/secure.gravatar.com\\\/avatar\\\/c1babe7dc68f065be4ec606c522172804715398688c78c6fffca3888b364e934?s=96&d=mm&r=g\",\"contentUrl\":\"https:\\\/\\\/secure.gravatar.com\\\/avatar\\\/c1babe7dc68f065be4ec606c522172804715398688c78c6fffca3888b364e934?s=96&d=mm&r=g\",\"caption\":\"Gery V\u00e1rkonyi\"},\"url\":\"https:\\\/\\\/buod.de\\\/de\\\/author\\\/geryvarkonyi\\\/\"}]}<\/script>\n<!-- \/ Yoast SEO plugin. -->","yoast_head_json":{"title":"Aktuelles, DUG-Online-Veranstaltung + Treffen in Budapest - BUOD","robots":{"index":"index","follow":"follow","max-snippet":"max-snippet:-1","max-image-preview":"max-image-preview:large","max-video-preview":"max-video-preview:-1"},"canonical":"https:\/\/buod.de\/de\/aktuelles-dug-online-veranstaltung-treffen-in-budapest\/","og_locale":"de_DE","og_type":"article","og_title":"Aktuelles, DUG-Online-Veranstaltung + Treffen in Budapest - BUOD","og_description":"An die Mitglieder und Freunde der Deutsch-Ungarischen Gesellschaft in der Bundesrepublik Deutschland e.V. Sehr geehrte Damen und Herren, in Deutschland und \u00d6sterreich ist in den letzten Wochen recht ausf\u00fchrlich \u00fcber Demonstrationen in Budapest gegen die ungarische Regierung berichtet worden. Im Zentrum vieler Artikel linksliberaler Journalisten stand deren erkennbare Hoffnung, dass mit P\u00e9ter Magyar ein ernstzunehmender [&hellip;]","og_url":"https:\/\/buod.de\/de\/aktuelles-dug-online-veranstaltung-treffen-in-budapest\/","og_site_name":"BUOD","article_publisher":"https:\/\/www.facebook.com\/profile.php?id=100082185652397","article_published_time":"2024-04-18T10:20:28+00:00","article_modified_time":"2024-04-26T10:21:33+00:00","author":"Gery V\u00e1rkonyi","twitter_card":"summary_large_image","twitter_misc":{"Written by":"Gery V\u00e1rkonyi","Est. reading time":"2 minutes"},"schema":{"@context":"https:\/\/schema.org","@graph":[{"@type":"Article","@id":"https:\/\/buod.de\/aktuelles-dug-online-veranstaltung-treffen-in-budapest\/#article","isPartOf":{"@id":"https:\/\/buod.de\/aktuelles-dug-online-veranstaltung-treffen-in-budapest\/"},"author":{"name":"Gery V\u00e1rkonyi","@id":"https:\/\/buod.de\/#\/schema\/person\/8332a3e63b017fea8fcd17e9c0f96bf1"},"headline":"Aktuelles, DUG-Online-Veranstaltung + Treffen in Budapest","datePublished":"2024-04-18T10:20:28+00:00","dateModified":"2024-04-26T10:21:33+00:00","mainEntityOfPage":{"@id":"https:\/\/buod.de\/aktuelles-dug-online-veranstaltung-treffen-in-budapest\/"},"wordCount":395,"commentCount":0,"publisher":{"@id":"https:\/\/buod.de\/#organization"},"keywords":["2024"],"articleSection":["H\u00edrek"],"inLanguage":"de-DE","potentialAction":[{"@type":"CommentAction","name":"Comment","target":["https:\/\/buod.de\/aktuelles-dug-online-veranstaltung-treffen-in-budapest\/#respond"]}]},{"@type":"WebPage","@id":"https:\/\/buod.de\/aktuelles-dug-online-veranstaltung-treffen-in-budapest\/","url":"https:\/\/buod.de\/aktuelles-dug-online-veranstaltung-treffen-in-budapest\/","name":"Aktuelles, DUG-Online-Veranstaltung + Treffen in Budapest - BUOD","isPartOf":{"@id":"https:\/\/buod.de\/#website"},"datePublished":"2024-04-18T10:20:28+00:00","dateModified":"2024-04-26T10:21:33+00:00","breadcrumb":{"@id":"https:\/\/buod.de\/aktuelles-dug-online-veranstaltung-treffen-in-budapest\/#breadcrumb"},"inLanguage":"de-DE","potentialAction":[{"@type":"ReadAction","target":["https:\/\/buod.de\/aktuelles-dug-online-veranstaltung-treffen-in-budapest\/"]}]},{"@type":"BreadcrumbList","@id":"https:\/\/buod.de\/aktuelles-dug-online-veranstaltung-treffen-in-budapest\/#breadcrumb","itemListElement":[{"@type":"ListItem","position":1,"name":"Kezd\u0151lap","item":"https:\/\/buod.de\/"},{"@type":"ListItem","position":2,"name":"Aktuelles, DUG-Online-Veranstaltung + Treffen in Budapest"}]},{"@type":"WebSite","@id":"https:\/\/buod.de\/#website","url":"https:\/\/buod.de\/","name":"BUOD","description":"Bund Ungarischer Organisationen in Deutschland","publisher":{"@id":"https:\/\/buod.de\/#organization"},"potentialAction":[{"@type":"SearchAction","target":{"@type":"EntryPoint","urlTemplate":"https:\/\/buod.de\/?s={search_term_string}"},"query-input":{"@type":"PropertyValueSpecification","valueRequired":true,"valueName":"search_term_string"}}],"inLanguage":"de-DE"},{"@type":"Organization","@id":"https:\/\/buod.de\/#organization","name":"BUOD","url":"https:\/\/buod.de\/","logo":{"@type":"ImageObject","inLanguage":"de-DE","@id":"https:\/\/buod.de\/#\/schema\/logo\/image\/","url":"https:\/\/buod.de\/wp-content\/uploads\/2024\/03\/BUOD-logo.png","contentUrl":"https:\/\/buod.de\/wp-content\/uploads\/2024\/03\/BUOD-logo.png","width":586,"height":490,"caption":"BUOD"},"image":{"@id":"https:\/\/buod.de\/#\/schema\/logo\/image\/"},"sameAs":["https:\/\/www.facebook.com\/profile.php?id=100082185652397"]},{"@type":"Person","@id":"https:\/\/buod.de\/#\/schema\/person\/8332a3e63b017fea8fcd17e9c0f96bf1","name":"Gery V\u00e1rkonyi","image":{"@type":"ImageObject","inLanguage":"de-DE","@id":"https:\/\/secure.gravatar.com\/avatar\/c1babe7dc68f065be4ec606c522172804715398688c78c6fffca3888b364e934?s=96&d=mm&r=g","url":"https:\/\/secure.gravatar.com\/avatar\/c1babe7dc68f065be4ec606c522172804715398688c78c6fffca3888b364e934?s=96&d=mm&r=g","contentUrl":"https:\/\/secure.gravatar.com\/avatar\/c1babe7dc68f065be4ec606c522172804715398688c78c6fffca3888b364e934?s=96&d=mm&r=g","caption":"Gery V\u00e1rkonyi"},"url":"https:\/\/buod.de\/de\/author\/geryvarkonyi\/"}]}},"_links":{"self":[{"href":"https:\/\/buod.de\/de\/wp-json\/wp\/v2\/posts\/6856","targetHints":{"allow":["GET"]}}],"collection":[{"href":"https:\/\/buod.de\/de\/wp-json\/wp\/v2\/posts"}],"about":[{"href":"https:\/\/buod.de\/de\/wp-json\/wp\/v2\/types\/post"}],"author":[{"embeddable":true,"href":"https:\/\/buod.de\/de\/wp-json\/wp\/v2\/users\/4"}],"replies":[{"embeddable":true,"href":"https:\/\/buod.de\/de\/wp-json\/wp\/v2\/comments?post=6856"}],"version-history":[{"count":2,"href":"https:\/\/buod.de\/de\/wp-json\/wp\/v2\/posts\/6856\/revisions"}],"predecessor-version":[{"id":6859,"href":"https:\/\/buod.de\/de\/wp-json\/wp\/v2\/posts\/6856\/revisions\/6859"}],"wp:attachment":[{"href":"https:\/\/buod.de\/de\/wp-json\/wp\/v2\/media?parent=6856"}],"wp:term":[{"taxonomy":"category","embeddable":true,"href":"https:\/\/buod.de\/de\/wp-json\/wp\/v2\/categories?post=6856"},{"taxonomy":"post_tag","embeddable":true,"href":"https:\/\/buod.de\/de\/wp-json\/wp\/v2\/tags?post=6856"}],"curies":[{"name":"wp","href":"https:\/\/api.w.org\/{rel}","templated":true}]}}