{"id":6871,"date":"2024-04-18T10:47:16","date_gmt":"2024-04-18T10:47:16","guid":{"rendered":"https:\/\/dev.buod.de\/?p=6871"},"modified":"2024-04-26T10:48:14","modified_gmt":"2024-04-26T10:48:14","slug":"radnoti-est-hamburgban","status":"publish","type":"post","link":"https:\/\/buod.de\/de\/radnoti-est-hamburgban\/","title":{"rendered":"Radn\u00f3ti est Hamburgban"},"content":{"rendered":"<p>Radn\u00f3ti est Hamburgban<\/p>\n\n\n\n<p><br>A k\u00f6lt\u00e9szet napja alkalm\u00e1b\u00f3l Radn\u00f3ti \u00e9let\u00e9vel \u00e9s verseivel tal\u00e1lkozhattak a hamburgi<br>\u00e9s k\u00f6rny\u00e9ki magyarok 2024. \u00e1prilis 13-\u00e1n Laczk\u00f3 Vass R\u00f3bert \u00e9s Sz\u00e9p Andr\u00e1s<br>el\u0151ad\u00e1s\u00e1ban, n\u00e9metorsz\u00e1gi k\u00f6r\u00fatjuk m\u00e1sodik \u00e1llom\u00e1s\u00e1n.<\/p>\n\n\n\n<p><br>&#8222;Megdolgoztunk ez\u00e9rt az el\u0151ad\u00e1s\u00e9rt, a j\u00e1rv\u00e1nyhelyzet miatt pedig sz\u00f3 szerint<br>kib\u00f6jt\u00f6lt\u00fck az \u00e9rv\u00e9nyes bemutat\u00f3 lehet\u0151s\u00e9g\u00e9t. Az online kalandorkod\u00e1st eleve<br>m\u00e9ltatlannak tal\u00e1ltam, ez\u00e9rt v\u00e1rtunk, \u00e9s hozz\u00e1csiszol\u00f3dtunk a m\u0171vekhez. Sz\u00e9p<br>Andr\u00e1snak innen is k\u00f6sz\u00f6n\u00f6m az \u201cEr\u0151ltetett menet\u201d sz\u00edvbemarkol\u00f3 akkordjait, k\u00f6z\u00f6s<br>munk\u00e1ink tal\u00e1n legszebb, igaz\u00e1n letisztult szerzem\u00e9ny\u00e9t j\u00e1tssza el ebben az<br>el\u0151ad\u00e1sban.\u2019\u2019<\/p>\n\n\n\n<p><br>A teljes cikk itt tal\u00e1lhat\u00f3:<br><a href=\"http:\/\/laczkovass.ro\/hu\/nemetorszagba-keszulnek-a-radnoti-rekvizitumok-alkotoi-hannover-hamburg-hagen\/\">http:\/\/laczkovass.ro\/hu\/nemetorszagba-keszulnek-a-radnoti-rekvizitumok-alkotoi-hannover-hamburg-hagen\/<\/a><\/p>\n\n\n\n<p><br>Egy \u00e9vvel ezel\u0151tt Pet\u0151fit adt\u00e1k el\u0151, most a j\u00e1rv\u00e1ny el\u0151tt megsz\u00fcletett \u00f6tlettel, a<br>Radn\u00f3ti versekkel \u00e9rkeztek, zen\u00e9s, \u00e9nekes form\u00e1ban, zongora k\u00eds\u00e9rettel. Nagyon<br>\u00f6r\u00fcl\u00fcnk, hogy sz\u00e9p \u00e9s sz\u00ednvonalas el\u0151ad\u00e1st l\u00e1thattunk \u00e9s hallhattunk. Kiemelked\u0151en<br>fontos r\u00e9sz\u00e9t k\u00e9pezi a kult\u00fara \u00e9s irodalom terjeszt\u00e9se a diaszp\u00f3r\u00e1ban \u00e9l\u0151<br>magyars\u00e1gnak, hiszen viszonylag ritk\u00e1n van lehet\u0151s\u00e9g magyar nyelv\u0171<br>sz\u00ednel\u0151ad\u00e1son r\u00e9szt venni k\u00fclf\u00f6ld\u00f6n. Annak is \u00f6r\u00fcl\u00fcnk, hogy a fiatal, tizen\u00e9ves<br>koroszt\u00e1ly is k\u00e9pviseltette mag\u00e1t a programon, valamint a magyar kult\u00fara \u00e9s<br>irodalom kedvel\u0151i is elj\u00f6ttek erre a kiv\u00e9teles alkalomra.<br>Az el\u0151ad\u00e1s ut\u00e1n k\u00f6z\u00f6s besz\u00e9lget\u00e9sre volt lehet\u0151s\u00e9g, illetve a szerz\u0151 k\u00f6nyveib\u0151l is<br>lehetett v\u00e1s\u00e1rolni. K\u00f6sz\u00f6nj\u00fck sz\u00e9pen az \u00e9rt\u00e9kes el\u0151ad\u00e1st!<\/p>\n\n\n\n<figure class=\"wp-block-image\"><img decoding=\"async\" src=\"https:\/\/www.buod.de\/images\/BUOD_info\/Radnti_est_.jpg\" alt=\"Radnti est \"\/><\/figure>","protected":false},"excerpt":{"rendered":"<p>Radn\u00f3ti est Hamburgban A k\u00f6lt\u00e9szet napja alkalm\u00e1b\u00f3l Radn\u00f3ti \u00e9let\u00e9vel \u00e9s verseivel tal\u00e1lkozhattak a hamburgi\u00e9s k\u00f6rny\u00e9ki magyarok 2024. \u00e1prilis 13-\u00e1n Laczk\u00f3 Vass R\u00f3bert \u00e9s Sz\u00e9p Andr\u00e1sel\u0151ad\u00e1s\u00e1ban, n\u00e9metorsz\u00e1gi k\u00f6r\u00fatjuk m\u00e1sodik \u00e1llom\u00e1s\u00e1n. &#8222;Megdolgoztunk ez\u00e9rt az el\u0151ad\u00e1s\u00e9rt, a j\u00e1rv\u00e1nyhelyzet miatt pedig sz\u00f3 szerintkib\u00f6jt\u00f6lt\u00fck az \u00e9rv\u00e9nyes bemutat\u00f3 lehet\u0151s\u00e9g\u00e9t. Az online kalandorkod\u00e1st elevem\u00e9ltatlannak tal\u00e1ltam, ez\u00e9rt v\u00e1rtunk, \u00e9s hozz\u00e1csiszol\u00f3dtunk a m\u0171vekhez. Sz\u00e9pAndr\u00e1snak [&hellip;]<\/p>\n","protected":false},"author":4,"featured_media":6873,"comment_status":"open","ping_status":"open","sticky":false,"template":"","format":"standard","meta":{"footnotes":""},"categories":[17],"tags":[22],"class_list":["post-6871","post","type-post","status-publish","format-standard","has-post-thumbnail","hentry","category-hirek","tag-22"],"yoast_head":"<!-- This site is optimized with the Yoast SEO plugin v27.5 - https:\/\/yoast.com\/product\/yoast-seo-wordpress\/ -->\n<title>Radn\u00f3ti est Hamburgban - BUOD<\/title>\n<meta name=\"robots\" content=\"index, follow, max-snippet:-1, max-image-preview:large, max-video-preview:-1\" \/>\n<link rel=\"canonical\" href=\"https:\/\/buod.de\/de\/radnoti-est-hamburgban\/\" \/>\n<meta property=\"og:locale\" content=\"de_DE\" \/>\n<meta property=\"og:type\" content=\"article\" \/>\n<meta property=\"og:title\" content=\"Radn\u00f3ti est Hamburgban - BUOD\" \/>\n<meta property=\"og:description\" content=\"Radn\u00f3ti est Hamburgban A k\u00f6lt\u00e9szet napja alkalm\u00e1b\u00f3l Radn\u00f3ti \u00e9let\u00e9vel \u00e9s verseivel tal\u00e1lkozhattak a hamburgi\u00e9s k\u00f6rny\u00e9ki magyarok 2024. \u00e1prilis 13-\u00e1n Laczk\u00f3 Vass R\u00f3bert \u00e9s Sz\u00e9p Andr\u00e1sel\u0151ad\u00e1s\u00e1ban, n\u00e9metorsz\u00e1gi k\u00f6r\u00fatjuk m\u00e1sodik \u00e1llom\u00e1s\u00e1n. &#8222;Megdolgoztunk ez\u00e9rt az el\u0151ad\u00e1s\u00e9rt, a j\u00e1rv\u00e1nyhelyzet miatt pedig sz\u00f3 szerintkib\u00f6jt\u00f6lt\u00fck az \u00e9rv\u00e9nyes bemutat\u00f3 lehet\u0151s\u00e9g\u00e9t. Az online kalandorkod\u00e1st elevem\u00e9ltatlannak tal\u00e1ltam, ez\u00e9rt v\u00e1rtunk, \u00e9s hozz\u00e1csiszol\u00f3dtunk a m\u0171vekhez. Sz\u00e9pAndr\u00e1snak [&hellip;]\" \/>\n<meta property=\"og:url\" content=\"https:\/\/buod.de\/de\/radnoti-est-hamburgban\/\" \/>\n<meta property=\"og:site_name\" content=\"BUOD\" \/>\n<meta property=\"article:publisher\" content=\"https:\/\/www.facebook.com\/profile.php?id=100082185652397\" \/>\n<meta property=\"article:published_time\" content=\"2024-04-18T10:47:16+00:00\" \/>\n<meta property=\"article:modified_time\" content=\"2024-04-26T10:48:14+00:00\" \/>\n<meta property=\"og:image\" content=\"https:\/\/buod.de\/wp-content\/uploads\/2024\/04\/Radnoti_est_.jpg\" \/>\n\t<meta property=\"og:image:width\" content=\"1200\" \/>\n\t<meta property=\"og:image:height\" content=\"800\" \/>\n\t<meta property=\"og:image:type\" content=\"image\/jpeg\" \/>\n<meta name=\"author\" content=\"Gery V\u00e1rkonyi\" \/>\n<meta name=\"twitter:card\" content=\"summary_large_image\" \/>\n<meta name=\"twitter:label1\" content=\"Written by\" \/>\n\t<meta name=\"twitter:data1\" content=\"Gery V\u00e1rkonyi\" \/>\n\t<meta name=\"twitter:label2\" content=\"Est. reading time\" \/>\n\t<meta name=\"twitter:data2\" content=\"2 minutes\" \/>\n<script type=\"application\/ld+json\" class=\"yoast-schema-graph\">{\"@context\":\"https:\\\/\\\/schema.org\",\"@graph\":[{\"@type\":\"Article\",\"@id\":\"https:\\\/\\\/buod.de\\\/radnoti-est-hamburgban\\\/#article\",\"isPartOf\":{\"@id\":\"https:\\\/\\\/buod.de\\\/radnoti-est-hamburgban\\\/\"},\"author\":{\"name\":\"Gery V\u00e1rkonyi\",\"@id\":\"https:\\\/\\\/buod.de\\\/#\\\/schema\\\/person\\\/8332a3e63b017fea8fcd17e9c0f96bf1\"},\"headline\":\"Radn\u00f3ti est Hamburgban\",\"datePublished\":\"2024-04-18T10:47:16+00:00\",\"dateModified\":\"2024-04-26T10:48:14+00:00\",\"mainEntityOfPage\":{\"@id\":\"https:\\\/\\\/buod.de\\\/radnoti-est-hamburgban\\\/\"},\"wordCount\":313,\"commentCount\":0,\"publisher\":{\"@id\":\"https:\\\/\\\/buod.de\\\/#organization\"},\"image\":{\"@id\":\"https:\\\/\\\/buod.de\\\/radnoti-est-hamburgban\\\/#primaryimage\"},\"thumbnailUrl\":\"https:\\\/\\\/buod.de\\\/wp-content\\\/uploads\\\/2024\\\/04\\\/Radnoti_est_.jpg\",\"keywords\":[\"2024\"],\"articleSection\":[\"H\u00edrek\"],\"inLanguage\":\"de-DE\",\"potentialAction\":[{\"@type\":\"CommentAction\",\"name\":\"Comment\",\"target\":[\"https:\\\/\\\/buod.de\\\/radnoti-est-hamburgban\\\/#respond\"]}]},{\"@type\":\"WebPage\",\"@id\":\"https:\\\/\\\/buod.de\\\/radnoti-est-hamburgban\\\/\",\"url\":\"https:\\\/\\\/buod.de\\\/radnoti-est-hamburgban\\\/\",\"name\":\"Radn\u00f3ti est Hamburgban - BUOD\",\"isPartOf\":{\"@id\":\"https:\\\/\\\/buod.de\\\/#website\"},\"primaryImageOfPage\":{\"@id\":\"https:\\\/\\\/buod.de\\\/radnoti-est-hamburgban\\\/#primaryimage\"},\"image\":{\"@id\":\"https:\\\/\\\/buod.de\\\/radnoti-est-hamburgban\\\/#primaryimage\"},\"thumbnailUrl\":\"https:\\\/\\\/buod.de\\\/wp-content\\\/uploads\\\/2024\\\/04\\\/Radnoti_est_.jpg\",\"datePublished\":\"2024-04-18T10:47:16+00:00\",\"dateModified\":\"2024-04-26T10:48:14+00:00\",\"breadcrumb\":{\"@id\":\"https:\\\/\\\/buod.de\\\/radnoti-est-hamburgban\\\/#breadcrumb\"},\"inLanguage\":\"de-DE\",\"potentialAction\":[{\"@type\":\"ReadAction\",\"target\":[\"https:\\\/\\\/buod.de\\\/radnoti-est-hamburgban\\\/\"]}]},{\"@type\":\"ImageObject\",\"inLanguage\":\"de-DE\",\"@id\":\"https:\\\/\\\/buod.de\\\/radnoti-est-hamburgban\\\/#primaryimage\",\"url\":\"https:\\\/\\\/buod.de\\\/wp-content\\\/uploads\\\/2024\\\/04\\\/Radnoti_est_.jpg\",\"contentUrl\":\"https:\\\/\\\/buod.de\\\/wp-content\\\/uploads\\\/2024\\\/04\\\/Radnoti_est_.jpg\",\"width\":1200,\"height\":800},{\"@type\":\"BreadcrumbList\",\"@id\":\"https:\\\/\\\/buod.de\\\/radnoti-est-hamburgban\\\/#breadcrumb\",\"itemListElement\":[{\"@type\":\"ListItem\",\"position\":1,\"name\":\"Kezd\u0151lap\",\"item\":\"https:\\\/\\\/buod.de\\\/\"},{\"@type\":\"ListItem\",\"position\":2,\"name\":\"Radn\u00f3ti est Hamburgban\"}]},{\"@type\":\"WebSite\",\"@id\":\"https:\\\/\\\/buod.de\\\/#website\",\"url\":\"https:\\\/\\\/buod.de\\\/\",\"name\":\"BUOD\",\"description\":\"Bund Ungarischer Organisationen in Deutschland\",\"publisher\":{\"@id\":\"https:\\\/\\\/buod.de\\\/#organization\"},\"potentialAction\":[{\"@type\":\"SearchAction\",\"target\":{\"@type\":\"EntryPoint\",\"urlTemplate\":\"https:\\\/\\\/buod.de\\\/?s={search_term_string}\"},\"query-input\":{\"@type\":\"PropertyValueSpecification\",\"valueRequired\":true,\"valueName\":\"search_term_string\"}}],\"inLanguage\":\"de-DE\"},{\"@type\":\"Organization\",\"@id\":\"https:\\\/\\\/buod.de\\\/#organization\",\"name\":\"BUOD\",\"url\":\"https:\\\/\\\/buod.de\\\/\",\"logo\":{\"@type\":\"ImageObject\",\"inLanguage\":\"de-DE\",\"@id\":\"https:\\\/\\\/buod.de\\\/#\\\/schema\\\/logo\\\/image\\\/\",\"url\":\"https:\\\/\\\/buod.de\\\/wp-content\\\/uploads\\\/2024\\\/03\\\/BUOD-logo.png\",\"contentUrl\":\"https:\\\/\\\/buod.de\\\/wp-content\\\/uploads\\\/2024\\\/03\\\/BUOD-logo.png\",\"width\":586,\"height\":490,\"caption\":\"BUOD\"},\"image\":{\"@id\":\"https:\\\/\\\/buod.de\\\/#\\\/schema\\\/logo\\\/image\\\/\"},\"sameAs\":[\"https:\\\/\\\/www.facebook.com\\\/profile.php?id=100082185652397\"]},{\"@type\":\"Person\",\"@id\":\"https:\\\/\\\/buod.de\\\/#\\\/schema\\\/person\\\/8332a3e63b017fea8fcd17e9c0f96bf1\",\"name\":\"Gery V\u00e1rkonyi\",\"image\":{\"@type\":\"ImageObject\",\"inLanguage\":\"de-DE\",\"@id\":\"https:\\\/\\\/secure.gravatar.com\\\/avatar\\\/c1babe7dc68f065be4ec606c522172804715398688c78c6fffca3888b364e934?s=96&d=mm&r=g\",\"url\":\"https:\\\/\\\/secure.gravatar.com\\\/avatar\\\/c1babe7dc68f065be4ec606c522172804715398688c78c6fffca3888b364e934?s=96&d=mm&r=g\",\"contentUrl\":\"https:\\\/\\\/secure.gravatar.com\\\/avatar\\\/c1babe7dc68f065be4ec606c522172804715398688c78c6fffca3888b364e934?s=96&d=mm&r=g\",\"caption\":\"Gery V\u00e1rkonyi\"},\"url\":\"https:\\\/\\\/buod.de\\\/de\\\/author\\\/geryvarkonyi\\\/\"}]}<\/script>\n<!-- \/ Yoast SEO plugin. -->","yoast_head_json":{"title":"Radn\u00f3ti est Hamburgban - BUOD","robots":{"index":"index","follow":"follow","max-snippet":"max-snippet:-1","max-image-preview":"max-image-preview:large","max-video-preview":"max-video-preview:-1"},"canonical":"https:\/\/buod.de\/de\/radnoti-est-hamburgban\/","og_locale":"de_DE","og_type":"article","og_title":"Radn\u00f3ti est Hamburgban - BUOD","og_description":"Radn\u00f3ti est Hamburgban A k\u00f6lt\u00e9szet napja alkalm\u00e1b\u00f3l Radn\u00f3ti \u00e9let\u00e9vel \u00e9s verseivel tal\u00e1lkozhattak a hamburgi\u00e9s k\u00f6rny\u00e9ki magyarok 2024. \u00e1prilis 13-\u00e1n Laczk\u00f3 Vass R\u00f3bert \u00e9s Sz\u00e9p Andr\u00e1sel\u0151ad\u00e1s\u00e1ban, n\u00e9metorsz\u00e1gi k\u00f6r\u00fatjuk m\u00e1sodik \u00e1llom\u00e1s\u00e1n. &#8222;Megdolgoztunk ez\u00e9rt az el\u0151ad\u00e1s\u00e9rt, a j\u00e1rv\u00e1nyhelyzet miatt pedig sz\u00f3 szerintkib\u00f6jt\u00f6lt\u00fck az \u00e9rv\u00e9nyes bemutat\u00f3 lehet\u0151s\u00e9g\u00e9t. Az online kalandorkod\u00e1st elevem\u00e9ltatlannak tal\u00e1ltam, ez\u00e9rt v\u00e1rtunk, \u00e9s hozz\u00e1csiszol\u00f3dtunk a m\u0171vekhez. Sz\u00e9pAndr\u00e1snak [&hellip;]","og_url":"https:\/\/buod.de\/de\/radnoti-est-hamburgban\/","og_site_name":"BUOD","article_publisher":"https:\/\/www.facebook.com\/profile.php?id=100082185652397","article_published_time":"2024-04-18T10:47:16+00:00","article_modified_time":"2024-04-26T10:48:14+00:00","og_image":[{"width":1200,"height":800,"url":"https:\/\/buod.de\/wp-content\/uploads\/2024\/04\/Radnoti_est_.jpg","type":"image\/jpeg"}],"author":"Gery V\u00e1rkonyi","twitter_card":"summary_large_image","twitter_misc":{"Written by":"Gery V\u00e1rkonyi","Est. reading time":"2 minutes"},"schema":{"@context":"https:\/\/schema.org","@graph":[{"@type":"Article","@id":"https:\/\/buod.de\/radnoti-est-hamburgban\/#article","isPartOf":{"@id":"https:\/\/buod.de\/radnoti-est-hamburgban\/"},"author":{"name":"Gery V\u00e1rkonyi","@id":"https:\/\/buod.de\/#\/schema\/person\/8332a3e63b017fea8fcd17e9c0f96bf1"},"headline":"Radn\u00f3ti est Hamburgban","datePublished":"2024-04-18T10:47:16+00:00","dateModified":"2024-04-26T10:48:14+00:00","mainEntityOfPage":{"@id":"https:\/\/buod.de\/radnoti-est-hamburgban\/"},"wordCount":313,"commentCount":0,"publisher":{"@id":"https:\/\/buod.de\/#organization"},"image":{"@id":"https:\/\/buod.de\/radnoti-est-hamburgban\/#primaryimage"},"thumbnailUrl":"https:\/\/buod.de\/wp-content\/uploads\/2024\/04\/Radnoti_est_.jpg","keywords":["2024"],"articleSection":["H\u00edrek"],"inLanguage":"de-DE","potentialAction":[{"@type":"CommentAction","name":"Comment","target":["https:\/\/buod.de\/radnoti-est-hamburgban\/#respond"]}]},{"@type":"WebPage","@id":"https:\/\/buod.de\/radnoti-est-hamburgban\/","url":"https:\/\/buod.de\/radnoti-est-hamburgban\/","name":"Radn\u00f3ti est Hamburgban - BUOD","isPartOf":{"@id":"https:\/\/buod.de\/#website"},"primaryImageOfPage":{"@id":"https:\/\/buod.de\/radnoti-est-hamburgban\/#primaryimage"},"image":{"@id":"https:\/\/buod.de\/radnoti-est-hamburgban\/#primaryimage"},"thumbnailUrl":"https:\/\/buod.de\/wp-content\/uploads\/2024\/04\/Radnoti_est_.jpg","datePublished":"2024-04-18T10:47:16+00:00","dateModified":"2024-04-26T10:48:14+00:00","breadcrumb":{"@id":"https:\/\/buod.de\/radnoti-est-hamburgban\/#breadcrumb"},"inLanguage":"de-DE","potentialAction":[{"@type":"ReadAction","target":["https:\/\/buod.de\/radnoti-est-hamburgban\/"]}]},{"@type":"ImageObject","inLanguage":"de-DE","@id":"https:\/\/buod.de\/radnoti-est-hamburgban\/#primaryimage","url":"https:\/\/buod.de\/wp-content\/uploads\/2024\/04\/Radnoti_est_.jpg","contentUrl":"https:\/\/buod.de\/wp-content\/uploads\/2024\/04\/Radnoti_est_.jpg","width":1200,"height":800},{"@type":"BreadcrumbList","@id":"https:\/\/buod.de\/radnoti-est-hamburgban\/#breadcrumb","itemListElement":[{"@type":"ListItem","position":1,"name":"Kezd\u0151lap","item":"https:\/\/buod.de\/"},{"@type":"ListItem","position":2,"name":"Radn\u00f3ti est Hamburgban"}]},{"@type":"WebSite","@id":"https:\/\/buod.de\/#website","url":"https:\/\/buod.de\/","name":"BUOD","description":"Bund Ungarischer Organisationen in Deutschland","publisher":{"@id":"https:\/\/buod.de\/#organization"},"potentialAction":[{"@type":"SearchAction","target":{"@type":"EntryPoint","urlTemplate":"https:\/\/buod.de\/?s={search_term_string}"},"query-input":{"@type":"PropertyValueSpecification","valueRequired":true,"valueName":"search_term_string"}}],"inLanguage":"de-DE"},{"@type":"Organization","@id":"https:\/\/buod.de\/#organization","name":"BUOD","url":"https:\/\/buod.de\/","logo":{"@type":"ImageObject","inLanguage":"de-DE","@id":"https:\/\/buod.de\/#\/schema\/logo\/image\/","url":"https:\/\/buod.de\/wp-content\/uploads\/2024\/03\/BUOD-logo.png","contentUrl":"https:\/\/buod.de\/wp-content\/uploads\/2024\/03\/BUOD-logo.png","width":586,"height":490,"caption":"BUOD"},"image":{"@id":"https:\/\/buod.de\/#\/schema\/logo\/image\/"},"sameAs":["https:\/\/www.facebook.com\/profile.php?id=100082185652397"]},{"@type":"Person","@id":"https:\/\/buod.de\/#\/schema\/person\/8332a3e63b017fea8fcd17e9c0f96bf1","name":"Gery V\u00e1rkonyi","image":{"@type":"ImageObject","inLanguage":"de-DE","@id":"https:\/\/secure.gravatar.com\/avatar\/c1babe7dc68f065be4ec606c522172804715398688c78c6fffca3888b364e934?s=96&d=mm&r=g","url":"https:\/\/secure.gravatar.com\/avatar\/c1babe7dc68f065be4ec606c522172804715398688c78c6fffca3888b364e934?s=96&d=mm&r=g","contentUrl":"https:\/\/secure.gravatar.com\/avatar\/c1babe7dc68f065be4ec606c522172804715398688c78c6fffca3888b364e934?s=96&d=mm&r=g","caption":"Gery V\u00e1rkonyi"},"url":"https:\/\/buod.de\/de\/author\/geryvarkonyi\/"}]}},"_links":{"self":[{"href":"https:\/\/buod.de\/de\/wp-json\/wp\/v2\/posts\/6871","targetHints":{"allow":["GET"]}}],"collection":[{"href":"https:\/\/buod.de\/de\/wp-json\/wp\/v2\/posts"}],"about":[{"href":"https:\/\/buod.de\/de\/wp-json\/wp\/v2\/types\/post"}],"author":[{"embeddable":true,"href":"https:\/\/buod.de\/de\/wp-json\/wp\/v2\/users\/4"}],"replies":[{"embeddable":true,"href":"https:\/\/buod.de\/de\/wp-json\/wp\/v2\/comments?post=6871"}],"version-history":[{"count":2,"href":"https:\/\/buod.de\/de\/wp-json\/wp\/v2\/posts\/6871\/revisions"}],"predecessor-version":[{"id":6874,"href":"https:\/\/buod.de\/de\/wp-json\/wp\/v2\/posts\/6871\/revisions\/6874"}],"wp:featuredmedia":[{"embeddable":true,"href":"https:\/\/buod.de\/de\/wp-json\/wp\/v2\/media\/6873"}],"wp:attachment":[{"href":"https:\/\/buod.de\/de\/wp-json\/wp\/v2\/media?parent=6871"}],"wp:term":[{"taxonomy":"category","embeddable":true,"href":"https:\/\/buod.de\/de\/wp-json\/wp\/v2\/categories?post=6871"},{"taxonomy":"post_tag","embeddable":true,"href":"https:\/\/buod.de\/de\/wp-json\/wp\/v2\/tags?post=6871"}],"curies":[{"name":"wp","href":"https:\/\/api.w.org\/{rel}","templated":true}]}}