{"id":7281,"date":"2024-05-09T16:54:33","date_gmt":"2024-05-09T16:54:33","guid":{"rendered":"https:\/\/dev.buod.de\/?p=7281"},"modified":"2024-05-14T16:55:54","modified_gmt":"2024-05-14T16:55:54","slug":"nepzenei-koncert-berlinben","status":"publish","type":"post","link":"https:\/\/buod.de\/de\/nepzenei-koncert-berlinben\/","title":{"rendered":"N\u00e9pzenei koncert Berlinben"},"content":{"rendered":"<p><br>Fergeteges n\u00e9pzenei koncerten vehetett r\u00e9szt a berlini k\u00f6z\u00f6ns\u00e9g a Collegium Hungaricum Berlinben 2024. \u00e1prilis 19-\u00e9n. A Berlini Fon\u00f3 N\u00e9pt\u00e1ncegy\u00fcttes \u00e9s a Collegium Hungaricum Berlin k\u00f6z\u00f6s szervez\u00e9s\u00e9ben j\u00f6hetett l\u00e9tre a Hajnalfa zenekar els\u0151 koncertje Berlinben. A tehets\u00e9ges, magyarorsz\u00e1gi fiatalokat az egy\u00fctt muzsik\u00e1l\u00e1s \u00f6r\u00f6me \u00e9s a n\u00e9pzene ir\u00e1nti szeretet hozta \u00f6ssze. A fel\u00e1ll\u00e1suk tagjai jelenleg a budapesti Liszt Ferenc Zenem\u0171v\u00e9szeti Egyetem hallgat\u00f3i. Muzsik\u00e1jukkal a K\u00e1rp\u00e1t-medence valamennyi dialektus ter\u00fclet\u00e9nek zenei anyag\u00e1t \u00e9s k\u00fcl\u00f6nf\u00e9le hangszereit keltett\u00e9k \u00e9letre. Nemcsak n\u00e9pzen\u00e9t hallgathatott a k\u00f6z\u00f6ns\u00e9g, de m\u00e9g a hangszerekr\u0151l is alapos ismertet\u00e9st kaptak. Rengeteg k\u00fcl\u00f6nleges hangszer volt hallhat\u00f3 ezen az est\u00e9n: cimbalom, t\u00e1rogat\u00f3, klarin\u00e9t, duda, furulya, tambura, \u00fct\u0151gardon, harmonika \u00e9s term\u00e9szetesen heged\u0171, br\u00e1csa, illetve nagyb\u0151g\u0151 is. Megsz\u00f3lalt a magyar n\u00e9pzene archaikusabb, r\u00e9gi st\u00edlusa, a v\u00e1rosias cig\u00e1nyzen\u00e9szek \u00fajabb st\u00edlus\u00fa j\u00e1t\u00e9km\u00f3dja, illetve rom\u00e1n \u00e9s d\u00e9lszl\u00e1v muzsika is egyar\u00e1nt. Nagy \u00f6r\u00f6m volt l\u00e1tni, hogy nemcsak magyarok \u00e9rdekl\u0151dtek a magyar n\u00e9pzene ir\u00e1nt, a k\u00f6z\u00f6ns\u00e9g soraiban sz\u00e9p sz\u00e1mmal foglaltak helyet n\u00e9met ajk\u00faak is. K\u00f6sz\u00f6nj\u00fck a Hajnalfa zenekarnak, hogy ilyen soksz\u00edn\u0171 \u00e9s v\u00e1ltozatos koncertben lehetett r\u00e9sz\u00fcnk. Rem\u00e9lj\u00fck, hogy m\u00e9g hallhatjuk \u0151ket a k\u00f6zelj\u00f6v\u0151ben. <\/p>\n\n\n\n<p>A zenekar tagjai: \u00d6rd\u00f6g Csenge, Rost\u00e1s \u00c1ron, Dobos Levente, Vellai Ferenc, Liszt\u00f3czki P\u00e9ter, Csern\u00e1k Attila. <\/p>\n\n\n\n<p>A fot\u00f3kat k\u00e9sz\u00edtette: Antal Barbara<\/p>\n\n\n\n<figure class=\"wp-block-gallery has-nested-images columns-default is-cropped wp-block-gallery-1 is-layout-flex wp-block-gallery-is-layout-flex\">\n<figure class=\"wp-block-image size-large\"><img loading=\"lazy\" decoding=\"async\" width=\"1024\" height=\"684\" data-id=\"7280\" src=\"https:\/\/buod.de\/wp-content\/uploads\/2024\/05\/Telthaz-a-Hajnalfa-Zenekar-koncertjen-1024x684.jpg\" alt=\"\" class=\"wp-image-7280\" srcset=\"https:\/\/buod.de\/wp-content\/uploads\/2024\/05\/Telthaz-a-Hajnalfa-Zenekar-koncertjen-1024x684.jpg 1024w, https:\/\/buod.de\/wp-content\/uploads\/2024\/05\/Telthaz-a-Hajnalfa-Zenekar-koncertjen-300x200.jpg 300w, https:\/\/buod.de\/wp-content\/uploads\/2024\/05\/Telthaz-a-Hajnalfa-Zenekar-koncertjen-768x513.jpg 768w, https:\/\/buod.de\/wp-content\/uploads\/2024\/05\/Telthaz-a-Hajnalfa-Zenekar-koncertjen-1536x1025.jpg 1536w, https:\/\/buod.de\/wp-content\/uploads\/2024\/05\/Telthaz-a-Hajnalfa-Zenekar-koncertjen-18x12.jpg 18w, https:\/\/buod.de\/wp-content\/uploads\/2024\/05\/Telthaz-a-Hajnalfa-Zenekar-koncertjen.jpg 2048w\" sizes=\"auto, (max-width: 1024px) 100vw, 1024px\" \/><\/figure>\n\n\n\n<figure class=\"wp-block-image size-large\"><img loading=\"lazy\" decoding=\"async\" width=\"1024\" height=\"684\" data-id=\"7278\" src=\"https:\/\/buod.de\/wp-content\/uploads\/2024\/05\/Hajnalfa-Zenekar-1024x684.jpg\" alt=\"\" class=\"wp-image-7278\" srcset=\"https:\/\/buod.de\/wp-content\/uploads\/2024\/05\/Hajnalfa-Zenekar-1024x684.jpg 1024w, https:\/\/buod.de\/wp-content\/uploads\/2024\/05\/Hajnalfa-Zenekar-300x200.jpg 300w, https:\/\/buod.de\/wp-content\/uploads\/2024\/05\/Hajnalfa-Zenekar-768x513.jpg 768w, https:\/\/buod.de\/wp-content\/uploads\/2024\/05\/Hajnalfa-Zenekar-1536x1025.jpg 1536w, https:\/\/buod.de\/wp-content\/uploads\/2024\/05\/Hajnalfa-Zenekar-18x12.jpg 18w, https:\/\/buod.de\/wp-content\/uploads\/2024\/05\/Hajnalfa-Zenekar.jpg 2048w\" sizes=\"auto, (max-width: 1024px) 100vw, 1024px\" \/><\/figure>\n\n\n\n<figure class=\"wp-block-image size-large\"><img loading=\"lazy\" decoding=\"async\" width=\"1024\" height=\"684\" data-id=\"7277\" src=\"https:\/\/buod.de\/wp-content\/uploads\/2024\/05\/Hajnalfa-Zenekar-koncertje-1024x684.jpg\" alt=\"\" class=\"wp-image-7277\" srcset=\"https:\/\/buod.de\/wp-content\/uploads\/2024\/05\/Hajnalfa-Zenekar-koncertje-1024x684.jpg 1024w, https:\/\/buod.de\/wp-content\/uploads\/2024\/05\/Hajnalfa-Zenekar-koncertje-300x200.jpg 300w, https:\/\/buod.de\/wp-content\/uploads\/2024\/05\/Hajnalfa-Zenekar-koncertje-768x513.jpg 768w, https:\/\/buod.de\/wp-content\/uploads\/2024\/05\/Hajnalfa-Zenekar-koncertje-1536x1025.jpg 1536w, https:\/\/buod.de\/wp-content\/uploads\/2024\/05\/Hajnalfa-Zenekar-koncertje-18x12.jpg 18w, https:\/\/buod.de\/wp-content\/uploads\/2024\/05\/Hajnalfa-Zenekar-koncertje.jpg 2048w\" sizes=\"auto, (max-width: 1024px) 100vw, 1024px\" \/><\/figure>\n\n\n\n<figure class=\"wp-block-image size-large\"><img loading=\"lazy\" decoding=\"async\" width=\"1024\" height=\"684\" data-id=\"7276\" src=\"https:\/\/buod.de\/wp-content\/uploads\/2024\/05\/Hajnalfa-Zenekar-Berlinben-1024x684.jpg\" alt=\"\" class=\"wp-image-7276\" srcset=\"https:\/\/buod.de\/wp-content\/uploads\/2024\/05\/Hajnalfa-Zenekar-Berlinben-1024x684.jpg 1024w, https:\/\/buod.de\/wp-content\/uploads\/2024\/05\/Hajnalfa-Zenekar-Berlinben-300x200.jpg 300w, https:\/\/buod.de\/wp-content\/uploads\/2024\/05\/Hajnalfa-Zenekar-Berlinben-768x513.jpg 768w, https:\/\/buod.de\/wp-content\/uploads\/2024\/05\/Hajnalfa-Zenekar-Berlinben-1536x1025.jpg 1536w, https:\/\/buod.de\/wp-content\/uploads\/2024\/05\/Hajnalfa-Zenekar-Berlinben-18x12.jpg 18w, https:\/\/buod.de\/wp-content\/uploads\/2024\/05\/Hajnalfa-Zenekar-Berlinben.jpg 2048w\" sizes=\"auto, (max-width: 1024px) 100vw, 1024px\" \/><\/figure>\n\n\n\n<figure class=\"wp-block-image size-large\"><img loading=\"lazy\" decoding=\"async\" width=\"1024\" height=\"684\" data-id=\"7275\" src=\"https:\/\/buod.de\/wp-content\/uploads\/2024\/05\/Hajnalfa-zenekar-felvetel-1024x684.jpg\" alt=\"\" class=\"wp-image-7275\" srcset=\"https:\/\/buod.de\/wp-content\/uploads\/2024\/05\/Hajnalfa-zenekar-felvetel-1024x684.jpg 1024w, https:\/\/buod.de\/wp-content\/uploads\/2024\/05\/Hajnalfa-zenekar-felvetel-300x200.jpg 300w, https:\/\/buod.de\/wp-content\/uploads\/2024\/05\/Hajnalfa-zenekar-felvetel-768x513.jpg 768w, https:\/\/buod.de\/wp-content\/uploads\/2024\/05\/Hajnalfa-zenekar-felvetel-1536x1025.jpg 1536w, https:\/\/buod.de\/wp-content\/uploads\/2024\/05\/Hajnalfa-zenekar-felvetel-18x12.jpg 18w, https:\/\/buod.de\/wp-content\/uploads\/2024\/05\/Hajnalfa-zenekar-felvetel.jpg 2048w\" sizes=\"auto, (max-width: 1024px) 100vw, 1024px\" \/><\/figure>\n\n\n\n<figure class=\"wp-block-image size-large\"><img loading=\"lazy\" decoding=\"async\" width=\"1024\" height=\"684\" data-id=\"7274\" src=\"https:\/\/buod.de\/wp-content\/uploads\/2024\/05\/440576448_984076600387759_7236568660779569067_n-1024x684.jpg\" alt=\"\" class=\"wp-image-7274\" srcset=\"https:\/\/buod.de\/wp-content\/uploads\/2024\/05\/440576448_984076600387759_7236568660779569067_n-1024x684.jpg 1024w, https:\/\/buod.de\/wp-content\/uploads\/2024\/05\/440576448_984076600387759_7236568660779569067_n-300x200.jpg 300w, https:\/\/buod.de\/wp-content\/uploads\/2024\/05\/440576448_984076600387759_7236568660779569067_n-768x513.jpg 768w, https:\/\/buod.de\/wp-content\/uploads\/2024\/05\/440576448_984076600387759_7236568660779569067_n-1536x1025.jpg 1536w, https:\/\/buod.de\/wp-content\/uploads\/2024\/05\/440576448_984076600387759_7236568660779569067_n-18x12.jpg 18w, https:\/\/buod.de\/wp-content\/uploads\/2024\/05\/440576448_984076600387759_7236568660779569067_n.jpg 2048w\" sizes=\"auto, (max-width: 1024px) 100vw, 1024px\" \/><\/figure>\n\n\n\n<figure class=\"wp-block-image size-large\"><img loading=\"lazy\" decoding=\"async\" width=\"684\" height=\"1024\" data-id=\"7273\" src=\"https:\/\/buod.de\/wp-content\/uploads\/2024\/05\/438749446_984076020387817_3866259895565024645_n-684x1024.jpg\" alt=\"\" class=\"wp-image-7273\" srcset=\"https:\/\/buod.de\/wp-content\/uploads\/2024\/05\/438749446_984076020387817_3866259895565024645_n-684x1024.jpg 684w, https:\/\/buod.de\/wp-content\/uploads\/2024\/05\/438749446_984076020387817_3866259895565024645_n-200x300.jpg 200w, https:\/\/buod.de\/wp-content\/uploads\/2024\/05\/438749446_984076020387817_3866259895565024645_n-768x1150.jpg 768w, https:\/\/buod.de\/wp-content\/uploads\/2024\/05\/438749446_984076020387817_3866259895565024645_n-1026x1536.jpg 1026w, https:\/\/buod.de\/wp-content\/uploads\/2024\/05\/438749446_984076020387817_3866259895565024645_n-8x12.jpg 8w, https:\/\/buod.de\/wp-content\/uploads\/2024\/05\/438749446_984076020387817_3866259895565024645_n.jpg 1368w\" sizes=\"auto, (max-width: 684px) 100vw, 684px\" \/><\/figure>\n<\/figure>","protected":false},"excerpt":{"rendered":"<p>Fergeteges n\u00e9pzenei koncerten vehetett r\u00e9szt a berlini k\u00f6z\u00f6ns\u00e9g a Collegium Hungaricum Berlinben 2024. \u00e1prilis 19-\u00e9n. A Berlini Fon\u00f3 N\u00e9pt\u00e1ncegy\u00fcttes \u00e9s a Collegium Hungaricum Berlin k\u00f6z\u00f6s szervez\u00e9s\u00e9ben j\u00f6hetett l\u00e9tre a Hajnalfa zenekar els\u0151 koncertje Berlinben. A tehets\u00e9ges, magyarorsz\u00e1gi fiatalokat az egy\u00fctt muzsik\u00e1l\u00e1s \u00f6r\u00f6me \u00e9s a n\u00e9pzene ir\u00e1nti szeretet hozta \u00f6ssze. A fel\u00e1ll\u00e1suk tagjai jelenleg a budapesti [&hellip;]<\/p>\n","protected":false},"author":4,"featured_media":7276,"comment_status":"open","ping_status":"open","sticky":false,"template":"","format":"standard","meta":{"footnotes":""},"categories":[17],"tags":[22],"class_list":["post-7281","post","type-post","status-publish","format-standard","has-post-thumbnail","hentry","category-hirek","tag-22"],"yoast_head":"<!-- This site is optimized with the Yoast SEO plugin v27.5 - https:\/\/yoast.com\/product\/yoast-seo-wordpress\/ -->\n<title>N\u00e9pzenei koncert Berlinben - BUOD<\/title>\n<meta name=\"robots\" content=\"index, follow, max-snippet:-1, max-image-preview:large, max-video-preview:-1\" \/>\n<link rel=\"canonical\" href=\"https:\/\/buod.de\/de\/nepzenei-koncert-berlinben\/\" \/>\n<meta property=\"og:locale\" content=\"de_DE\" \/>\n<meta property=\"og:type\" content=\"article\" \/>\n<meta property=\"og:title\" content=\"N\u00e9pzenei koncert Berlinben - BUOD\" \/>\n<meta property=\"og:description\" content=\"Fergeteges n\u00e9pzenei koncerten vehetett r\u00e9szt a berlini k\u00f6z\u00f6ns\u00e9g a Collegium Hungaricum Berlinben 2024. \u00e1prilis 19-\u00e9n. A Berlini Fon\u00f3 N\u00e9pt\u00e1ncegy\u00fcttes \u00e9s a Collegium Hungaricum Berlin k\u00f6z\u00f6s szervez\u00e9s\u00e9ben j\u00f6hetett l\u00e9tre a Hajnalfa zenekar els\u0151 koncertje Berlinben. A tehets\u00e9ges, magyarorsz\u00e1gi fiatalokat az egy\u00fctt muzsik\u00e1l\u00e1s \u00f6r\u00f6me \u00e9s a n\u00e9pzene ir\u00e1nti szeretet hozta \u00f6ssze. A fel\u00e1ll\u00e1suk tagjai jelenleg a budapesti [&hellip;]\" \/>\n<meta property=\"og:url\" content=\"https:\/\/buod.de\/de\/nepzenei-koncert-berlinben\/\" \/>\n<meta property=\"og:site_name\" content=\"BUOD\" \/>\n<meta property=\"article:publisher\" content=\"https:\/\/www.facebook.com\/profile.php?id=100082185652397\" \/>\n<meta property=\"article:published_time\" content=\"2024-05-09T16:54:33+00:00\" \/>\n<meta property=\"article:modified_time\" content=\"2024-05-14T16:55:54+00:00\" \/>\n<meta property=\"og:image\" content=\"https:\/\/buod.de\/wp-content\/uploads\/2024\/05\/Hajnalfa-Zenekar-Berlinben.jpg\" \/>\n\t<meta property=\"og:image:width\" content=\"2048\" \/>\n\t<meta property=\"og:image:height\" content=\"1367\" \/>\n\t<meta property=\"og:image:type\" content=\"image\/jpeg\" \/>\n<meta name=\"author\" content=\"Gery V\u00e1rkonyi\" \/>\n<meta name=\"twitter:card\" content=\"summary_large_image\" \/>\n<meta name=\"twitter:label1\" content=\"Written by\" \/>\n\t<meta name=\"twitter:data1\" content=\"Gery V\u00e1rkonyi\" \/>\n\t<meta name=\"twitter:label2\" content=\"Est. reading time\" \/>\n\t<meta name=\"twitter:data2\" content=\"1 minute\" \/>\n<script type=\"application\/ld+json\" class=\"yoast-schema-graph\">{\"@context\":\"https:\\\/\\\/schema.org\",\"@graph\":[{\"@type\":\"Article\",\"@id\":\"https:\\\/\\\/buod.de\\\/nepzenei-koncert-berlinben\\\/#article\",\"isPartOf\":{\"@id\":\"https:\\\/\\\/buod.de\\\/nepzenei-koncert-berlinben\\\/\"},\"author\":{\"name\":\"Gery V\u00e1rkonyi\",\"@id\":\"https:\\\/\\\/buod.de\\\/#\\\/schema\\\/person\\\/8332a3e63b017fea8fcd17e9c0f96bf1\"},\"headline\":\"N\u00e9pzenei koncert Berlinben\",\"datePublished\":\"2024-05-09T16:54:33+00:00\",\"dateModified\":\"2024-05-14T16:55:54+00:00\",\"mainEntityOfPage\":{\"@id\":\"https:\\\/\\\/buod.de\\\/nepzenei-koncert-berlinben\\\/\"},\"wordCount\":296,\"commentCount\":0,\"publisher\":{\"@id\":\"https:\\\/\\\/buod.de\\\/#organization\"},\"image\":{\"@id\":\"https:\\\/\\\/buod.de\\\/nepzenei-koncert-berlinben\\\/#primaryimage\"},\"thumbnailUrl\":\"https:\\\/\\\/buod.de\\\/wp-content\\\/uploads\\\/2024\\\/05\\\/Hajnalfa-Zenekar-Berlinben.jpg\",\"keywords\":[\"2024\"],\"articleSection\":[\"H\u00edrek\"],\"inLanguage\":\"de-DE\",\"potentialAction\":[{\"@type\":\"CommentAction\",\"name\":\"Comment\",\"target\":[\"https:\\\/\\\/buod.de\\\/nepzenei-koncert-berlinben\\\/#respond\"]}]},{\"@type\":\"WebPage\",\"@id\":\"https:\\\/\\\/buod.de\\\/nepzenei-koncert-berlinben\\\/\",\"url\":\"https:\\\/\\\/buod.de\\\/nepzenei-koncert-berlinben\\\/\",\"name\":\"N\u00e9pzenei koncert Berlinben - BUOD\",\"isPartOf\":{\"@id\":\"https:\\\/\\\/buod.de\\\/#website\"},\"primaryImageOfPage\":{\"@id\":\"https:\\\/\\\/buod.de\\\/nepzenei-koncert-berlinben\\\/#primaryimage\"},\"image\":{\"@id\":\"https:\\\/\\\/buod.de\\\/nepzenei-koncert-berlinben\\\/#primaryimage\"},\"thumbnailUrl\":\"https:\\\/\\\/buod.de\\\/wp-content\\\/uploads\\\/2024\\\/05\\\/Hajnalfa-Zenekar-Berlinben.jpg\",\"datePublished\":\"2024-05-09T16:54:33+00:00\",\"dateModified\":\"2024-05-14T16:55:54+00:00\",\"breadcrumb\":{\"@id\":\"https:\\\/\\\/buod.de\\\/nepzenei-koncert-berlinben\\\/#breadcrumb\"},\"inLanguage\":\"de-DE\",\"potentialAction\":[{\"@type\":\"ReadAction\",\"target\":[\"https:\\\/\\\/buod.de\\\/nepzenei-koncert-berlinben\\\/\"]}]},{\"@type\":\"ImageObject\",\"inLanguage\":\"de-DE\",\"@id\":\"https:\\\/\\\/buod.de\\\/nepzenei-koncert-berlinben\\\/#primaryimage\",\"url\":\"https:\\\/\\\/buod.de\\\/wp-content\\\/uploads\\\/2024\\\/05\\\/Hajnalfa-Zenekar-Berlinben.jpg\",\"contentUrl\":\"https:\\\/\\\/buod.de\\\/wp-content\\\/uploads\\\/2024\\\/05\\\/Hajnalfa-Zenekar-Berlinben.jpg\",\"width\":2048,\"height\":1367},{\"@type\":\"BreadcrumbList\",\"@id\":\"https:\\\/\\\/buod.de\\\/nepzenei-koncert-berlinben\\\/#breadcrumb\",\"itemListElement\":[{\"@type\":\"ListItem\",\"position\":1,\"name\":\"Kezd\u0151lap\",\"item\":\"https:\\\/\\\/buod.de\\\/\"},{\"@type\":\"ListItem\",\"position\":2,\"name\":\"N\u00e9pzenei koncert Berlinben\"}]},{\"@type\":\"WebSite\",\"@id\":\"https:\\\/\\\/buod.de\\\/#website\",\"url\":\"https:\\\/\\\/buod.de\\\/\",\"name\":\"BUOD\",\"description\":\"Bund Ungarischer Organisationen in Deutschland\",\"publisher\":{\"@id\":\"https:\\\/\\\/buod.de\\\/#organization\"},\"potentialAction\":[{\"@type\":\"SearchAction\",\"target\":{\"@type\":\"EntryPoint\",\"urlTemplate\":\"https:\\\/\\\/buod.de\\\/?s={search_term_string}\"},\"query-input\":{\"@type\":\"PropertyValueSpecification\",\"valueRequired\":true,\"valueName\":\"search_term_string\"}}],\"inLanguage\":\"de-DE\"},{\"@type\":\"Organization\",\"@id\":\"https:\\\/\\\/buod.de\\\/#organization\",\"name\":\"BUOD\",\"url\":\"https:\\\/\\\/buod.de\\\/\",\"logo\":{\"@type\":\"ImageObject\",\"inLanguage\":\"de-DE\",\"@id\":\"https:\\\/\\\/buod.de\\\/#\\\/schema\\\/logo\\\/image\\\/\",\"url\":\"https:\\\/\\\/buod.de\\\/wp-content\\\/uploads\\\/2024\\\/03\\\/BUOD-logo.png\",\"contentUrl\":\"https:\\\/\\\/buod.de\\\/wp-content\\\/uploads\\\/2024\\\/03\\\/BUOD-logo.png\",\"width\":586,\"height\":490,\"caption\":\"BUOD\"},\"image\":{\"@id\":\"https:\\\/\\\/buod.de\\\/#\\\/schema\\\/logo\\\/image\\\/\"},\"sameAs\":[\"https:\\\/\\\/www.facebook.com\\\/profile.php?id=100082185652397\"]},{\"@type\":\"Person\",\"@id\":\"https:\\\/\\\/buod.de\\\/#\\\/schema\\\/person\\\/8332a3e63b017fea8fcd17e9c0f96bf1\",\"name\":\"Gery V\u00e1rkonyi\",\"image\":{\"@type\":\"ImageObject\",\"inLanguage\":\"de-DE\",\"@id\":\"https:\\\/\\\/secure.gravatar.com\\\/avatar\\\/c1babe7dc68f065be4ec606c522172804715398688c78c6fffca3888b364e934?s=96&d=mm&r=g\",\"url\":\"https:\\\/\\\/secure.gravatar.com\\\/avatar\\\/c1babe7dc68f065be4ec606c522172804715398688c78c6fffca3888b364e934?s=96&d=mm&r=g\",\"contentUrl\":\"https:\\\/\\\/secure.gravatar.com\\\/avatar\\\/c1babe7dc68f065be4ec606c522172804715398688c78c6fffca3888b364e934?s=96&d=mm&r=g\",\"caption\":\"Gery V\u00e1rkonyi\"},\"url\":\"https:\\\/\\\/buod.de\\\/de\\\/author\\\/geryvarkonyi\\\/\"}]}<\/script>\n<!-- \/ Yoast SEO plugin. -->","yoast_head_json":{"title":"N\u00e9pzenei koncert Berlinben - BUOD","robots":{"index":"index","follow":"follow","max-snippet":"max-snippet:-1","max-image-preview":"max-image-preview:large","max-video-preview":"max-video-preview:-1"},"canonical":"https:\/\/buod.de\/de\/nepzenei-koncert-berlinben\/","og_locale":"de_DE","og_type":"article","og_title":"N\u00e9pzenei koncert Berlinben - BUOD","og_description":"Fergeteges n\u00e9pzenei koncerten vehetett r\u00e9szt a berlini k\u00f6z\u00f6ns\u00e9g a Collegium Hungaricum Berlinben 2024. \u00e1prilis 19-\u00e9n. A Berlini Fon\u00f3 N\u00e9pt\u00e1ncegy\u00fcttes \u00e9s a Collegium Hungaricum Berlin k\u00f6z\u00f6s szervez\u00e9s\u00e9ben j\u00f6hetett l\u00e9tre a Hajnalfa zenekar els\u0151 koncertje Berlinben. A tehets\u00e9ges, magyarorsz\u00e1gi fiatalokat az egy\u00fctt muzsik\u00e1l\u00e1s \u00f6r\u00f6me \u00e9s a n\u00e9pzene ir\u00e1nti szeretet hozta \u00f6ssze. A fel\u00e1ll\u00e1suk tagjai jelenleg a budapesti [&hellip;]","og_url":"https:\/\/buod.de\/de\/nepzenei-koncert-berlinben\/","og_site_name":"BUOD","article_publisher":"https:\/\/www.facebook.com\/profile.php?id=100082185652397","article_published_time":"2024-05-09T16:54:33+00:00","article_modified_time":"2024-05-14T16:55:54+00:00","og_image":[{"width":2048,"height":1367,"url":"https:\/\/buod.de\/wp-content\/uploads\/2024\/05\/Hajnalfa-Zenekar-Berlinben.jpg","type":"image\/jpeg"}],"author":"Gery V\u00e1rkonyi","twitter_card":"summary_large_image","twitter_misc":{"Written by":"Gery V\u00e1rkonyi","Est. reading time":"1 minute"},"schema":{"@context":"https:\/\/schema.org","@graph":[{"@type":"Article","@id":"https:\/\/buod.de\/nepzenei-koncert-berlinben\/#article","isPartOf":{"@id":"https:\/\/buod.de\/nepzenei-koncert-berlinben\/"},"author":{"name":"Gery V\u00e1rkonyi","@id":"https:\/\/buod.de\/#\/schema\/person\/8332a3e63b017fea8fcd17e9c0f96bf1"},"headline":"N\u00e9pzenei koncert Berlinben","datePublished":"2024-05-09T16:54:33+00:00","dateModified":"2024-05-14T16:55:54+00:00","mainEntityOfPage":{"@id":"https:\/\/buod.de\/nepzenei-koncert-berlinben\/"},"wordCount":296,"commentCount":0,"publisher":{"@id":"https:\/\/buod.de\/#organization"},"image":{"@id":"https:\/\/buod.de\/nepzenei-koncert-berlinben\/#primaryimage"},"thumbnailUrl":"https:\/\/buod.de\/wp-content\/uploads\/2024\/05\/Hajnalfa-Zenekar-Berlinben.jpg","keywords":["2024"],"articleSection":["H\u00edrek"],"inLanguage":"de-DE","potentialAction":[{"@type":"CommentAction","name":"Comment","target":["https:\/\/buod.de\/nepzenei-koncert-berlinben\/#respond"]}]},{"@type":"WebPage","@id":"https:\/\/buod.de\/nepzenei-koncert-berlinben\/","url":"https:\/\/buod.de\/nepzenei-koncert-berlinben\/","name":"N\u00e9pzenei koncert Berlinben - BUOD","isPartOf":{"@id":"https:\/\/buod.de\/#website"},"primaryImageOfPage":{"@id":"https:\/\/buod.de\/nepzenei-koncert-berlinben\/#primaryimage"},"image":{"@id":"https:\/\/buod.de\/nepzenei-koncert-berlinben\/#primaryimage"},"thumbnailUrl":"https:\/\/buod.de\/wp-content\/uploads\/2024\/05\/Hajnalfa-Zenekar-Berlinben.jpg","datePublished":"2024-05-09T16:54:33+00:00","dateModified":"2024-05-14T16:55:54+00:00","breadcrumb":{"@id":"https:\/\/buod.de\/nepzenei-koncert-berlinben\/#breadcrumb"},"inLanguage":"de-DE","potentialAction":[{"@type":"ReadAction","target":["https:\/\/buod.de\/nepzenei-koncert-berlinben\/"]}]},{"@type":"ImageObject","inLanguage":"de-DE","@id":"https:\/\/buod.de\/nepzenei-koncert-berlinben\/#primaryimage","url":"https:\/\/buod.de\/wp-content\/uploads\/2024\/05\/Hajnalfa-Zenekar-Berlinben.jpg","contentUrl":"https:\/\/buod.de\/wp-content\/uploads\/2024\/05\/Hajnalfa-Zenekar-Berlinben.jpg","width":2048,"height":1367},{"@type":"BreadcrumbList","@id":"https:\/\/buod.de\/nepzenei-koncert-berlinben\/#breadcrumb","itemListElement":[{"@type":"ListItem","position":1,"name":"Kezd\u0151lap","item":"https:\/\/buod.de\/"},{"@type":"ListItem","position":2,"name":"N\u00e9pzenei koncert Berlinben"}]},{"@type":"WebSite","@id":"https:\/\/buod.de\/#website","url":"https:\/\/buod.de\/","name":"BUOD","description":"Bund Ungarischer Organisationen in Deutschland","publisher":{"@id":"https:\/\/buod.de\/#organization"},"potentialAction":[{"@type":"SearchAction","target":{"@type":"EntryPoint","urlTemplate":"https:\/\/buod.de\/?s={search_term_string}"},"query-input":{"@type":"PropertyValueSpecification","valueRequired":true,"valueName":"search_term_string"}}],"inLanguage":"de-DE"},{"@type":"Organization","@id":"https:\/\/buod.de\/#organization","name":"BUOD","url":"https:\/\/buod.de\/","logo":{"@type":"ImageObject","inLanguage":"de-DE","@id":"https:\/\/buod.de\/#\/schema\/logo\/image\/","url":"https:\/\/buod.de\/wp-content\/uploads\/2024\/03\/BUOD-logo.png","contentUrl":"https:\/\/buod.de\/wp-content\/uploads\/2024\/03\/BUOD-logo.png","width":586,"height":490,"caption":"BUOD"},"image":{"@id":"https:\/\/buod.de\/#\/schema\/logo\/image\/"},"sameAs":["https:\/\/www.facebook.com\/profile.php?id=100082185652397"]},{"@type":"Person","@id":"https:\/\/buod.de\/#\/schema\/person\/8332a3e63b017fea8fcd17e9c0f96bf1","name":"Gery V\u00e1rkonyi","image":{"@type":"ImageObject","inLanguage":"de-DE","@id":"https:\/\/secure.gravatar.com\/avatar\/c1babe7dc68f065be4ec606c522172804715398688c78c6fffca3888b364e934?s=96&d=mm&r=g","url":"https:\/\/secure.gravatar.com\/avatar\/c1babe7dc68f065be4ec606c522172804715398688c78c6fffca3888b364e934?s=96&d=mm&r=g","contentUrl":"https:\/\/secure.gravatar.com\/avatar\/c1babe7dc68f065be4ec606c522172804715398688c78c6fffca3888b364e934?s=96&d=mm&r=g","caption":"Gery V\u00e1rkonyi"},"url":"https:\/\/buod.de\/de\/author\/geryvarkonyi\/"}]}},"_links":{"self":[{"href":"https:\/\/buod.de\/de\/wp-json\/wp\/v2\/posts\/7281","targetHints":{"allow":["GET"]}}],"collection":[{"href":"https:\/\/buod.de\/de\/wp-json\/wp\/v2\/posts"}],"about":[{"href":"https:\/\/buod.de\/de\/wp-json\/wp\/v2\/types\/post"}],"author":[{"embeddable":true,"href":"https:\/\/buod.de\/de\/wp-json\/wp\/v2\/users\/4"}],"replies":[{"embeddable":true,"href":"https:\/\/buod.de\/de\/wp-json\/wp\/v2\/comments?post=7281"}],"version-history":[{"count":2,"href":"https:\/\/buod.de\/de\/wp-json\/wp\/v2\/posts\/7281\/revisions"}],"predecessor-version":[{"id":7283,"href":"https:\/\/buod.de\/de\/wp-json\/wp\/v2\/posts\/7281\/revisions\/7283"}],"wp:featuredmedia":[{"embeddable":true,"href":"https:\/\/buod.de\/de\/wp-json\/wp\/v2\/media\/7276"}],"wp:attachment":[{"href":"https:\/\/buod.de\/de\/wp-json\/wp\/v2\/media?parent=7281"}],"wp:term":[{"taxonomy":"category","embeddable":true,"href":"https:\/\/buod.de\/de\/wp-json\/wp\/v2\/categories?post=7281"},{"taxonomy":"post_tag","embeddable":true,"href":"https:\/\/buod.de\/de\/wp-json\/wp\/v2\/tags?post=7281"}],"curies":[{"name":"wp","href":"https:\/\/api.w.org\/{rel}","templated":true}]}}