{"id":7288,"date":"2024-05-09T16:59:52","date_gmt":"2024-05-09T16:59:52","guid":{"rendered":"https:\/\/dev.buod.de\/?p=7288"},"modified":"2024-05-14T17:01:13","modified_gmt":"2024-05-14T17:01:13","slug":"neptanc-workshop-es-tanchaz-berlinben","status":"publish","type":"post","link":"https:\/\/buod.de\/de\/neptanc-workshop-es-tanchaz-berlinben\/","title":{"rendered":"N\u00e9pt\u00e1nc workshop \u00e9s t\u00e1nch\u00e1z Berlinben"},"content":{"rendered":"<p><br>A Berlini Fon\u00f3 N\u00e9pt\u00e1ncegy\u00fcttes n\u00e9pt\u00e1nch\u00e9tv\u00e9g\u00e9t szervezett k\u00e9tnapos t\u00e1ncworkshoppal \u00e9s t\u00e1nch\u00e1zzal minden t\u00e1nckedvel\u0151 \u00e9s \u00e9rdekl\u0151d\u0151 sz\u00e1m\u00e1ra. A t\u00e1ncworkshop t\u00e9m\u00e1ja a felcs\u00edki t\u00e1ncok voltak. Ami miatt nagyon k\u00fcl\u00f6nleges volt a szombati nap, hogy a t\u00e1nctan\u00edt\u00e1s alatt is \u00e9l\u0151 zen\u00e9re gyakorolhattak a r\u00e9sztvev\u0151k. Vend\u00e9g\u00fcnk volt eg\u00e9sz h\u00e9tv\u00e9g\u00e9n ugyanis a Hajnalfa Zenekar Budapestr\u0151l, akik a p\u00e9nteki napon n\u00e9pzenei koncertet is adtak a Collegium Hungaricum Berlinben, \u00e9s szombaton is eg\u00e9sz nap zen\u00e9ltek a t\u00e1ncworkshopon \u00e9s az esti t\u00e1nch\u00e1zban. <\/p>\n\n\n\n<p>A h\u00e9tv\u00e9ge t\u00e1ncoktat\u00f3i, az egy\u00fcttes jelenlegi t\u00e1nctan\u00e1rai, Szab\u00f3 Zsombor, a Magyar \u00c1llami N\u00e9pi Egy\u00fcttes tagja \u00e9s Dim\u00e9ny Eszter, a nagyv\u00e1radi Csillagocska Alap\u00edtv\u00e1ny egykori n\u00e9pt\u00e1ncoktat\u00f3ja voltak. Zsombor \u00e9s Eszter egy\u00fctt vezetik a Berlini Fon\u00f3 N\u00e9pt\u00e1ncegy\u00fcttes pr\u00f3b\u00e1it is, azonban ez volt az els\u0151, k\u00f6z\u00f6s, eg\u00e9sznapos tan\u00edt\u00e1suk egy\u00fctt, r\u00e1ad\u00e1sul az esti t\u00e1nch\u00e1z h\u00e1zigazd\u00e1i \u00e9s tan\u00e1rai is \u0151k voltak. Harmonikusan dolgoztak egy\u00fctt a h\u00e9tv\u00e9ge alatt. Rengeteg pozit\u00edv visszajelz\u00e9st kaptak felk\u00e9sz\u00fclts\u00e9g\u00fck, szakmai tud\u00e1suk, tan\u00edt\u00e1si st\u00edlusuk \u00e9s m\u00e9g a humoruk miatt is. Akik r\u00e9szt vettek az eg\u00e9sz h\u00e9tv\u00e9g\u00e9n, biztos alapokat saj\u00e1t\u00edthattak el a felcs\u00edki t\u00e1ncokb\u00f3l. A t\u00e1ncok mellett a vid\u00e9k n\u00e9pdalaival is megismerkedhett\u00fcnk, amelyben \u00d6rd\u00f6g Csenge, a Hajnalfa Zenekar n\u00e9pdal\u00e9nekese volt a seg\u00edts\u00e9g\u00fcnkre. <\/p>\n\n\n\n<p>A Collegium Hungaricum Berlinben folyt a t\u00e1nctan\u00edt\u00e1s, majd a workshopot ugyanitt gyerekt\u00e1nch\u00e1z k\u00f6vette, amelyen k\u00f6zel negyven gyerek vett r\u00e9szt. A moldvai k\u00f6rt\u00e1ncokon k\u00edv\u00fcl, j\u00f3magam, Toll\u00e1r Ivett \u00e9s Luk\u00e1cs Henrietta, tan\u00edtottunk m\u00e9g ugr\u00f3s t\u00e1ncokat is kecskeduda k\u00eds\u00e9ret\u00e9ben. A gyerekt\u00e1nch\u00e1z ut\u00e1n fell\u00e9p\u00e9sekkel ny\u00edlt meg az esti mulats\u00e1g, a feln\u0151tt t\u00e1nch\u00e1z. A Berlini Fon\u00f3 N\u00e9pt\u00e1ncegy\u00fcttes k\u00e9t koreogr\u00e1fi\u00e1val is fell\u00e9pett: a szatm\u00e1ri \u00e9s a ny\u00e1r\u00e1dmagyar\u00f3si t\u00e1ncokkal, valamint sz\u00ednpadra l\u00e9pett a Berlini Kis Fon\u00f3 N\u00e9pt\u00e1ncegy\u00fcttes is. Vend\u00e9geink voltak m\u00e9g a Berlini Magyar K\u00f3rus, akik dalaikkal, jelenl\u00e9t\u00fckkel sz\u00ednes\u00edtett\u00e9k az est\u00e9t. Az esti t\u00e1nch\u00e1z igaz\u00e1n fergeteges hangulat\u00fa volt, nem voltak \u201epihen\u0151k\u201d, \u201en\u00e9z\u0151k\u201d a t\u00e1ncsz\u0151nyeg k\u00f6r\u00fcl, minden perc\u00e9t kihaszn\u00e1ltuk, hogy egy\u00fctt t\u00e1ncolhatunk. <\/p>\n\n\n\n<p>A n\u00e9pt\u00e1nc workshop r\u00e9sztvev\u0151i majdnem harmincan voltak, ami azt is jelenti, hogy az eddigi legn\u00e9pszer\u0171bb h\u00e9tv\u00e9g\u00e9nk volt ez az \u00e1prilisi t\u00e1nch\u00e9tv\u00e9ge. Vas\u00e1rnap, ugyan m\u00e1r zenekar n\u00e9lk\u00fcl, de ann\u00e1l nagyobb lelkesed\u00e9ssel ism\u00e9telt\u00e9k \u00e1t a r\u00e9sztvev\u0151k az el\u0151z\u0151 napon tanultakat, \u00e9s vettek \u00faj l\u00e9p\u00e9seket, csap\u00e1sokat. <\/p>\n\n\n\n<p>Rem\u00e9lj\u00fck, hogy a k\u00f6vetkez\u0151 esem\u00e9ny\u00fcnk\u00f6n is ilyen sz\u00e9p sz\u00e1mban tal\u00e1lkozunk.<\/p>\n\n\n\n<figure class=\"wp-block-gallery has-nested-images columns-default is-cropped wp-block-gallery-1 is-layout-flex wp-block-gallery-is-layout-flex\">\n<figure class=\"wp-block-image size-large\"><img loading=\"lazy\" decoding=\"async\" width=\"1024\" height=\"576\" data-id=\"7289\" src=\"https:\/\/buod.de\/wp-content\/uploads\/2024\/05\/Nepdaltanulas-1024x576.jpeg\" alt=\"\" class=\"wp-image-7289\" srcset=\"https:\/\/buod.de\/wp-content\/uploads\/2024\/05\/Nepdaltanulas-1024x576.jpeg 1024w, https:\/\/buod.de\/wp-content\/uploads\/2024\/05\/Nepdaltanulas-300x169.jpeg 300w, https:\/\/buod.de\/wp-content\/uploads\/2024\/05\/Nepdaltanulas-768x432.jpeg 768w, https:\/\/buod.de\/wp-content\/uploads\/2024\/05\/Nepdaltanulas-1536x864.jpeg 1536w, https:\/\/buod.de\/wp-content\/uploads\/2024\/05\/Nepdaltanulas-18x10.jpeg 18w, https:\/\/buod.de\/wp-content\/uploads\/2024\/05\/Nepdaltanulas.jpeg 2048w\" sizes=\"auto, (max-width: 1024px) 100vw, 1024px\" \/><\/figure>\n\n\n\n<figure class=\"wp-block-image size-large\"><img loading=\"lazy\" decoding=\"async\" width=\"1024\" height=\"461\" data-id=\"7287\" src=\"https:\/\/buod.de\/wp-content\/uploads\/2024\/05\/Felcsiki-tancworkshop-1024x461.jpg\" alt=\"\" class=\"wp-image-7287\" srcset=\"https:\/\/buod.de\/wp-content\/uploads\/2024\/05\/Felcsiki-tancworkshop-1024x461.jpg 1024w, https:\/\/buod.de\/wp-content\/uploads\/2024\/05\/Felcsiki-tancworkshop-300x135.jpg 300w, https:\/\/buod.de\/wp-content\/uploads\/2024\/05\/Felcsiki-tancworkshop-768x346.jpg 768w, https:\/\/buod.de\/wp-content\/uploads\/2024\/05\/Felcsiki-tancworkshop-1536x692.jpg 1536w, https:\/\/buod.de\/wp-content\/uploads\/2024\/05\/Felcsiki-tancworkshop-18x8.jpg 18w, https:\/\/buod.de\/wp-content\/uploads\/2024\/05\/Felcsiki-tancworkshop.jpg 2048w\" sizes=\"auto, (max-width: 1024px) 100vw, 1024px\" \/><\/figure>\n\n\n\n<figure class=\"wp-block-image size-large\"><img loading=\"lazy\" decoding=\"async\" width=\"1024\" height=\"472\" data-id=\"7286\" src=\"https:\/\/buod.de\/wp-content\/uploads\/2024\/05\/Berlini-Kis-Fono-fellepese-1024x472.jpeg\" alt=\"\" class=\"wp-image-7286\" srcset=\"https:\/\/buod.de\/wp-content\/uploads\/2024\/05\/Berlini-Kis-Fono-fellepese-1024x472.jpeg 1024w, https:\/\/buod.de\/wp-content\/uploads\/2024\/05\/Berlini-Kis-Fono-fellepese-300x138.jpeg 300w, https:\/\/buod.de\/wp-content\/uploads\/2024\/05\/Berlini-Kis-Fono-fellepese-768x354.jpeg 768w, https:\/\/buod.de\/wp-content\/uploads\/2024\/05\/Berlini-Kis-Fono-fellepese-1536x708.jpeg 1536w, https:\/\/buod.de\/wp-content\/uploads\/2024\/05\/Berlini-Kis-Fono-fellepese-18x8.jpeg 18w, https:\/\/buod.de\/wp-content\/uploads\/2024\/05\/Berlini-Kis-Fono-fellepese.jpeg 2000w\" sizes=\"auto, (max-width: 1024px) 100vw, 1024px\" \/><\/figure>\n\n\n\n<figure class=\"wp-block-image size-large\"><img loading=\"lazy\" decoding=\"async\" width=\"1024\" height=\"472\" data-id=\"7285\" src=\"https:\/\/buod.de\/wp-content\/uploads\/2024\/05\/Berlini-Fono-fellepese-1024x472.jpeg\" alt=\"\" class=\"wp-image-7285\" srcset=\"https:\/\/buod.de\/wp-content\/uploads\/2024\/05\/Berlini-Fono-fellepese-1024x472.jpeg 1024w, https:\/\/buod.de\/wp-content\/uploads\/2024\/05\/Berlini-Fono-fellepese-300x138.jpeg 300w, https:\/\/buod.de\/wp-content\/uploads\/2024\/05\/Berlini-Fono-fellepese-768x354.jpeg 768w, https:\/\/buod.de\/wp-content\/uploads\/2024\/05\/Berlini-Fono-fellepese-1536x708.jpeg 1536w, https:\/\/buod.de\/wp-content\/uploads\/2024\/05\/Berlini-Fono-fellepese-18x8.jpeg 18w, https:\/\/buod.de\/wp-content\/uploads\/2024\/05\/Berlini-Fono-fellepese.jpeg 2000w\" sizes=\"auto, (max-width: 1024px) 100vw, 1024px\" \/><\/figure>\n\n\n\n<figure class=\"wp-block-image size-large\"><img loading=\"lazy\" decoding=\"async\" width=\"1024\" height=\"576\" data-id=\"7284\" src=\"https:\/\/buod.de\/wp-content\/uploads\/2024\/05\/Tanchetvege-1024x576.jpeg\" alt=\"\" class=\"wp-image-7284\" srcset=\"https:\/\/buod.de\/wp-content\/uploads\/2024\/05\/Tanchetvege-1024x576.jpeg 1024w, https:\/\/buod.de\/wp-content\/uploads\/2024\/05\/Tanchetvege-300x169.jpeg 300w, https:\/\/buod.de\/wp-content\/uploads\/2024\/05\/Tanchetvege-768x432.jpeg 768w, https:\/\/buod.de\/wp-content\/uploads\/2024\/05\/Tanchetvege-1536x864.jpeg 1536w, https:\/\/buod.de\/wp-content\/uploads\/2024\/05\/Tanchetvege-18x10.jpeg 18w, https:\/\/buod.de\/wp-content\/uploads\/2024\/05\/Tanchetvege.jpeg 2048w\" sizes=\"auto, (max-width: 1024px) 100vw, 1024px\" \/><\/figure>\n<\/figure>","protected":false},"excerpt":{"rendered":"<p>A Berlini Fon\u00f3 N\u00e9pt\u00e1ncegy\u00fcttes n\u00e9pt\u00e1nch\u00e9tv\u00e9g\u00e9t szervezett k\u00e9tnapos t\u00e1ncworkshoppal \u00e9s t\u00e1nch\u00e1zzal minden t\u00e1nckedvel\u0151 \u00e9s \u00e9rdekl\u0151d\u0151 sz\u00e1m\u00e1ra. A t\u00e1ncworkshop t\u00e9m\u00e1ja a felcs\u00edki t\u00e1ncok voltak. Ami miatt nagyon k\u00fcl\u00f6nleges volt a szombati nap, hogy a t\u00e1nctan\u00edt\u00e1s alatt is \u00e9l\u0151 zen\u00e9re gyakorolhattak a r\u00e9sztvev\u0151k. Vend\u00e9g\u00fcnk volt eg\u00e9sz h\u00e9tv\u00e9g\u00e9n ugyanis a Hajnalfa Zenekar Budapestr\u0151l, akik a p\u00e9nteki napon n\u00e9pzenei koncertet [&hellip;]<\/p>\n","protected":false},"author":4,"featured_media":7285,"comment_status":"open","ping_status":"open","sticky":false,"template":"","format":"standard","meta":{"footnotes":""},"categories":[17],"tags":[22],"class_list":["post-7288","post","type-post","status-publish","format-standard","has-post-thumbnail","hentry","category-hirek","tag-22"],"yoast_head":"<!-- This site is optimized with the Yoast SEO plugin v27.5 - https:\/\/yoast.com\/product\/yoast-seo-wordpress\/ -->\n<title>N\u00e9pt\u00e1nc workshop \u00e9s t\u00e1nch\u00e1z Berlinben - BUOD<\/title>\n<meta name=\"robots\" content=\"index, follow, max-snippet:-1, max-image-preview:large, max-video-preview:-1\" \/>\n<link rel=\"canonical\" href=\"https:\/\/buod.de\/de\/neptanc-workshop-es-tanchaz-berlinben\/\" \/>\n<meta property=\"og:locale\" content=\"de_DE\" \/>\n<meta property=\"og:type\" content=\"article\" \/>\n<meta property=\"og:title\" content=\"N\u00e9pt\u00e1nc workshop \u00e9s t\u00e1nch\u00e1z Berlinben - BUOD\" \/>\n<meta property=\"og:description\" content=\"A Berlini Fon\u00f3 N\u00e9pt\u00e1ncegy\u00fcttes n\u00e9pt\u00e1nch\u00e9tv\u00e9g\u00e9t szervezett k\u00e9tnapos t\u00e1ncworkshoppal \u00e9s t\u00e1nch\u00e1zzal minden t\u00e1nckedvel\u0151 \u00e9s \u00e9rdekl\u0151d\u0151 sz\u00e1m\u00e1ra. A t\u00e1ncworkshop t\u00e9m\u00e1ja a felcs\u00edki t\u00e1ncok voltak. Ami miatt nagyon k\u00fcl\u00f6nleges volt a szombati nap, hogy a t\u00e1nctan\u00edt\u00e1s alatt is \u00e9l\u0151 zen\u00e9re gyakorolhattak a r\u00e9sztvev\u0151k. Vend\u00e9g\u00fcnk volt eg\u00e9sz h\u00e9tv\u00e9g\u00e9n ugyanis a Hajnalfa Zenekar Budapestr\u0151l, akik a p\u00e9nteki napon n\u00e9pzenei koncertet [&hellip;]\" \/>\n<meta property=\"og:url\" content=\"https:\/\/buod.de\/de\/neptanc-workshop-es-tanchaz-berlinben\/\" \/>\n<meta property=\"og:site_name\" content=\"BUOD\" \/>\n<meta property=\"article:publisher\" content=\"https:\/\/www.facebook.com\/profile.php?id=100082185652397\" \/>\n<meta property=\"article:published_time\" content=\"2024-05-09T16:59:52+00:00\" \/>\n<meta property=\"article:modified_time\" content=\"2024-05-14T17:01:13+00:00\" \/>\n<meta property=\"og:image\" content=\"https:\/\/buod.de\/wp-content\/uploads\/2024\/05\/Berlini-Fono-fellepese.jpeg\" \/>\n\t<meta property=\"og:image:width\" content=\"2000\" \/>\n\t<meta property=\"og:image:height\" content=\"922\" \/>\n\t<meta property=\"og:image:type\" content=\"image\/jpeg\" \/>\n<meta name=\"author\" content=\"Gery V\u00e1rkonyi\" \/>\n<meta name=\"twitter:card\" content=\"summary_large_image\" \/>\n<meta name=\"twitter:label1\" content=\"Written by\" \/>\n\t<meta name=\"twitter:data1\" content=\"Gery V\u00e1rkonyi\" \/>\n\t<meta name=\"twitter:label2\" content=\"Est. reading time\" \/>\n\t<meta name=\"twitter:data2\" content=\"3 minutes\" \/>\n<script type=\"application\/ld+json\" class=\"yoast-schema-graph\">{\"@context\":\"https:\\\/\\\/schema.org\",\"@graph\":[{\"@type\":\"Article\",\"@id\":\"https:\\\/\\\/buod.de\\\/neptanc-workshop-es-tanchaz-berlinben\\\/#article\",\"isPartOf\":{\"@id\":\"https:\\\/\\\/buod.de\\\/neptanc-workshop-es-tanchaz-berlinben\\\/\"},\"author\":{\"name\":\"Gery V\u00e1rkonyi\",\"@id\":\"https:\\\/\\\/buod.de\\\/#\\\/schema\\\/person\\\/8332a3e63b017fea8fcd17e9c0f96bf1\"},\"headline\":\"N\u00e9pt\u00e1nc workshop \u00e9s t\u00e1nch\u00e1z Berlinben\",\"datePublished\":\"2024-05-09T16:59:52+00:00\",\"dateModified\":\"2024-05-14T17:01:13+00:00\",\"mainEntityOfPage\":{\"@id\":\"https:\\\/\\\/buod.de\\\/neptanc-workshop-es-tanchaz-berlinben\\\/\"},\"wordCount\":565,\"commentCount\":0,\"publisher\":{\"@id\":\"https:\\\/\\\/buod.de\\\/#organization\"},\"image\":{\"@id\":\"https:\\\/\\\/buod.de\\\/neptanc-workshop-es-tanchaz-berlinben\\\/#primaryimage\"},\"thumbnailUrl\":\"https:\\\/\\\/buod.de\\\/wp-content\\\/uploads\\\/2024\\\/05\\\/Berlini-Fono-fellepese.jpeg\",\"keywords\":[\"2024\"],\"articleSection\":[\"H\u00edrek\"],\"inLanguage\":\"de-DE\",\"potentialAction\":[{\"@type\":\"CommentAction\",\"name\":\"Comment\",\"target\":[\"https:\\\/\\\/buod.de\\\/neptanc-workshop-es-tanchaz-berlinben\\\/#respond\"]}]},{\"@type\":\"WebPage\",\"@id\":\"https:\\\/\\\/buod.de\\\/neptanc-workshop-es-tanchaz-berlinben\\\/\",\"url\":\"https:\\\/\\\/buod.de\\\/neptanc-workshop-es-tanchaz-berlinben\\\/\",\"name\":\"N\u00e9pt\u00e1nc workshop \u00e9s t\u00e1nch\u00e1z Berlinben - BUOD\",\"isPartOf\":{\"@id\":\"https:\\\/\\\/buod.de\\\/#website\"},\"primaryImageOfPage\":{\"@id\":\"https:\\\/\\\/buod.de\\\/neptanc-workshop-es-tanchaz-berlinben\\\/#primaryimage\"},\"image\":{\"@id\":\"https:\\\/\\\/buod.de\\\/neptanc-workshop-es-tanchaz-berlinben\\\/#primaryimage\"},\"thumbnailUrl\":\"https:\\\/\\\/buod.de\\\/wp-content\\\/uploads\\\/2024\\\/05\\\/Berlini-Fono-fellepese.jpeg\",\"datePublished\":\"2024-05-09T16:59:52+00:00\",\"dateModified\":\"2024-05-14T17:01:13+00:00\",\"breadcrumb\":{\"@id\":\"https:\\\/\\\/buod.de\\\/neptanc-workshop-es-tanchaz-berlinben\\\/#breadcrumb\"},\"inLanguage\":\"de-DE\",\"potentialAction\":[{\"@type\":\"ReadAction\",\"target\":[\"https:\\\/\\\/buod.de\\\/neptanc-workshop-es-tanchaz-berlinben\\\/\"]}]},{\"@type\":\"ImageObject\",\"inLanguage\":\"de-DE\",\"@id\":\"https:\\\/\\\/buod.de\\\/neptanc-workshop-es-tanchaz-berlinben\\\/#primaryimage\",\"url\":\"https:\\\/\\\/buod.de\\\/wp-content\\\/uploads\\\/2024\\\/05\\\/Berlini-Fono-fellepese.jpeg\",\"contentUrl\":\"https:\\\/\\\/buod.de\\\/wp-content\\\/uploads\\\/2024\\\/05\\\/Berlini-Fono-fellepese.jpeg\",\"width\":2000,\"height\":922},{\"@type\":\"BreadcrumbList\",\"@id\":\"https:\\\/\\\/buod.de\\\/neptanc-workshop-es-tanchaz-berlinben\\\/#breadcrumb\",\"itemListElement\":[{\"@type\":\"ListItem\",\"position\":1,\"name\":\"Kezd\u0151lap\",\"item\":\"https:\\\/\\\/buod.de\\\/\"},{\"@type\":\"ListItem\",\"position\":2,\"name\":\"N\u00e9pt\u00e1nc workshop \u00e9s t\u00e1nch\u00e1z Berlinben\"}]},{\"@type\":\"WebSite\",\"@id\":\"https:\\\/\\\/buod.de\\\/#website\",\"url\":\"https:\\\/\\\/buod.de\\\/\",\"name\":\"BUOD\",\"description\":\"Bund Ungarischer Organisationen in Deutschland\",\"publisher\":{\"@id\":\"https:\\\/\\\/buod.de\\\/#organization\"},\"potentialAction\":[{\"@type\":\"SearchAction\",\"target\":{\"@type\":\"EntryPoint\",\"urlTemplate\":\"https:\\\/\\\/buod.de\\\/?s={search_term_string}\"},\"query-input\":{\"@type\":\"PropertyValueSpecification\",\"valueRequired\":true,\"valueName\":\"search_term_string\"}}],\"inLanguage\":\"de-DE\"},{\"@type\":\"Organization\",\"@id\":\"https:\\\/\\\/buod.de\\\/#organization\",\"name\":\"BUOD\",\"url\":\"https:\\\/\\\/buod.de\\\/\",\"logo\":{\"@type\":\"ImageObject\",\"inLanguage\":\"de-DE\",\"@id\":\"https:\\\/\\\/buod.de\\\/#\\\/schema\\\/logo\\\/image\\\/\",\"url\":\"https:\\\/\\\/buod.de\\\/wp-content\\\/uploads\\\/2024\\\/03\\\/BUOD-logo.png\",\"contentUrl\":\"https:\\\/\\\/buod.de\\\/wp-content\\\/uploads\\\/2024\\\/03\\\/BUOD-logo.png\",\"width\":586,\"height\":490,\"caption\":\"BUOD\"},\"image\":{\"@id\":\"https:\\\/\\\/buod.de\\\/#\\\/schema\\\/logo\\\/image\\\/\"},\"sameAs\":[\"https:\\\/\\\/www.facebook.com\\\/profile.php?id=100082185652397\"]},{\"@type\":\"Person\",\"@id\":\"https:\\\/\\\/buod.de\\\/#\\\/schema\\\/person\\\/8332a3e63b017fea8fcd17e9c0f96bf1\",\"name\":\"Gery V\u00e1rkonyi\",\"image\":{\"@type\":\"ImageObject\",\"inLanguage\":\"de-DE\",\"@id\":\"https:\\\/\\\/secure.gravatar.com\\\/avatar\\\/c1babe7dc68f065be4ec606c522172804715398688c78c6fffca3888b364e934?s=96&d=mm&r=g\",\"url\":\"https:\\\/\\\/secure.gravatar.com\\\/avatar\\\/c1babe7dc68f065be4ec606c522172804715398688c78c6fffca3888b364e934?s=96&d=mm&r=g\",\"contentUrl\":\"https:\\\/\\\/secure.gravatar.com\\\/avatar\\\/c1babe7dc68f065be4ec606c522172804715398688c78c6fffca3888b364e934?s=96&d=mm&r=g\",\"caption\":\"Gery V\u00e1rkonyi\"},\"url\":\"https:\\\/\\\/buod.de\\\/de\\\/author\\\/geryvarkonyi\\\/\"}]}<\/script>\n<!-- \/ Yoast SEO plugin. -->","yoast_head_json":{"title":"N\u00e9pt\u00e1nc workshop \u00e9s t\u00e1nch\u00e1z Berlinben - BUOD","robots":{"index":"index","follow":"follow","max-snippet":"max-snippet:-1","max-image-preview":"max-image-preview:large","max-video-preview":"max-video-preview:-1"},"canonical":"https:\/\/buod.de\/de\/neptanc-workshop-es-tanchaz-berlinben\/","og_locale":"de_DE","og_type":"article","og_title":"N\u00e9pt\u00e1nc workshop \u00e9s t\u00e1nch\u00e1z Berlinben - BUOD","og_description":"A Berlini Fon\u00f3 N\u00e9pt\u00e1ncegy\u00fcttes n\u00e9pt\u00e1nch\u00e9tv\u00e9g\u00e9t szervezett k\u00e9tnapos t\u00e1ncworkshoppal \u00e9s t\u00e1nch\u00e1zzal minden t\u00e1nckedvel\u0151 \u00e9s \u00e9rdekl\u0151d\u0151 sz\u00e1m\u00e1ra. A t\u00e1ncworkshop t\u00e9m\u00e1ja a felcs\u00edki t\u00e1ncok voltak. Ami miatt nagyon k\u00fcl\u00f6nleges volt a szombati nap, hogy a t\u00e1nctan\u00edt\u00e1s alatt is \u00e9l\u0151 zen\u00e9re gyakorolhattak a r\u00e9sztvev\u0151k. Vend\u00e9g\u00fcnk volt eg\u00e9sz h\u00e9tv\u00e9g\u00e9n ugyanis a Hajnalfa Zenekar Budapestr\u0151l, akik a p\u00e9nteki napon n\u00e9pzenei koncertet [&hellip;]","og_url":"https:\/\/buod.de\/de\/neptanc-workshop-es-tanchaz-berlinben\/","og_site_name":"BUOD","article_publisher":"https:\/\/www.facebook.com\/profile.php?id=100082185652397","article_published_time":"2024-05-09T16:59:52+00:00","article_modified_time":"2024-05-14T17:01:13+00:00","og_image":[{"width":2000,"height":922,"url":"https:\/\/buod.de\/wp-content\/uploads\/2024\/05\/Berlini-Fono-fellepese.jpeg","type":"image\/jpeg"}],"author":"Gery V\u00e1rkonyi","twitter_card":"summary_large_image","twitter_misc":{"Written by":"Gery V\u00e1rkonyi","Est. reading time":"3 minutes"},"schema":{"@context":"https:\/\/schema.org","@graph":[{"@type":"Article","@id":"https:\/\/buod.de\/neptanc-workshop-es-tanchaz-berlinben\/#article","isPartOf":{"@id":"https:\/\/buod.de\/neptanc-workshop-es-tanchaz-berlinben\/"},"author":{"name":"Gery V\u00e1rkonyi","@id":"https:\/\/buod.de\/#\/schema\/person\/8332a3e63b017fea8fcd17e9c0f96bf1"},"headline":"N\u00e9pt\u00e1nc workshop \u00e9s t\u00e1nch\u00e1z Berlinben","datePublished":"2024-05-09T16:59:52+00:00","dateModified":"2024-05-14T17:01:13+00:00","mainEntityOfPage":{"@id":"https:\/\/buod.de\/neptanc-workshop-es-tanchaz-berlinben\/"},"wordCount":565,"commentCount":0,"publisher":{"@id":"https:\/\/buod.de\/#organization"},"image":{"@id":"https:\/\/buod.de\/neptanc-workshop-es-tanchaz-berlinben\/#primaryimage"},"thumbnailUrl":"https:\/\/buod.de\/wp-content\/uploads\/2024\/05\/Berlini-Fono-fellepese.jpeg","keywords":["2024"],"articleSection":["H\u00edrek"],"inLanguage":"de-DE","potentialAction":[{"@type":"CommentAction","name":"Comment","target":["https:\/\/buod.de\/neptanc-workshop-es-tanchaz-berlinben\/#respond"]}]},{"@type":"WebPage","@id":"https:\/\/buod.de\/neptanc-workshop-es-tanchaz-berlinben\/","url":"https:\/\/buod.de\/neptanc-workshop-es-tanchaz-berlinben\/","name":"N\u00e9pt\u00e1nc workshop \u00e9s t\u00e1nch\u00e1z Berlinben - BUOD","isPartOf":{"@id":"https:\/\/buod.de\/#website"},"primaryImageOfPage":{"@id":"https:\/\/buod.de\/neptanc-workshop-es-tanchaz-berlinben\/#primaryimage"},"image":{"@id":"https:\/\/buod.de\/neptanc-workshop-es-tanchaz-berlinben\/#primaryimage"},"thumbnailUrl":"https:\/\/buod.de\/wp-content\/uploads\/2024\/05\/Berlini-Fono-fellepese.jpeg","datePublished":"2024-05-09T16:59:52+00:00","dateModified":"2024-05-14T17:01:13+00:00","breadcrumb":{"@id":"https:\/\/buod.de\/neptanc-workshop-es-tanchaz-berlinben\/#breadcrumb"},"inLanguage":"de-DE","potentialAction":[{"@type":"ReadAction","target":["https:\/\/buod.de\/neptanc-workshop-es-tanchaz-berlinben\/"]}]},{"@type":"ImageObject","inLanguage":"de-DE","@id":"https:\/\/buod.de\/neptanc-workshop-es-tanchaz-berlinben\/#primaryimage","url":"https:\/\/buod.de\/wp-content\/uploads\/2024\/05\/Berlini-Fono-fellepese.jpeg","contentUrl":"https:\/\/buod.de\/wp-content\/uploads\/2024\/05\/Berlini-Fono-fellepese.jpeg","width":2000,"height":922},{"@type":"BreadcrumbList","@id":"https:\/\/buod.de\/neptanc-workshop-es-tanchaz-berlinben\/#breadcrumb","itemListElement":[{"@type":"ListItem","position":1,"name":"Kezd\u0151lap","item":"https:\/\/buod.de\/"},{"@type":"ListItem","position":2,"name":"N\u00e9pt\u00e1nc workshop \u00e9s t\u00e1nch\u00e1z Berlinben"}]},{"@type":"WebSite","@id":"https:\/\/buod.de\/#website","url":"https:\/\/buod.de\/","name":"BUOD","description":"Bund Ungarischer Organisationen in Deutschland","publisher":{"@id":"https:\/\/buod.de\/#organization"},"potentialAction":[{"@type":"SearchAction","target":{"@type":"EntryPoint","urlTemplate":"https:\/\/buod.de\/?s={search_term_string}"},"query-input":{"@type":"PropertyValueSpecification","valueRequired":true,"valueName":"search_term_string"}}],"inLanguage":"de-DE"},{"@type":"Organization","@id":"https:\/\/buod.de\/#organization","name":"BUOD","url":"https:\/\/buod.de\/","logo":{"@type":"ImageObject","inLanguage":"de-DE","@id":"https:\/\/buod.de\/#\/schema\/logo\/image\/","url":"https:\/\/buod.de\/wp-content\/uploads\/2024\/03\/BUOD-logo.png","contentUrl":"https:\/\/buod.de\/wp-content\/uploads\/2024\/03\/BUOD-logo.png","width":586,"height":490,"caption":"BUOD"},"image":{"@id":"https:\/\/buod.de\/#\/schema\/logo\/image\/"},"sameAs":["https:\/\/www.facebook.com\/profile.php?id=100082185652397"]},{"@type":"Person","@id":"https:\/\/buod.de\/#\/schema\/person\/8332a3e63b017fea8fcd17e9c0f96bf1","name":"Gery V\u00e1rkonyi","image":{"@type":"ImageObject","inLanguage":"de-DE","@id":"https:\/\/secure.gravatar.com\/avatar\/c1babe7dc68f065be4ec606c522172804715398688c78c6fffca3888b364e934?s=96&d=mm&r=g","url":"https:\/\/secure.gravatar.com\/avatar\/c1babe7dc68f065be4ec606c522172804715398688c78c6fffca3888b364e934?s=96&d=mm&r=g","contentUrl":"https:\/\/secure.gravatar.com\/avatar\/c1babe7dc68f065be4ec606c522172804715398688c78c6fffca3888b364e934?s=96&d=mm&r=g","caption":"Gery V\u00e1rkonyi"},"url":"https:\/\/buod.de\/de\/author\/geryvarkonyi\/"}]}},"_links":{"self":[{"href":"https:\/\/buod.de\/de\/wp-json\/wp\/v2\/posts\/7288","targetHints":{"allow":["GET"]}}],"collection":[{"href":"https:\/\/buod.de\/de\/wp-json\/wp\/v2\/posts"}],"about":[{"href":"https:\/\/buod.de\/de\/wp-json\/wp\/v2\/types\/post"}],"author":[{"embeddable":true,"href":"https:\/\/buod.de\/de\/wp-json\/wp\/v2\/users\/4"}],"replies":[{"embeddable":true,"href":"https:\/\/buod.de\/de\/wp-json\/wp\/v2\/comments?post=7288"}],"version-history":[{"count":2,"href":"https:\/\/buod.de\/de\/wp-json\/wp\/v2\/posts\/7288\/revisions"}],"predecessor-version":[{"id":7291,"href":"https:\/\/buod.de\/de\/wp-json\/wp\/v2\/posts\/7288\/revisions\/7291"}],"wp:featuredmedia":[{"embeddable":true,"href":"https:\/\/buod.de\/de\/wp-json\/wp\/v2\/media\/7285"}],"wp:attachment":[{"href":"https:\/\/buod.de\/de\/wp-json\/wp\/v2\/media?parent=7288"}],"wp:term":[{"taxonomy":"category","embeddable":true,"href":"https:\/\/buod.de\/de\/wp-json\/wp\/v2\/categories?post=7288"},{"taxonomy":"post_tag","embeddable":true,"href":"https:\/\/buod.de\/de\/wp-json\/wp\/v2\/tags?post=7288"}],"curies":[{"name":"wp","href":"https:\/\/api.w.org\/{rel}","templated":true}]}}