{"id":7298,"date":"2024-05-09T17:15:57","date_gmt":"2024-05-09T17:15:57","guid":{"rendered":"https:\/\/dev.buod.de\/?p=7298"},"modified":"2024-05-14T17:17:05","modified_gmt":"2024-05-14T17:17:05","slug":"magyar-ezust-erdemkereszt-kituntetes-nurnbergben","status":"publish","type":"post","link":"https:\/\/buod.de\/de\/magyar-ezust-erdemkereszt-kituntetes-nurnbergben\/","title":{"rendered":"Magyar Ez\u00fcst \u00c9rdemkereszt kit\u00fcntet\u00e9s N\u00fcrnbergben"},"content":{"rendered":"<p><\/p>\n\n\n\n<p>\u00c1prilis 9-\u00e9n Tordai-Lejk\u00f3 G\u00e1bor f\u0151konzul \u00e9s Marcus K\u00f6nig, N\u00fcrnberg v\u00e1ros f\u0151polg\u00e1rmestere Magyar Ez\u00fcst \u00c9rdemkereszt kit\u00fcntet\u00e9st adott \u00e1t V. Zombory Anik\u00f3nak, a N\u00fcrnbergi Magyar Kult\u00faregyes\u00fclet lek\u00f6sz\u00f6n\u0151 eln\u00f6k\u00e9nek. V. Zombory Anik\u00f3 a n\u00fcrnbergi \u00e9s a k\u00f6rny\u00e9kbeli magyar k\u00f6z\u00f6ss\u00e9g \u00f6sszefog\u00e1sa, valamint kultur\u00e1lis \u00e9rt\u00e9keinek \u00e1pol\u00e1sa \u00e9s gyarap\u00edt\u00e1sa \u00e9rdek\u00e9ben v\u00e9gzett munk\u00e1ja elismer\u00e9sek\u00e9nt r\u00e9szes\u00fclt az \u00e1llami kit\u00fcntet\u00e9sben.<\/p>\n\n\n\n<p>Az ez alkalomb\u00f3l tartott \u00fcnneps\u00e9get a n\u00fcrnbergi r\u00e9gi V\u00e1rosh\u00e1z\u00e1ban tartott\u00e1k, a n\u00fcrnbergi polg\u00e1rmester \u00far felaj\u00e1nl\u00e1s\u00e1val. El\u0151sz\u00f6r a n\u00fcrnbergi konzul\u00e1tus munkat\u00e1rsa k\u00f6sz\u00f6nt\u00f6tte a r\u00e9szvev\u0151ket, majd a F\u0151konzul \u00dar vette \u00e1t a sz\u00f3t. Besz\u00e9lt a N\u00fcrnbergi Magyar Kult\u00faregyes\u00fclet szerte\u00e1gaz\u00f3, sz\u00ednes munk\u00e1j\u00e1r\u00f3l, megeml\u00edtve a csoportokat, \u00e9s partnereket egyar\u00e1nt. Majd az egyes\u00fclet lek\u00f6sz\u00f6n\u0151 eln\u00f6k\u00e9r\u0151l besz\u00e9lt, m\u00e9ltatta Anik\u00f3 n\u00fcrnbergi \u00e9s k\u00f6rny\u00e9kbeli magyars\u00e1g\u00e9rt tett t\u00f6bb\u00e9ves tev\u00e9kenys\u00e9g\u00e9t.<\/p>\n\n\n\n<p>A polg\u00e1rmester \u00far lelkesen \u00fcdv\u00f6z\u00f6lte az er\u0151s\u00f6d\u0151 kapcsolatot a Magyar F\u0151konzul\u00e1tus \u00e9s a n\u00fcrnbergi v\u00e1rosvezet\u00e9s k\u00f6z\u00f6tt, mely \u00faj lend\u00fcletet vett, majd \u0151 is k\u00f6sz\u00f6nt\u00f6tte a magyar kult\u00far\u00e9letet, \u00e9s annak egyik f\u0151 ir\u00e1ny\u00edt\u00f3jak\u00e9nt, Anik\u00f3t. Hegede Szabolcs, n\u00fcrnbergi konzul, bemutatta Anik\u00f3 \u00e9letp\u00e1ly\u00e1j\u00e1t r\u00f6viden, azt\u00e1n b\u0151vebben kit\u00e9rt a n\u00fcrnbergi \u00e9vekre is.<\/p>\n\n\n\n<p>V\u00e9g\u00fcl Anik\u00f3 kapott sz\u00f3t. R\u00f6vid besz\u00e9d\u00e9ben k\u00f6sz\u00f6netet mondott a M\u00fcncheni F\u0151konzul\u00e1tus munkat\u00e1rsinak a kit\u00fcntet\u00e9sre val\u00f3 felterjeszt\u00e9s\u00e9rt, a F\u0151polg\u00e1rmester \u00farnak, hogy ilyen gy\u00f6ny\u00f6r\u0171 helyet biztos\u00edtott az \u00fcnneps\u00e9ghez. J\u00f3 volt megtapasztalnia, hogy ez a 10 \u00e9ves \u00f6nk\u00e9ntes munka messze is l\u00e1tsz\u00f3dik.&nbsp; T\u00f6bbsz\u00f6r\u00f6sen kiemelte, hogy ez a d\u00edj egy nagy k\u00f6z\u00f6s munka, sok-sok \u00f6nk\u00e9ntes munk\u00e1j\u00e1nak a tiszteletbe v\u00e9tele, hangs\u00falyozva, \u201eegy kit\u00fcntet\u00e9s sohasem csak egy ember elismer\u00e9se, hanem az eg\u00e9sz k\u00f6z\u00f6ss\u00e9g\u00e9.\u201d H\u00e1l\u00e1s szavakkal mondta el, hogy \u00fagy \u00e9rzi, nem csak \u0151 kapta ezt a magas kit\u00fcntet\u00e9st, hanem mindenki, akivel valaha is egy\u00fctt dolgozott, egy k\u00f6z\u00f6s c\u00e9l \u00e9rdek\u00e9ben, a helyi magyars\u00e1g identit\u00e1studat\u00e1nak meger\u0151s\u00edt\u00e9s\u00e9ben, kultur\u00e1lis \u00e9let\u00e9nek soksz\u00edn\u0171 megszervez\u00e9s\u00e9ben, programok lebonyol\u00edt\u00e1s\u00e1ban. Megk\u00f6sz\u00f6nve emelte ki, hogy az \u0151 tev\u00e9kenys\u00e9ge csakis k\u00f6z\u00f6ss\u00e9ge, csal\u00e1dja t\u00e1mogat\u00e1s\u00e1val \u00e9s minden \u00f6nk\u00e9ntes \u00f6nzetlen munk\u00e1j\u00e1val lehet eredm\u00e9nyes.<\/p>\n\n\n\n<p>K\u00f6sz\u00f6n\u0151besz\u00e9d\u00e9t Sz\u00e9chenyi Istv\u00e1nt\u00f3l sz\u00e1rmaz\u00f3, munk\u00e1ss\u00e1g\u00e1t meghat\u00e1roz\u00f3, kedvenc id\u00e9zet\u00e9vel z\u00e1rta:<\/p>\n\n\n\n<p>&#8222;Tiszteld a m\u00faltat, hogy \u00e9rthesd a jelent \u00e9s munk\u00e1lkodhass a j\u00f6v\u0151n.&#8221;<\/p>\n\n\n\n<p>A k\u00f6z\u00f6s fot\u00f3zkod\u00e1st k\u00f6vet\u0151en \u00e1ll\u00f3fogad\u00e1ssal v\u00e9gz\u0151d\u00f6tt ez a sz\u00e9p esem\u00e9ny. A megh\u00edvottak k\u00f6z\u00f6tt ott voltak Rozm\u00e1n Lajos \u00e9s B\u00edr\u00f3 P\u00e9ter, az egyes\u00fclet kor\u00e1bbi eln\u00f6kei, csoportvezet\u0151k, N\u00fcrnberg \u00e9s k\u00f6rny\u00e9k\u00e9n m\u0171k\u00f6d\u0151 tov\u00e1bbi magyar k\u00f6z\u00f6ss\u00e9gek vezet\u0151i, a Kulturladen Loni-\u00dcbler-Haus igazgat\u00f3ja, a n\u00fcrnbergi Interkulturb\u00fcro vezet\u0151je, koll\u00e9g\u00e1k Regensburgb\u00f3l, Ingolstadtb\u00f3l \u00e9s persze bar\u00e1tok, csal\u00e1dtagok is.<\/p>\n\n\n\n<p>Az egyes\u00fclet fb oldal\u00e1n is ezt \u00fczenik&nbsp; a koll\u00e9g\u00e1i:<\/p>\n\n\n\n<p>\u201eAnik\u00f3, sz\u00edvb\u0151l gratul\u00e1lunk a kit\u00fcntet\u00e9shez \u00e9s h\u00e1l\u00e1san k\u00f6sz\u00f6nj\u00fck \u00e1ldozatos munk\u00e1dat!!\u201d<\/p>\n\n\n\n<figure class=\"wp-block-gallery has-nested-images columns-default is-cropped wp-block-gallery-1 is-layout-flex wp-block-gallery-is-layout-flex\">\n<figure class=\"wp-block-image size-large\"><img loading=\"lazy\" decoding=\"async\" width=\"576\" height=\"1024\" data-id=\"7300\" src=\"https:\/\/buod.de\/wp-content\/uploads\/2024\/05\/Magyar-Ezust-Erdemkereszt-kituntetes-Nurnbergben-576x1024.jpeg\" alt=\"\" class=\"wp-image-7300\" srcset=\"https:\/\/buod.de\/wp-content\/uploads\/2024\/05\/Magyar-Ezust-Erdemkereszt-kituntetes-Nurnbergben-576x1024.jpeg 576w, https:\/\/buod.de\/wp-content\/uploads\/2024\/05\/Magyar-Ezust-Erdemkereszt-kituntetes-Nurnbergben-169x300.jpeg 169w, https:\/\/buod.de\/wp-content\/uploads\/2024\/05\/Magyar-Ezust-Erdemkereszt-kituntetes-Nurnbergben-768x1365.jpeg 768w, https:\/\/buod.de\/wp-content\/uploads\/2024\/05\/Magyar-Ezust-Erdemkereszt-kituntetes-Nurnbergben-864x1536.jpeg 864w, https:\/\/buod.de\/wp-content\/uploads\/2024\/05\/Magyar-Ezust-Erdemkereszt-kituntetes-Nurnbergben-7x12.jpeg 7w, https:\/\/buod.de\/wp-content\/uploads\/2024\/05\/Magyar-Ezust-Erdemkereszt-kituntetes-Nurnbergben.jpeg 1125w\" sizes=\"auto, (max-width: 576px) 100vw, 576px\" \/><\/figure>\n\n\n\n<figure class=\"wp-block-image size-large\"><img loading=\"lazy\" decoding=\"async\" width=\"1024\" height=\"681\" data-id=\"7301\" src=\"https:\/\/buod.de\/wp-content\/uploads\/2024\/05\/V.-Zombory-Aniko-a-dijatadokkal-es-csaladjaval-1024x681.jpg\" alt=\"\" class=\"wp-image-7301\" srcset=\"https:\/\/buod.de\/wp-content\/uploads\/2024\/05\/V.-Zombory-Aniko-a-dijatadokkal-es-csaladjaval-1024x681.jpg 1024w, https:\/\/buod.de\/wp-content\/uploads\/2024\/05\/V.-Zombory-Aniko-a-dijatadokkal-es-csaladjaval-300x200.jpg 300w, https:\/\/buod.de\/wp-content\/uploads\/2024\/05\/V.-Zombory-Aniko-a-dijatadokkal-es-csaladjaval-768x511.jpg 768w, https:\/\/buod.de\/wp-content\/uploads\/2024\/05\/V.-Zombory-Aniko-a-dijatadokkal-es-csaladjaval-1536x1022.jpg 1536w, https:\/\/buod.de\/wp-content\/uploads\/2024\/05\/V.-Zombory-Aniko-a-dijatadokkal-es-csaladjaval-18x12.jpg 18w, https:\/\/buod.de\/wp-content\/uploads\/2024\/05\/V.-Zombory-Aniko-a-dijatadokkal-es-csaladjaval.jpg 2048w\" sizes=\"auto, (max-width: 1024px) 100vw, 1024px\" \/><\/figure>\n<\/figure>","protected":false},"excerpt":{"rendered":"<p>\u00c1prilis 9-\u00e9n Tordai-Lejk\u00f3 G\u00e1bor f\u0151konzul \u00e9s Marcus K\u00f6nig, N\u00fcrnberg v\u00e1ros f\u0151polg\u00e1rmestere Magyar Ez\u00fcst \u00c9rdemkereszt kit\u00fcntet\u00e9st adott \u00e1t V. Zombory Anik\u00f3nak, a N\u00fcrnbergi Magyar Kult\u00faregyes\u00fclet lek\u00f6sz\u00f6n\u0151 eln\u00f6k\u00e9nek. V. Zombory Anik\u00f3 a n\u00fcrnbergi \u00e9s a k\u00f6rny\u00e9kbeli magyar k\u00f6z\u00f6ss\u00e9g \u00f6sszefog\u00e1sa, valamint kultur\u00e1lis \u00e9rt\u00e9keinek \u00e1pol\u00e1sa \u00e9s gyarap\u00edt\u00e1sa \u00e9rdek\u00e9ben v\u00e9gzett munk\u00e1ja elismer\u00e9sek\u00e9nt r\u00e9szes\u00fclt az \u00e1llami kit\u00fcntet\u00e9sben. Az ez alkalomb\u00f3l tartott [&hellip;]<\/p>\n","protected":false},"author":4,"featured_media":7300,"comment_status":"open","ping_status":"open","sticky":false,"template":"","format":"standard","meta":{"footnotes":""},"categories":[17],"tags":[22],"class_list":["post-7298","post","type-post","status-publish","format-standard","has-post-thumbnail","hentry","category-hirek","tag-22"],"yoast_head":"<!-- This site is optimized with the Yoast SEO plugin v27.5 - https:\/\/yoast.com\/product\/yoast-seo-wordpress\/ -->\n<title>Magyar Ez\u00fcst \u00c9rdemkereszt kit\u00fcntet\u00e9s N\u00fcrnbergben - BUOD<\/title>\n<meta name=\"robots\" content=\"index, follow, max-snippet:-1, max-image-preview:large, max-video-preview:-1\" \/>\n<link rel=\"canonical\" href=\"https:\/\/buod.de\/de\/magyar-ezust-erdemkereszt-kituntetes-nurnbergben\/\" \/>\n<meta property=\"og:locale\" content=\"de_DE\" \/>\n<meta property=\"og:type\" content=\"article\" \/>\n<meta property=\"og:title\" content=\"Magyar Ez\u00fcst \u00c9rdemkereszt kit\u00fcntet\u00e9s N\u00fcrnbergben - BUOD\" \/>\n<meta property=\"og:description\" content=\"\u00c1prilis 9-\u00e9n Tordai-Lejk\u00f3 G\u00e1bor f\u0151konzul \u00e9s Marcus K\u00f6nig, N\u00fcrnberg v\u00e1ros f\u0151polg\u00e1rmestere Magyar Ez\u00fcst \u00c9rdemkereszt kit\u00fcntet\u00e9st adott \u00e1t V. Zombory Anik\u00f3nak, a N\u00fcrnbergi Magyar Kult\u00faregyes\u00fclet lek\u00f6sz\u00f6n\u0151 eln\u00f6k\u00e9nek. V. Zombory Anik\u00f3 a n\u00fcrnbergi \u00e9s a k\u00f6rny\u00e9kbeli magyar k\u00f6z\u00f6ss\u00e9g \u00f6sszefog\u00e1sa, valamint kultur\u00e1lis \u00e9rt\u00e9keinek \u00e1pol\u00e1sa \u00e9s gyarap\u00edt\u00e1sa \u00e9rdek\u00e9ben v\u00e9gzett munk\u00e1ja elismer\u00e9sek\u00e9nt r\u00e9szes\u00fclt az \u00e1llami kit\u00fcntet\u00e9sben. Az ez alkalomb\u00f3l tartott [&hellip;]\" \/>\n<meta property=\"og:url\" content=\"https:\/\/buod.de\/de\/magyar-ezust-erdemkereszt-kituntetes-nurnbergben\/\" \/>\n<meta property=\"og:site_name\" content=\"BUOD\" \/>\n<meta property=\"article:publisher\" content=\"https:\/\/www.facebook.com\/profile.php?id=100082185652397\" \/>\n<meta property=\"article:published_time\" content=\"2024-05-09T17:15:57+00:00\" \/>\n<meta property=\"article:modified_time\" content=\"2024-05-14T17:17:05+00:00\" \/>\n<meta property=\"og:image\" content=\"https:\/\/buod.de\/wp-content\/uploads\/2024\/05\/Magyar-Ezust-Erdemkereszt-kituntetes-Nurnbergben.jpeg\" \/>\n\t<meta property=\"og:image:width\" content=\"1125\" \/>\n\t<meta property=\"og:image:height\" content=\"2000\" \/>\n\t<meta property=\"og:image:type\" content=\"image\/jpeg\" \/>\n<meta name=\"author\" content=\"Gery V\u00e1rkonyi\" \/>\n<meta name=\"twitter:card\" content=\"summary_large_image\" \/>\n<meta name=\"twitter:label1\" content=\"Written by\" \/>\n\t<meta name=\"twitter:data1\" content=\"Gery V\u00e1rkonyi\" \/>\n\t<meta name=\"twitter:label2\" content=\"Est. reading time\" \/>\n\t<meta name=\"twitter:data2\" content=\"3 minutes\" \/>\n<script type=\"application\/ld+json\" class=\"yoast-schema-graph\">{\"@context\":\"https:\\\/\\\/schema.org\",\"@graph\":[{\"@type\":\"Article\",\"@id\":\"https:\\\/\\\/buod.de\\\/magyar-ezust-erdemkereszt-kituntetes-nurnbergben\\\/#article\",\"isPartOf\":{\"@id\":\"https:\\\/\\\/buod.de\\\/magyar-ezust-erdemkereszt-kituntetes-nurnbergben\\\/\"},\"author\":{\"name\":\"Gery V\u00e1rkonyi\",\"@id\":\"https:\\\/\\\/buod.de\\\/#\\\/schema\\\/person\\\/8332a3e63b017fea8fcd17e9c0f96bf1\"},\"headline\":\"Magyar Ez\u00fcst \u00c9rdemkereszt kit\u00fcntet\u00e9s N\u00fcrnbergben\",\"datePublished\":\"2024-05-09T17:15:57+00:00\",\"dateModified\":\"2024-05-14T17:17:05+00:00\",\"mainEntityOfPage\":{\"@id\":\"https:\\\/\\\/buod.de\\\/magyar-ezust-erdemkereszt-kituntetes-nurnbergben\\\/\"},\"wordCount\":664,\"commentCount\":0,\"publisher\":{\"@id\":\"https:\\\/\\\/buod.de\\\/#organization\"},\"image\":{\"@id\":\"https:\\\/\\\/buod.de\\\/magyar-ezust-erdemkereszt-kituntetes-nurnbergben\\\/#primaryimage\"},\"thumbnailUrl\":\"https:\\\/\\\/buod.de\\\/wp-content\\\/uploads\\\/2024\\\/05\\\/Magyar-Ezust-Erdemkereszt-kituntetes-Nurnbergben.jpeg\",\"keywords\":[\"2024\"],\"articleSection\":[\"H\u00edrek\"],\"inLanguage\":\"de-DE\",\"potentialAction\":[{\"@type\":\"CommentAction\",\"name\":\"Comment\",\"target\":[\"https:\\\/\\\/buod.de\\\/magyar-ezust-erdemkereszt-kituntetes-nurnbergben\\\/#respond\"]}]},{\"@type\":\"WebPage\",\"@id\":\"https:\\\/\\\/buod.de\\\/magyar-ezust-erdemkereszt-kituntetes-nurnbergben\\\/\",\"url\":\"https:\\\/\\\/buod.de\\\/magyar-ezust-erdemkereszt-kituntetes-nurnbergben\\\/\",\"name\":\"Magyar Ez\u00fcst \u00c9rdemkereszt kit\u00fcntet\u00e9s N\u00fcrnbergben - BUOD\",\"isPartOf\":{\"@id\":\"https:\\\/\\\/buod.de\\\/#website\"},\"primaryImageOfPage\":{\"@id\":\"https:\\\/\\\/buod.de\\\/magyar-ezust-erdemkereszt-kituntetes-nurnbergben\\\/#primaryimage\"},\"image\":{\"@id\":\"https:\\\/\\\/buod.de\\\/magyar-ezust-erdemkereszt-kituntetes-nurnbergben\\\/#primaryimage\"},\"thumbnailUrl\":\"https:\\\/\\\/buod.de\\\/wp-content\\\/uploads\\\/2024\\\/05\\\/Magyar-Ezust-Erdemkereszt-kituntetes-Nurnbergben.jpeg\",\"datePublished\":\"2024-05-09T17:15:57+00:00\",\"dateModified\":\"2024-05-14T17:17:05+00:00\",\"breadcrumb\":{\"@id\":\"https:\\\/\\\/buod.de\\\/magyar-ezust-erdemkereszt-kituntetes-nurnbergben\\\/#breadcrumb\"},\"inLanguage\":\"de-DE\",\"potentialAction\":[{\"@type\":\"ReadAction\",\"target\":[\"https:\\\/\\\/buod.de\\\/magyar-ezust-erdemkereszt-kituntetes-nurnbergben\\\/\"]}]},{\"@type\":\"ImageObject\",\"inLanguage\":\"de-DE\",\"@id\":\"https:\\\/\\\/buod.de\\\/magyar-ezust-erdemkereszt-kituntetes-nurnbergben\\\/#primaryimage\",\"url\":\"https:\\\/\\\/buod.de\\\/wp-content\\\/uploads\\\/2024\\\/05\\\/Magyar-Ezust-Erdemkereszt-kituntetes-Nurnbergben.jpeg\",\"contentUrl\":\"https:\\\/\\\/buod.de\\\/wp-content\\\/uploads\\\/2024\\\/05\\\/Magyar-Ezust-Erdemkereszt-kituntetes-Nurnbergben.jpeg\",\"width\":1125,\"height\":2000},{\"@type\":\"BreadcrumbList\",\"@id\":\"https:\\\/\\\/buod.de\\\/magyar-ezust-erdemkereszt-kituntetes-nurnbergben\\\/#breadcrumb\",\"itemListElement\":[{\"@type\":\"ListItem\",\"position\":1,\"name\":\"Kezd\u0151lap\",\"item\":\"https:\\\/\\\/buod.de\\\/\"},{\"@type\":\"ListItem\",\"position\":2,\"name\":\"Magyar Ez\u00fcst \u00c9rdemkereszt kit\u00fcntet\u00e9s N\u00fcrnbergben\"}]},{\"@type\":\"WebSite\",\"@id\":\"https:\\\/\\\/buod.de\\\/#website\",\"url\":\"https:\\\/\\\/buod.de\\\/\",\"name\":\"BUOD\",\"description\":\"Bund Ungarischer Organisationen in Deutschland\",\"publisher\":{\"@id\":\"https:\\\/\\\/buod.de\\\/#organization\"},\"potentialAction\":[{\"@type\":\"SearchAction\",\"target\":{\"@type\":\"EntryPoint\",\"urlTemplate\":\"https:\\\/\\\/buod.de\\\/?s={search_term_string}\"},\"query-input\":{\"@type\":\"PropertyValueSpecification\",\"valueRequired\":true,\"valueName\":\"search_term_string\"}}],\"inLanguage\":\"de-DE\"},{\"@type\":\"Organization\",\"@id\":\"https:\\\/\\\/buod.de\\\/#organization\",\"name\":\"BUOD\",\"url\":\"https:\\\/\\\/buod.de\\\/\",\"logo\":{\"@type\":\"ImageObject\",\"inLanguage\":\"de-DE\",\"@id\":\"https:\\\/\\\/buod.de\\\/#\\\/schema\\\/logo\\\/image\\\/\",\"url\":\"https:\\\/\\\/buod.de\\\/wp-content\\\/uploads\\\/2024\\\/03\\\/BUOD-logo.png\",\"contentUrl\":\"https:\\\/\\\/buod.de\\\/wp-content\\\/uploads\\\/2024\\\/03\\\/BUOD-logo.png\",\"width\":586,\"height\":490,\"caption\":\"BUOD\"},\"image\":{\"@id\":\"https:\\\/\\\/buod.de\\\/#\\\/schema\\\/logo\\\/image\\\/\"},\"sameAs\":[\"https:\\\/\\\/www.facebook.com\\\/profile.php?id=100082185652397\"]},{\"@type\":\"Person\",\"@id\":\"https:\\\/\\\/buod.de\\\/#\\\/schema\\\/person\\\/8332a3e63b017fea8fcd17e9c0f96bf1\",\"name\":\"Gery V\u00e1rkonyi\",\"image\":{\"@type\":\"ImageObject\",\"inLanguage\":\"de-DE\",\"@id\":\"https:\\\/\\\/secure.gravatar.com\\\/avatar\\\/c1babe7dc68f065be4ec606c522172804715398688c78c6fffca3888b364e934?s=96&d=mm&r=g\",\"url\":\"https:\\\/\\\/secure.gravatar.com\\\/avatar\\\/c1babe7dc68f065be4ec606c522172804715398688c78c6fffca3888b364e934?s=96&d=mm&r=g\",\"contentUrl\":\"https:\\\/\\\/secure.gravatar.com\\\/avatar\\\/c1babe7dc68f065be4ec606c522172804715398688c78c6fffca3888b364e934?s=96&d=mm&r=g\",\"caption\":\"Gery V\u00e1rkonyi\"},\"url\":\"https:\\\/\\\/buod.de\\\/de\\\/author\\\/geryvarkonyi\\\/\"}]}<\/script>\n<!-- \/ Yoast SEO plugin. -->","yoast_head_json":{"title":"Magyar Ez\u00fcst \u00c9rdemkereszt kit\u00fcntet\u00e9s N\u00fcrnbergben - BUOD","robots":{"index":"index","follow":"follow","max-snippet":"max-snippet:-1","max-image-preview":"max-image-preview:large","max-video-preview":"max-video-preview:-1"},"canonical":"https:\/\/buod.de\/de\/magyar-ezust-erdemkereszt-kituntetes-nurnbergben\/","og_locale":"de_DE","og_type":"article","og_title":"Magyar Ez\u00fcst \u00c9rdemkereszt kit\u00fcntet\u00e9s N\u00fcrnbergben - BUOD","og_description":"\u00c1prilis 9-\u00e9n Tordai-Lejk\u00f3 G\u00e1bor f\u0151konzul \u00e9s Marcus K\u00f6nig, N\u00fcrnberg v\u00e1ros f\u0151polg\u00e1rmestere Magyar Ez\u00fcst \u00c9rdemkereszt kit\u00fcntet\u00e9st adott \u00e1t V. Zombory Anik\u00f3nak, a N\u00fcrnbergi Magyar Kult\u00faregyes\u00fclet lek\u00f6sz\u00f6n\u0151 eln\u00f6k\u00e9nek. V. Zombory Anik\u00f3 a n\u00fcrnbergi \u00e9s a k\u00f6rny\u00e9kbeli magyar k\u00f6z\u00f6ss\u00e9g \u00f6sszefog\u00e1sa, valamint kultur\u00e1lis \u00e9rt\u00e9keinek \u00e1pol\u00e1sa \u00e9s gyarap\u00edt\u00e1sa \u00e9rdek\u00e9ben v\u00e9gzett munk\u00e1ja elismer\u00e9sek\u00e9nt r\u00e9szes\u00fclt az \u00e1llami kit\u00fcntet\u00e9sben. Az ez alkalomb\u00f3l tartott [&hellip;]","og_url":"https:\/\/buod.de\/de\/magyar-ezust-erdemkereszt-kituntetes-nurnbergben\/","og_site_name":"BUOD","article_publisher":"https:\/\/www.facebook.com\/profile.php?id=100082185652397","article_published_time":"2024-05-09T17:15:57+00:00","article_modified_time":"2024-05-14T17:17:05+00:00","og_image":[{"width":1125,"height":2000,"url":"https:\/\/buod.de\/wp-content\/uploads\/2024\/05\/Magyar-Ezust-Erdemkereszt-kituntetes-Nurnbergben.jpeg","type":"image\/jpeg"}],"author":"Gery V\u00e1rkonyi","twitter_card":"summary_large_image","twitter_misc":{"Written by":"Gery V\u00e1rkonyi","Est. reading time":"3 minutes"},"schema":{"@context":"https:\/\/schema.org","@graph":[{"@type":"Article","@id":"https:\/\/buod.de\/magyar-ezust-erdemkereszt-kituntetes-nurnbergben\/#article","isPartOf":{"@id":"https:\/\/buod.de\/magyar-ezust-erdemkereszt-kituntetes-nurnbergben\/"},"author":{"name":"Gery V\u00e1rkonyi","@id":"https:\/\/buod.de\/#\/schema\/person\/8332a3e63b017fea8fcd17e9c0f96bf1"},"headline":"Magyar Ez\u00fcst \u00c9rdemkereszt kit\u00fcntet\u00e9s N\u00fcrnbergben","datePublished":"2024-05-09T17:15:57+00:00","dateModified":"2024-05-14T17:17:05+00:00","mainEntityOfPage":{"@id":"https:\/\/buod.de\/magyar-ezust-erdemkereszt-kituntetes-nurnbergben\/"},"wordCount":664,"commentCount":0,"publisher":{"@id":"https:\/\/buod.de\/#organization"},"image":{"@id":"https:\/\/buod.de\/magyar-ezust-erdemkereszt-kituntetes-nurnbergben\/#primaryimage"},"thumbnailUrl":"https:\/\/buod.de\/wp-content\/uploads\/2024\/05\/Magyar-Ezust-Erdemkereszt-kituntetes-Nurnbergben.jpeg","keywords":["2024"],"articleSection":["H\u00edrek"],"inLanguage":"de-DE","potentialAction":[{"@type":"CommentAction","name":"Comment","target":["https:\/\/buod.de\/magyar-ezust-erdemkereszt-kituntetes-nurnbergben\/#respond"]}]},{"@type":"WebPage","@id":"https:\/\/buod.de\/magyar-ezust-erdemkereszt-kituntetes-nurnbergben\/","url":"https:\/\/buod.de\/magyar-ezust-erdemkereszt-kituntetes-nurnbergben\/","name":"Magyar Ez\u00fcst \u00c9rdemkereszt kit\u00fcntet\u00e9s N\u00fcrnbergben - BUOD","isPartOf":{"@id":"https:\/\/buod.de\/#website"},"primaryImageOfPage":{"@id":"https:\/\/buod.de\/magyar-ezust-erdemkereszt-kituntetes-nurnbergben\/#primaryimage"},"image":{"@id":"https:\/\/buod.de\/magyar-ezust-erdemkereszt-kituntetes-nurnbergben\/#primaryimage"},"thumbnailUrl":"https:\/\/buod.de\/wp-content\/uploads\/2024\/05\/Magyar-Ezust-Erdemkereszt-kituntetes-Nurnbergben.jpeg","datePublished":"2024-05-09T17:15:57+00:00","dateModified":"2024-05-14T17:17:05+00:00","breadcrumb":{"@id":"https:\/\/buod.de\/magyar-ezust-erdemkereszt-kituntetes-nurnbergben\/#breadcrumb"},"inLanguage":"de-DE","potentialAction":[{"@type":"ReadAction","target":["https:\/\/buod.de\/magyar-ezust-erdemkereszt-kituntetes-nurnbergben\/"]}]},{"@type":"ImageObject","inLanguage":"de-DE","@id":"https:\/\/buod.de\/magyar-ezust-erdemkereszt-kituntetes-nurnbergben\/#primaryimage","url":"https:\/\/buod.de\/wp-content\/uploads\/2024\/05\/Magyar-Ezust-Erdemkereszt-kituntetes-Nurnbergben.jpeg","contentUrl":"https:\/\/buod.de\/wp-content\/uploads\/2024\/05\/Magyar-Ezust-Erdemkereszt-kituntetes-Nurnbergben.jpeg","width":1125,"height":2000},{"@type":"BreadcrumbList","@id":"https:\/\/buod.de\/magyar-ezust-erdemkereszt-kituntetes-nurnbergben\/#breadcrumb","itemListElement":[{"@type":"ListItem","position":1,"name":"Kezd\u0151lap","item":"https:\/\/buod.de\/"},{"@type":"ListItem","position":2,"name":"Magyar Ez\u00fcst \u00c9rdemkereszt kit\u00fcntet\u00e9s N\u00fcrnbergben"}]},{"@type":"WebSite","@id":"https:\/\/buod.de\/#website","url":"https:\/\/buod.de\/","name":"BUOD","description":"Bund Ungarischer Organisationen in Deutschland","publisher":{"@id":"https:\/\/buod.de\/#organization"},"potentialAction":[{"@type":"SearchAction","target":{"@type":"EntryPoint","urlTemplate":"https:\/\/buod.de\/?s={search_term_string}"},"query-input":{"@type":"PropertyValueSpecification","valueRequired":true,"valueName":"search_term_string"}}],"inLanguage":"de-DE"},{"@type":"Organization","@id":"https:\/\/buod.de\/#organization","name":"BUOD","url":"https:\/\/buod.de\/","logo":{"@type":"ImageObject","inLanguage":"de-DE","@id":"https:\/\/buod.de\/#\/schema\/logo\/image\/","url":"https:\/\/buod.de\/wp-content\/uploads\/2024\/03\/BUOD-logo.png","contentUrl":"https:\/\/buod.de\/wp-content\/uploads\/2024\/03\/BUOD-logo.png","width":586,"height":490,"caption":"BUOD"},"image":{"@id":"https:\/\/buod.de\/#\/schema\/logo\/image\/"},"sameAs":["https:\/\/www.facebook.com\/profile.php?id=100082185652397"]},{"@type":"Person","@id":"https:\/\/buod.de\/#\/schema\/person\/8332a3e63b017fea8fcd17e9c0f96bf1","name":"Gery V\u00e1rkonyi","image":{"@type":"ImageObject","inLanguage":"de-DE","@id":"https:\/\/secure.gravatar.com\/avatar\/c1babe7dc68f065be4ec606c522172804715398688c78c6fffca3888b364e934?s=96&d=mm&r=g","url":"https:\/\/secure.gravatar.com\/avatar\/c1babe7dc68f065be4ec606c522172804715398688c78c6fffca3888b364e934?s=96&d=mm&r=g","contentUrl":"https:\/\/secure.gravatar.com\/avatar\/c1babe7dc68f065be4ec606c522172804715398688c78c6fffca3888b364e934?s=96&d=mm&r=g","caption":"Gery V\u00e1rkonyi"},"url":"https:\/\/buod.de\/de\/author\/geryvarkonyi\/"}]}},"_links":{"self":[{"href":"https:\/\/buod.de\/de\/wp-json\/wp\/v2\/posts\/7298","targetHints":{"allow":["GET"]}}],"collection":[{"href":"https:\/\/buod.de\/de\/wp-json\/wp\/v2\/posts"}],"about":[{"href":"https:\/\/buod.de\/de\/wp-json\/wp\/v2\/types\/post"}],"author":[{"embeddable":true,"href":"https:\/\/buod.de\/de\/wp-json\/wp\/v2\/users\/4"}],"replies":[{"embeddable":true,"href":"https:\/\/buod.de\/de\/wp-json\/wp\/v2\/comments?post=7298"}],"version-history":[{"count":2,"href":"https:\/\/buod.de\/de\/wp-json\/wp\/v2\/posts\/7298\/revisions"}],"predecessor-version":[{"id":7302,"href":"https:\/\/buod.de\/de\/wp-json\/wp\/v2\/posts\/7298\/revisions\/7302"}],"wp:featuredmedia":[{"embeddable":true,"href":"https:\/\/buod.de\/de\/wp-json\/wp\/v2\/media\/7300"}],"wp:attachment":[{"href":"https:\/\/buod.de\/de\/wp-json\/wp\/v2\/media?parent=7298"}],"wp:term":[{"taxonomy":"category","embeddable":true,"href":"https:\/\/buod.de\/de\/wp-json\/wp\/v2\/categories?post=7298"},{"taxonomy":"post_tag","embeddable":true,"href":"https:\/\/buod.de\/de\/wp-json\/wp\/v2\/tags?post=7298"}],"curies":[{"name":"wp","href":"https:\/\/api.w.org\/{rel}","templated":true}]}}