{"id":8510,"date":"2024-05-24T15:33:44","date_gmt":"2024-05-24T15:33:44","guid":{"rendered":"https:\/\/dev.buod.de\/?p=8510"},"modified":"2024-06-24T15:42:22","modified_gmt":"2024-06-24T15:42:22","slug":"neue-impulse-ungarns-fur-europa-dug-einladung-nach-berlin","status":"publish","type":"post","link":"https:\/\/buod.de\/de\/neue-impulse-ungarns-fur-europa-dug-einladung-nach-berlin\/","title":{"rendered":"&#8222;Neue Impulse Ungarns f\u00fcr Europa?&#8221; &#8211; DUG-Einladung nach Berlin"},"content":{"rendered":"<p>An die Mitglieder und Freunde der<\/p>\n\n\n\n<p>Deutsch-Ungarischen Gesellschaft in der Bundesrepublik Deutschland e.V.<\/p>\n\n\n\n<p>Sehr geehrte Damen und Herren,<\/p>\n\n\n\n<p>die bevorstehenden Wahlen zum EU-Parlament k\u00f6nnten die bisherigen Mehrheitsverh\u00e4ltnisse ver\u00e4ndern und damit erhebliche Auswirkungen auf die k\u00fcnftige Europapolitik entfalten. Zudem wird Ungarn am 1. Juli die Ratspr\u00e4sidentschaft der Europ\u00e4ischen Union \u00fcbernehmen. Anlass genug also, um Sie sehr herzlich zu einer DUG-Veranstaltung zum Thema &#8222;Neue Impulse Ungarns f\u00fcr Europa?&#8221; nach Berlin einzuladen, in die Botschaft Ungarns, am 6. Juni.&nbsp;<\/p>\n\n\n\n<p>Ungarns Botschafter Dr. P\u00e9ter Gy\u00f6rk\u00f6s wird vortragen und mit uns diskutieren! Weitere Einzelheiten entnehmen Sie bitte der anliegenden Einladung. Anmeldungen bitte an: <a href=\"mailto:kontakt@dug-dach.de\">kontakt@dug-dach.de<\/a><\/p>\n\n\n\n<p>Ich w\u00fcrde mich sehr freuen, Sie am 6. Juni in Berlin zu treffen!<\/p>\n\n\n\n<p>Bis dahin verbleibe ich mit den besten W\u00fcnschen f\u00fcr frohe Pfingsttage und&nbsp;<\/p>\n\n\n\n<p>herzlichen Gr\u00fc\u00dfen<\/p>\n\n\n\n<p>Ihr<\/p>\n\n\n\n<p>Gerhard Papke<\/p>\n\n\n\n<p><strong>Dr. Gerhard Papke<\/strong><\/p>\n\n\n\n<p>Landtagsvizepr\u00e4sident NRW a.D.<\/p>\n\n\n\n<p>Pr\u00e4sident der Deutsch-Ungarischen Gesellschaft<\/p>\n\n\n\n<p>in der Bundesrepublik Deutschland e.V.<\/p>\n\n\n\n<div data-wp-interactive=\"core\/file\" class=\"wp-block-file\"><object data-wp-bind--hidden=\"!state.hasPdfPreview\" hidden class=\"wp-block-file__embed\" data=\"https:\/\/buod.de\/wp-content\/uploads\/2024\/06\/Einladung-Neue-Impulse-Ungarns-fur-Europa-Berlin-060624.pdf\" type=\"application\/pdf\" style=\"width:100%;height:600px\" aria-label=\"Embed of Einladung &apos;Neue Impulse Ungarns f\u00fcr Europa&apos; Berlin 060624.\"><\/object><a id=\"wp-block-file--media-6eda52da-dd87-4709-abd0-b42bf98d3b27\" href=\"https:\/\/buod.de\/wp-content\/uploads\/2024\/06\/Einladung-Neue-Impulse-Ungarns-fur-Europa-Berlin-060624.pdf\">Einladung &#8216;Neue Impulse Ungarns f\u00fcr Europa&#8217; Berlin 060624<\/a><a href=\"https:\/\/buod.de\/wp-content\/uploads\/2024\/06\/Einladung-Neue-Impulse-Ungarns-fur-Europa-Berlin-060624.pdf\" class=\"wp-block-file__button wp-element-button\" download aria-describedby=\"wp-block-file--media-6eda52da-dd87-4709-abd0-b42bf98d3b27\">Download<\/a><\/div>","protected":false},"excerpt":{"rendered":"<p>An die Mitglieder und Freunde der Deutsch-Ungarischen Gesellschaft in der Bundesrepublik Deutschland e.V. Sehr geehrte Damen und Herren, die bevorstehenden Wahlen zum EU-Parlament k\u00f6nnten die bisherigen Mehrheitsverh\u00e4ltnisse ver\u00e4ndern und damit erhebliche Auswirkungen auf die k\u00fcnftige Europapolitik entfalten. Zudem wird Ungarn am 1. Juli die Ratspr\u00e4sidentschaft der Europ\u00e4ischen Union \u00fcbernehmen. Anlass genug also, um Sie sehr [&hellip;]<\/p>\n","protected":false},"author":4,"featured_media":0,"comment_status":"open","ping_status":"open","sticky":false,"template":"","format":"standard","meta":{"footnotes":""},"categories":[17],"tags":[22],"class_list":["post-8510","post","type-post","status-publish","format-standard","hentry","category-hirek","tag-22"],"yoast_head":"<!-- This site is optimized with the Yoast SEO plugin v27.5 - https:\/\/yoast.com\/product\/yoast-seo-wordpress\/ -->\n<title>&quot;Neue Impulse Ungarns f\u00fcr Europa?&quot; - DUG-Einladung nach Berlin - BUOD<\/title>\n<meta name=\"robots\" content=\"index, follow, max-snippet:-1, max-image-preview:large, max-video-preview:-1\" \/>\n<link rel=\"canonical\" href=\"https:\/\/buod.de\/de\/neue-impulse-ungarns-fur-europa-dug-einladung-nach-berlin\/\" \/>\n<meta property=\"og:locale\" content=\"de_DE\" \/>\n<meta property=\"og:type\" content=\"article\" \/>\n<meta property=\"og:title\" content=\"&quot;Neue Impulse Ungarns f\u00fcr Europa?&quot; - DUG-Einladung nach Berlin - BUOD\" \/>\n<meta property=\"og:description\" content=\"An die Mitglieder und Freunde der Deutsch-Ungarischen Gesellschaft in der Bundesrepublik Deutschland e.V. Sehr geehrte Damen und Herren, die bevorstehenden Wahlen zum EU-Parlament k\u00f6nnten die bisherigen Mehrheitsverh\u00e4ltnisse ver\u00e4ndern und damit erhebliche Auswirkungen auf die k\u00fcnftige Europapolitik entfalten. Zudem wird Ungarn am 1. Juli die Ratspr\u00e4sidentschaft der Europ\u00e4ischen Union \u00fcbernehmen. Anlass genug also, um Sie sehr [&hellip;]\" \/>\n<meta property=\"og:url\" content=\"https:\/\/buod.de\/de\/neue-impulse-ungarns-fur-europa-dug-einladung-nach-berlin\/\" \/>\n<meta property=\"og:site_name\" content=\"BUOD\" \/>\n<meta property=\"article:publisher\" content=\"https:\/\/www.facebook.com\/profile.php?id=100082185652397\" \/>\n<meta property=\"article:published_time\" content=\"2024-05-24T15:33:44+00:00\" \/>\n<meta property=\"article:modified_time\" content=\"2024-06-24T15:42:22+00:00\" \/>\n<meta name=\"author\" content=\"Gery V\u00e1rkonyi\" \/>\n<meta name=\"twitter:card\" content=\"summary_large_image\" \/>\n<meta name=\"twitter:label1\" content=\"Written by\" \/>\n\t<meta name=\"twitter:data1\" content=\"Gery V\u00e1rkonyi\" \/>\n\t<meta name=\"twitter:label2\" content=\"Est. reading time\" \/>\n\t<meta name=\"twitter:data2\" content=\"1 minute\" \/>\n<script type=\"application\/ld+json\" class=\"yoast-schema-graph\">{\"@context\":\"https:\\\/\\\/schema.org\",\"@graph\":[{\"@type\":\"Article\",\"@id\":\"https:\\\/\\\/buod.de\\\/neue-impulse-ungarns-fur-europa-dug-einladung-nach-berlin\\\/#article\",\"isPartOf\":{\"@id\":\"https:\\\/\\\/buod.de\\\/neue-impulse-ungarns-fur-europa-dug-einladung-nach-berlin\\\/\"},\"author\":{\"name\":\"Gery V\u00e1rkonyi\",\"@id\":\"https:\\\/\\\/buod.de\\\/#\\\/schema\\\/person\\\/8332a3e63b017fea8fcd17e9c0f96bf1\"},\"headline\":\"&#8222;Neue Impulse Ungarns f\u00fcr Europa?&#8221; &#8211; DUG-Einladung nach Berlin\",\"datePublished\":\"2024-05-24T15:33:44+00:00\",\"dateModified\":\"2024-06-24T15:42:22+00:00\",\"mainEntityOfPage\":{\"@id\":\"https:\\\/\\\/buod.de\\\/neue-impulse-ungarns-fur-europa-dug-einladung-nach-berlin\\\/\"},\"wordCount\":183,\"commentCount\":0,\"publisher\":{\"@id\":\"https:\\\/\\\/buod.de\\\/#organization\"},\"keywords\":[\"2024\"],\"articleSection\":[\"H\u00edrek\"],\"inLanguage\":\"de-DE\",\"potentialAction\":[{\"@type\":\"CommentAction\",\"name\":\"Comment\",\"target\":[\"https:\\\/\\\/buod.de\\\/neue-impulse-ungarns-fur-europa-dug-einladung-nach-berlin\\\/#respond\"]}]},{\"@type\":\"WebPage\",\"@id\":\"https:\\\/\\\/buod.de\\\/neue-impulse-ungarns-fur-europa-dug-einladung-nach-berlin\\\/\",\"url\":\"https:\\\/\\\/buod.de\\\/neue-impulse-ungarns-fur-europa-dug-einladung-nach-berlin\\\/\",\"name\":\"\\\"Neue Impulse Ungarns f\u00fcr Europa?\\\" - DUG-Einladung nach Berlin - BUOD\",\"isPartOf\":{\"@id\":\"https:\\\/\\\/buod.de\\\/#website\"},\"datePublished\":\"2024-05-24T15:33:44+00:00\",\"dateModified\":\"2024-06-24T15:42:22+00:00\",\"breadcrumb\":{\"@id\":\"https:\\\/\\\/buod.de\\\/neue-impulse-ungarns-fur-europa-dug-einladung-nach-berlin\\\/#breadcrumb\"},\"inLanguage\":\"de-DE\",\"potentialAction\":[{\"@type\":\"ReadAction\",\"target\":[\"https:\\\/\\\/buod.de\\\/neue-impulse-ungarns-fur-europa-dug-einladung-nach-berlin\\\/\"]}]},{\"@type\":\"BreadcrumbList\",\"@id\":\"https:\\\/\\\/buod.de\\\/neue-impulse-ungarns-fur-europa-dug-einladung-nach-berlin\\\/#breadcrumb\",\"itemListElement\":[{\"@type\":\"ListItem\",\"position\":1,\"name\":\"Kezd\u0151lap\",\"item\":\"https:\\\/\\\/buod.de\\\/\"},{\"@type\":\"ListItem\",\"position\":2,\"name\":\"&#8222;Neue Impulse Ungarns f\u00fcr Europa?&#8221; &#8211; DUG-Einladung nach Berlin\"}]},{\"@type\":\"WebSite\",\"@id\":\"https:\\\/\\\/buod.de\\\/#website\",\"url\":\"https:\\\/\\\/buod.de\\\/\",\"name\":\"BUOD\",\"description\":\"Bund Ungarischer Organisationen in Deutschland\",\"publisher\":{\"@id\":\"https:\\\/\\\/buod.de\\\/#organization\"},\"potentialAction\":[{\"@type\":\"SearchAction\",\"target\":{\"@type\":\"EntryPoint\",\"urlTemplate\":\"https:\\\/\\\/buod.de\\\/?s={search_term_string}\"},\"query-input\":{\"@type\":\"PropertyValueSpecification\",\"valueRequired\":true,\"valueName\":\"search_term_string\"}}],\"inLanguage\":\"de-DE\"},{\"@type\":\"Organization\",\"@id\":\"https:\\\/\\\/buod.de\\\/#organization\",\"name\":\"BUOD\",\"url\":\"https:\\\/\\\/buod.de\\\/\",\"logo\":{\"@type\":\"ImageObject\",\"inLanguage\":\"de-DE\",\"@id\":\"https:\\\/\\\/buod.de\\\/#\\\/schema\\\/logo\\\/image\\\/\",\"url\":\"https:\\\/\\\/buod.de\\\/wp-content\\\/uploads\\\/2024\\\/03\\\/BUOD-logo.png\",\"contentUrl\":\"https:\\\/\\\/buod.de\\\/wp-content\\\/uploads\\\/2024\\\/03\\\/BUOD-logo.png\",\"width\":586,\"height\":490,\"caption\":\"BUOD\"},\"image\":{\"@id\":\"https:\\\/\\\/buod.de\\\/#\\\/schema\\\/logo\\\/image\\\/\"},\"sameAs\":[\"https:\\\/\\\/www.facebook.com\\\/profile.php?id=100082185652397\"]},{\"@type\":\"Person\",\"@id\":\"https:\\\/\\\/buod.de\\\/#\\\/schema\\\/person\\\/8332a3e63b017fea8fcd17e9c0f96bf1\",\"name\":\"Gery V\u00e1rkonyi\",\"image\":{\"@type\":\"ImageObject\",\"inLanguage\":\"de-DE\",\"@id\":\"https:\\\/\\\/secure.gravatar.com\\\/avatar\\\/c1babe7dc68f065be4ec606c522172804715398688c78c6fffca3888b364e934?s=96&d=mm&r=g\",\"url\":\"https:\\\/\\\/secure.gravatar.com\\\/avatar\\\/c1babe7dc68f065be4ec606c522172804715398688c78c6fffca3888b364e934?s=96&d=mm&r=g\",\"contentUrl\":\"https:\\\/\\\/secure.gravatar.com\\\/avatar\\\/c1babe7dc68f065be4ec606c522172804715398688c78c6fffca3888b364e934?s=96&d=mm&r=g\",\"caption\":\"Gery V\u00e1rkonyi\"},\"url\":\"https:\\\/\\\/buod.de\\\/de\\\/author\\\/geryvarkonyi\\\/\"}]}<\/script>\n<!-- \/ Yoast SEO plugin. -->","yoast_head_json":{"title":"\"Neue Impulse Ungarns f\u00fcr Europa?\" - DUG-Einladung nach Berlin - BUOD","robots":{"index":"index","follow":"follow","max-snippet":"max-snippet:-1","max-image-preview":"max-image-preview:large","max-video-preview":"max-video-preview:-1"},"canonical":"https:\/\/buod.de\/de\/neue-impulse-ungarns-fur-europa-dug-einladung-nach-berlin\/","og_locale":"de_DE","og_type":"article","og_title":"\"Neue Impulse Ungarns f\u00fcr Europa?\" - DUG-Einladung nach Berlin - BUOD","og_description":"An die Mitglieder und Freunde der Deutsch-Ungarischen Gesellschaft in der Bundesrepublik Deutschland e.V. Sehr geehrte Damen und Herren, die bevorstehenden Wahlen zum EU-Parlament k\u00f6nnten die bisherigen Mehrheitsverh\u00e4ltnisse ver\u00e4ndern und damit erhebliche Auswirkungen auf die k\u00fcnftige Europapolitik entfalten. Zudem wird Ungarn am 1. Juli die Ratspr\u00e4sidentschaft der Europ\u00e4ischen Union \u00fcbernehmen. Anlass genug also, um Sie sehr [&hellip;]","og_url":"https:\/\/buod.de\/de\/neue-impulse-ungarns-fur-europa-dug-einladung-nach-berlin\/","og_site_name":"BUOD","article_publisher":"https:\/\/www.facebook.com\/profile.php?id=100082185652397","article_published_time":"2024-05-24T15:33:44+00:00","article_modified_time":"2024-06-24T15:42:22+00:00","author":"Gery V\u00e1rkonyi","twitter_card":"summary_large_image","twitter_misc":{"Written by":"Gery V\u00e1rkonyi","Est. reading time":"1 minute"},"schema":{"@context":"https:\/\/schema.org","@graph":[{"@type":"Article","@id":"https:\/\/buod.de\/neue-impulse-ungarns-fur-europa-dug-einladung-nach-berlin\/#article","isPartOf":{"@id":"https:\/\/buod.de\/neue-impulse-ungarns-fur-europa-dug-einladung-nach-berlin\/"},"author":{"name":"Gery V\u00e1rkonyi","@id":"https:\/\/buod.de\/#\/schema\/person\/8332a3e63b017fea8fcd17e9c0f96bf1"},"headline":"&#8222;Neue Impulse Ungarns f\u00fcr Europa?&#8221; &#8211; DUG-Einladung nach Berlin","datePublished":"2024-05-24T15:33:44+00:00","dateModified":"2024-06-24T15:42:22+00:00","mainEntityOfPage":{"@id":"https:\/\/buod.de\/neue-impulse-ungarns-fur-europa-dug-einladung-nach-berlin\/"},"wordCount":183,"commentCount":0,"publisher":{"@id":"https:\/\/buod.de\/#organization"},"keywords":["2024"],"articleSection":["H\u00edrek"],"inLanguage":"de-DE","potentialAction":[{"@type":"CommentAction","name":"Comment","target":["https:\/\/buod.de\/neue-impulse-ungarns-fur-europa-dug-einladung-nach-berlin\/#respond"]}]},{"@type":"WebPage","@id":"https:\/\/buod.de\/neue-impulse-ungarns-fur-europa-dug-einladung-nach-berlin\/","url":"https:\/\/buod.de\/neue-impulse-ungarns-fur-europa-dug-einladung-nach-berlin\/","name":"\"Neue Impulse Ungarns f\u00fcr Europa?\" - DUG-Einladung nach Berlin - BUOD","isPartOf":{"@id":"https:\/\/buod.de\/#website"},"datePublished":"2024-05-24T15:33:44+00:00","dateModified":"2024-06-24T15:42:22+00:00","breadcrumb":{"@id":"https:\/\/buod.de\/neue-impulse-ungarns-fur-europa-dug-einladung-nach-berlin\/#breadcrumb"},"inLanguage":"de-DE","potentialAction":[{"@type":"ReadAction","target":["https:\/\/buod.de\/neue-impulse-ungarns-fur-europa-dug-einladung-nach-berlin\/"]}]},{"@type":"BreadcrumbList","@id":"https:\/\/buod.de\/neue-impulse-ungarns-fur-europa-dug-einladung-nach-berlin\/#breadcrumb","itemListElement":[{"@type":"ListItem","position":1,"name":"Kezd\u0151lap","item":"https:\/\/buod.de\/"},{"@type":"ListItem","position":2,"name":"&#8222;Neue Impulse Ungarns f\u00fcr Europa?&#8221; &#8211; DUG-Einladung nach Berlin"}]},{"@type":"WebSite","@id":"https:\/\/buod.de\/#website","url":"https:\/\/buod.de\/","name":"BUOD","description":"Bund Ungarischer Organisationen in Deutschland","publisher":{"@id":"https:\/\/buod.de\/#organization"},"potentialAction":[{"@type":"SearchAction","target":{"@type":"EntryPoint","urlTemplate":"https:\/\/buod.de\/?s={search_term_string}"},"query-input":{"@type":"PropertyValueSpecification","valueRequired":true,"valueName":"search_term_string"}}],"inLanguage":"de-DE"},{"@type":"Organization","@id":"https:\/\/buod.de\/#organization","name":"BUOD","url":"https:\/\/buod.de\/","logo":{"@type":"ImageObject","inLanguage":"de-DE","@id":"https:\/\/buod.de\/#\/schema\/logo\/image\/","url":"https:\/\/buod.de\/wp-content\/uploads\/2024\/03\/BUOD-logo.png","contentUrl":"https:\/\/buod.de\/wp-content\/uploads\/2024\/03\/BUOD-logo.png","width":586,"height":490,"caption":"BUOD"},"image":{"@id":"https:\/\/buod.de\/#\/schema\/logo\/image\/"},"sameAs":["https:\/\/www.facebook.com\/profile.php?id=100082185652397"]},{"@type":"Person","@id":"https:\/\/buod.de\/#\/schema\/person\/8332a3e63b017fea8fcd17e9c0f96bf1","name":"Gery V\u00e1rkonyi","image":{"@type":"ImageObject","inLanguage":"de-DE","@id":"https:\/\/secure.gravatar.com\/avatar\/c1babe7dc68f065be4ec606c522172804715398688c78c6fffca3888b364e934?s=96&d=mm&r=g","url":"https:\/\/secure.gravatar.com\/avatar\/c1babe7dc68f065be4ec606c522172804715398688c78c6fffca3888b364e934?s=96&d=mm&r=g","contentUrl":"https:\/\/secure.gravatar.com\/avatar\/c1babe7dc68f065be4ec606c522172804715398688c78c6fffca3888b364e934?s=96&d=mm&r=g","caption":"Gery V\u00e1rkonyi"},"url":"https:\/\/buod.de\/de\/author\/geryvarkonyi\/"}]}},"_links":{"self":[{"href":"https:\/\/buod.de\/de\/wp-json\/wp\/v2\/posts\/8510","targetHints":{"allow":["GET"]}}],"collection":[{"href":"https:\/\/buod.de\/de\/wp-json\/wp\/v2\/posts"}],"about":[{"href":"https:\/\/buod.de\/de\/wp-json\/wp\/v2\/types\/post"}],"author":[{"embeddable":true,"href":"https:\/\/buod.de\/de\/wp-json\/wp\/v2\/users\/4"}],"replies":[{"embeddable":true,"href":"https:\/\/buod.de\/de\/wp-json\/wp\/v2\/comments?post=8510"}],"version-history":[{"count":1,"href":"https:\/\/buod.de\/de\/wp-json\/wp\/v2\/posts\/8510\/revisions"}],"predecessor-version":[{"id":8512,"href":"https:\/\/buod.de\/de\/wp-json\/wp\/v2\/posts\/8510\/revisions\/8512"}],"wp:attachment":[{"href":"https:\/\/buod.de\/de\/wp-json\/wp\/v2\/media?parent=8510"}],"wp:term":[{"taxonomy":"category","embeddable":true,"href":"https:\/\/buod.de\/de\/wp-json\/wp\/v2\/categories?post=8510"},{"taxonomy":"post_tag","embeddable":true,"href":"https:\/\/buod.de\/de\/wp-json\/wp\/v2\/tags?post=8510"}],"curies":[{"name":"wp","href":"https:\/\/api.w.org\/{rel}","templated":true}]}}