{"id":8545,"date":"2024-05-29T16:04:00","date_gmt":"2024-05-29T16:04:00","guid":{"rendered":"https:\/\/dev.buod.de\/?p=8545"},"modified":"2024-06-24T16:08:41","modified_gmt":"2024-06-24T16:08:41","slug":"zdf-29-5-2024-ma-22-45-kor-film-mafyarorszagrol","status":"publish","type":"post","link":"https:\/\/buod.de\/de\/zdf-29-5-2024-ma-22-45-kor-film-mafyarorszagrol\/","title":{"rendered":"ZDF 29.5.2024 (ma) 22.45-kor\u00a0\u00a0 Film Mafyarorsz\u00e1gr\u00f3l"},"content":{"rendered":"<p>Kedves Mindny\u00e1jan!<\/p>\n\n\n\n<p>Az EU- \u00e9s a helyhat\u00f3s\u00e1gi v\u00e1laszt\u00e1sok el\u0151tt egy ujabb er\u0151sen kritikus film Magyarosz\u00e1ggal kapcsolatban a n\u00e9met m\u00e9di\u00e1ban<\/p>\n\n\n\n<p>ma este.<\/p>\n\n\n\n<p><strong>Propaganda-Angriff auf die EU<\/strong><\/p>\n\n\n\n<p><strong>Wie Orban seine Ideologie verbreitet&nbsp;&nbsp;&nbsp;&nbsp;&nbsp;<\/strong>&nbsp;&nbsp;<\/p>\n\n\n\n<h2 class=\"wp-block-heading\"><strong>ZDF 29.5.2024 (ma) 22.45-kor, a Mediathekben is megtekinthet\u0151.<\/strong><\/h2>\n\n\n\n<p><a href=\"https:\/\/www.zdf.de\/dokumentation\/die-spur\/die-spur---propaganda-angriff-auf-die-eu-100.html\">https:\/\/www.zdf.de\/dokumentation\/die-spur\/die-spur&#8212;propaganda-angriff-auf-die-eu-100.html<\/a><\/p>\n\n\n\n<p>1100 \u00e9ves egyed\u00fcl\u00e1ll\u00f3 k\u00f6z\u00f6s t\u00f6rt\u00e9nelm\u00fcnk ut\u00e1n (Richard von Weizs\u00e4cker) jobbat \u00e9rdemeln\u00e9nk.<\/p>\n\n\n\n<p>Am\u00fagy sem egyszer\u0171 helyzet\u00fcnk a film ut\u00e1n m\u00e9g \u00e9rz\u00e9kenyebb lesz, k\u00e9sz\u00fclj\u00fcnk fel erre.<\/p>\n\n\n\n<p>Az igazs\u00e1gtalans\u00e1g mindig f\u00e1j, de Mt. 5, 10.11. Rem\u00e9nykedj\u00fcnk, hogy lesznek m\u00e1s id\u0151k is.<\/p>\n\n\n\n<p>\u00dcdv\u00f6zlettel:<\/p>\n\n\n\n<p>Ravasz \u00c1kos<\/p>\n\n\n\n<p>Kivonat a ZDF sajt\u00f3el\u0151zetesb\u0151l:<\/p>\n\n\n\n<p>Mithilfe von Influencern und Bildungseinrichtungen versucht das Netzwerk von Ministerpr\u00e4sident Viktor Orban die neu-rechten Ideologien im Westen zu verbreiten. Mit investigativen Recherchen decken &#8222;Die Spur&#8221;-Reporter Hintergr\u00fcnde, Methoden und Ziele der Akteure auf.<\/p>\n\n\n\n<p>Inhaltlich geht es vom &#8222;Migrationsverbot&#8221;, \u00fcber eine russlandfreundliche Haltung im Ukrainekrieg bis hin zu Homophobie, Antisemitismus und striktem Abtreibungsverbot. Zum &#8222;Feind&#8221; erkl\u00e4rt werden die aus ihrer Sicht &#8222;l\u00fcgenden und korrupten Eliten in Br\u00fcssel, Paris und Berlin&#8221;. Die &#8222;verfaulte EU&#8221; soll ausgeh\u00f6hlt werden. Wie funktioniert dieses antidemokratische Netzwerk?<br><br>Die Recherchen f\u00fchren die Reporter zu dem gr\u00f6\u00dften Netzwerktreffen der Neuen Rechten, das in Budapest stattfindet. Hinter verschlossenen T\u00fcren treten hier neben dem ungarischen Ministerpr\u00e4sidenten Orb\u00e1n auch der niederl\u00e4ndische Rechtspopulist Geert Wilders und der ehemalige deutsche Verfassungsschutzchef Hans-Georg Maa\u00dfen auf. Der konservative finnische Europaabgeordnete Petri Sarvamaa warnt vor Orb\u00e1ns steigendem Einfluss bei der n\u00e4chsten Europawahl: &#8222;Die Demokratie ist in diesem Kampf gerade der &#8216;Underdog&#8217;.&#8221;<br>Wie gro\u00df ist die Gefahr, dass die westlichen Demokratien demontiert und destabilisiert werden?<br><br>&#8222;Die Spur&#8221;-Recherche zeigt das enge Geflecht von Firmen, Stiftungen, Think Tanks und Universit\u00e4ten, in deren Zentrum die Politik Ungarns steht. Und &#8222;Die Spur&#8221;-Reporter sto\u00dfen auf brisante Geldstr\u00f6me, ohne die das neurechte Netzwerk in Europa nicht funktionieren k\u00f6nnte.<br><br>Mehr unter <a href=\"https:\/\/diespur.zdf.de\" target=\"_blank\" rel=\"noreferrer noopener\">https:\/\/diespur.zdf.de<\/a><\/p>","protected":false},"excerpt":{"rendered":"<p>Kedves Mindny\u00e1jan! Az EU- \u00e9s a helyhat\u00f3s\u00e1gi v\u00e1laszt\u00e1sok el\u0151tt egy ujabb er\u0151sen kritikus film Magyarosz\u00e1ggal kapcsolatban a n\u00e9met m\u00e9di\u00e1ban ma este. Propaganda-Angriff auf die EU Wie Orban seine Ideologie verbreitet&nbsp;&nbsp;&nbsp;&nbsp;&nbsp;&nbsp;&nbsp; ZDF 29.5.2024 (ma) 22.45-kor, a Mediathekben is megtekinthet\u0151. https:\/\/www.zdf.de\/dokumentation\/die-spur\/die-spur&#8212;propaganda-angriff-auf-die-eu-100.html 1100 \u00e9ves egyed\u00fcl\u00e1ll\u00f3 k\u00f6z\u00f6s t\u00f6rt\u00e9nelm\u00fcnk ut\u00e1n (Richard von Weizs\u00e4cker) jobbat \u00e9rdemeln\u00e9nk. Am\u00fagy sem egyszer\u0171 helyzet\u00fcnk a [&hellip;]<\/p>\n","protected":false},"author":4,"featured_media":0,"comment_status":"open","ping_status":"open","sticky":false,"template":"","format":"standard","meta":{"footnotes":""},"categories":[17],"tags":[22],"class_list":["post-8545","post","type-post","status-publish","format-standard","hentry","category-hirek","tag-22"],"yoast_head":"<!-- This site is optimized with the Yoast SEO plugin v27.5 - https:\/\/yoast.com\/product\/yoast-seo-wordpress\/ -->\n<title>ZDF 29.5.2024 (ma) 22.45-kor\u00a0\u00a0 Film Mafyarorsz\u00e1gr\u00f3l - BUOD<\/title>\n<meta name=\"robots\" content=\"index, follow, max-snippet:-1, max-image-preview:large, max-video-preview:-1\" \/>\n<link rel=\"canonical\" href=\"https:\/\/buod.de\/de\/zdf-29-5-2024-ma-22-45-kor-film-mafyarorszagrol\/\" \/>\n<meta property=\"og:locale\" content=\"de_DE\" \/>\n<meta property=\"og:type\" content=\"article\" \/>\n<meta property=\"og:title\" content=\"ZDF 29.5.2024 (ma) 22.45-kor\u00a0\u00a0 Film Mafyarorsz\u00e1gr\u00f3l - BUOD\" \/>\n<meta property=\"og:description\" content=\"Kedves Mindny\u00e1jan! Az EU- \u00e9s a helyhat\u00f3s\u00e1gi v\u00e1laszt\u00e1sok el\u0151tt egy ujabb er\u0151sen kritikus film Magyarosz\u00e1ggal kapcsolatban a n\u00e9met m\u00e9di\u00e1ban ma este. Propaganda-Angriff auf die EU Wie Orban seine Ideologie verbreitet&nbsp;&nbsp;&nbsp;&nbsp;&nbsp;&nbsp;&nbsp; ZDF 29.5.2024 (ma) 22.45-kor, a Mediathekben is megtekinthet\u0151. https:\/\/www.zdf.de\/dokumentation\/die-spur\/die-spur&#8212;propaganda-angriff-auf-die-eu-100.html 1100 \u00e9ves egyed\u00fcl\u00e1ll\u00f3 k\u00f6z\u00f6s t\u00f6rt\u00e9nelm\u00fcnk ut\u00e1n (Richard von Weizs\u00e4cker) jobbat \u00e9rdemeln\u00e9nk. Am\u00fagy sem egyszer\u0171 helyzet\u00fcnk a [&hellip;]\" \/>\n<meta property=\"og:url\" content=\"https:\/\/buod.de\/de\/zdf-29-5-2024-ma-22-45-kor-film-mafyarorszagrol\/\" \/>\n<meta property=\"og:site_name\" content=\"BUOD\" \/>\n<meta property=\"article:publisher\" content=\"https:\/\/www.facebook.com\/profile.php?id=100082185652397\" \/>\n<meta property=\"article:published_time\" content=\"2024-05-29T16:04:00+00:00\" \/>\n<meta property=\"article:modified_time\" content=\"2024-06-24T16:08:41+00:00\" \/>\n<meta name=\"author\" content=\"Gery V\u00e1rkonyi\" \/>\n<meta name=\"twitter:card\" content=\"summary_large_image\" \/>\n<meta name=\"twitter:label1\" content=\"Written by\" \/>\n\t<meta name=\"twitter:data1\" content=\"Gery V\u00e1rkonyi\" \/>\n\t<meta name=\"twitter:label2\" content=\"Est. reading time\" \/>\n\t<meta name=\"twitter:data2\" content=\"2 minutes\" \/>\n<script type=\"application\/ld+json\" class=\"yoast-schema-graph\">{\"@context\":\"https:\\\/\\\/schema.org\",\"@graph\":[{\"@type\":\"Article\",\"@id\":\"https:\\\/\\\/buod.de\\\/zdf-29-5-2024-ma-22-45-kor-film-mafyarorszagrol\\\/#article\",\"isPartOf\":{\"@id\":\"https:\\\/\\\/buod.de\\\/zdf-29-5-2024-ma-22-45-kor-film-mafyarorszagrol\\\/\"},\"author\":{\"name\":\"Gery V\u00e1rkonyi\",\"@id\":\"https:\\\/\\\/buod.de\\\/#\\\/schema\\\/person\\\/8332a3e63b017fea8fcd17e9c0f96bf1\"},\"headline\":\"ZDF 29.5.2024 (ma) 22.45-kor\u00a0\u00a0 Film Mafyarorsz\u00e1gr\u00f3l\",\"datePublished\":\"2024-05-29T16:04:00+00:00\",\"dateModified\":\"2024-06-24T16:08:41+00:00\",\"mainEntityOfPage\":{\"@id\":\"https:\\\/\\\/buod.de\\\/zdf-29-5-2024-ma-22-45-kor-film-mafyarorszagrol\\\/\"},\"wordCount\":362,\"commentCount\":0,\"publisher\":{\"@id\":\"https:\\\/\\\/buod.de\\\/#organization\"},\"keywords\":[\"2024\"],\"articleSection\":[\"H\u00edrek\"],\"inLanguage\":\"de-DE\",\"potentialAction\":[{\"@type\":\"CommentAction\",\"name\":\"Comment\",\"target\":[\"https:\\\/\\\/buod.de\\\/zdf-29-5-2024-ma-22-45-kor-film-mafyarorszagrol\\\/#respond\"]}]},{\"@type\":\"WebPage\",\"@id\":\"https:\\\/\\\/buod.de\\\/zdf-29-5-2024-ma-22-45-kor-film-mafyarorszagrol\\\/\",\"url\":\"https:\\\/\\\/buod.de\\\/zdf-29-5-2024-ma-22-45-kor-film-mafyarorszagrol\\\/\",\"name\":\"ZDF 29.5.2024 (ma) 22.45-kor\u00a0\u00a0 Film Mafyarorsz\u00e1gr\u00f3l - BUOD\",\"isPartOf\":{\"@id\":\"https:\\\/\\\/buod.de\\\/#website\"},\"datePublished\":\"2024-05-29T16:04:00+00:00\",\"dateModified\":\"2024-06-24T16:08:41+00:00\",\"breadcrumb\":{\"@id\":\"https:\\\/\\\/buod.de\\\/zdf-29-5-2024-ma-22-45-kor-film-mafyarorszagrol\\\/#breadcrumb\"},\"inLanguage\":\"de-DE\",\"potentialAction\":[{\"@type\":\"ReadAction\",\"target\":[\"https:\\\/\\\/buod.de\\\/zdf-29-5-2024-ma-22-45-kor-film-mafyarorszagrol\\\/\"]}]},{\"@type\":\"BreadcrumbList\",\"@id\":\"https:\\\/\\\/buod.de\\\/zdf-29-5-2024-ma-22-45-kor-film-mafyarorszagrol\\\/#breadcrumb\",\"itemListElement\":[{\"@type\":\"ListItem\",\"position\":1,\"name\":\"Kezd\u0151lap\",\"item\":\"https:\\\/\\\/buod.de\\\/\"},{\"@type\":\"ListItem\",\"position\":2,\"name\":\"ZDF 29.5.2024 (ma) 22.45-kor\u00a0\u00a0 Film Mafyarorsz\u00e1gr\u00f3l\"}]},{\"@type\":\"WebSite\",\"@id\":\"https:\\\/\\\/buod.de\\\/#website\",\"url\":\"https:\\\/\\\/buod.de\\\/\",\"name\":\"BUOD\",\"description\":\"Bund Ungarischer Organisationen in Deutschland\",\"publisher\":{\"@id\":\"https:\\\/\\\/buod.de\\\/#organization\"},\"potentialAction\":[{\"@type\":\"SearchAction\",\"target\":{\"@type\":\"EntryPoint\",\"urlTemplate\":\"https:\\\/\\\/buod.de\\\/?s={search_term_string}\"},\"query-input\":{\"@type\":\"PropertyValueSpecification\",\"valueRequired\":true,\"valueName\":\"search_term_string\"}}],\"inLanguage\":\"de-DE\"},{\"@type\":\"Organization\",\"@id\":\"https:\\\/\\\/buod.de\\\/#organization\",\"name\":\"BUOD\",\"url\":\"https:\\\/\\\/buod.de\\\/\",\"logo\":{\"@type\":\"ImageObject\",\"inLanguage\":\"de-DE\",\"@id\":\"https:\\\/\\\/buod.de\\\/#\\\/schema\\\/logo\\\/image\\\/\",\"url\":\"https:\\\/\\\/buod.de\\\/wp-content\\\/uploads\\\/2024\\\/03\\\/BUOD-logo.png\",\"contentUrl\":\"https:\\\/\\\/buod.de\\\/wp-content\\\/uploads\\\/2024\\\/03\\\/BUOD-logo.png\",\"width\":586,\"height\":490,\"caption\":\"BUOD\"},\"image\":{\"@id\":\"https:\\\/\\\/buod.de\\\/#\\\/schema\\\/logo\\\/image\\\/\"},\"sameAs\":[\"https:\\\/\\\/www.facebook.com\\\/profile.php?id=100082185652397\"]},{\"@type\":\"Person\",\"@id\":\"https:\\\/\\\/buod.de\\\/#\\\/schema\\\/person\\\/8332a3e63b017fea8fcd17e9c0f96bf1\",\"name\":\"Gery V\u00e1rkonyi\",\"image\":{\"@type\":\"ImageObject\",\"inLanguage\":\"de-DE\",\"@id\":\"https:\\\/\\\/secure.gravatar.com\\\/avatar\\\/c1babe7dc68f065be4ec606c522172804715398688c78c6fffca3888b364e934?s=96&d=mm&r=g\",\"url\":\"https:\\\/\\\/secure.gravatar.com\\\/avatar\\\/c1babe7dc68f065be4ec606c522172804715398688c78c6fffca3888b364e934?s=96&d=mm&r=g\",\"contentUrl\":\"https:\\\/\\\/secure.gravatar.com\\\/avatar\\\/c1babe7dc68f065be4ec606c522172804715398688c78c6fffca3888b364e934?s=96&d=mm&r=g\",\"caption\":\"Gery V\u00e1rkonyi\"},\"url\":\"https:\\\/\\\/buod.de\\\/de\\\/author\\\/geryvarkonyi\\\/\"}]}<\/script>\n<!-- \/ Yoast SEO plugin. -->","yoast_head_json":{"title":"ZDF 29.5.2024 (ma) 22.45-kor\u00a0\u00a0 Film Mafyarorsz\u00e1gr\u00f3l - BUOD","robots":{"index":"index","follow":"follow","max-snippet":"max-snippet:-1","max-image-preview":"max-image-preview:large","max-video-preview":"max-video-preview:-1"},"canonical":"https:\/\/buod.de\/de\/zdf-29-5-2024-ma-22-45-kor-film-mafyarorszagrol\/","og_locale":"de_DE","og_type":"article","og_title":"ZDF 29.5.2024 (ma) 22.45-kor\u00a0\u00a0 Film Mafyarorsz\u00e1gr\u00f3l - BUOD","og_description":"Kedves Mindny\u00e1jan! Az EU- \u00e9s a helyhat\u00f3s\u00e1gi v\u00e1laszt\u00e1sok el\u0151tt egy ujabb er\u0151sen kritikus film Magyarosz\u00e1ggal kapcsolatban a n\u00e9met m\u00e9di\u00e1ban ma este. Propaganda-Angriff auf die EU Wie Orban seine Ideologie verbreitet&nbsp;&nbsp;&nbsp;&nbsp;&nbsp;&nbsp;&nbsp; ZDF 29.5.2024 (ma) 22.45-kor, a Mediathekben is megtekinthet\u0151. https:\/\/www.zdf.de\/dokumentation\/die-spur\/die-spur&#8212;propaganda-angriff-auf-die-eu-100.html 1100 \u00e9ves egyed\u00fcl\u00e1ll\u00f3 k\u00f6z\u00f6s t\u00f6rt\u00e9nelm\u00fcnk ut\u00e1n (Richard von Weizs\u00e4cker) jobbat \u00e9rdemeln\u00e9nk. Am\u00fagy sem egyszer\u0171 helyzet\u00fcnk a [&hellip;]","og_url":"https:\/\/buod.de\/de\/zdf-29-5-2024-ma-22-45-kor-film-mafyarorszagrol\/","og_site_name":"BUOD","article_publisher":"https:\/\/www.facebook.com\/profile.php?id=100082185652397","article_published_time":"2024-05-29T16:04:00+00:00","article_modified_time":"2024-06-24T16:08:41+00:00","author":"Gery V\u00e1rkonyi","twitter_card":"summary_large_image","twitter_misc":{"Written by":"Gery V\u00e1rkonyi","Est. reading time":"2 minutes"},"schema":{"@context":"https:\/\/schema.org","@graph":[{"@type":"Article","@id":"https:\/\/buod.de\/zdf-29-5-2024-ma-22-45-kor-film-mafyarorszagrol\/#article","isPartOf":{"@id":"https:\/\/buod.de\/zdf-29-5-2024-ma-22-45-kor-film-mafyarorszagrol\/"},"author":{"name":"Gery V\u00e1rkonyi","@id":"https:\/\/buod.de\/#\/schema\/person\/8332a3e63b017fea8fcd17e9c0f96bf1"},"headline":"ZDF 29.5.2024 (ma) 22.45-kor\u00a0\u00a0 Film Mafyarorsz\u00e1gr\u00f3l","datePublished":"2024-05-29T16:04:00+00:00","dateModified":"2024-06-24T16:08:41+00:00","mainEntityOfPage":{"@id":"https:\/\/buod.de\/zdf-29-5-2024-ma-22-45-kor-film-mafyarorszagrol\/"},"wordCount":362,"commentCount":0,"publisher":{"@id":"https:\/\/buod.de\/#organization"},"keywords":["2024"],"articleSection":["H\u00edrek"],"inLanguage":"de-DE","potentialAction":[{"@type":"CommentAction","name":"Comment","target":["https:\/\/buod.de\/zdf-29-5-2024-ma-22-45-kor-film-mafyarorszagrol\/#respond"]}]},{"@type":"WebPage","@id":"https:\/\/buod.de\/zdf-29-5-2024-ma-22-45-kor-film-mafyarorszagrol\/","url":"https:\/\/buod.de\/zdf-29-5-2024-ma-22-45-kor-film-mafyarorszagrol\/","name":"ZDF 29.5.2024 (ma) 22.45-kor\u00a0\u00a0 Film Mafyarorsz\u00e1gr\u00f3l - BUOD","isPartOf":{"@id":"https:\/\/buod.de\/#website"},"datePublished":"2024-05-29T16:04:00+00:00","dateModified":"2024-06-24T16:08:41+00:00","breadcrumb":{"@id":"https:\/\/buod.de\/zdf-29-5-2024-ma-22-45-kor-film-mafyarorszagrol\/#breadcrumb"},"inLanguage":"de-DE","potentialAction":[{"@type":"ReadAction","target":["https:\/\/buod.de\/zdf-29-5-2024-ma-22-45-kor-film-mafyarorszagrol\/"]}]},{"@type":"BreadcrumbList","@id":"https:\/\/buod.de\/zdf-29-5-2024-ma-22-45-kor-film-mafyarorszagrol\/#breadcrumb","itemListElement":[{"@type":"ListItem","position":1,"name":"Kezd\u0151lap","item":"https:\/\/buod.de\/"},{"@type":"ListItem","position":2,"name":"ZDF 29.5.2024 (ma) 22.45-kor\u00a0\u00a0 Film Mafyarorsz\u00e1gr\u00f3l"}]},{"@type":"WebSite","@id":"https:\/\/buod.de\/#website","url":"https:\/\/buod.de\/","name":"BUOD","description":"Bund Ungarischer Organisationen in Deutschland","publisher":{"@id":"https:\/\/buod.de\/#organization"},"potentialAction":[{"@type":"SearchAction","target":{"@type":"EntryPoint","urlTemplate":"https:\/\/buod.de\/?s={search_term_string}"},"query-input":{"@type":"PropertyValueSpecification","valueRequired":true,"valueName":"search_term_string"}}],"inLanguage":"de-DE"},{"@type":"Organization","@id":"https:\/\/buod.de\/#organization","name":"BUOD","url":"https:\/\/buod.de\/","logo":{"@type":"ImageObject","inLanguage":"de-DE","@id":"https:\/\/buod.de\/#\/schema\/logo\/image\/","url":"https:\/\/buod.de\/wp-content\/uploads\/2024\/03\/BUOD-logo.png","contentUrl":"https:\/\/buod.de\/wp-content\/uploads\/2024\/03\/BUOD-logo.png","width":586,"height":490,"caption":"BUOD"},"image":{"@id":"https:\/\/buod.de\/#\/schema\/logo\/image\/"},"sameAs":["https:\/\/www.facebook.com\/profile.php?id=100082185652397"]},{"@type":"Person","@id":"https:\/\/buod.de\/#\/schema\/person\/8332a3e63b017fea8fcd17e9c0f96bf1","name":"Gery V\u00e1rkonyi","image":{"@type":"ImageObject","inLanguage":"de-DE","@id":"https:\/\/secure.gravatar.com\/avatar\/c1babe7dc68f065be4ec606c522172804715398688c78c6fffca3888b364e934?s=96&d=mm&r=g","url":"https:\/\/secure.gravatar.com\/avatar\/c1babe7dc68f065be4ec606c522172804715398688c78c6fffca3888b364e934?s=96&d=mm&r=g","contentUrl":"https:\/\/secure.gravatar.com\/avatar\/c1babe7dc68f065be4ec606c522172804715398688c78c6fffca3888b364e934?s=96&d=mm&r=g","caption":"Gery V\u00e1rkonyi"},"url":"https:\/\/buod.de\/de\/author\/geryvarkonyi\/"}]}},"_links":{"self":[{"href":"https:\/\/buod.de\/de\/wp-json\/wp\/v2\/posts\/8545","targetHints":{"allow":["GET"]}}],"collection":[{"href":"https:\/\/buod.de\/de\/wp-json\/wp\/v2\/posts"}],"about":[{"href":"https:\/\/buod.de\/de\/wp-json\/wp\/v2\/types\/post"}],"author":[{"embeddable":true,"href":"https:\/\/buod.de\/de\/wp-json\/wp\/v2\/users\/4"}],"replies":[{"embeddable":true,"href":"https:\/\/buod.de\/de\/wp-json\/wp\/v2\/comments?post=8545"}],"version-history":[{"count":1,"href":"https:\/\/buod.de\/de\/wp-json\/wp\/v2\/posts\/8545\/revisions"}],"predecessor-version":[{"id":8546,"href":"https:\/\/buod.de\/de\/wp-json\/wp\/v2\/posts\/8545\/revisions\/8546"}],"wp:attachment":[{"href":"https:\/\/buod.de\/de\/wp-json\/wp\/v2\/media?parent=8545"}],"wp:term":[{"taxonomy":"category","embeddable":true,"href":"https:\/\/buod.de\/de\/wp-json\/wp\/v2\/categories?post=8545"},{"taxonomy":"post_tag","embeddable":true,"href":"https:\/\/buod.de\/de\/wp-json\/wp\/v2\/tags?post=8545"}],"curies":[{"name":"wp","href":"https:\/\/api.w.org\/{rel}","templated":true}]}}