{"id":8564,"date":"2024-06-11T18:26:46","date_gmt":"2024-06-11T18:26:46","guid":{"rendered":"https:\/\/dev.buod.de\/?p=8564"},"modified":"2024-06-24T18:27:30","modified_gmt":"2024-06-24T18:27:30","slug":"wahlen-in-ungarn-einladung-nach-munchen","status":"publish","type":"post","link":"https:\/\/buod.de\/de\/wahlen-in-ungarn-einladung-nach-munchen\/","title":{"rendered":"Wahlen in Ungarn + Einladung nach M\u00fcnchen!"},"content":{"rendered":"<p>An die Mitglieder und Freunde der<\/p>\n\n\n\n<p>Deutsch-Ungarischen Gesellschaft in der Bundesrepublik Deutschland e.V.<\/p>\n\n\n\n<p>Sehr geehrte Damen und Herren,<\/p>\n\n\n\n<p>die Wahlen zum EU-Parlament haben in mehreren EU-L\u00e4ndern, vor allem in Deutschland und Frankreich, f\u00fcr politische Erdbeben gesorgt, deren Konsequenzen f\u00fcr die EU noch gar nicht absehbar sind. Bei den Europa- und Kommunalwahlen in Ungarn hat das Regierungsb\u00fcndnis Fidesz-KDNP seine starke Stellung weitgehend behaupten k\u00f6nnen, auch wenn die neue Partei TISZA aus dem Stand erhebliche Gewinne verzeichnen konnte, allerdings erkennbar zu Lasten der anderen Oppositionsparteien. Bence Bauer, der Direktor des Deutsch-Ungarischen Instituts beim MCC, hat dazu zeitnah eine profunde Darstellung der Wahlergebnisse vorgelegt, die ich Ihnen im Anhang zusende.&nbsp;<\/p>\n\n\n\n<p>Nicht unerw\u00e4hnt lassen will ich auch, dass Teile der deutschen Medien bei ihrer Negativ-Berichterstattung \u00fcber Ungarn vor und nach den Wahlen leider wieder zur Hochform aufgelaufen sind. Beispielsweise sprach der ZDF-Korrespondent aus Budapest am Wahlabend vom immerhin viermal hintereinander mit absoluter Mehrheit gew\u00e4hlten ungarischen Ministerpr\u00e4sidenten als &#8222;Mann, der die Demokratie und die Verfassung geschleift hat&#8221;. Als Deutscher kann man sich f\u00fcr eine solch d\u00fcmmlich-einseitige Propaganda gegen Ungarn, die mit seri\u00f6sem Journalismus nichts zu tun hat, manchmal nur noch fremdsch\u00e4men.&nbsp;<\/p>\n\n\n\n<p>Um so wichtiger ist es, beharrlich \u00fcber die Tatsachen zu sprechen. Deshalb freue ich mich sehr, dass der Generalkonsul Ungarns in Bayern, G\u00e1bor Tordai-Lejk\u00f3, zu einer hochinteressanten gemeinsamen Veranstaltung mit unserer Deutsch-Ungarischen Gesellschaft nach M\u00fcnchen einl\u00e4dt, bei der wir \u00fcber &#8222;Die EU nach den Wahlen und die ungarische Ratspr\u00e4sidentschaft&#8221; diskutieren wollen. Sie finden die Einladung im Anhang. Bitte melden Sie sich dazu direkt im Generalkonsulat an, unter <a href=\"mailto:einladung-muenchen@mfa.gov.hu\">einladung-muenchen@mfa.gov.hu <\/a>oder der in der Einladung angegebenen Telefonnummer.<\/p>\n\n\n\n<p>Wir w\u00fcrden uns sehr freuen, Sie am 8. Juli in M\u00fcnchen zu treffen!<\/p>\n\n\n\n<p>Mit&nbsp;herzlichen Gr\u00fc\u00dfen<\/p>\n\n\n\n<p>Ihr<\/p>\n\n\n\n<p>Gerhard Papke<\/p>\n\n\n\n<div data-wp-interactive=\"core\/file\" class=\"wp-block-file\"><object data-wp-bind--hidden=\"!state.hasPdfPreview\" hidden class=\"wp-block-file__embed\" data=\"https:\/\/buod.de\/wp-content\/uploads\/2024\/06\/24-06-10_Kommunal-und-Europawahlen-in-Ungarn_Bence-Bauer.pdf\" type=\"application\/pdf\" style=\"width:100%;height:600px\" aria-label=\"Embed of 24-06-10_Kommunal- und Europawahlen in Ungarn_Bence Bauer.\"><\/object><a id=\"wp-block-file--media-8ccef42a-79fb-4ea8-9b81-6e131c09afc6\" href=\"https:\/\/buod.de\/wp-content\/uploads\/2024\/06\/24-06-10_Kommunal-und-Europawahlen-in-Ungarn_Bence-Bauer.pdf\">24-06-10_Kommunal- und Europawahlen in Ungarn_Bence Bauer<\/a><a href=\"https:\/\/buod.de\/wp-content\/uploads\/2024\/06\/24-06-10_Kommunal-und-Europawahlen-in-Ungarn_Bence-Bauer.pdf\" class=\"wp-block-file__button wp-element-button\" download aria-describedby=\"wp-block-file--media-8ccef42a-79fb-4ea8-9b81-6e131c09afc6\">Download<\/a><\/div>","protected":false},"excerpt":{"rendered":"<p>An die Mitglieder und Freunde der Deutsch-Ungarischen Gesellschaft in der Bundesrepublik Deutschland e.V. Sehr geehrte Damen und Herren, die Wahlen zum EU-Parlament haben in mehreren EU-L\u00e4ndern, vor allem in Deutschland und Frankreich, f\u00fcr politische Erdbeben gesorgt, deren Konsequenzen f\u00fcr die EU noch gar nicht absehbar sind. Bei den Europa- und Kommunalwahlen in Ungarn hat das [&hellip;]<\/p>\n","protected":false},"author":4,"featured_media":0,"comment_status":"open","ping_status":"open","sticky":false,"template":"","format":"standard","meta":{"footnotes":""},"categories":[17],"tags":[22],"class_list":["post-8564","post","type-post","status-publish","format-standard","hentry","category-hirek","tag-22"],"yoast_head":"<!-- This site is optimized with the Yoast SEO plugin v27.4 - https:\/\/yoast.com\/product\/yoast-seo-wordpress\/ -->\n<title>Wahlen in Ungarn + Einladung nach M\u00fcnchen! - BUOD<\/title>\n<meta name=\"robots\" content=\"index, follow, max-snippet:-1, max-image-preview:large, max-video-preview:-1\" \/>\n<link rel=\"canonical\" href=\"https:\/\/buod.de\/de\/wahlen-in-ungarn-einladung-nach-munchen\/\" \/>\n<meta property=\"og:locale\" content=\"de_DE\" \/>\n<meta property=\"og:type\" content=\"article\" \/>\n<meta property=\"og:title\" content=\"Wahlen in Ungarn + Einladung nach M\u00fcnchen! - BUOD\" \/>\n<meta property=\"og:description\" content=\"An die Mitglieder und Freunde der Deutsch-Ungarischen Gesellschaft in der Bundesrepublik Deutschland e.V. Sehr geehrte Damen und Herren, die Wahlen zum EU-Parlament haben in mehreren EU-L\u00e4ndern, vor allem in Deutschland und Frankreich, f\u00fcr politische Erdbeben gesorgt, deren Konsequenzen f\u00fcr die EU noch gar nicht absehbar sind. Bei den Europa- und Kommunalwahlen in Ungarn hat das [&hellip;]\" \/>\n<meta property=\"og:url\" content=\"https:\/\/buod.de\/de\/wahlen-in-ungarn-einladung-nach-munchen\/\" \/>\n<meta property=\"og:site_name\" content=\"BUOD\" \/>\n<meta property=\"article:publisher\" content=\"https:\/\/www.facebook.com\/profile.php?id=100082185652397\" \/>\n<meta property=\"article:published_time\" content=\"2024-06-11T18:26:46+00:00\" \/>\n<meta property=\"article:modified_time\" content=\"2024-06-24T18:27:30+00:00\" \/>\n<meta name=\"author\" content=\"Gery V\u00e1rkonyi\" \/>\n<meta name=\"twitter:card\" content=\"summary_large_image\" \/>\n<meta name=\"twitter:label1\" content=\"Written by\" \/>\n\t<meta name=\"twitter:data1\" content=\"Gery V\u00e1rkonyi\" \/>\n\t<meta name=\"twitter:label2\" content=\"Est. reading time\" \/>\n\t<meta name=\"twitter:data2\" content=\"2 minutes\" \/>\n<script type=\"application\/ld+json\" class=\"yoast-schema-graph\">{\"@context\":\"https:\\\/\\\/schema.org\",\"@graph\":[{\"@type\":\"Article\",\"@id\":\"https:\\\/\\\/buod.de\\\/wahlen-in-ungarn-einladung-nach-munchen\\\/#article\",\"isPartOf\":{\"@id\":\"https:\\\/\\\/buod.de\\\/wahlen-in-ungarn-einladung-nach-munchen\\\/\"},\"author\":{\"name\":\"Gery V\u00e1rkonyi\",\"@id\":\"https:\\\/\\\/buod.de\\\/#\\\/schema\\\/person\\\/8332a3e63b017fea8fcd17e9c0f96bf1\"},\"headline\":\"Wahlen in Ungarn + Einladung nach M\u00fcnchen!\",\"datePublished\":\"2024-06-11T18:26:46+00:00\",\"dateModified\":\"2024-06-24T18:27:30+00:00\",\"mainEntityOfPage\":{\"@id\":\"https:\\\/\\\/buod.de\\\/wahlen-in-ungarn-einladung-nach-munchen\\\/\"},\"wordCount\":322,\"commentCount\":0,\"publisher\":{\"@id\":\"https:\\\/\\\/buod.de\\\/#organization\"},\"keywords\":[\"2024\"],\"articleSection\":[\"H\u00edrek\"],\"inLanguage\":\"de-DE\",\"potentialAction\":[{\"@type\":\"CommentAction\",\"name\":\"Comment\",\"target\":[\"https:\\\/\\\/buod.de\\\/wahlen-in-ungarn-einladung-nach-munchen\\\/#respond\"]}]},{\"@type\":\"WebPage\",\"@id\":\"https:\\\/\\\/buod.de\\\/wahlen-in-ungarn-einladung-nach-munchen\\\/\",\"url\":\"https:\\\/\\\/buod.de\\\/wahlen-in-ungarn-einladung-nach-munchen\\\/\",\"name\":\"Wahlen in Ungarn + Einladung nach M\u00fcnchen! - BUOD\",\"isPartOf\":{\"@id\":\"https:\\\/\\\/buod.de\\\/#website\"},\"datePublished\":\"2024-06-11T18:26:46+00:00\",\"dateModified\":\"2024-06-24T18:27:30+00:00\",\"breadcrumb\":{\"@id\":\"https:\\\/\\\/buod.de\\\/wahlen-in-ungarn-einladung-nach-munchen\\\/#breadcrumb\"},\"inLanguage\":\"de-DE\",\"potentialAction\":[{\"@type\":\"ReadAction\",\"target\":[\"https:\\\/\\\/buod.de\\\/wahlen-in-ungarn-einladung-nach-munchen\\\/\"]}]},{\"@type\":\"BreadcrumbList\",\"@id\":\"https:\\\/\\\/buod.de\\\/wahlen-in-ungarn-einladung-nach-munchen\\\/#breadcrumb\",\"itemListElement\":[{\"@type\":\"ListItem\",\"position\":1,\"name\":\"Kezd\u0151lap\",\"item\":\"https:\\\/\\\/buod.de\\\/\"},{\"@type\":\"ListItem\",\"position\":2,\"name\":\"Wahlen in Ungarn + Einladung nach M\u00fcnchen!\"}]},{\"@type\":\"WebSite\",\"@id\":\"https:\\\/\\\/buod.de\\\/#website\",\"url\":\"https:\\\/\\\/buod.de\\\/\",\"name\":\"BUOD\",\"description\":\"Bund Ungarischer Organisationen in Deutschland\",\"publisher\":{\"@id\":\"https:\\\/\\\/buod.de\\\/#organization\"},\"potentialAction\":[{\"@type\":\"SearchAction\",\"target\":{\"@type\":\"EntryPoint\",\"urlTemplate\":\"https:\\\/\\\/buod.de\\\/?s={search_term_string}\"},\"query-input\":{\"@type\":\"PropertyValueSpecification\",\"valueRequired\":true,\"valueName\":\"search_term_string\"}}],\"inLanguage\":\"de-DE\"},{\"@type\":\"Organization\",\"@id\":\"https:\\\/\\\/buod.de\\\/#organization\",\"name\":\"BUOD\",\"url\":\"https:\\\/\\\/buod.de\\\/\",\"logo\":{\"@type\":\"ImageObject\",\"inLanguage\":\"de-DE\",\"@id\":\"https:\\\/\\\/buod.de\\\/#\\\/schema\\\/logo\\\/image\\\/\",\"url\":\"https:\\\/\\\/buod.de\\\/wp-content\\\/uploads\\\/2024\\\/03\\\/BUOD-logo.png\",\"contentUrl\":\"https:\\\/\\\/buod.de\\\/wp-content\\\/uploads\\\/2024\\\/03\\\/BUOD-logo.png\",\"width\":586,\"height\":490,\"caption\":\"BUOD\"},\"image\":{\"@id\":\"https:\\\/\\\/buod.de\\\/#\\\/schema\\\/logo\\\/image\\\/\"},\"sameAs\":[\"https:\\\/\\\/www.facebook.com\\\/profile.php?id=100082185652397\"]},{\"@type\":\"Person\",\"@id\":\"https:\\\/\\\/buod.de\\\/#\\\/schema\\\/person\\\/8332a3e63b017fea8fcd17e9c0f96bf1\",\"name\":\"Gery V\u00e1rkonyi\",\"image\":{\"@type\":\"ImageObject\",\"inLanguage\":\"de-DE\",\"@id\":\"https:\\\/\\\/secure.gravatar.com\\\/avatar\\\/c1babe7dc68f065be4ec606c522172804715398688c78c6fffca3888b364e934?s=96&d=mm&r=g\",\"url\":\"https:\\\/\\\/secure.gravatar.com\\\/avatar\\\/c1babe7dc68f065be4ec606c522172804715398688c78c6fffca3888b364e934?s=96&d=mm&r=g\",\"contentUrl\":\"https:\\\/\\\/secure.gravatar.com\\\/avatar\\\/c1babe7dc68f065be4ec606c522172804715398688c78c6fffca3888b364e934?s=96&d=mm&r=g\",\"caption\":\"Gery V\u00e1rkonyi\"},\"url\":\"https:\\\/\\\/buod.de\\\/de\\\/author\\\/geryvarkonyi\\\/\"}]}<\/script>\n<!-- \/ Yoast SEO plugin. -->","yoast_head_json":{"title":"Wahlen in Ungarn + Einladung nach M\u00fcnchen! - BUOD","robots":{"index":"index","follow":"follow","max-snippet":"max-snippet:-1","max-image-preview":"max-image-preview:large","max-video-preview":"max-video-preview:-1"},"canonical":"https:\/\/buod.de\/de\/wahlen-in-ungarn-einladung-nach-munchen\/","og_locale":"de_DE","og_type":"article","og_title":"Wahlen in Ungarn + Einladung nach M\u00fcnchen! - BUOD","og_description":"An die Mitglieder und Freunde der Deutsch-Ungarischen Gesellschaft in der Bundesrepublik Deutschland e.V. Sehr geehrte Damen und Herren, die Wahlen zum EU-Parlament haben in mehreren EU-L\u00e4ndern, vor allem in Deutschland und Frankreich, f\u00fcr politische Erdbeben gesorgt, deren Konsequenzen f\u00fcr die EU noch gar nicht absehbar sind. Bei den Europa- und Kommunalwahlen in Ungarn hat das [&hellip;]","og_url":"https:\/\/buod.de\/de\/wahlen-in-ungarn-einladung-nach-munchen\/","og_site_name":"BUOD","article_publisher":"https:\/\/www.facebook.com\/profile.php?id=100082185652397","article_published_time":"2024-06-11T18:26:46+00:00","article_modified_time":"2024-06-24T18:27:30+00:00","author":"Gery V\u00e1rkonyi","twitter_card":"summary_large_image","twitter_misc":{"Written by":"Gery V\u00e1rkonyi","Est. reading time":"2 minutes"},"schema":{"@context":"https:\/\/schema.org","@graph":[{"@type":"Article","@id":"https:\/\/buod.de\/wahlen-in-ungarn-einladung-nach-munchen\/#article","isPartOf":{"@id":"https:\/\/buod.de\/wahlen-in-ungarn-einladung-nach-munchen\/"},"author":{"name":"Gery V\u00e1rkonyi","@id":"https:\/\/buod.de\/#\/schema\/person\/8332a3e63b017fea8fcd17e9c0f96bf1"},"headline":"Wahlen in Ungarn + Einladung nach M\u00fcnchen!","datePublished":"2024-06-11T18:26:46+00:00","dateModified":"2024-06-24T18:27:30+00:00","mainEntityOfPage":{"@id":"https:\/\/buod.de\/wahlen-in-ungarn-einladung-nach-munchen\/"},"wordCount":322,"commentCount":0,"publisher":{"@id":"https:\/\/buod.de\/#organization"},"keywords":["2024"],"articleSection":["H\u00edrek"],"inLanguage":"de-DE","potentialAction":[{"@type":"CommentAction","name":"Comment","target":["https:\/\/buod.de\/wahlen-in-ungarn-einladung-nach-munchen\/#respond"]}]},{"@type":"WebPage","@id":"https:\/\/buod.de\/wahlen-in-ungarn-einladung-nach-munchen\/","url":"https:\/\/buod.de\/wahlen-in-ungarn-einladung-nach-munchen\/","name":"Wahlen in Ungarn + Einladung nach M\u00fcnchen! - BUOD","isPartOf":{"@id":"https:\/\/buod.de\/#website"},"datePublished":"2024-06-11T18:26:46+00:00","dateModified":"2024-06-24T18:27:30+00:00","breadcrumb":{"@id":"https:\/\/buod.de\/wahlen-in-ungarn-einladung-nach-munchen\/#breadcrumb"},"inLanguage":"de-DE","potentialAction":[{"@type":"ReadAction","target":["https:\/\/buod.de\/wahlen-in-ungarn-einladung-nach-munchen\/"]}]},{"@type":"BreadcrumbList","@id":"https:\/\/buod.de\/wahlen-in-ungarn-einladung-nach-munchen\/#breadcrumb","itemListElement":[{"@type":"ListItem","position":1,"name":"Kezd\u0151lap","item":"https:\/\/buod.de\/"},{"@type":"ListItem","position":2,"name":"Wahlen in Ungarn + Einladung nach M\u00fcnchen!"}]},{"@type":"WebSite","@id":"https:\/\/buod.de\/#website","url":"https:\/\/buod.de\/","name":"BUOD","description":"Bund Ungarischer Organisationen in Deutschland","publisher":{"@id":"https:\/\/buod.de\/#organization"},"potentialAction":[{"@type":"SearchAction","target":{"@type":"EntryPoint","urlTemplate":"https:\/\/buod.de\/?s={search_term_string}"},"query-input":{"@type":"PropertyValueSpecification","valueRequired":true,"valueName":"search_term_string"}}],"inLanguage":"de-DE"},{"@type":"Organization","@id":"https:\/\/buod.de\/#organization","name":"BUOD","url":"https:\/\/buod.de\/","logo":{"@type":"ImageObject","inLanguage":"de-DE","@id":"https:\/\/buod.de\/#\/schema\/logo\/image\/","url":"https:\/\/buod.de\/wp-content\/uploads\/2024\/03\/BUOD-logo.png","contentUrl":"https:\/\/buod.de\/wp-content\/uploads\/2024\/03\/BUOD-logo.png","width":586,"height":490,"caption":"BUOD"},"image":{"@id":"https:\/\/buod.de\/#\/schema\/logo\/image\/"},"sameAs":["https:\/\/www.facebook.com\/profile.php?id=100082185652397"]},{"@type":"Person","@id":"https:\/\/buod.de\/#\/schema\/person\/8332a3e63b017fea8fcd17e9c0f96bf1","name":"Gery V\u00e1rkonyi","image":{"@type":"ImageObject","inLanguage":"de-DE","@id":"https:\/\/secure.gravatar.com\/avatar\/c1babe7dc68f065be4ec606c522172804715398688c78c6fffca3888b364e934?s=96&d=mm&r=g","url":"https:\/\/secure.gravatar.com\/avatar\/c1babe7dc68f065be4ec606c522172804715398688c78c6fffca3888b364e934?s=96&d=mm&r=g","contentUrl":"https:\/\/secure.gravatar.com\/avatar\/c1babe7dc68f065be4ec606c522172804715398688c78c6fffca3888b364e934?s=96&d=mm&r=g","caption":"Gery V\u00e1rkonyi"},"url":"https:\/\/buod.de\/de\/author\/geryvarkonyi\/"}]}},"_links":{"self":[{"href":"https:\/\/buod.de\/de\/wp-json\/wp\/v2\/posts\/8564","targetHints":{"allow":["GET"]}}],"collection":[{"href":"https:\/\/buod.de\/de\/wp-json\/wp\/v2\/posts"}],"about":[{"href":"https:\/\/buod.de\/de\/wp-json\/wp\/v2\/types\/post"}],"author":[{"embeddable":true,"href":"https:\/\/buod.de\/de\/wp-json\/wp\/v2\/users\/4"}],"replies":[{"embeddable":true,"href":"https:\/\/buod.de\/de\/wp-json\/wp\/v2\/comments?post=8564"}],"version-history":[{"count":1,"href":"https:\/\/buod.de\/de\/wp-json\/wp\/v2\/posts\/8564\/revisions"}],"predecessor-version":[{"id":8566,"href":"https:\/\/buod.de\/de\/wp-json\/wp\/v2\/posts\/8564\/revisions\/8566"}],"wp:attachment":[{"href":"https:\/\/buod.de\/de\/wp-json\/wp\/v2\/media?parent=8564"}],"wp:term":[{"taxonomy":"category","embeddable":true,"href":"https:\/\/buod.de\/de\/wp-json\/wp\/v2\/categories?post=8564"},{"taxonomy":"post_tag","embeddable":true,"href":"https:\/\/buod.de\/de\/wp-json\/wp\/v2\/tags?post=8564"}],"curies":[{"name":"wp","href":"https:\/\/api.w.org\/{rel}","templated":true}]}}