{"id":8580,"date":"2024-06-18T19:01:46","date_gmt":"2024-06-18T19:01:46","guid":{"rendered":"https:\/\/dev.buod.de\/?p=8580"},"modified":"2024-06-24T19:02:39","modified_gmt":"2024-06-24T19:02:39","slug":"buod-talalkozo-es-oktatasugyi-konferencia-2024-szept-21-22","status":"publish","type":"post","link":"https:\/\/buod.de\/de\/buod-talalkozo-es-oktatasugyi-konferencia-2024-szept-21-22\/","title":{"rendered":"BUOD Tal\u00e1lkoz\u00f3 \u00e9s Oktat\u00e1s\u00fcgyi Konferencia 2024. szept. 21-22."},"content":{"rendered":"<p><strong>Kedves N\u00e9metorsz\u00e1gi Magyar Szervezetek, Egyes\u00fcletek \u00e9s H\u00e9tv\u00e9gi Magyar Iskol\u00e1k Vezet\u0151i, Szervez\u0151i!<\/strong><\/p>\n\n\n\n<p>Amint azt m\u00e1r febru\u00e1r 11. level\u00fcnkben jelezt\u00fck, sok szeretettel h\u00edvunk \u00e9s v\u00e1runk Titeket orsz\u00e1gos sz\u00f6vets\u00e9g\u00fcnk k\u00f6vetkez\u0151 tal\u00e1lkoz\u00f3j\u00e1ra, melyet a gy\u00f6ny\u00f6r\u0171 k\u00f6rnyezetben \u00e9p\u00fclt Turul H\u00e1zban tartjuk a Kastl melletti H\u00e1rshegy Cserk\u00e9szparkban. R\u00e9szletes \u00fatle\u00edr\u00e1st mell\u00e9kelt\u00fcnk.<\/p>\n\n\n\n<hr class=\"wp-block-separator has-alpha-channel-opacity\" id=\"system-readmore\"\/>\n\n\n\n<p>Az idei rendezv\u00e9nyen szeretn\u00e9nk teret biztos\u00edtani egy k\u00f6tetlenebb tal\u00e1lkoz\u00e1sra, ahol lehet\u0151s\u00e9ge lesz a tagegyes\u00fcletek k\u00e9pvisel\u0151inek, a magyar oktat\u00e1sban szerepet v\u00e1llal\u00f3knak, valamint a tov\u00e1bbi r\u00e9sztvev\u0151knek megbesz\u00e9lni a n\u00e9metorsz\u00e1gi magyar szervezetek jelenlegi helyzet\u00e9t, j\u00f6v\u0151beni terveit. Egyidej\u0171leg nagyszer\u0171 szakmai vend\u00e9geket h\u00edvunk, akik a diaszp\u00f3r\u00e1ban m\u0171k\u00f6d\u0151 magyar szervezeteket is \u00e9rint\u0151 t\u00e9m\u00e1kban tartanak el\u0151ad\u00e1st.<\/p>\n\n\n\n<p>Egy\u00fattal szeretettel h\u00edvunk minden kedves \u00e9rdekl\u0151d\u0151t az Oktat\u00e1s\u00fcgyi Konferenci\u00e1ra, ahol a szakmai el\u0151ad\u00e1sok mellett lehet\u0151s\u00e9g ny\u00edlik szakmai m\u0171helymunk\u00e1ra.<\/p>\n\n\n\n<p><strong>C\u00edm:<\/strong><strong>&nbsp;&nbsp;&nbsp;&nbsp;&nbsp;&nbsp;&nbsp;&nbsp;&nbsp;&nbsp;&nbsp;&nbsp;&nbsp;&nbsp;&nbsp;&nbsp;&nbsp;&nbsp;&nbsp;&nbsp;&nbsp;&nbsp;&nbsp;&nbsp; Turul H\u00e1z (H\u00e1rshegy Cserk\u00e9szpark \/ Ungarischer Pfadfinderpark)<br>Mennersberg 8.<br>92280 Kastl-Mennersberg<br><\/strong><a href=\"http:\/\/www.cserkeszpark.de\/\">www.cserkeszpark.de\/<\/a><\/p>\n\n\n\n<p><strong>F\u0151szervez\u0151:<\/strong><strong>&nbsp;&nbsp;&nbsp;&nbsp;&nbsp;&nbsp;&nbsp;&nbsp;&nbsp;&nbsp;&nbsp;&nbsp;&nbsp; Klement Korn\u00e9l <\/strong>\/ tel: 0176-935-90-835 \/ dr\u00f3tposta: <a href=\"mailto:kornel.klement@buod.de\"><\/a><a href=\"mailto:kornel.klement@buod.de\">kornel.klement@buod.de<\/a><\/p>\n\n\n\n<p><strong>Kapcsolattart\u00e1s:<\/strong><strong>&nbsp;&nbsp;&nbsp;&nbsp; V. <\/strong><strong>Zombory Anik\u00f3 <\/strong>\/ tel: 0176-539-224-63 \/ dr\u00f3tposta: <a href=\"mailto:aniko.zombory@buod.de\"><\/a><a href=\"mailto:aniko.zombory@buod.de\">aniko.zombory@buod.de<\/a><\/p>\n\n\n\n<p><strong>Online jelentkez\u00e9s:<\/strong> <a href=\"https:\/\/docs.google.com\/forms\/u\/0\/d\/1Uvf6fOwPcrXLrdPvKfDGVJtRrqjCWOvYDyFrQhJ_3oU\/closedform\"><strong>Jelentkez\u00e9s (ide kattints)<\/strong><\/a><\/p>\n\n\n\n<p><strong>Jelentkez\u00e9si hat\u00e1rid\u0151:<\/strong><strong> 2024. szeptember 8. (vas\u00e1rnap)<\/strong><\/p>\n\n\n\n<p>El\u0151re is k\u00f6sz\u00f6nj\u00fck megjelen\u00e9seteket \u00e9s \u00f6r\u00fcl\u00fcnk a tal\u00e1lkoz\u00e1snak. Bar\u00e1ti \u00fcdv\u00f6zlettel!<\/p>\n\n\n\n<p>Klement Korn\u00e9l<\/p>\n\n\n\n<p>Ui.: Tov\u00e1bbi r\u00e9szletek, mint pl. program, \u00e9s mell\u00e9kletek a csatolm\u00e1nyban<\/p>\n\n\n\n<p><a href=\"https:\/\/buod.de\/de\/images\/BUOD_info\/BN_2024-3_web.pdf\/\">http:\/\/www.buod.de\/images\/BUOD_info\/BN_2024-3_web.pdf<\/a><\/p>\n\n\n\n<p>_________________________________________________________<\/p>\n\n\n\n<p>Dr. Korn\u00e9l KLEMENT<\/p>\n\n\n\n<div data-wp-interactive=\"core\/file\" class=\"wp-block-file\"><object data-wp-bind--hidden=\"!state.hasPdfPreview\" hidden class=\"wp-block-file__embed\" data=\"https:\/\/buod.de\/wp-content\/uploads\/2024\/06\/BUOD-Talalkozo-es-Oktatasugyi-konferencia-2024.09.21-22-meghivo.pdf\" type=\"application\/pdf\" style=\"width:100%;height:600px\" aria-label=\"Embed of BUOD Tal\u00e1lkoz\u00f3 \u00e9s Oktat\u00e1s\u00fcgyi konferencia 2024.09.21-22 megh\u00edv\u00f3.\"><\/object><a id=\"wp-block-file--media-ef854d1a-3eca-4c67-9aca-2adf34a6c55e\" href=\"https:\/\/buod.de\/wp-content\/uploads\/2024\/06\/BUOD-Talalkozo-es-Oktatasugyi-konferencia-2024.09.21-22-meghivo.pdf\">BUOD Tal\u00e1lkoz\u00f3 \u00e9s Oktat\u00e1s\u00fcgyi konferencia 2024.09.21-22 megh\u00edv\u00f3<\/a><a href=\"https:\/\/buod.de\/wp-content\/uploads\/2024\/06\/BUOD-Talalkozo-es-Oktatasugyi-konferencia-2024.09.21-22-meghivo.pdf\" class=\"wp-block-file__button wp-element-button\" download aria-describedby=\"wp-block-file--media-ef854d1a-3eca-4c67-9aca-2adf34a6c55e\">Download<\/a><\/div>","protected":false},"excerpt":{"rendered":"<p>Kedves N\u00e9metorsz\u00e1gi Magyar Szervezetek, Egyes\u00fcletek \u00e9s H\u00e9tv\u00e9gi Magyar Iskol\u00e1k Vezet\u0151i, Szervez\u0151i! Amint azt m\u00e1r febru\u00e1r 11. level\u00fcnkben jelezt\u00fck, sok szeretettel h\u00edvunk \u00e9s v\u00e1runk Titeket orsz\u00e1gos sz\u00f6vets\u00e9g\u00fcnk k\u00f6vetkez\u0151 tal\u00e1lkoz\u00f3j\u00e1ra, melyet a gy\u00f6ny\u00f6r\u0171 k\u00f6rnyezetben \u00e9p\u00fclt Turul H\u00e1zban tartjuk a Kastl melletti H\u00e1rshegy Cserk\u00e9szparkban. R\u00e9szletes \u00fatle\u00edr\u00e1st mell\u00e9kelt\u00fcnk. Az idei rendezv\u00e9nyen szeretn\u00e9nk teret biztos\u00edtani egy k\u00f6tetlenebb tal\u00e1lkoz\u00e1sra, ahol lehet\u0151s\u00e9ge [&hellip;]<\/p>\n","protected":false},"author":4,"featured_media":0,"comment_status":"open","ping_status":"open","sticky":false,"template":"","format":"standard","meta":{"footnotes":""},"categories":[17],"tags":[22],"class_list":["post-8580","post","type-post","status-publish","format-standard","hentry","category-hirek","tag-22"],"yoast_head":"<!-- This site is optimized with the Yoast SEO plugin v27.5 - https:\/\/yoast.com\/product\/yoast-seo-wordpress\/ -->\n<title>BUOD Tal\u00e1lkoz\u00f3 \u00e9s Oktat\u00e1s\u00fcgyi Konferencia 2024. szept. 21-22. - BUOD<\/title>\n<meta name=\"robots\" content=\"index, follow, max-snippet:-1, max-image-preview:large, max-video-preview:-1\" \/>\n<link rel=\"canonical\" href=\"https:\/\/buod.de\/de\/buod-talalkozo-es-oktatasugyi-konferencia-2024-szept-21-22\/\" \/>\n<meta property=\"og:locale\" content=\"de_DE\" \/>\n<meta property=\"og:type\" content=\"article\" \/>\n<meta property=\"og:title\" content=\"BUOD Tal\u00e1lkoz\u00f3 \u00e9s Oktat\u00e1s\u00fcgyi Konferencia 2024. szept. 21-22. - BUOD\" \/>\n<meta property=\"og:description\" content=\"Kedves N\u00e9metorsz\u00e1gi Magyar Szervezetek, Egyes\u00fcletek \u00e9s H\u00e9tv\u00e9gi Magyar Iskol\u00e1k Vezet\u0151i, Szervez\u0151i! Amint azt m\u00e1r febru\u00e1r 11. level\u00fcnkben jelezt\u00fck, sok szeretettel h\u00edvunk \u00e9s v\u00e1runk Titeket orsz\u00e1gos sz\u00f6vets\u00e9g\u00fcnk k\u00f6vetkez\u0151 tal\u00e1lkoz\u00f3j\u00e1ra, melyet a gy\u00f6ny\u00f6r\u0171 k\u00f6rnyezetben \u00e9p\u00fclt Turul H\u00e1zban tartjuk a Kastl melletti H\u00e1rshegy Cserk\u00e9szparkban. R\u00e9szletes \u00fatle\u00edr\u00e1st mell\u00e9kelt\u00fcnk. Az idei rendezv\u00e9nyen szeretn\u00e9nk teret biztos\u00edtani egy k\u00f6tetlenebb tal\u00e1lkoz\u00e1sra, ahol lehet\u0151s\u00e9ge [&hellip;]\" \/>\n<meta property=\"og:url\" content=\"https:\/\/buod.de\/de\/buod-talalkozo-es-oktatasugyi-konferencia-2024-szept-21-22\/\" \/>\n<meta property=\"og:site_name\" content=\"BUOD\" \/>\n<meta property=\"article:publisher\" content=\"https:\/\/www.facebook.com\/profile.php?id=100082185652397\" \/>\n<meta property=\"article:published_time\" content=\"2024-06-18T19:01:46+00:00\" \/>\n<meta property=\"article:modified_time\" content=\"2024-06-24T19:02:39+00:00\" \/>\n<meta name=\"author\" content=\"Gery V\u00e1rkonyi\" \/>\n<meta name=\"twitter:card\" content=\"summary_large_image\" \/>\n<meta name=\"twitter:label1\" content=\"Written by\" \/>\n\t<meta name=\"twitter:data1\" content=\"Gery V\u00e1rkonyi\" \/>\n\t<meta name=\"twitter:label2\" content=\"Est. reading time\" \/>\n\t<meta name=\"twitter:data2\" content=\"2 minutes\" \/>\n<script type=\"application\/ld+json\" class=\"yoast-schema-graph\">{\"@context\":\"https:\\\/\\\/schema.org\",\"@graph\":[{\"@type\":\"Article\",\"@id\":\"https:\\\/\\\/buod.de\\\/buod-talalkozo-es-oktatasugyi-konferencia-2024-szept-21-22\\\/#article\",\"isPartOf\":{\"@id\":\"https:\\\/\\\/buod.de\\\/buod-talalkozo-es-oktatasugyi-konferencia-2024-szept-21-22\\\/\"},\"author\":{\"name\":\"Gery V\u00e1rkonyi\",\"@id\":\"https:\\\/\\\/buod.de\\\/#\\\/schema\\\/person\\\/8332a3e63b017fea8fcd17e9c0f96bf1\"},\"headline\":\"BUOD Tal\u00e1lkoz\u00f3 \u00e9s Oktat\u00e1s\u00fcgyi Konferencia 2024. szept. 21-22.\",\"datePublished\":\"2024-06-18T19:01:46+00:00\",\"dateModified\":\"2024-06-24T19:02:39+00:00\",\"mainEntityOfPage\":{\"@id\":\"https:\\\/\\\/buod.de\\\/buod-talalkozo-es-oktatasugyi-konferencia-2024-szept-21-22\\\/\"},\"wordCount\":368,\"commentCount\":0,\"publisher\":{\"@id\":\"https:\\\/\\\/buod.de\\\/#organization\"},\"keywords\":[\"2024\"],\"articleSection\":[\"H\u00edrek\"],\"inLanguage\":\"de-DE\",\"potentialAction\":[{\"@type\":\"CommentAction\",\"name\":\"Comment\",\"target\":[\"https:\\\/\\\/buod.de\\\/buod-talalkozo-es-oktatasugyi-konferencia-2024-szept-21-22\\\/#respond\"]}]},{\"@type\":\"WebPage\",\"@id\":\"https:\\\/\\\/buod.de\\\/buod-talalkozo-es-oktatasugyi-konferencia-2024-szept-21-22\\\/\",\"url\":\"https:\\\/\\\/buod.de\\\/buod-talalkozo-es-oktatasugyi-konferencia-2024-szept-21-22\\\/\",\"name\":\"BUOD Tal\u00e1lkoz\u00f3 \u00e9s Oktat\u00e1s\u00fcgyi Konferencia 2024. szept. 21-22. - BUOD\",\"isPartOf\":{\"@id\":\"https:\\\/\\\/buod.de\\\/#website\"},\"datePublished\":\"2024-06-18T19:01:46+00:00\",\"dateModified\":\"2024-06-24T19:02:39+00:00\",\"breadcrumb\":{\"@id\":\"https:\\\/\\\/buod.de\\\/buod-talalkozo-es-oktatasugyi-konferencia-2024-szept-21-22\\\/#breadcrumb\"},\"inLanguage\":\"de-DE\",\"potentialAction\":[{\"@type\":\"ReadAction\",\"target\":[\"https:\\\/\\\/buod.de\\\/buod-talalkozo-es-oktatasugyi-konferencia-2024-szept-21-22\\\/\"]}]},{\"@type\":\"BreadcrumbList\",\"@id\":\"https:\\\/\\\/buod.de\\\/buod-talalkozo-es-oktatasugyi-konferencia-2024-szept-21-22\\\/#breadcrumb\",\"itemListElement\":[{\"@type\":\"ListItem\",\"position\":1,\"name\":\"Kezd\u0151lap\",\"item\":\"https:\\\/\\\/buod.de\\\/\"},{\"@type\":\"ListItem\",\"position\":2,\"name\":\"BUOD Tal\u00e1lkoz\u00f3 \u00e9s Oktat\u00e1s\u00fcgyi Konferencia 2024. szept. 21-22.\"}]},{\"@type\":\"WebSite\",\"@id\":\"https:\\\/\\\/buod.de\\\/#website\",\"url\":\"https:\\\/\\\/buod.de\\\/\",\"name\":\"BUOD\",\"description\":\"Bund Ungarischer Organisationen in Deutschland\",\"publisher\":{\"@id\":\"https:\\\/\\\/buod.de\\\/#organization\"},\"potentialAction\":[{\"@type\":\"SearchAction\",\"target\":{\"@type\":\"EntryPoint\",\"urlTemplate\":\"https:\\\/\\\/buod.de\\\/?s={search_term_string}\"},\"query-input\":{\"@type\":\"PropertyValueSpecification\",\"valueRequired\":true,\"valueName\":\"search_term_string\"}}],\"inLanguage\":\"de-DE\"},{\"@type\":\"Organization\",\"@id\":\"https:\\\/\\\/buod.de\\\/#organization\",\"name\":\"BUOD\",\"url\":\"https:\\\/\\\/buod.de\\\/\",\"logo\":{\"@type\":\"ImageObject\",\"inLanguage\":\"de-DE\",\"@id\":\"https:\\\/\\\/buod.de\\\/#\\\/schema\\\/logo\\\/image\\\/\",\"url\":\"https:\\\/\\\/buod.de\\\/wp-content\\\/uploads\\\/2024\\\/03\\\/BUOD-logo.png\",\"contentUrl\":\"https:\\\/\\\/buod.de\\\/wp-content\\\/uploads\\\/2024\\\/03\\\/BUOD-logo.png\",\"width\":586,\"height\":490,\"caption\":\"BUOD\"},\"image\":{\"@id\":\"https:\\\/\\\/buod.de\\\/#\\\/schema\\\/logo\\\/image\\\/\"},\"sameAs\":[\"https:\\\/\\\/www.facebook.com\\\/profile.php?id=100082185652397\"]},{\"@type\":\"Person\",\"@id\":\"https:\\\/\\\/buod.de\\\/#\\\/schema\\\/person\\\/8332a3e63b017fea8fcd17e9c0f96bf1\",\"name\":\"Gery V\u00e1rkonyi\",\"image\":{\"@type\":\"ImageObject\",\"inLanguage\":\"de-DE\",\"@id\":\"https:\\\/\\\/secure.gravatar.com\\\/avatar\\\/c1babe7dc68f065be4ec606c522172804715398688c78c6fffca3888b364e934?s=96&d=mm&r=g\",\"url\":\"https:\\\/\\\/secure.gravatar.com\\\/avatar\\\/c1babe7dc68f065be4ec606c522172804715398688c78c6fffca3888b364e934?s=96&d=mm&r=g\",\"contentUrl\":\"https:\\\/\\\/secure.gravatar.com\\\/avatar\\\/c1babe7dc68f065be4ec606c522172804715398688c78c6fffca3888b364e934?s=96&d=mm&r=g\",\"caption\":\"Gery V\u00e1rkonyi\"},\"url\":\"https:\\\/\\\/buod.de\\\/de\\\/author\\\/geryvarkonyi\\\/\"}]}<\/script>\n<!-- \/ Yoast SEO plugin. -->","yoast_head_json":{"title":"BUOD Tal\u00e1lkoz\u00f3 \u00e9s Oktat\u00e1s\u00fcgyi Konferencia 2024. szept. 21-22. - BUOD","robots":{"index":"index","follow":"follow","max-snippet":"max-snippet:-1","max-image-preview":"max-image-preview:large","max-video-preview":"max-video-preview:-1"},"canonical":"https:\/\/buod.de\/de\/buod-talalkozo-es-oktatasugyi-konferencia-2024-szept-21-22\/","og_locale":"de_DE","og_type":"article","og_title":"BUOD Tal\u00e1lkoz\u00f3 \u00e9s Oktat\u00e1s\u00fcgyi Konferencia 2024. szept. 21-22. - BUOD","og_description":"Kedves N\u00e9metorsz\u00e1gi Magyar Szervezetek, Egyes\u00fcletek \u00e9s H\u00e9tv\u00e9gi Magyar Iskol\u00e1k Vezet\u0151i, Szervez\u0151i! Amint azt m\u00e1r febru\u00e1r 11. level\u00fcnkben jelezt\u00fck, sok szeretettel h\u00edvunk \u00e9s v\u00e1runk Titeket orsz\u00e1gos sz\u00f6vets\u00e9g\u00fcnk k\u00f6vetkez\u0151 tal\u00e1lkoz\u00f3j\u00e1ra, melyet a gy\u00f6ny\u00f6r\u0171 k\u00f6rnyezetben \u00e9p\u00fclt Turul H\u00e1zban tartjuk a Kastl melletti H\u00e1rshegy Cserk\u00e9szparkban. R\u00e9szletes \u00fatle\u00edr\u00e1st mell\u00e9kelt\u00fcnk. Az idei rendezv\u00e9nyen szeretn\u00e9nk teret biztos\u00edtani egy k\u00f6tetlenebb tal\u00e1lkoz\u00e1sra, ahol lehet\u0151s\u00e9ge [&hellip;]","og_url":"https:\/\/buod.de\/de\/buod-talalkozo-es-oktatasugyi-konferencia-2024-szept-21-22\/","og_site_name":"BUOD","article_publisher":"https:\/\/www.facebook.com\/profile.php?id=100082185652397","article_published_time":"2024-06-18T19:01:46+00:00","article_modified_time":"2024-06-24T19:02:39+00:00","author":"Gery V\u00e1rkonyi","twitter_card":"summary_large_image","twitter_misc":{"Written by":"Gery V\u00e1rkonyi","Est. reading time":"2 minutes"},"schema":{"@context":"https:\/\/schema.org","@graph":[{"@type":"Article","@id":"https:\/\/buod.de\/buod-talalkozo-es-oktatasugyi-konferencia-2024-szept-21-22\/#article","isPartOf":{"@id":"https:\/\/buod.de\/buod-talalkozo-es-oktatasugyi-konferencia-2024-szept-21-22\/"},"author":{"name":"Gery V\u00e1rkonyi","@id":"https:\/\/buod.de\/#\/schema\/person\/8332a3e63b017fea8fcd17e9c0f96bf1"},"headline":"BUOD Tal\u00e1lkoz\u00f3 \u00e9s Oktat\u00e1s\u00fcgyi Konferencia 2024. szept. 21-22.","datePublished":"2024-06-18T19:01:46+00:00","dateModified":"2024-06-24T19:02:39+00:00","mainEntityOfPage":{"@id":"https:\/\/buod.de\/buod-talalkozo-es-oktatasugyi-konferencia-2024-szept-21-22\/"},"wordCount":368,"commentCount":0,"publisher":{"@id":"https:\/\/buod.de\/#organization"},"keywords":["2024"],"articleSection":["H\u00edrek"],"inLanguage":"de-DE","potentialAction":[{"@type":"CommentAction","name":"Comment","target":["https:\/\/buod.de\/buod-talalkozo-es-oktatasugyi-konferencia-2024-szept-21-22\/#respond"]}]},{"@type":"WebPage","@id":"https:\/\/buod.de\/buod-talalkozo-es-oktatasugyi-konferencia-2024-szept-21-22\/","url":"https:\/\/buod.de\/buod-talalkozo-es-oktatasugyi-konferencia-2024-szept-21-22\/","name":"BUOD Tal\u00e1lkoz\u00f3 \u00e9s Oktat\u00e1s\u00fcgyi Konferencia 2024. szept. 21-22. - BUOD","isPartOf":{"@id":"https:\/\/buod.de\/#website"},"datePublished":"2024-06-18T19:01:46+00:00","dateModified":"2024-06-24T19:02:39+00:00","breadcrumb":{"@id":"https:\/\/buod.de\/buod-talalkozo-es-oktatasugyi-konferencia-2024-szept-21-22\/#breadcrumb"},"inLanguage":"de-DE","potentialAction":[{"@type":"ReadAction","target":["https:\/\/buod.de\/buod-talalkozo-es-oktatasugyi-konferencia-2024-szept-21-22\/"]}]},{"@type":"BreadcrumbList","@id":"https:\/\/buod.de\/buod-talalkozo-es-oktatasugyi-konferencia-2024-szept-21-22\/#breadcrumb","itemListElement":[{"@type":"ListItem","position":1,"name":"Kezd\u0151lap","item":"https:\/\/buod.de\/"},{"@type":"ListItem","position":2,"name":"BUOD Tal\u00e1lkoz\u00f3 \u00e9s Oktat\u00e1s\u00fcgyi Konferencia 2024. szept. 21-22."}]},{"@type":"WebSite","@id":"https:\/\/buod.de\/#website","url":"https:\/\/buod.de\/","name":"BUOD","description":"Bund Ungarischer Organisationen in Deutschland","publisher":{"@id":"https:\/\/buod.de\/#organization"},"potentialAction":[{"@type":"SearchAction","target":{"@type":"EntryPoint","urlTemplate":"https:\/\/buod.de\/?s={search_term_string}"},"query-input":{"@type":"PropertyValueSpecification","valueRequired":true,"valueName":"search_term_string"}}],"inLanguage":"de-DE"},{"@type":"Organization","@id":"https:\/\/buod.de\/#organization","name":"BUOD","url":"https:\/\/buod.de\/","logo":{"@type":"ImageObject","inLanguage":"de-DE","@id":"https:\/\/buod.de\/#\/schema\/logo\/image\/","url":"https:\/\/buod.de\/wp-content\/uploads\/2024\/03\/BUOD-logo.png","contentUrl":"https:\/\/buod.de\/wp-content\/uploads\/2024\/03\/BUOD-logo.png","width":586,"height":490,"caption":"BUOD"},"image":{"@id":"https:\/\/buod.de\/#\/schema\/logo\/image\/"},"sameAs":["https:\/\/www.facebook.com\/profile.php?id=100082185652397"]},{"@type":"Person","@id":"https:\/\/buod.de\/#\/schema\/person\/8332a3e63b017fea8fcd17e9c0f96bf1","name":"Gery V\u00e1rkonyi","image":{"@type":"ImageObject","inLanguage":"de-DE","@id":"https:\/\/secure.gravatar.com\/avatar\/c1babe7dc68f065be4ec606c522172804715398688c78c6fffca3888b364e934?s=96&d=mm&r=g","url":"https:\/\/secure.gravatar.com\/avatar\/c1babe7dc68f065be4ec606c522172804715398688c78c6fffca3888b364e934?s=96&d=mm&r=g","contentUrl":"https:\/\/secure.gravatar.com\/avatar\/c1babe7dc68f065be4ec606c522172804715398688c78c6fffca3888b364e934?s=96&d=mm&r=g","caption":"Gery V\u00e1rkonyi"},"url":"https:\/\/buod.de\/de\/author\/geryvarkonyi\/"}]}},"_links":{"self":[{"href":"https:\/\/buod.de\/de\/wp-json\/wp\/v2\/posts\/8580","targetHints":{"allow":["GET"]}}],"collection":[{"href":"https:\/\/buod.de\/de\/wp-json\/wp\/v2\/posts"}],"about":[{"href":"https:\/\/buod.de\/de\/wp-json\/wp\/v2\/types\/post"}],"author":[{"embeddable":true,"href":"https:\/\/buod.de\/de\/wp-json\/wp\/v2\/users\/4"}],"replies":[{"embeddable":true,"href":"https:\/\/buod.de\/de\/wp-json\/wp\/v2\/comments?post=8580"}],"version-history":[{"count":1,"href":"https:\/\/buod.de\/de\/wp-json\/wp\/v2\/posts\/8580\/revisions"}],"predecessor-version":[{"id":8582,"href":"https:\/\/buod.de\/de\/wp-json\/wp\/v2\/posts\/8580\/revisions\/8582"}],"wp:attachment":[{"href":"https:\/\/buod.de\/de\/wp-json\/wp\/v2\/media?parent=8580"}],"wp:term":[{"taxonomy":"category","embeddable":true,"href":"https:\/\/buod.de\/de\/wp-json\/wp\/v2\/categories?post=8580"},{"taxonomy":"post_tag","embeddable":true,"href":"https:\/\/buod.de\/de\/wp-json\/wp\/v2\/tags?post=8580"}],"curies":[{"name":"wp","href":"https:\/\/api.w.org\/{rel}","templated":true}]}}