{"id":8897,"date":"2024-06-30T12:50:55","date_gmt":"2024-06-30T12:50:55","guid":{"rendered":"https:\/\/dev.buod.de\/?p=8897"},"modified":"2024-07-29T15:21:42","modified_gmt":"2024-07-29T15:21:42","slug":"otthon-workshop-berlinben","status":"publish","type":"post","link":"https:\/\/buod.de\/de\/otthon-workshop-berlinben\/","title":{"rendered":"Otthon workshop Berlinben"},"content":{"rendered":"<p>Otthon c\u00edm\u0171 nyitott dr\u00e1mam\u0171helyt tartottam a Zacc Sz\u00ednpad szervez\u00e9s\u00e9ben.<\/p>\n\n\n\n<p>A Zacc Sz\u00ednpad sz\u00ednj\u00e1tsz\u00f3 k\u00f6r hivatalosan m\u00e9g nem bejegyzett magyar egyes\u00fclet Berlinben, de t\u00f6bb, mint egy \u00e9ve kezdtek el rendszeresen pr\u00f3b\u00e1lni. A Zaccot az Okul\u00e1r\u00e9 nemzetk\u00f6zi,<\/p>\n\n\n\n<p>felolvas\u00f3 projektben r\u00e9sztvev\u0151k alap\u00edtott\u00e1k. M\u00e1r nyolc \u00e9ve vesznek r\u00e9szt akt\u00edvan ebben a projektben. A csoport tagjai k\u00fcl\u00f6nb\u00f6z\u0151 sz\u00ednh\u00e1zi, t\u00e1ncos h\u00e1tt\u00e9rrel rendelkeznek, de van olyan is, akinek nagyon \u00faj a sz\u00ednh\u00e1zi k\u00f6zeg. A felolvas\u00f3esteken k\u00edv\u00fcl k\u00e9t magyar gyermekeknek sz\u00f3l\u00f3 darab szerepel jelenlegi reperto\u00e1rjukban.<\/p>\n\n\n\n<p>T\u00f6bb nyitott m\u0171helyt is szerveznek, \u00e9s most j\u00faniusban felk\u00e9rtek, hogy tartsam meg ezt az otthonr\u00f3l sz\u00f3l\u00f3 workshopot. \u00d6r\u00f6mmel k\u00e9sz\u00fcltem erre az alkalomra, hiszen ez a t\u00e9ma mindig is foglalkoztatott, \u00e9s persze most, k\u00f6lt\u00f6z\u00e9s el\u0151tt, \u00fajra el\u0151ker\u00fclt. Ezek a k\u00e9rd\u00e9sek jutottak el\u0151sz\u00f6r eszembe: OTTHON. Kinek mi? Kinek hol? Kinek mennyi? Kinek van. Kinek nincs\u2026 Azt tudtam, hogy a k\u00fclhoni magyarok ink\u00e1bb t\u00f6bb otthont tartanak sz\u00e1mon, hiszen a jelenlegi lakhely\u00fcket \u00e9s a sz\u00fcl\u0151haz\u00e1jukat is annak tartj\u00e1k, \u00e9s m\u00e9g az a gener\u00e1ci\u00f3 is m\u00e1sodik otthon\u00e1nak nevezi Magyarorsz\u00e1got, aki m\u00e1r nem ott sz\u00fcletett.<\/p>\n\n\n\n<p>Annak \u00e9rdek\u00e9ben, hogy m\u00e9g m\u00e9lyebben tudjunk ezzel a k\u00e9rd\u00e9sk\u00f6rrel foglalkozni a dr\u00e1mapedag\u00f3gia eszk\u00f6zeit h\u00edvtam seg\u00edts\u00e9g\u00fcl, kifejezetten k\u00fclhoni magyar r\u00e9sztvev\u0151kre \u00edrtam a foglalkoz\u00e1stervet. Egy Amerik\u00e1ban \u00e9l\u0151 magyar csal\u00e1d t\u00f6rt\u00e9net\u00e9vel j\u00e1tszottunk, \u00e9s besz\u00e9lt\u00fcnk azon kereszt\u00fcl honv\u00e1gyr\u00f3l, munka \u00e9s mag\u00e1n\u00e9let viszony\u00e1r\u00f3l, ing\u00e1z\u00e1sr\u00f3l, identit\u00e1sr\u00f3l, haz\u00e1r\u00f3l. A foglalkoz\u00e1son t\u00f6bbnyire a Zacc Sz\u00ednpad \u00e9s a Berlini Fon\u00f3 N\u00e9pt\u00e1ncegy\u00fcttes tagjai vettek r\u00e9szt. J\u00f3 volt l\u00e1tni, ahogy \u00f6ssze\u00e9r a k\u00e9t k\u00f6zeg ezen a workshopon.<\/p>\n\n\n\n<p>K\u00f6sz\u00f6n\u00f6m a lehet\u0151s\u00e9get \u00e9s minden r\u00e9sztvev\u0151nek a k\u00f6z\u00f6s j\u00e1t\u00e9kot!<\/p>\n\n\n\n<p>A cikket \u00edrta: Toll\u00e1r Ivett<\/p>\n\n\n\n<figure class=\"wp-block-gallery has-nested-images columns-default is-cropped wp-block-gallery-1 is-layout-flex wp-block-gallery-is-layout-flex\">\n<figure class=\"wp-block-image size-large\"><img loading=\"lazy\" decoding=\"async\" width=\"1024\" height=\"462\" data-id=\"8901\" src=\"https:\/\/buod.de\/wp-content\/uploads\/2024\/07\/Csoportmunka-1024x462.jpg\" alt=\"\" class=\"wp-image-8901\" srcset=\"https:\/\/buod.de\/wp-content\/uploads\/2024\/07\/Csoportmunka-1024x462.jpg 1024w, https:\/\/buod.de\/wp-content\/uploads\/2024\/07\/Csoportmunka-300x135.jpg 300w, https:\/\/buod.de\/wp-content\/uploads\/2024\/07\/Csoportmunka-768x346.jpg 768w, https:\/\/buod.de\/wp-content\/uploads\/2024\/07\/Csoportmunka-1536x693.jpg 1536w, https:\/\/buod.de\/wp-content\/uploads\/2024\/07\/Csoportmunka-2048x924.jpg 2048w, https:\/\/buod.de\/wp-content\/uploads\/2024\/07\/Csoportmunka-18x8.jpg 18w\" sizes=\"auto, (max-width: 1024px) 100vw, 1024px\" \/><\/figure>\n\n\n\n<figure class=\"wp-block-image size-large\"><img loading=\"lazy\" decoding=\"async\" width=\"1024\" height=\"462\" data-id=\"8900\" src=\"https:\/\/buod.de\/wp-content\/uploads\/2024\/07\/Allokep-1024x462.jpg\" alt=\"\" class=\"wp-image-8900\" srcset=\"https:\/\/buod.de\/wp-content\/uploads\/2024\/07\/Allokep-1024x462.jpg 1024w, https:\/\/buod.de\/wp-content\/uploads\/2024\/07\/Allokep-300x135.jpg 300w, https:\/\/buod.de\/wp-content\/uploads\/2024\/07\/Allokep-768x346.jpg 768w, https:\/\/buod.de\/wp-content\/uploads\/2024\/07\/Allokep-1536x693.jpg 1536w, https:\/\/buod.de\/wp-content\/uploads\/2024\/07\/Allokep-2048x924.jpg 2048w, https:\/\/buod.de\/wp-content\/uploads\/2024\/07\/Allokep-18x8.jpg 18w\" sizes=\"auto, (max-width: 1024px) 100vw, 1024px\" \/><\/figure>\n\n\n\n<figure class=\"wp-block-image size-large\"><img loading=\"lazy\" decoding=\"async\" width=\"1024\" height=\"473\" data-id=\"8899\" src=\"https:\/\/buod.de\/wp-content\/uploads\/2024\/07\/Zaro-jelenet-1024x473.jpeg\" alt=\"\" class=\"wp-image-8899\" srcset=\"https:\/\/buod.de\/wp-content\/uploads\/2024\/07\/Zaro-jelenet-1024x473.jpeg 1024w, https:\/\/buod.de\/wp-content\/uploads\/2024\/07\/Zaro-jelenet-300x139.jpeg 300w, https:\/\/buod.de\/wp-content\/uploads\/2024\/07\/Zaro-jelenet-768x355.jpeg 768w, https:\/\/buod.de\/wp-content\/uploads\/2024\/07\/Zaro-jelenet-1536x710.jpeg 1536w, https:\/\/buod.de\/wp-content\/uploads\/2024\/07\/Zaro-jelenet-18x8.jpeg 18w, https:\/\/buod.de\/wp-content\/uploads\/2024\/07\/Zaro-jelenet.jpeg 2000w\" sizes=\"auto, (max-width: 1024px) 100vw, 1024px\" \/><\/figure>\n\n\n\n<figure class=\"wp-block-image size-large\"><img loading=\"lazy\" decoding=\"async\" width=\"1024\" height=\"462\" data-id=\"8898\" src=\"https:\/\/buod.de\/wp-content\/uploads\/2024\/07\/Jelenet-1024x462.jpg\" alt=\"\" class=\"wp-image-8898\" srcset=\"https:\/\/buod.de\/wp-content\/uploads\/2024\/07\/Jelenet-1024x462.jpg 1024w, https:\/\/buod.de\/wp-content\/uploads\/2024\/07\/Jelenet-300x135.jpg 300w, https:\/\/buod.de\/wp-content\/uploads\/2024\/07\/Jelenet-768x346.jpg 768w, https:\/\/buod.de\/wp-content\/uploads\/2024\/07\/Jelenet-1536x693.jpg 1536w, https:\/\/buod.de\/wp-content\/uploads\/2024\/07\/Jelenet-2048x924.jpg 2048w, https:\/\/buod.de\/wp-content\/uploads\/2024\/07\/Jelenet-18x8.jpg 18w\" sizes=\"auto, (max-width: 1024px) 100vw, 1024px\" \/><\/figure>\n<\/figure>","protected":false},"excerpt":{"rendered":"<p>Otthon c\u00edm\u0171 nyitott dr\u00e1mam\u0171helyt tartottam a Zacc Sz\u00ednpad szervez\u00e9s\u00e9ben. A Zacc Sz\u00ednpad sz\u00ednj\u00e1tsz\u00f3 k\u00f6r hivatalosan m\u00e9g nem bejegyzett magyar egyes\u00fclet Berlinben, de t\u00f6bb, mint egy \u00e9ve kezdtek el rendszeresen pr\u00f3b\u00e1lni. A Zaccot az Okul\u00e1r\u00e9 nemzetk\u00f6zi, felolvas\u00f3 projektben r\u00e9sztvev\u0151k alap\u00edtott\u00e1k. M\u00e1r nyolc \u00e9ve vesznek r\u00e9szt akt\u00edvan ebben a projektben. A csoport tagjai k\u00fcl\u00f6nb\u00f6z\u0151 sz\u00ednh\u00e1zi, t\u00e1ncos h\u00e1tt\u00e9rrel [&hellip;]<\/p>\n","protected":false},"author":4,"featured_media":8900,"comment_status":"open","ping_status":"open","sticky":false,"template":"","format":"standard","meta":{"footnotes":""},"categories":[17],"tags":[22],"class_list":["post-8897","post","type-post","status-publish","format-standard","has-post-thumbnail","hentry","category-hirek","tag-22"],"yoast_head":"<!-- This site is optimized with the Yoast SEO plugin v27.5 - https:\/\/yoast.com\/product\/yoast-seo-wordpress\/ -->\n<title>Otthon workshop Berlinben - BUOD<\/title>\n<meta name=\"robots\" content=\"index, follow, max-snippet:-1, max-image-preview:large, max-video-preview:-1\" \/>\n<link rel=\"canonical\" href=\"https:\/\/buod.de\/de\/otthon-workshop-berlinben\/\" \/>\n<meta property=\"og:locale\" content=\"de_DE\" \/>\n<meta property=\"og:type\" content=\"article\" \/>\n<meta property=\"og:title\" content=\"Otthon workshop Berlinben - BUOD\" \/>\n<meta property=\"og:description\" content=\"Otthon c\u00edm\u0171 nyitott dr\u00e1mam\u0171helyt tartottam a Zacc Sz\u00ednpad szervez\u00e9s\u00e9ben. A Zacc Sz\u00ednpad sz\u00ednj\u00e1tsz\u00f3 k\u00f6r hivatalosan m\u00e9g nem bejegyzett magyar egyes\u00fclet Berlinben, de t\u00f6bb, mint egy \u00e9ve kezdtek el rendszeresen pr\u00f3b\u00e1lni. A Zaccot az Okul\u00e1r\u00e9 nemzetk\u00f6zi, felolvas\u00f3 projektben r\u00e9sztvev\u0151k alap\u00edtott\u00e1k. M\u00e1r nyolc \u00e9ve vesznek r\u00e9szt akt\u00edvan ebben a projektben. A csoport tagjai k\u00fcl\u00f6nb\u00f6z\u0151 sz\u00ednh\u00e1zi, t\u00e1ncos h\u00e1tt\u00e9rrel [&hellip;]\" \/>\n<meta property=\"og:url\" content=\"https:\/\/buod.de\/de\/otthon-workshop-berlinben\/\" \/>\n<meta property=\"og:site_name\" content=\"BUOD\" \/>\n<meta property=\"article:publisher\" content=\"https:\/\/www.facebook.com\/profile.php?id=100082185652397\" \/>\n<meta property=\"article:published_time\" content=\"2024-06-30T12:50:55+00:00\" \/>\n<meta property=\"article:modified_time\" content=\"2024-07-29T15:21:42+00:00\" \/>\n<meta property=\"og:image\" content=\"https:\/\/buod.de\/wp-content\/uploads\/2024\/07\/Allokep-scaled.jpg\" \/>\n\t<meta property=\"og:image:width\" content=\"2560\" \/>\n\t<meta property=\"og:image:height\" content=\"1155\" \/>\n\t<meta property=\"og:image:type\" content=\"image\/jpeg\" \/>\n<meta name=\"author\" content=\"Gery V\u00e1rkonyi\" \/>\n<meta name=\"twitter:card\" content=\"summary_large_image\" \/>\n<meta name=\"twitter:label1\" content=\"Written by\" \/>\n\t<meta name=\"twitter:data1\" content=\"Gery V\u00e1rkonyi\" \/>\n\t<meta name=\"twitter:label2\" content=\"Est. reading time\" \/>\n\t<meta name=\"twitter:data2\" content=\"2 minutes\" \/>\n<script type=\"application\/ld+json\" class=\"yoast-schema-graph\">{\"@context\":\"https:\\\/\\\/schema.org\",\"@graph\":[{\"@type\":\"Article\",\"@id\":\"https:\\\/\\\/buod.de\\\/otthon-workshop-berlinben\\\/#article\",\"isPartOf\":{\"@id\":\"https:\\\/\\\/buod.de\\\/otthon-workshop-berlinben\\\/\"},\"author\":{\"name\":\"Gery V\u00e1rkonyi\",\"@id\":\"https:\\\/\\\/buod.de\\\/#\\\/schema\\\/person\\\/8332a3e63b017fea8fcd17e9c0f96bf1\"},\"headline\":\"Otthon workshop Berlinben\",\"datePublished\":\"2024-06-30T12:50:55+00:00\",\"dateModified\":\"2024-07-29T15:21:42+00:00\",\"mainEntityOfPage\":{\"@id\":\"https:\\\/\\\/buod.de\\\/otthon-workshop-berlinben\\\/\"},\"wordCount\":388,\"commentCount\":0,\"publisher\":{\"@id\":\"https:\\\/\\\/buod.de\\\/#organization\"},\"image\":{\"@id\":\"https:\\\/\\\/buod.de\\\/otthon-workshop-berlinben\\\/#primaryimage\"},\"thumbnailUrl\":\"https:\\\/\\\/buod.de\\\/wp-content\\\/uploads\\\/2024\\\/07\\\/Allokep-scaled.jpg\",\"keywords\":[\"2024\"],\"articleSection\":[\"H\u00edrek\"],\"inLanguage\":\"de-DE\",\"potentialAction\":[{\"@type\":\"CommentAction\",\"name\":\"Comment\",\"target\":[\"https:\\\/\\\/buod.de\\\/otthon-workshop-berlinben\\\/#respond\"]}]},{\"@type\":\"WebPage\",\"@id\":\"https:\\\/\\\/buod.de\\\/otthon-workshop-berlinben\\\/\",\"url\":\"https:\\\/\\\/buod.de\\\/otthon-workshop-berlinben\\\/\",\"name\":\"Otthon workshop Berlinben - BUOD\",\"isPartOf\":{\"@id\":\"https:\\\/\\\/buod.de\\\/#website\"},\"primaryImageOfPage\":{\"@id\":\"https:\\\/\\\/buod.de\\\/otthon-workshop-berlinben\\\/#primaryimage\"},\"image\":{\"@id\":\"https:\\\/\\\/buod.de\\\/otthon-workshop-berlinben\\\/#primaryimage\"},\"thumbnailUrl\":\"https:\\\/\\\/buod.de\\\/wp-content\\\/uploads\\\/2024\\\/07\\\/Allokep-scaled.jpg\",\"datePublished\":\"2024-06-30T12:50:55+00:00\",\"dateModified\":\"2024-07-29T15:21:42+00:00\",\"breadcrumb\":{\"@id\":\"https:\\\/\\\/buod.de\\\/otthon-workshop-berlinben\\\/#breadcrumb\"},\"inLanguage\":\"de-DE\",\"potentialAction\":[{\"@type\":\"ReadAction\",\"target\":[\"https:\\\/\\\/buod.de\\\/otthon-workshop-berlinben\\\/\"]}]},{\"@type\":\"ImageObject\",\"inLanguage\":\"de-DE\",\"@id\":\"https:\\\/\\\/buod.de\\\/otthon-workshop-berlinben\\\/#primaryimage\",\"url\":\"https:\\\/\\\/buod.de\\\/wp-content\\\/uploads\\\/2024\\\/07\\\/Allokep-scaled.jpg\",\"contentUrl\":\"https:\\\/\\\/buod.de\\\/wp-content\\\/uploads\\\/2024\\\/07\\\/Allokep-scaled.jpg\",\"width\":2560,\"height\":1155},{\"@type\":\"BreadcrumbList\",\"@id\":\"https:\\\/\\\/buod.de\\\/otthon-workshop-berlinben\\\/#breadcrumb\",\"itemListElement\":[{\"@type\":\"ListItem\",\"position\":1,\"name\":\"Kezd\u0151lap\",\"item\":\"https:\\\/\\\/buod.de\\\/\"},{\"@type\":\"ListItem\",\"position\":2,\"name\":\"Otthon workshop Berlinben\"}]},{\"@type\":\"WebSite\",\"@id\":\"https:\\\/\\\/buod.de\\\/#website\",\"url\":\"https:\\\/\\\/buod.de\\\/\",\"name\":\"BUOD\",\"description\":\"Bund Ungarischer Organisationen in Deutschland\",\"publisher\":{\"@id\":\"https:\\\/\\\/buod.de\\\/#organization\"},\"potentialAction\":[{\"@type\":\"SearchAction\",\"target\":{\"@type\":\"EntryPoint\",\"urlTemplate\":\"https:\\\/\\\/buod.de\\\/?s={search_term_string}\"},\"query-input\":{\"@type\":\"PropertyValueSpecification\",\"valueRequired\":true,\"valueName\":\"search_term_string\"}}],\"inLanguage\":\"de-DE\"},{\"@type\":\"Organization\",\"@id\":\"https:\\\/\\\/buod.de\\\/#organization\",\"name\":\"BUOD\",\"url\":\"https:\\\/\\\/buod.de\\\/\",\"logo\":{\"@type\":\"ImageObject\",\"inLanguage\":\"de-DE\",\"@id\":\"https:\\\/\\\/buod.de\\\/#\\\/schema\\\/logo\\\/image\\\/\",\"url\":\"https:\\\/\\\/buod.de\\\/wp-content\\\/uploads\\\/2024\\\/03\\\/BUOD-logo.png\",\"contentUrl\":\"https:\\\/\\\/buod.de\\\/wp-content\\\/uploads\\\/2024\\\/03\\\/BUOD-logo.png\",\"width\":586,\"height\":490,\"caption\":\"BUOD\"},\"image\":{\"@id\":\"https:\\\/\\\/buod.de\\\/#\\\/schema\\\/logo\\\/image\\\/\"},\"sameAs\":[\"https:\\\/\\\/www.facebook.com\\\/profile.php?id=100082185652397\"]},{\"@type\":\"Person\",\"@id\":\"https:\\\/\\\/buod.de\\\/#\\\/schema\\\/person\\\/8332a3e63b017fea8fcd17e9c0f96bf1\",\"name\":\"Gery V\u00e1rkonyi\",\"image\":{\"@type\":\"ImageObject\",\"inLanguage\":\"de-DE\",\"@id\":\"https:\\\/\\\/secure.gravatar.com\\\/avatar\\\/c1babe7dc68f065be4ec606c522172804715398688c78c6fffca3888b364e934?s=96&d=mm&r=g\",\"url\":\"https:\\\/\\\/secure.gravatar.com\\\/avatar\\\/c1babe7dc68f065be4ec606c522172804715398688c78c6fffca3888b364e934?s=96&d=mm&r=g\",\"contentUrl\":\"https:\\\/\\\/secure.gravatar.com\\\/avatar\\\/c1babe7dc68f065be4ec606c522172804715398688c78c6fffca3888b364e934?s=96&d=mm&r=g\",\"caption\":\"Gery V\u00e1rkonyi\"},\"url\":\"https:\\\/\\\/buod.de\\\/de\\\/author\\\/geryvarkonyi\\\/\"}]}<\/script>\n<!-- \/ Yoast SEO plugin. -->","yoast_head_json":{"title":"Otthon workshop Berlinben - BUOD","robots":{"index":"index","follow":"follow","max-snippet":"max-snippet:-1","max-image-preview":"max-image-preview:large","max-video-preview":"max-video-preview:-1"},"canonical":"https:\/\/buod.de\/de\/otthon-workshop-berlinben\/","og_locale":"de_DE","og_type":"article","og_title":"Otthon workshop Berlinben - BUOD","og_description":"Otthon c\u00edm\u0171 nyitott dr\u00e1mam\u0171helyt tartottam a Zacc Sz\u00ednpad szervez\u00e9s\u00e9ben. A Zacc Sz\u00ednpad sz\u00ednj\u00e1tsz\u00f3 k\u00f6r hivatalosan m\u00e9g nem bejegyzett magyar egyes\u00fclet Berlinben, de t\u00f6bb, mint egy \u00e9ve kezdtek el rendszeresen pr\u00f3b\u00e1lni. A Zaccot az Okul\u00e1r\u00e9 nemzetk\u00f6zi, felolvas\u00f3 projektben r\u00e9sztvev\u0151k alap\u00edtott\u00e1k. M\u00e1r nyolc \u00e9ve vesznek r\u00e9szt akt\u00edvan ebben a projektben. A csoport tagjai k\u00fcl\u00f6nb\u00f6z\u0151 sz\u00ednh\u00e1zi, t\u00e1ncos h\u00e1tt\u00e9rrel [&hellip;]","og_url":"https:\/\/buod.de\/de\/otthon-workshop-berlinben\/","og_site_name":"BUOD","article_publisher":"https:\/\/www.facebook.com\/profile.php?id=100082185652397","article_published_time":"2024-06-30T12:50:55+00:00","article_modified_time":"2024-07-29T15:21:42+00:00","og_image":[{"width":2560,"height":1155,"url":"https:\/\/buod.de\/wp-content\/uploads\/2024\/07\/Allokep-scaled.jpg","type":"image\/jpeg"}],"author":"Gery V\u00e1rkonyi","twitter_card":"summary_large_image","twitter_misc":{"Written by":"Gery V\u00e1rkonyi","Est. reading time":"2 minutes"},"schema":{"@context":"https:\/\/schema.org","@graph":[{"@type":"Article","@id":"https:\/\/buod.de\/otthon-workshop-berlinben\/#article","isPartOf":{"@id":"https:\/\/buod.de\/otthon-workshop-berlinben\/"},"author":{"name":"Gery V\u00e1rkonyi","@id":"https:\/\/buod.de\/#\/schema\/person\/8332a3e63b017fea8fcd17e9c0f96bf1"},"headline":"Otthon workshop Berlinben","datePublished":"2024-06-30T12:50:55+00:00","dateModified":"2024-07-29T15:21:42+00:00","mainEntityOfPage":{"@id":"https:\/\/buod.de\/otthon-workshop-berlinben\/"},"wordCount":388,"commentCount":0,"publisher":{"@id":"https:\/\/buod.de\/#organization"},"image":{"@id":"https:\/\/buod.de\/otthon-workshop-berlinben\/#primaryimage"},"thumbnailUrl":"https:\/\/buod.de\/wp-content\/uploads\/2024\/07\/Allokep-scaled.jpg","keywords":["2024"],"articleSection":["H\u00edrek"],"inLanguage":"de-DE","potentialAction":[{"@type":"CommentAction","name":"Comment","target":["https:\/\/buod.de\/otthon-workshop-berlinben\/#respond"]}]},{"@type":"WebPage","@id":"https:\/\/buod.de\/otthon-workshop-berlinben\/","url":"https:\/\/buod.de\/otthon-workshop-berlinben\/","name":"Otthon workshop Berlinben - BUOD","isPartOf":{"@id":"https:\/\/buod.de\/#website"},"primaryImageOfPage":{"@id":"https:\/\/buod.de\/otthon-workshop-berlinben\/#primaryimage"},"image":{"@id":"https:\/\/buod.de\/otthon-workshop-berlinben\/#primaryimage"},"thumbnailUrl":"https:\/\/buod.de\/wp-content\/uploads\/2024\/07\/Allokep-scaled.jpg","datePublished":"2024-06-30T12:50:55+00:00","dateModified":"2024-07-29T15:21:42+00:00","breadcrumb":{"@id":"https:\/\/buod.de\/otthon-workshop-berlinben\/#breadcrumb"},"inLanguage":"de-DE","potentialAction":[{"@type":"ReadAction","target":["https:\/\/buod.de\/otthon-workshop-berlinben\/"]}]},{"@type":"ImageObject","inLanguage":"de-DE","@id":"https:\/\/buod.de\/otthon-workshop-berlinben\/#primaryimage","url":"https:\/\/buod.de\/wp-content\/uploads\/2024\/07\/Allokep-scaled.jpg","contentUrl":"https:\/\/buod.de\/wp-content\/uploads\/2024\/07\/Allokep-scaled.jpg","width":2560,"height":1155},{"@type":"BreadcrumbList","@id":"https:\/\/buod.de\/otthon-workshop-berlinben\/#breadcrumb","itemListElement":[{"@type":"ListItem","position":1,"name":"Kezd\u0151lap","item":"https:\/\/buod.de\/"},{"@type":"ListItem","position":2,"name":"Otthon workshop Berlinben"}]},{"@type":"WebSite","@id":"https:\/\/buod.de\/#website","url":"https:\/\/buod.de\/","name":"BUOD","description":"Bund Ungarischer Organisationen in Deutschland","publisher":{"@id":"https:\/\/buod.de\/#organization"},"potentialAction":[{"@type":"SearchAction","target":{"@type":"EntryPoint","urlTemplate":"https:\/\/buod.de\/?s={search_term_string}"},"query-input":{"@type":"PropertyValueSpecification","valueRequired":true,"valueName":"search_term_string"}}],"inLanguage":"de-DE"},{"@type":"Organization","@id":"https:\/\/buod.de\/#organization","name":"BUOD","url":"https:\/\/buod.de\/","logo":{"@type":"ImageObject","inLanguage":"de-DE","@id":"https:\/\/buod.de\/#\/schema\/logo\/image\/","url":"https:\/\/buod.de\/wp-content\/uploads\/2024\/03\/BUOD-logo.png","contentUrl":"https:\/\/buod.de\/wp-content\/uploads\/2024\/03\/BUOD-logo.png","width":586,"height":490,"caption":"BUOD"},"image":{"@id":"https:\/\/buod.de\/#\/schema\/logo\/image\/"},"sameAs":["https:\/\/www.facebook.com\/profile.php?id=100082185652397"]},{"@type":"Person","@id":"https:\/\/buod.de\/#\/schema\/person\/8332a3e63b017fea8fcd17e9c0f96bf1","name":"Gery V\u00e1rkonyi","image":{"@type":"ImageObject","inLanguage":"de-DE","@id":"https:\/\/secure.gravatar.com\/avatar\/c1babe7dc68f065be4ec606c522172804715398688c78c6fffca3888b364e934?s=96&d=mm&r=g","url":"https:\/\/secure.gravatar.com\/avatar\/c1babe7dc68f065be4ec606c522172804715398688c78c6fffca3888b364e934?s=96&d=mm&r=g","contentUrl":"https:\/\/secure.gravatar.com\/avatar\/c1babe7dc68f065be4ec606c522172804715398688c78c6fffca3888b364e934?s=96&d=mm&r=g","caption":"Gery V\u00e1rkonyi"},"url":"https:\/\/buod.de\/de\/author\/geryvarkonyi\/"}]}},"_links":{"self":[{"href":"https:\/\/buod.de\/de\/wp-json\/wp\/v2\/posts\/8897","targetHints":{"allow":["GET"]}}],"collection":[{"href":"https:\/\/buod.de\/de\/wp-json\/wp\/v2\/posts"}],"about":[{"href":"https:\/\/buod.de\/de\/wp-json\/wp\/v2\/types\/post"}],"author":[{"embeddable":true,"href":"https:\/\/buod.de\/de\/wp-json\/wp\/v2\/users\/4"}],"replies":[{"embeddable":true,"href":"https:\/\/buod.de\/de\/wp-json\/wp\/v2\/comments?post=8897"}],"version-history":[{"count":1,"href":"https:\/\/buod.de\/de\/wp-json\/wp\/v2\/posts\/8897\/revisions"}],"predecessor-version":[{"id":8902,"href":"https:\/\/buod.de\/de\/wp-json\/wp\/v2\/posts\/8897\/revisions\/8902"}],"wp:featuredmedia":[{"embeddable":true,"href":"https:\/\/buod.de\/de\/wp-json\/wp\/v2\/media\/8900"}],"wp:attachment":[{"href":"https:\/\/buod.de\/de\/wp-json\/wp\/v2\/media?parent=8897"}],"wp:term":[{"taxonomy":"category","embeddable":true,"href":"https:\/\/buod.de\/de\/wp-json\/wp\/v2\/categories?post=8897"},{"taxonomy":"post_tag","embeddable":true,"href":"https:\/\/buod.de\/de\/wp-json\/wp\/v2\/tags?post=8897"}],"curies":[{"name":"wp","href":"https:\/\/api.w.org\/{rel}","templated":true}]}}