{"id":8922,"date":"2024-07-16T13:19:19","date_gmt":"2024-07-16T13:19:19","guid":{"rendered":"https:\/\/dev.buod.de\/?p=8922"},"modified":"2024-07-29T15:21:41","modified_gmt":"2024-07-29T15:21:41","slug":"bayerisch-ungarisches-forum-vortrag-von-prof-janos-pusztay-am-9-7-2024-in-munchen","status":"publish","type":"post","link":"https:\/\/buod.de\/de\/bayerisch-ungarisches-forum-vortrag-von-prof-janos-pusztay-am-9-7-2024-in-munchen\/","title":{"rendered":"Bayerisch-Ungarisches Forum, Vortrag von Prof. J\u00e1nos Pusztay am 9.7.2024 in M\u00fcnchen"},"content":{"rendered":"<p>Kedves Listat\u00e1rsak!<\/p>\n\n\n\n<p>Egy n\u00e9metnyelv\u0171 el\u0151ad\u00e1st tesz\u00fcnk k\u00f6zz\u00e9, t\u00e9m\u00e1ja k\u00f6z\u00e9rdek\u0171, els\u0151sorban minket, a diaszp\u00f3r\u00e1t \u00e9rinti. Tal\u00e1n \u00edgy jobban eljut n\u00e9met bar\u00e1tainkhoz,<\/p>\n\n\n\n<p>\u00e9lett\u00e1rsainkhoz, munkat\u00e1rsainkhoz, k\u00f6rnyezet\u00fcnkh\u00f6z. Az elm\u00falt \u00e9vtizedekben a magyars\u00e1g nyelvi vesztes\u00e9ge jelent\u0151s, el\u0151ad\u00f3nk szerint<\/p>\n\n\n\n<p>2 milli\u00f3 magyart jelenthet csak a K\u00e1rp\u00e1t-medenc\u00e9ben. \u00cdgy hallgattuk, \u00edgy hallgass\u00e1tok.<\/p>\n\n\n\n<p>\u00dcdv\u00f6zlettel:<\/p>\n\n\n\n<p>Ravasz Zolt\u00e1n<\/p>\n\n\n\n<p><strong>MEGH\u00cdV\u00d3<\/strong><\/p>\n\n\n\n<p>A Bajor-Magyar F\u00f3rum mindenkit szeretettel h\u00edv \u00e9s v\u00e1r k\u00f6vetkez\u0151 n\u00e9met nyelv\u00fc rendezv\u00e9ny\u00e9re 2024. j\u00falius 9-\u00e9n, kedden, 19.00 \u00f3rakor a Katolikus Misszi\u00f3ban, Oberf\u00f6hringer Stra\u00dfe 40, 81925 M\u00fcnchen, a \u201eMagyar ma \u00e9s holnaput\u00e1n\u201d t\u00e9m\u00e1ban. El\u0151ad\u00f3 Pusztay J\u00e1nos ny. nyelv\u00e9sz professzor, aki a Szombathelyi Pedag\u00f3giai Egyetem rektora \u00e9s a Budapesti E\u00f6tv\u00f6s Lor\u00e1nd Tudom\u00e1nyegyetem rendes tan\u00e1ra volt. 80 k\u00f6tetet publik\u00e1lt, szinte minden finnugor nyelvet besz\u00e9l, az eur\u00f3pai h\u00edr\u0171 Badacsonyi Nyelv\u00e9szeti Konferenci\u00e1k alap\u00edt\u00f3ja \u00e9s szervez\u0151je. F\u0151 misszi\u00f3ja a magyar nyelv jelene \u00e9s j\u00f6v\u0151je, a hat\u00e1ron t\u00fali magyar irodalom helyzete. &#8222;Hogyan v\u00e9sz el a magyar nyelv, hogyan adj\u00e1k fel a magyar identit\u00e1st a hat\u00e1ron t\u00fal.&#8221; A sz\u00f3rv\u00e1nymagyars\u00e1g helyzet\u00e9re f\u00f3kusz\u00e1l \u00e9s kitekint\u00e9st ny\u00fajt a holnaput\u00e1nra. Kiv\u00e1l\u00f3 el\u0151ad\u00f3, \u00e9rdekes, izgalmas est\u00e9nek ig\u00e9rkezik.<\/p>\n\n\n\n<p>&nbsp;Az est szervez\u0151je \u00e9s h\u00e1ziasszonya Dr. Kelemen M\u00e1ria nyelv\u00e9sz, az LMU Egyetem docense.<\/p>\n\n\n\n<p>A felv\u00e9telt k\u00e9sz\u00edtette: Ravasz Zolt\u00e1n<\/p>\n\n\n\n<figure class=\"wp-block-embed is-type-video is-provider-youtube wp-block-embed-youtube wp-embed-aspect-16-9 wp-has-aspect-ratio\"><div class=\"wp-block-embed__wrapper\">\n<iframe loading=\"lazy\" title=\"Bayerisch-Ungarisches Forum, Vortrag von Prof J\u00e1nos  Pusztay  9.7.. 2024  Aufnahme: Ravasz Zolt\u00e1n\" width=\"500\" height=\"281\" src=\"https:\/\/www.youtube.com\/embed\/RyQ9DCPV-zc?start=12&#038;feature=oembed\" frameborder=\"0\" allow=\"accelerometer; autoplay; clipboard-write; encrypted-media; gyroscope; picture-in-picture; web-share\" referrerpolicy=\"strict-origin-when-cross-origin\" allowfullscreen><\/iframe>\n<\/div><\/figure>\n\n\n\n<p><strong>EINLADUNG<\/strong><\/p>\n\n\n\n<p>Sehr geehrte Damen und Herren, liebe Mitglieder, in unserer n\u00e4chsten Veranstaltung, am Dienstag, 9. Juli 2024, 19 Uhr, in der Katholischen Mission, Oberf\u00f6hringer Stra\u00dfe 40, 81925 M\u00fcnchen, kommt die Sprachwissenschaft mit dem Thema \u201eDas Ungarische heute und \u00fcbermorgen\u201c zu Wort. Professor Dr. J\u00e1nos Pusztay wird ausgehend von den Tendenzen der Sprachenentwicklung im Allgemeinen speziell auf die Situation des Ungarischen im Mutterland, in den Nachbarl\u00e4ndern und in der Diaspora eingehen und einen Ausblick auf das \u00dcbermorgen geben. Herr Professor Pusztay war Rektor der P\u00e4dagogischen Hochschule Szombathely und ordentlicher Professor an der E\u00f6tv\u00f6s Lor\u00e1nd Universit\u00e4t Budapest. Seine Forschungsschwerpunkte waren die historisch-vergleichende finnisch-ugrische Sprachwissenschaft, Sprachtypologie und Sprachpolitik, um nur einige aus seinem umfangreichen wissenschaftlichen Werk herauszugreifen.Es verspricht eine spannende Veranstaltung zu werden, nicht nur f\u00fcr diejenigen unserer Mitglieder, die das Ungarisch als ihre Muttersprache sprechen oder sich die ungarische Sprache m\u00fchevoll anzueignen versuchen, sondern auch f\u00fcr die wohl \u00fcberwiegende Zahl, die die rhythmische Melodik des Ungarischen nur h\u00f6rend genie\u00dfen k\u00f6nnen.<\/p>\n\n\n\n<p>Mit freundlichen Gr\u00fc\u00dfen:<\/p>\n\n\n\n<p>Dr. Helmut Palder<\/p>\n\n\n\n<p>Pr\u00e4sident des Bayerisch-Ungarischen Forums<\/p>\n\n\n\n<figure class=\"wp-block-embed is-type-video is-provider-youtube wp-block-embed-youtube wp-embed-aspect-16-9 wp-has-aspect-ratio\"><div class=\"wp-block-embed__wrapper\">\n<iframe loading=\"lazy\" title=\"Bayerisch-Ungarisches Forum, Vortrag von Prof J\u00e1nos  Pusztay  9.7.. 2024  Aufnahme: Ravasz Zolt\u00e1n\" width=\"500\" height=\"281\" src=\"https:\/\/www.youtube.com\/embed\/RyQ9DCPV-zc?start=12&#038;feature=oembed\" frameborder=\"0\" allow=\"accelerometer; autoplay; clipboard-write; encrypted-media; gyroscope; picture-in-picture; web-share\" referrerpolicy=\"strict-origin-when-cross-origin\" allowfullscreen><\/iframe>\n<\/div><\/figure>","protected":false},"excerpt":{"rendered":"<p>Kedves Listat\u00e1rsak! Egy n\u00e9metnyelv\u0171 el\u0151ad\u00e1st tesz\u00fcnk k\u00f6zz\u00e9, t\u00e9m\u00e1ja k\u00f6z\u00e9rdek\u0171, els\u0151sorban minket, a diaszp\u00f3r\u00e1t \u00e9rinti. Tal\u00e1n \u00edgy jobban eljut n\u00e9met bar\u00e1tainkhoz, \u00e9lett\u00e1rsainkhoz, munkat\u00e1rsainkhoz, k\u00f6rnyezet\u00fcnkh\u00f6z. Az elm\u00falt \u00e9vtizedekben a magyars\u00e1g nyelvi vesztes\u00e9ge jelent\u0151s, el\u0151ad\u00f3nk szerint 2 milli\u00f3 magyart jelenthet csak a K\u00e1rp\u00e1t-medenc\u00e9ben. \u00cdgy hallgattuk, \u00edgy hallgass\u00e1tok. \u00dcdv\u00f6zlettel: Ravasz Zolt\u00e1n MEGH\u00cdV\u00d3 A Bajor-Magyar F\u00f3rum mindenkit szeretettel h\u00edv \u00e9s [&hellip;]<\/p>\n","protected":false},"author":4,"featured_media":0,"comment_status":"open","ping_status":"open","sticky":false,"template":"","format":"standard","meta":{"footnotes":""},"categories":[17],"tags":[22],"class_list":["post-8922","post","type-post","status-publish","format-standard","hentry","category-hirek","tag-22"],"yoast_head":"<!-- This site is optimized with the Yoast SEO plugin v27.5 - https:\/\/yoast.com\/product\/yoast-seo-wordpress\/ -->\n<title>Bayerisch-Ungarisches Forum, Vortrag von Prof. J\u00e1nos Pusztay am 9.7.2024 in M\u00fcnchen - BUOD<\/title>\n<meta name=\"robots\" content=\"index, follow, max-snippet:-1, max-image-preview:large, max-video-preview:-1\" \/>\n<link rel=\"canonical\" href=\"https:\/\/buod.de\/de\/bayerisch-ungarisches-forum-vortrag-von-prof-janos-pusztay-am-9-7-2024-in-munchen\/\" \/>\n<meta property=\"og:locale\" content=\"de_DE\" \/>\n<meta property=\"og:type\" content=\"article\" \/>\n<meta property=\"og:title\" content=\"Bayerisch-Ungarisches Forum, Vortrag von Prof. J\u00e1nos Pusztay am 9.7.2024 in M\u00fcnchen - BUOD\" \/>\n<meta property=\"og:description\" content=\"Kedves Listat\u00e1rsak! Egy n\u00e9metnyelv\u0171 el\u0151ad\u00e1st tesz\u00fcnk k\u00f6zz\u00e9, t\u00e9m\u00e1ja k\u00f6z\u00e9rdek\u0171, els\u0151sorban minket, a diaszp\u00f3r\u00e1t \u00e9rinti. Tal\u00e1n \u00edgy jobban eljut n\u00e9met bar\u00e1tainkhoz, \u00e9lett\u00e1rsainkhoz, munkat\u00e1rsainkhoz, k\u00f6rnyezet\u00fcnkh\u00f6z. Az elm\u00falt \u00e9vtizedekben a magyars\u00e1g nyelvi vesztes\u00e9ge jelent\u0151s, el\u0151ad\u00f3nk szerint 2 milli\u00f3 magyart jelenthet csak a K\u00e1rp\u00e1t-medenc\u00e9ben. \u00cdgy hallgattuk, \u00edgy hallgass\u00e1tok. \u00dcdv\u00f6zlettel: Ravasz Zolt\u00e1n MEGH\u00cdV\u00d3 A Bajor-Magyar F\u00f3rum mindenkit szeretettel h\u00edv \u00e9s [&hellip;]\" \/>\n<meta property=\"og:url\" content=\"https:\/\/buod.de\/de\/bayerisch-ungarisches-forum-vortrag-von-prof-janos-pusztay-am-9-7-2024-in-munchen\/\" \/>\n<meta property=\"og:site_name\" content=\"BUOD\" \/>\n<meta property=\"article:publisher\" content=\"https:\/\/www.facebook.com\/profile.php?id=100082185652397\" \/>\n<meta property=\"article:published_time\" content=\"2024-07-16T13:19:19+00:00\" \/>\n<meta property=\"article:modified_time\" content=\"2024-07-29T15:21:41+00:00\" \/>\n<meta name=\"author\" content=\"Gery V\u00e1rkonyi\" \/>\n<meta name=\"twitter:card\" content=\"summary_large_image\" \/>\n<meta name=\"twitter:label1\" content=\"Written by\" \/>\n\t<meta name=\"twitter:data1\" content=\"Gery V\u00e1rkonyi\" \/>\n\t<meta name=\"twitter:label2\" content=\"Est. reading time\" \/>\n\t<meta name=\"twitter:data2\" content=\"2 minutes\" \/>\n<script type=\"application\/ld+json\" class=\"yoast-schema-graph\">{\"@context\":\"https:\\\/\\\/schema.org\",\"@graph\":[{\"@type\":\"Article\",\"@id\":\"https:\\\/\\\/buod.de\\\/bayerisch-ungarisches-forum-vortrag-von-prof-janos-pusztay-am-9-7-2024-in-munchen\\\/#article\",\"isPartOf\":{\"@id\":\"https:\\\/\\\/buod.de\\\/bayerisch-ungarisches-forum-vortrag-von-prof-janos-pusztay-am-9-7-2024-in-munchen\\\/\"},\"author\":{\"name\":\"Gery V\u00e1rkonyi\",\"@id\":\"https:\\\/\\\/buod.de\\\/#\\\/schema\\\/person\\\/8332a3e63b017fea8fcd17e9c0f96bf1\"},\"headline\":\"Bayerisch-Ungarisches Forum, Vortrag von Prof. J\u00e1nos Pusztay am 9.7.2024 in M\u00fcnchen\",\"datePublished\":\"2024-07-16T13:19:19+00:00\",\"dateModified\":\"2024-07-29T15:21:41+00:00\",\"mainEntityOfPage\":{\"@id\":\"https:\\\/\\\/buod.de\\\/bayerisch-ungarisches-forum-vortrag-von-prof-janos-pusztay-am-9-7-2024-in-munchen\\\/\"},\"wordCount\":492,\"commentCount\":0,\"publisher\":{\"@id\":\"https:\\\/\\\/buod.de\\\/#organization\"},\"keywords\":[\"2024\"],\"articleSection\":[\"H\u00edrek\"],\"inLanguage\":\"de-DE\",\"potentialAction\":[{\"@type\":\"CommentAction\",\"name\":\"Comment\",\"target\":[\"https:\\\/\\\/buod.de\\\/bayerisch-ungarisches-forum-vortrag-von-prof-janos-pusztay-am-9-7-2024-in-munchen\\\/#respond\"]}]},{\"@type\":\"WebPage\",\"@id\":\"https:\\\/\\\/buod.de\\\/bayerisch-ungarisches-forum-vortrag-von-prof-janos-pusztay-am-9-7-2024-in-munchen\\\/\",\"url\":\"https:\\\/\\\/buod.de\\\/bayerisch-ungarisches-forum-vortrag-von-prof-janos-pusztay-am-9-7-2024-in-munchen\\\/\",\"name\":\"Bayerisch-Ungarisches Forum, Vortrag von Prof. J\u00e1nos Pusztay am 9.7.2024 in M\u00fcnchen - BUOD\",\"isPartOf\":{\"@id\":\"https:\\\/\\\/buod.de\\\/#website\"},\"datePublished\":\"2024-07-16T13:19:19+00:00\",\"dateModified\":\"2024-07-29T15:21:41+00:00\",\"breadcrumb\":{\"@id\":\"https:\\\/\\\/buod.de\\\/bayerisch-ungarisches-forum-vortrag-von-prof-janos-pusztay-am-9-7-2024-in-munchen\\\/#breadcrumb\"},\"inLanguage\":\"de-DE\",\"potentialAction\":[{\"@type\":\"ReadAction\",\"target\":[\"https:\\\/\\\/buod.de\\\/bayerisch-ungarisches-forum-vortrag-von-prof-janos-pusztay-am-9-7-2024-in-munchen\\\/\"]}]},{\"@type\":\"BreadcrumbList\",\"@id\":\"https:\\\/\\\/buod.de\\\/bayerisch-ungarisches-forum-vortrag-von-prof-janos-pusztay-am-9-7-2024-in-munchen\\\/#breadcrumb\",\"itemListElement\":[{\"@type\":\"ListItem\",\"position\":1,\"name\":\"Kezd\u0151lap\",\"item\":\"https:\\\/\\\/buod.de\\\/\"},{\"@type\":\"ListItem\",\"position\":2,\"name\":\"Bayerisch-Ungarisches Forum, Vortrag von Prof. J\u00e1nos Pusztay am 9.7.2024 in M\u00fcnchen\"}]},{\"@type\":\"WebSite\",\"@id\":\"https:\\\/\\\/buod.de\\\/#website\",\"url\":\"https:\\\/\\\/buod.de\\\/\",\"name\":\"BUOD\",\"description\":\"Bund Ungarischer Organisationen in Deutschland\",\"publisher\":{\"@id\":\"https:\\\/\\\/buod.de\\\/#organization\"},\"potentialAction\":[{\"@type\":\"SearchAction\",\"target\":{\"@type\":\"EntryPoint\",\"urlTemplate\":\"https:\\\/\\\/buod.de\\\/?s={search_term_string}\"},\"query-input\":{\"@type\":\"PropertyValueSpecification\",\"valueRequired\":true,\"valueName\":\"search_term_string\"}}],\"inLanguage\":\"de-DE\"},{\"@type\":\"Organization\",\"@id\":\"https:\\\/\\\/buod.de\\\/#organization\",\"name\":\"BUOD\",\"url\":\"https:\\\/\\\/buod.de\\\/\",\"logo\":{\"@type\":\"ImageObject\",\"inLanguage\":\"de-DE\",\"@id\":\"https:\\\/\\\/buod.de\\\/#\\\/schema\\\/logo\\\/image\\\/\",\"url\":\"https:\\\/\\\/buod.de\\\/wp-content\\\/uploads\\\/2024\\\/03\\\/BUOD-logo.png\",\"contentUrl\":\"https:\\\/\\\/buod.de\\\/wp-content\\\/uploads\\\/2024\\\/03\\\/BUOD-logo.png\",\"width\":586,\"height\":490,\"caption\":\"BUOD\"},\"image\":{\"@id\":\"https:\\\/\\\/buod.de\\\/#\\\/schema\\\/logo\\\/image\\\/\"},\"sameAs\":[\"https:\\\/\\\/www.facebook.com\\\/profile.php?id=100082185652397\"]},{\"@type\":\"Person\",\"@id\":\"https:\\\/\\\/buod.de\\\/#\\\/schema\\\/person\\\/8332a3e63b017fea8fcd17e9c0f96bf1\",\"name\":\"Gery V\u00e1rkonyi\",\"image\":{\"@type\":\"ImageObject\",\"inLanguage\":\"de-DE\",\"@id\":\"https:\\\/\\\/secure.gravatar.com\\\/avatar\\\/c1babe7dc68f065be4ec606c522172804715398688c78c6fffca3888b364e934?s=96&d=mm&r=g\",\"url\":\"https:\\\/\\\/secure.gravatar.com\\\/avatar\\\/c1babe7dc68f065be4ec606c522172804715398688c78c6fffca3888b364e934?s=96&d=mm&r=g\",\"contentUrl\":\"https:\\\/\\\/secure.gravatar.com\\\/avatar\\\/c1babe7dc68f065be4ec606c522172804715398688c78c6fffca3888b364e934?s=96&d=mm&r=g\",\"caption\":\"Gery V\u00e1rkonyi\"},\"url\":\"https:\\\/\\\/buod.de\\\/de\\\/author\\\/geryvarkonyi\\\/\"}]}<\/script>\n<!-- \/ Yoast SEO plugin. -->","yoast_head_json":{"title":"Bayerisch-Ungarisches Forum, Vortrag von Prof. J\u00e1nos Pusztay am 9.7.2024 in M\u00fcnchen - BUOD","robots":{"index":"index","follow":"follow","max-snippet":"max-snippet:-1","max-image-preview":"max-image-preview:large","max-video-preview":"max-video-preview:-1"},"canonical":"https:\/\/buod.de\/de\/bayerisch-ungarisches-forum-vortrag-von-prof-janos-pusztay-am-9-7-2024-in-munchen\/","og_locale":"de_DE","og_type":"article","og_title":"Bayerisch-Ungarisches Forum, Vortrag von Prof. J\u00e1nos Pusztay am 9.7.2024 in M\u00fcnchen - BUOD","og_description":"Kedves Listat\u00e1rsak! Egy n\u00e9metnyelv\u0171 el\u0151ad\u00e1st tesz\u00fcnk k\u00f6zz\u00e9, t\u00e9m\u00e1ja k\u00f6z\u00e9rdek\u0171, els\u0151sorban minket, a diaszp\u00f3r\u00e1t \u00e9rinti. Tal\u00e1n \u00edgy jobban eljut n\u00e9met bar\u00e1tainkhoz, \u00e9lett\u00e1rsainkhoz, munkat\u00e1rsainkhoz, k\u00f6rnyezet\u00fcnkh\u00f6z. Az elm\u00falt \u00e9vtizedekben a magyars\u00e1g nyelvi vesztes\u00e9ge jelent\u0151s, el\u0151ad\u00f3nk szerint 2 milli\u00f3 magyart jelenthet csak a K\u00e1rp\u00e1t-medenc\u00e9ben. \u00cdgy hallgattuk, \u00edgy hallgass\u00e1tok. \u00dcdv\u00f6zlettel: Ravasz Zolt\u00e1n MEGH\u00cdV\u00d3 A Bajor-Magyar F\u00f3rum mindenkit szeretettel h\u00edv \u00e9s [&hellip;]","og_url":"https:\/\/buod.de\/de\/bayerisch-ungarisches-forum-vortrag-von-prof-janos-pusztay-am-9-7-2024-in-munchen\/","og_site_name":"BUOD","article_publisher":"https:\/\/www.facebook.com\/profile.php?id=100082185652397","article_published_time":"2024-07-16T13:19:19+00:00","article_modified_time":"2024-07-29T15:21:41+00:00","author":"Gery V\u00e1rkonyi","twitter_card":"summary_large_image","twitter_misc":{"Written by":"Gery V\u00e1rkonyi","Est. reading time":"2 minutes"},"schema":{"@context":"https:\/\/schema.org","@graph":[{"@type":"Article","@id":"https:\/\/buod.de\/bayerisch-ungarisches-forum-vortrag-von-prof-janos-pusztay-am-9-7-2024-in-munchen\/#article","isPartOf":{"@id":"https:\/\/buod.de\/bayerisch-ungarisches-forum-vortrag-von-prof-janos-pusztay-am-9-7-2024-in-munchen\/"},"author":{"name":"Gery V\u00e1rkonyi","@id":"https:\/\/buod.de\/#\/schema\/person\/8332a3e63b017fea8fcd17e9c0f96bf1"},"headline":"Bayerisch-Ungarisches Forum, Vortrag von Prof. J\u00e1nos Pusztay am 9.7.2024 in M\u00fcnchen","datePublished":"2024-07-16T13:19:19+00:00","dateModified":"2024-07-29T15:21:41+00:00","mainEntityOfPage":{"@id":"https:\/\/buod.de\/bayerisch-ungarisches-forum-vortrag-von-prof-janos-pusztay-am-9-7-2024-in-munchen\/"},"wordCount":492,"commentCount":0,"publisher":{"@id":"https:\/\/buod.de\/#organization"},"keywords":["2024"],"articleSection":["H\u00edrek"],"inLanguage":"de-DE","potentialAction":[{"@type":"CommentAction","name":"Comment","target":["https:\/\/buod.de\/bayerisch-ungarisches-forum-vortrag-von-prof-janos-pusztay-am-9-7-2024-in-munchen\/#respond"]}]},{"@type":"WebPage","@id":"https:\/\/buod.de\/bayerisch-ungarisches-forum-vortrag-von-prof-janos-pusztay-am-9-7-2024-in-munchen\/","url":"https:\/\/buod.de\/bayerisch-ungarisches-forum-vortrag-von-prof-janos-pusztay-am-9-7-2024-in-munchen\/","name":"Bayerisch-Ungarisches Forum, Vortrag von Prof. J\u00e1nos Pusztay am 9.7.2024 in M\u00fcnchen - BUOD","isPartOf":{"@id":"https:\/\/buod.de\/#website"},"datePublished":"2024-07-16T13:19:19+00:00","dateModified":"2024-07-29T15:21:41+00:00","breadcrumb":{"@id":"https:\/\/buod.de\/bayerisch-ungarisches-forum-vortrag-von-prof-janos-pusztay-am-9-7-2024-in-munchen\/#breadcrumb"},"inLanguage":"de-DE","potentialAction":[{"@type":"ReadAction","target":["https:\/\/buod.de\/bayerisch-ungarisches-forum-vortrag-von-prof-janos-pusztay-am-9-7-2024-in-munchen\/"]}]},{"@type":"BreadcrumbList","@id":"https:\/\/buod.de\/bayerisch-ungarisches-forum-vortrag-von-prof-janos-pusztay-am-9-7-2024-in-munchen\/#breadcrumb","itemListElement":[{"@type":"ListItem","position":1,"name":"Kezd\u0151lap","item":"https:\/\/buod.de\/"},{"@type":"ListItem","position":2,"name":"Bayerisch-Ungarisches Forum, Vortrag von Prof. J\u00e1nos Pusztay am 9.7.2024 in M\u00fcnchen"}]},{"@type":"WebSite","@id":"https:\/\/buod.de\/#website","url":"https:\/\/buod.de\/","name":"BUOD","description":"Bund Ungarischer Organisationen in Deutschland","publisher":{"@id":"https:\/\/buod.de\/#organization"},"potentialAction":[{"@type":"SearchAction","target":{"@type":"EntryPoint","urlTemplate":"https:\/\/buod.de\/?s={search_term_string}"},"query-input":{"@type":"PropertyValueSpecification","valueRequired":true,"valueName":"search_term_string"}}],"inLanguage":"de-DE"},{"@type":"Organization","@id":"https:\/\/buod.de\/#organization","name":"BUOD","url":"https:\/\/buod.de\/","logo":{"@type":"ImageObject","inLanguage":"de-DE","@id":"https:\/\/buod.de\/#\/schema\/logo\/image\/","url":"https:\/\/buod.de\/wp-content\/uploads\/2024\/03\/BUOD-logo.png","contentUrl":"https:\/\/buod.de\/wp-content\/uploads\/2024\/03\/BUOD-logo.png","width":586,"height":490,"caption":"BUOD"},"image":{"@id":"https:\/\/buod.de\/#\/schema\/logo\/image\/"},"sameAs":["https:\/\/www.facebook.com\/profile.php?id=100082185652397"]},{"@type":"Person","@id":"https:\/\/buod.de\/#\/schema\/person\/8332a3e63b017fea8fcd17e9c0f96bf1","name":"Gery V\u00e1rkonyi","image":{"@type":"ImageObject","inLanguage":"de-DE","@id":"https:\/\/secure.gravatar.com\/avatar\/c1babe7dc68f065be4ec606c522172804715398688c78c6fffca3888b364e934?s=96&d=mm&r=g","url":"https:\/\/secure.gravatar.com\/avatar\/c1babe7dc68f065be4ec606c522172804715398688c78c6fffca3888b364e934?s=96&d=mm&r=g","contentUrl":"https:\/\/secure.gravatar.com\/avatar\/c1babe7dc68f065be4ec606c522172804715398688c78c6fffca3888b364e934?s=96&d=mm&r=g","caption":"Gery V\u00e1rkonyi"},"url":"https:\/\/buod.de\/de\/author\/geryvarkonyi\/"}]}},"_links":{"self":[{"href":"https:\/\/buod.de\/de\/wp-json\/wp\/v2\/posts\/8922","targetHints":{"allow":["GET"]}}],"collection":[{"href":"https:\/\/buod.de\/de\/wp-json\/wp\/v2\/posts"}],"about":[{"href":"https:\/\/buod.de\/de\/wp-json\/wp\/v2\/types\/post"}],"author":[{"embeddable":true,"href":"https:\/\/buod.de\/de\/wp-json\/wp\/v2\/users\/4"}],"replies":[{"embeddable":true,"href":"https:\/\/buod.de\/de\/wp-json\/wp\/v2\/comments?post=8922"}],"version-history":[{"count":1,"href":"https:\/\/buod.de\/de\/wp-json\/wp\/v2\/posts\/8922\/revisions"}],"predecessor-version":[{"id":8923,"href":"https:\/\/buod.de\/de\/wp-json\/wp\/v2\/posts\/8922\/revisions\/8923"}],"wp:attachment":[{"href":"https:\/\/buod.de\/de\/wp-json\/wp\/v2\/media?parent=8922"}],"wp:term":[{"taxonomy":"category","embeddable":true,"href":"https:\/\/buod.de\/de\/wp-json\/wp\/v2\/categories?post=8922"},{"taxonomy":"post_tag","embeddable":true,"href":"https:\/\/buod.de\/de\/wp-json\/wp\/v2\/tags?post=8922"}],"curies":[{"name":"wp","href":"https:\/\/api.w.org\/{rel}","templated":true}]}}