{"id":8966,"date":"2024-08-03T12:56:30","date_gmt":"2024-08-03T12:56:30","guid":{"rendered":"https:\/\/dev.buod.de\/?p=8966"},"modified":"2024-08-14T12:57:12","modified_gmt":"2024-08-14T12:57:12","slug":"rede-viktor-orban-einladung-zum-dug-sommerkonzert-nach-bonn","status":"publish","type":"post","link":"https:\/\/buod.de\/de\/rede-viktor-orban-einladung-zum-dug-sommerkonzert-nach-bonn\/","title":{"rendered":"Rede Viktor Orb\u00e1n + Einladung zum DUG-Sommerkonzert nach Bonn"},"content":{"rendered":"<p>An die Mitglieder und Freunde der<br>Deutsch-Ungarischen Gesellschaft in der Bundesrepublik Deutschland e.V.<br><\/p>\n\n\n\n<p>Sehr geehrte Damen und Herren,<\/p>\n\n\n\n<p><strong>der Ministerpr\u00e4sident von Ungarn hat am 27. Juli eine vielbeachtete Grundsatzrede \u00fcber die aktuelle politische Lage und die Zukunft Ungarns und Europas gehalten<\/strong>, die wir Ihnen im Anhang in deutscher \u00dcbersetzung zukommen lassen. Das Manuskript ist recht umfangreich, aber die Lekt\u00fcre lohnt sich unbedingt! Auch wenn man nicht jeder einzelnen These von Viktor Orb\u00e1n zustimmen muss: seine profunde Analyse ist ohne Frage einer der wichtigsten Debattenbeitr\u00e4ge der letzten Monate.<\/p>\n\n\n\n<p>Wir freuen uns zudem, den Mitgliedern und Freunden unserer Gesellschaft nach dem gro\u00dfen Erfolg im vergangenen Jahr erneut einen besonderen kulturellen H\u00f6hepunkt bieten zu k\u00f6nnen: einen Konzertabend mit klassischer Musik im Schumannhaus in Bonn!<\/p>\n\n\n\n<p>Er findet statt am:&nbsp;<strong>Mittwoch, 28. August 2024, 18.30 Uhr,&nbsp;<\/strong><strong>im Schumannhaus,&nbsp;<\/strong><strong>Sebastianstra\u00dfe 182, 53115 Bonn<\/strong><\/p>\n\n\n\n<p><strong>Gabriella Brez\u00f3czki und Gunther Tiedemann, zwei herausragende Musiker mit internationalem Renommee, werden uns unter dem Motto &#8222;Perlen der romantischen Kammermusik&#8221; in diesem Jahr St\u00fccke von Schumann, Brahms und Mendelssohn-Bartholdy vortragen.<\/strong><\/p>\n\n\n\n<p>In der Anlage finden Sie n\u00e4here Informationen zu dem Programm und den beiden K\u00fcnstlern.&nbsp;<\/p>\n\n\n\n<p>Der Eintritt ist frei. \u00dcber einen kleinen Kostenbeitrag vor Ort freuen wir uns.<\/p>\n\n\n\n<p><strong>Bitte melden Sie sich und ggf. Ihre Begleitung bis sp\u00e4testens zum 23. August an unter<\/strong>:&nbsp;<a href=\"mailto:kontakt@dug-dach.de\">kontakt@dug-dach.de<\/a><\/p>\n\n\n\n<p>Ich freue mich, Sie entweder bei unserem bevorstehenden&nbsp;<strong>DUG-Treffen in R\u00e9vf\u00fcl\u00f6p (Mittwoch, 14. August, 16.00 Uhr, in R\u00e9vf\u00fcl\u00f6p, Restaurant Scruton Pelso, 8253 R\u00e9vf\u00fcl\u00f6p, Hal\u00e1sz u. 51-53)&nbsp;<\/strong>oder eben&nbsp;<strong>am 28. August in Bonn&nbsp;<\/strong>zu treffen und verbleibe bis dahin<\/p>\n\n\n\n<p>mit herzlichen Gr\u00fc\u00dfen<\/p>\n\n\n\n<p>Ihr&nbsp;<\/p>\n\n\n\n<p>Gerhard Papke&nbsp;<\/p>\n\n\n\n<p><strong>Dr. Gerhard Papke<\/strong><\/p>\n\n\n\n<p>Landtagsvizepr\u00e4sident NRW a.D.<\/p>\n\n\n\n<p>Pr\u00e4sident der Deutsch-Ungarischen Gesellschaft<\/p>\n\n\n\n<p>in der Bundesrepublik Deutschland e.V.<\/p>","protected":false},"excerpt":{"rendered":"<p>An die Mitglieder und Freunde derDeutsch-Ungarischen Gesellschaft in der Bundesrepublik Deutschland e.V. Sehr geehrte Damen und Herren, der Ministerpr\u00e4sident von Ungarn hat am 27. Juli eine vielbeachtete Grundsatzrede \u00fcber die aktuelle politische Lage und die Zukunft Ungarns und Europas gehalten, die wir Ihnen im Anhang in deutscher \u00dcbersetzung zukommen lassen. Das Manuskript ist recht umfangreich, [&hellip;]<\/p>\n","protected":false},"author":4,"featured_media":0,"comment_status":"open","ping_status":"open","sticky":false,"template":"","format":"standard","meta":{"footnotes":""},"categories":[17],"tags":[22],"class_list":["post-8966","post","type-post","status-publish","format-standard","hentry","category-hirek","tag-22"],"yoast_head":"<!-- This site is optimized with the Yoast SEO plugin v27.5 - https:\/\/yoast.com\/product\/yoast-seo-wordpress\/ -->\n<title>Rede Viktor Orb\u00e1n + Einladung zum DUG-Sommerkonzert nach Bonn - BUOD<\/title>\n<meta name=\"robots\" content=\"index, follow, max-snippet:-1, max-image-preview:large, max-video-preview:-1\" \/>\n<link rel=\"canonical\" href=\"https:\/\/buod.de\/de\/rede-viktor-orban-einladung-zum-dug-sommerkonzert-nach-bonn\/\" \/>\n<meta property=\"og:locale\" content=\"de_DE\" \/>\n<meta property=\"og:type\" content=\"article\" \/>\n<meta property=\"og:title\" content=\"Rede Viktor Orb\u00e1n + Einladung zum DUG-Sommerkonzert nach Bonn - BUOD\" \/>\n<meta property=\"og:description\" content=\"An die Mitglieder und Freunde derDeutsch-Ungarischen Gesellschaft in der Bundesrepublik Deutschland e.V. Sehr geehrte Damen und Herren, der Ministerpr\u00e4sident von Ungarn hat am 27. Juli eine vielbeachtete Grundsatzrede \u00fcber die aktuelle politische Lage und die Zukunft Ungarns und Europas gehalten, die wir Ihnen im Anhang in deutscher \u00dcbersetzung zukommen lassen. Das Manuskript ist recht umfangreich, [&hellip;]\" \/>\n<meta property=\"og:url\" content=\"https:\/\/buod.de\/de\/rede-viktor-orban-einladung-zum-dug-sommerkonzert-nach-bonn\/\" \/>\n<meta property=\"og:site_name\" content=\"BUOD\" \/>\n<meta property=\"article:publisher\" content=\"https:\/\/www.facebook.com\/profile.php?id=100082185652397\" \/>\n<meta property=\"article:published_time\" content=\"2024-08-03T12:56:30+00:00\" \/>\n<meta property=\"article:modified_time\" content=\"2024-08-14T12:57:12+00:00\" \/>\n<meta name=\"author\" content=\"Gery V\u00e1rkonyi\" \/>\n<meta name=\"twitter:card\" content=\"summary_large_image\" \/>\n<meta name=\"twitter:label1\" content=\"Written by\" \/>\n\t<meta name=\"twitter:data1\" content=\"Gery V\u00e1rkonyi\" \/>\n\t<meta name=\"twitter:label2\" content=\"Est. reading time\" \/>\n\t<meta name=\"twitter:data2\" content=\"2 minutes\" \/>\n<script type=\"application\/ld+json\" class=\"yoast-schema-graph\">{\"@context\":\"https:\\\/\\\/schema.org\",\"@graph\":[{\"@type\":\"Article\",\"@id\":\"https:\\\/\\\/buod.de\\\/rede-viktor-orban-einladung-zum-dug-sommerkonzert-nach-bonn\\\/#article\",\"isPartOf\":{\"@id\":\"https:\\\/\\\/buod.de\\\/rede-viktor-orban-einladung-zum-dug-sommerkonzert-nach-bonn\\\/\"},\"author\":{\"name\":\"Gery V\u00e1rkonyi\",\"@id\":\"https:\\\/\\\/buod.de\\\/#\\\/schema\\\/person\\\/8332a3e63b017fea8fcd17e9c0f96bf1\"},\"headline\":\"Rede Viktor Orb\u00e1n + Einladung zum DUG-Sommerkonzert nach Bonn\",\"datePublished\":\"2024-08-03T12:56:30+00:00\",\"dateModified\":\"2024-08-14T12:57:12+00:00\",\"mainEntityOfPage\":{\"@id\":\"https:\\\/\\\/buod.de\\\/rede-viktor-orban-einladung-zum-dug-sommerkonzert-nach-bonn\\\/\"},\"wordCount\":309,\"commentCount\":0,\"publisher\":{\"@id\":\"https:\\\/\\\/buod.de\\\/#organization\"},\"keywords\":[\"2024\"],\"articleSection\":[\"H\u00edrek\"],\"inLanguage\":\"de-DE\",\"potentialAction\":[{\"@type\":\"CommentAction\",\"name\":\"Comment\",\"target\":[\"https:\\\/\\\/buod.de\\\/rede-viktor-orban-einladung-zum-dug-sommerkonzert-nach-bonn\\\/#respond\"]}]},{\"@type\":\"WebPage\",\"@id\":\"https:\\\/\\\/buod.de\\\/rede-viktor-orban-einladung-zum-dug-sommerkonzert-nach-bonn\\\/\",\"url\":\"https:\\\/\\\/buod.de\\\/rede-viktor-orban-einladung-zum-dug-sommerkonzert-nach-bonn\\\/\",\"name\":\"Rede Viktor Orb\u00e1n + Einladung zum DUG-Sommerkonzert nach Bonn - BUOD\",\"isPartOf\":{\"@id\":\"https:\\\/\\\/buod.de\\\/#website\"},\"datePublished\":\"2024-08-03T12:56:30+00:00\",\"dateModified\":\"2024-08-14T12:57:12+00:00\",\"breadcrumb\":{\"@id\":\"https:\\\/\\\/buod.de\\\/rede-viktor-orban-einladung-zum-dug-sommerkonzert-nach-bonn\\\/#breadcrumb\"},\"inLanguage\":\"de-DE\",\"potentialAction\":[{\"@type\":\"ReadAction\",\"target\":[\"https:\\\/\\\/buod.de\\\/rede-viktor-orban-einladung-zum-dug-sommerkonzert-nach-bonn\\\/\"]}]},{\"@type\":\"BreadcrumbList\",\"@id\":\"https:\\\/\\\/buod.de\\\/rede-viktor-orban-einladung-zum-dug-sommerkonzert-nach-bonn\\\/#breadcrumb\",\"itemListElement\":[{\"@type\":\"ListItem\",\"position\":1,\"name\":\"Kezd\u0151lap\",\"item\":\"https:\\\/\\\/buod.de\\\/\"},{\"@type\":\"ListItem\",\"position\":2,\"name\":\"Rede Viktor Orb\u00e1n + Einladung zum DUG-Sommerkonzert nach Bonn\"}]},{\"@type\":\"WebSite\",\"@id\":\"https:\\\/\\\/buod.de\\\/#website\",\"url\":\"https:\\\/\\\/buod.de\\\/\",\"name\":\"BUOD\",\"description\":\"Bund Ungarischer Organisationen in Deutschland\",\"publisher\":{\"@id\":\"https:\\\/\\\/buod.de\\\/#organization\"},\"potentialAction\":[{\"@type\":\"SearchAction\",\"target\":{\"@type\":\"EntryPoint\",\"urlTemplate\":\"https:\\\/\\\/buod.de\\\/?s={search_term_string}\"},\"query-input\":{\"@type\":\"PropertyValueSpecification\",\"valueRequired\":true,\"valueName\":\"search_term_string\"}}],\"inLanguage\":\"de-DE\"},{\"@type\":\"Organization\",\"@id\":\"https:\\\/\\\/buod.de\\\/#organization\",\"name\":\"BUOD\",\"url\":\"https:\\\/\\\/buod.de\\\/\",\"logo\":{\"@type\":\"ImageObject\",\"inLanguage\":\"de-DE\",\"@id\":\"https:\\\/\\\/buod.de\\\/#\\\/schema\\\/logo\\\/image\\\/\",\"url\":\"https:\\\/\\\/buod.de\\\/wp-content\\\/uploads\\\/2024\\\/03\\\/BUOD-logo.png\",\"contentUrl\":\"https:\\\/\\\/buod.de\\\/wp-content\\\/uploads\\\/2024\\\/03\\\/BUOD-logo.png\",\"width\":586,\"height\":490,\"caption\":\"BUOD\"},\"image\":{\"@id\":\"https:\\\/\\\/buod.de\\\/#\\\/schema\\\/logo\\\/image\\\/\"},\"sameAs\":[\"https:\\\/\\\/www.facebook.com\\\/profile.php?id=100082185652397\"]},{\"@type\":\"Person\",\"@id\":\"https:\\\/\\\/buod.de\\\/#\\\/schema\\\/person\\\/8332a3e63b017fea8fcd17e9c0f96bf1\",\"name\":\"Gery V\u00e1rkonyi\",\"image\":{\"@type\":\"ImageObject\",\"inLanguage\":\"de-DE\",\"@id\":\"https:\\\/\\\/secure.gravatar.com\\\/avatar\\\/c1babe7dc68f065be4ec606c522172804715398688c78c6fffca3888b364e934?s=96&d=mm&r=g\",\"url\":\"https:\\\/\\\/secure.gravatar.com\\\/avatar\\\/c1babe7dc68f065be4ec606c522172804715398688c78c6fffca3888b364e934?s=96&d=mm&r=g\",\"contentUrl\":\"https:\\\/\\\/secure.gravatar.com\\\/avatar\\\/c1babe7dc68f065be4ec606c522172804715398688c78c6fffca3888b364e934?s=96&d=mm&r=g\",\"caption\":\"Gery V\u00e1rkonyi\"},\"url\":\"https:\\\/\\\/buod.de\\\/de\\\/author\\\/geryvarkonyi\\\/\"}]}<\/script>\n<!-- \/ Yoast SEO plugin. -->","yoast_head_json":{"title":"Rede Viktor Orb\u00e1n + Einladung zum DUG-Sommerkonzert nach Bonn - BUOD","robots":{"index":"index","follow":"follow","max-snippet":"max-snippet:-1","max-image-preview":"max-image-preview:large","max-video-preview":"max-video-preview:-1"},"canonical":"https:\/\/buod.de\/de\/rede-viktor-orban-einladung-zum-dug-sommerkonzert-nach-bonn\/","og_locale":"de_DE","og_type":"article","og_title":"Rede Viktor Orb\u00e1n + Einladung zum DUG-Sommerkonzert nach Bonn - BUOD","og_description":"An die Mitglieder und Freunde derDeutsch-Ungarischen Gesellschaft in der Bundesrepublik Deutschland e.V. Sehr geehrte Damen und Herren, der Ministerpr\u00e4sident von Ungarn hat am 27. Juli eine vielbeachtete Grundsatzrede \u00fcber die aktuelle politische Lage und die Zukunft Ungarns und Europas gehalten, die wir Ihnen im Anhang in deutscher \u00dcbersetzung zukommen lassen. Das Manuskript ist recht umfangreich, [&hellip;]","og_url":"https:\/\/buod.de\/de\/rede-viktor-orban-einladung-zum-dug-sommerkonzert-nach-bonn\/","og_site_name":"BUOD","article_publisher":"https:\/\/www.facebook.com\/profile.php?id=100082185652397","article_published_time":"2024-08-03T12:56:30+00:00","article_modified_time":"2024-08-14T12:57:12+00:00","author":"Gery V\u00e1rkonyi","twitter_card":"summary_large_image","twitter_misc":{"Written by":"Gery V\u00e1rkonyi","Est. reading time":"2 minutes"},"schema":{"@context":"https:\/\/schema.org","@graph":[{"@type":"Article","@id":"https:\/\/buod.de\/rede-viktor-orban-einladung-zum-dug-sommerkonzert-nach-bonn\/#article","isPartOf":{"@id":"https:\/\/buod.de\/rede-viktor-orban-einladung-zum-dug-sommerkonzert-nach-bonn\/"},"author":{"name":"Gery V\u00e1rkonyi","@id":"https:\/\/buod.de\/#\/schema\/person\/8332a3e63b017fea8fcd17e9c0f96bf1"},"headline":"Rede Viktor Orb\u00e1n + Einladung zum DUG-Sommerkonzert nach Bonn","datePublished":"2024-08-03T12:56:30+00:00","dateModified":"2024-08-14T12:57:12+00:00","mainEntityOfPage":{"@id":"https:\/\/buod.de\/rede-viktor-orban-einladung-zum-dug-sommerkonzert-nach-bonn\/"},"wordCount":309,"commentCount":0,"publisher":{"@id":"https:\/\/buod.de\/#organization"},"keywords":["2024"],"articleSection":["H\u00edrek"],"inLanguage":"de-DE","potentialAction":[{"@type":"CommentAction","name":"Comment","target":["https:\/\/buod.de\/rede-viktor-orban-einladung-zum-dug-sommerkonzert-nach-bonn\/#respond"]}]},{"@type":"WebPage","@id":"https:\/\/buod.de\/rede-viktor-orban-einladung-zum-dug-sommerkonzert-nach-bonn\/","url":"https:\/\/buod.de\/rede-viktor-orban-einladung-zum-dug-sommerkonzert-nach-bonn\/","name":"Rede Viktor Orb\u00e1n + Einladung zum DUG-Sommerkonzert nach Bonn - BUOD","isPartOf":{"@id":"https:\/\/buod.de\/#website"},"datePublished":"2024-08-03T12:56:30+00:00","dateModified":"2024-08-14T12:57:12+00:00","breadcrumb":{"@id":"https:\/\/buod.de\/rede-viktor-orban-einladung-zum-dug-sommerkonzert-nach-bonn\/#breadcrumb"},"inLanguage":"de-DE","potentialAction":[{"@type":"ReadAction","target":["https:\/\/buod.de\/rede-viktor-orban-einladung-zum-dug-sommerkonzert-nach-bonn\/"]}]},{"@type":"BreadcrumbList","@id":"https:\/\/buod.de\/rede-viktor-orban-einladung-zum-dug-sommerkonzert-nach-bonn\/#breadcrumb","itemListElement":[{"@type":"ListItem","position":1,"name":"Kezd\u0151lap","item":"https:\/\/buod.de\/"},{"@type":"ListItem","position":2,"name":"Rede Viktor Orb\u00e1n + Einladung zum DUG-Sommerkonzert nach Bonn"}]},{"@type":"WebSite","@id":"https:\/\/buod.de\/#website","url":"https:\/\/buod.de\/","name":"BUOD","description":"Bund Ungarischer Organisationen in Deutschland","publisher":{"@id":"https:\/\/buod.de\/#organization"},"potentialAction":[{"@type":"SearchAction","target":{"@type":"EntryPoint","urlTemplate":"https:\/\/buod.de\/?s={search_term_string}"},"query-input":{"@type":"PropertyValueSpecification","valueRequired":true,"valueName":"search_term_string"}}],"inLanguage":"de-DE"},{"@type":"Organization","@id":"https:\/\/buod.de\/#organization","name":"BUOD","url":"https:\/\/buod.de\/","logo":{"@type":"ImageObject","inLanguage":"de-DE","@id":"https:\/\/buod.de\/#\/schema\/logo\/image\/","url":"https:\/\/buod.de\/wp-content\/uploads\/2024\/03\/BUOD-logo.png","contentUrl":"https:\/\/buod.de\/wp-content\/uploads\/2024\/03\/BUOD-logo.png","width":586,"height":490,"caption":"BUOD"},"image":{"@id":"https:\/\/buod.de\/#\/schema\/logo\/image\/"},"sameAs":["https:\/\/www.facebook.com\/profile.php?id=100082185652397"]},{"@type":"Person","@id":"https:\/\/buod.de\/#\/schema\/person\/8332a3e63b017fea8fcd17e9c0f96bf1","name":"Gery V\u00e1rkonyi","image":{"@type":"ImageObject","inLanguage":"de-DE","@id":"https:\/\/secure.gravatar.com\/avatar\/c1babe7dc68f065be4ec606c522172804715398688c78c6fffca3888b364e934?s=96&d=mm&r=g","url":"https:\/\/secure.gravatar.com\/avatar\/c1babe7dc68f065be4ec606c522172804715398688c78c6fffca3888b364e934?s=96&d=mm&r=g","contentUrl":"https:\/\/secure.gravatar.com\/avatar\/c1babe7dc68f065be4ec606c522172804715398688c78c6fffca3888b364e934?s=96&d=mm&r=g","caption":"Gery V\u00e1rkonyi"},"url":"https:\/\/buod.de\/de\/author\/geryvarkonyi\/"}]}},"_links":{"self":[{"href":"https:\/\/buod.de\/de\/wp-json\/wp\/v2\/posts\/8966","targetHints":{"allow":["GET"]}}],"collection":[{"href":"https:\/\/buod.de\/de\/wp-json\/wp\/v2\/posts"}],"about":[{"href":"https:\/\/buod.de\/de\/wp-json\/wp\/v2\/types\/post"}],"author":[{"embeddable":true,"href":"https:\/\/buod.de\/de\/wp-json\/wp\/v2\/users\/4"}],"replies":[{"embeddable":true,"href":"https:\/\/buod.de\/de\/wp-json\/wp\/v2\/comments?post=8966"}],"version-history":[{"count":2,"href":"https:\/\/buod.de\/de\/wp-json\/wp\/v2\/posts\/8966\/revisions"}],"predecessor-version":[{"id":8968,"href":"https:\/\/buod.de\/de\/wp-json\/wp\/v2\/posts\/8966\/revisions\/8968"}],"wp:attachment":[{"href":"https:\/\/buod.de\/de\/wp-json\/wp\/v2\/media?parent=8966"}],"wp:term":[{"taxonomy":"category","embeddable":true,"href":"https:\/\/buod.de\/de\/wp-json\/wp\/v2\/categories?post=8966"},{"taxonomy":"post_tag","embeddable":true,"href":"https:\/\/buod.de\/de\/wp-json\/wp\/v2\/tags?post=8966"}],"curies":[{"name":"wp","href":"https:\/\/api.w.org\/{rel}","templated":true}]}}