{"id":9006,"date":"2024-09-07T11:52:44","date_gmt":"2024-09-07T09:52:44","guid":{"rendered":"https:\/\/buod.de\/?p=9006"},"modified":"2024-09-20T12:01:47","modified_gmt":"2024-09-20T10:01:47","slug":"koszoruzasi-emlekunnep-35-eve-1989-ben-a-vasfuggony-hasadasa-14-szombat-09-2024","status":"publish","type":"post","link":"https:\/\/buod.de\/de\/koszoruzasi-emlekunnep-35-eve-1989-ben-a-vasfuggony-hasadasa-14-szombat-09-2024\/","title":{"rendered":"Koszor\u00faz\u00e1si eml\u00e9k\u00fcnnep &#8211; 35 \u00e9ve, 1989-ben a Vasf\u00fcgg\u00f6ny hasad\u00e1sa. (14 szombat,)- 09.2024."},"content":{"rendered":"<p><strong>11 \u00f2rai \u2014 kezdet.<\/strong><\/p>\n\n\n\n<p>A Magyar Egylet 1886 rendez\u00e9s\u00e9ben, szeptember 14.-\u00e9n szombaton az&nbsp;EUROPA t\u00e9ren,\u2014 a FRIEDENSENGEL szoborn\u00e1l&nbsp;koszor\u00faz\u00e1ssal (35 db bab\u00e9r koszor\u00fa-val) \u00fcnnepelj\u00fck a 35 \u00e9vvel ez el\u0151tti \u201epiknik hat\u00e1rnyit\u00e1st\u201c- ami a Berlini fal lebont\u00e1s\u00e1hoz, a Balti tengert\u0151l az Adri\u00e1ig h\u00faz\u00f3d\u00f3 t\u00f6bbezer kilom\u00e9teres \u201eVASF\u00dcGG\u00d6NY\u201c megnyit\u00e1s\u00e1hoz,\u2014 a t\u00f6bbmilli\u00f3s tapos\u00f3 akna felszed\u00e9s\u00e9hez,\u2014 villamos dr\u00f3tker\u00edt\u00e9sek \u00e9s a Warsoi szerz\u0151d\u00e9s \u201eL\u00d6V\u00c8SPARANCS\u201c-\u00e1nak. megsz\u00fcntet\u00e9s\u00e9vel ,\u2014 a LENIN &#8211; Szt\u00e1lin kommunizmus rabs\u00e1g\u00e1nak megsz\u0171n\u00e9s\u00e9hez vezetett, Kelet-Eur\u00f3p\u00e1ban.<br>Az esem\u00e9ny M\u00fcncheni kapcsolata Otto von Habsburghoz vezet,-(\u00e9s nem Horn Gyul\u00e1hoz).<\/p>\n\n\n\n<p>Ismertet\u00f6 besz\u00e9det:<\/p>\n\n\n\n<p>De\u00e1k L\u00e1szl\u00f3&nbsp;mond. (magyar &#8211; n\u00e9met, angol nyelv\u0171).<\/p>\n\n\n\n<p>A rendezv\u00e9nyen a M\u00fcnchenii Magyar Cserk\u00e9szcsapat, valamint a Reg\u00f6s\u00f6k is r\u00e9szt vesznek.<\/p>\n\n\n\n<p>Ravasz Zolt\u00e1n&nbsp;YouTube st\u00fadi\u00f3ja felveszi a koszor\u00faz\u00e1si eml\u00e9k\u00fcnnepet.<\/p>\n\n\n\n<p>MEGK\u00d6ZEL\u00ccT\u00c8S:<br>A sok \u00e9p\u00edtkez\u00e9s miatt a k\u00f6rny\u00e9ken a parkol\u00e1s probl\u00e9m\u00e1s. Max Weber Petz t\u00f3l gyalog kb 10 percre van, pl. Maria Theresia Str-en \u00e1t, a t\u00e9r a Prinzregenten Str\u00b4\u00e9n, a Stuck villa, 100 as busz meg\u00e1llott\u00f3l gyalog 3 perc-re.az Isar h\u00eddn\u00e1l.<\/p>\n\n\n\n<p>Gy\u00fclekez\u00e9s a sz\u00f6k\u0151k\u00fat jobb \u00e9s bal oldal\u00e1n\u00e1l. 1 sz\u00e1l vir\u00e1got b\u00e1rki, vagy. gyermeke elhelyezhet a m\u00e1sodik helysz\u00ednen,- a szobor talp\u00e1n\u00e1l.(Oldall\u00e9pcs\u00f6k\u00f6n kereszt\u00fcl felnt)<br>(35 % ess\u00f6 lehet\u0151s\u00e9g 3-4 \u00f3ra naps\u00fct\u00e9s, kb 20 fok v\u00e1rhat\u00f3 )<\/p>\n\n\n\n<p>Szeretettel v\u00e1r mindenkit a Magyar Egylet 1886. \u00e9s a magyar szervezetek..<\/p>\n\n\n\n<p>Mindenki gondoljon a kamera felv\u00e9telre, \u2014 ne ford\u00edtson h\u00e1tat,- l\u00e1tsz\u00f3djon a szem\u00e9ly a dokumentumon.<\/p>","protected":false},"excerpt":{"rendered":"<p>11 \u00f2rai \u2014 kezdet. A Magyar Egylet 1886 rendez\u00e9s\u00e9ben, szeptember 14.-\u00e9n szombaton az&nbsp;EUROPA t\u00e9ren,\u2014 a FRIEDENSENGEL szoborn\u00e1l&nbsp;koszor\u00faz\u00e1ssal (35 db bab\u00e9r koszor\u00fa-val) \u00fcnnepelj\u00fck a 35 \u00e9vvel ez el\u0151tti \u201epiknik hat\u00e1rnyit\u00e1st\u201c- ami a Berlini fal lebont\u00e1s\u00e1hoz, a Balti tengert\u0151l az Adri\u00e1ig h\u00faz\u00f3d\u00f3 t\u00f6bbezer kilom\u00e9teres \u201eVASF\u00dcGG\u00d6NY\u201c megnyit\u00e1s\u00e1hoz,\u2014 a t\u00f6bbmilli\u00f3s tapos\u00f3 akna felszed\u00e9s\u00e9hez,\u2014 villamos dr\u00f3tker\u00edt\u00e9sek \u00e9s a Warsoi szerz\u0151d\u00e9s [&hellip;]<\/p>\n","protected":false},"author":4,"featured_media":0,"comment_status":"open","ping_status":"open","sticky":false,"template":"","format":"standard","meta":{"footnotes":""},"categories":[17],"tags":[22],"class_list":["post-9006","post","type-post","status-publish","format-standard","hentry","category-hirek","tag-22"],"yoast_head":"<!-- This site is optimized with the Yoast SEO plugin v27.5 - https:\/\/yoast.com\/product\/yoast-seo-wordpress\/ -->\n<title>Koszor\u00faz\u00e1si eml\u00e9k\u00fcnnep - 35 \u00e9ve, 1989-ben a Vasf\u00fcgg\u00f6ny hasad\u00e1sa. (14 szombat,)- 09.2024. - BUOD<\/title>\n<meta name=\"robots\" content=\"index, follow, max-snippet:-1, max-image-preview:large, max-video-preview:-1\" \/>\n<link rel=\"canonical\" href=\"https:\/\/buod.de\/de\/koszoruzasi-emlekunnep-35-eve-1989-ben-a-vasfuggony-hasadasa-14-szombat-09-2024\/\" \/>\n<meta property=\"og:locale\" content=\"de_DE\" \/>\n<meta property=\"og:type\" content=\"article\" \/>\n<meta property=\"og:title\" content=\"Koszor\u00faz\u00e1si eml\u00e9k\u00fcnnep - 35 \u00e9ve, 1989-ben a Vasf\u00fcgg\u00f6ny hasad\u00e1sa. (14 szombat,)- 09.2024. - BUOD\" \/>\n<meta property=\"og:description\" content=\"11 \u00f2rai \u2014 kezdet. A Magyar Egylet 1886 rendez\u00e9s\u00e9ben, szeptember 14.-\u00e9n szombaton az&nbsp;EUROPA t\u00e9ren,\u2014 a FRIEDENSENGEL szoborn\u00e1l&nbsp;koszor\u00faz\u00e1ssal (35 db bab\u00e9r koszor\u00fa-val) \u00fcnnepelj\u00fck a 35 \u00e9vvel ez el\u0151tti \u201epiknik hat\u00e1rnyit\u00e1st\u201c- ami a Berlini fal lebont\u00e1s\u00e1hoz, a Balti tengert\u0151l az Adri\u00e1ig h\u00faz\u00f3d\u00f3 t\u00f6bbezer kilom\u00e9teres \u201eVASF\u00dcGG\u00d6NY\u201c megnyit\u00e1s\u00e1hoz,\u2014 a t\u00f6bbmilli\u00f3s tapos\u00f3 akna felszed\u00e9s\u00e9hez,\u2014 villamos dr\u00f3tker\u00edt\u00e9sek \u00e9s a Warsoi szerz\u0151d\u00e9s [&hellip;]\" \/>\n<meta property=\"og:url\" content=\"https:\/\/buod.de\/de\/koszoruzasi-emlekunnep-35-eve-1989-ben-a-vasfuggony-hasadasa-14-szombat-09-2024\/\" \/>\n<meta property=\"og:site_name\" content=\"BUOD\" \/>\n<meta property=\"article:publisher\" content=\"https:\/\/www.facebook.com\/profile.php?id=100082185652397\" \/>\n<meta property=\"article:published_time\" content=\"2024-09-07T09:52:44+00:00\" \/>\n<meta property=\"article:modified_time\" content=\"2024-09-20T10:01:47+00:00\" \/>\n<meta name=\"author\" content=\"Gery V\u00e1rkonyi\" \/>\n<meta name=\"twitter:card\" content=\"summary_large_image\" \/>\n<meta name=\"twitter:label1\" content=\"Written by\" \/>\n\t<meta name=\"twitter:data1\" content=\"Gery V\u00e1rkonyi\" \/>\n\t<meta name=\"twitter:label2\" content=\"Est. reading time\" \/>\n\t<meta name=\"twitter:data2\" content=\"2 minutes\" \/>\n<script type=\"application\/ld+json\" class=\"yoast-schema-graph\">{\"@context\":\"https:\\\/\\\/schema.org\",\"@graph\":[{\"@type\":\"Article\",\"@id\":\"https:\\\/\\\/buod.de\\\/koszoruzasi-emlekunnep-35-eve-1989-ben-a-vasfuggony-hasadasa-14-szombat-09-2024\\\/#article\",\"isPartOf\":{\"@id\":\"https:\\\/\\\/buod.de\\\/koszoruzasi-emlekunnep-35-eve-1989-ben-a-vasfuggony-hasadasa-14-szombat-09-2024\\\/\"},\"author\":{\"name\":\"Gery V\u00e1rkonyi\",\"@id\":\"https:\\\/\\\/buod.de\\\/#\\\/schema\\\/person\\\/8332a3e63b017fea8fcd17e9c0f96bf1\"},\"headline\":\"Koszor\u00faz\u00e1si eml\u00e9k\u00fcnnep &#8211; 35 \u00e9ve, 1989-ben a Vasf\u00fcgg\u00f6ny hasad\u00e1sa. (14 szombat,)- 09.2024.\",\"datePublished\":\"2024-09-07T09:52:44+00:00\",\"dateModified\":\"2024-09-20T10:01:47+00:00\",\"mainEntityOfPage\":{\"@id\":\"https:\\\/\\\/buod.de\\\/koszoruzasi-emlekunnep-35-eve-1989-ben-a-vasfuggony-hasadasa-14-szombat-09-2024\\\/\"},\"wordCount\":338,\"commentCount\":0,\"publisher\":{\"@id\":\"https:\\\/\\\/buod.de\\\/#organization\"},\"keywords\":[\"2024\"],\"articleSection\":[\"H\u00edrek\"],\"inLanguage\":\"de-DE\",\"potentialAction\":[{\"@type\":\"CommentAction\",\"name\":\"Comment\",\"target\":[\"https:\\\/\\\/buod.de\\\/koszoruzasi-emlekunnep-35-eve-1989-ben-a-vasfuggony-hasadasa-14-szombat-09-2024\\\/#respond\"]}]},{\"@type\":\"WebPage\",\"@id\":\"https:\\\/\\\/buod.de\\\/koszoruzasi-emlekunnep-35-eve-1989-ben-a-vasfuggony-hasadasa-14-szombat-09-2024\\\/\",\"url\":\"https:\\\/\\\/buod.de\\\/koszoruzasi-emlekunnep-35-eve-1989-ben-a-vasfuggony-hasadasa-14-szombat-09-2024\\\/\",\"name\":\"Koszor\u00faz\u00e1si eml\u00e9k\u00fcnnep - 35 \u00e9ve, 1989-ben a Vasf\u00fcgg\u00f6ny hasad\u00e1sa. (14 szombat,)- 09.2024. - BUOD\",\"isPartOf\":{\"@id\":\"https:\\\/\\\/buod.de\\\/#website\"},\"datePublished\":\"2024-09-07T09:52:44+00:00\",\"dateModified\":\"2024-09-20T10:01:47+00:00\",\"breadcrumb\":{\"@id\":\"https:\\\/\\\/buod.de\\\/koszoruzasi-emlekunnep-35-eve-1989-ben-a-vasfuggony-hasadasa-14-szombat-09-2024\\\/#breadcrumb\"},\"inLanguage\":\"de-DE\",\"potentialAction\":[{\"@type\":\"ReadAction\",\"target\":[\"https:\\\/\\\/buod.de\\\/koszoruzasi-emlekunnep-35-eve-1989-ben-a-vasfuggony-hasadasa-14-szombat-09-2024\\\/\"]}]},{\"@type\":\"BreadcrumbList\",\"@id\":\"https:\\\/\\\/buod.de\\\/koszoruzasi-emlekunnep-35-eve-1989-ben-a-vasfuggony-hasadasa-14-szombat-09-2024\\\/#breadcrumb\",\"itemListElement\":[{\"@type\":\"ListItem\",\"position\":1,\"name\":\"Kezd\u0151lap\",\"item\":\"https:\\\/\\\/buod.de\\\/\"},{\"@type\":\"ListItem\",\"position\":2,\"name\":\"Koszor\u00faz\u00e1si eml\u00e9k\u00fcnnep &#8211; 35 \u00e9ve, 1989-ben a Vasf\u00fcgg\u00f6ny hasad\u00e1sa. (14 szombat,)- 09.2024.\"}]},{\"@type\":\"WebSite\",\"@id\":\"https:\\\/\\\/buod.de\\\/#website\",\"url\":\"https:\\\/\\\/buod.de\\\/\",\"name\":\"BUOD\",\"description\":\"Bund Ungarischer Organisationen in Deutschland\",\"publisher\":{\"@id\":\"https:\\\/\\\/buod.de\\\/#organization\"},\"potentialAction\":[{\"@type\":\"SearchAction\",\"target\":{\"@type\":\"EntryPoint\",\"urlTemplate\":\"https:\\\/\\\/buod.de\\\/?s={search_term_string}\"},\"query-input\":{\"@type\":\"PropertyValueSpecification\",\"valueRequired\":true,\"valueName\":\"search_term_string\"}}],\"inLanguage\":\"de-DE\"},{\"@type\":\"Organization\",\"@id\":\"https:\\\/\\\/buod.de\\\/#organization\",\"name\":\"BUOD\",\"url\":\"https:\\\/\\\/buod.de\\\/\",\"logo\":{\"@type\":\"ImageObject\",\"inLanguage\":\"de-DE\",\"@id\":\"https:\\\/\\\/buod.de\\\/#\\\/schema\\\/logo\\\/image\\\/\",\"url\":\"https:\\\/\\\/buod.de\\\/wp-content\\\/uploads\\\/2024\\\/03\\\/BUOD-logo.png\",\"contentUrl\":\"https:\\\/\\\/buod.de\\\/wp-content\\\/uploads\\\/2024\\\/03\\\/BUOD-logo.png\",\"width\":586,\"height\":490,\"caption\":\"BUOD\"},\"image\":{\"@id\":\"https:\\\/\\\/buod.de\\\/#\\\/schema\\\/logo\\\/image\\\/\"},\"sameAs\":[\"https:\\\/\\\/www.facebook.com\\\/profile.php?id=100082185652397\"]},{\"@type\":\"Person\",\"@id\":\"https:\\\/\\\/buod.de\\\/#\\\/schema\\\/person\\\/8332a3e63b017fea8fcd17e9c0f96bf1\",\"name\":\"Gery V\u00e1rkonyi\",\"image\":{\"@type\":\"ImageObject\",\"inLanguage\":\"de-DE\",\"@id\":\"https:\\\/\\\/secure.gravatar.com\\\/avatar\\\/c1babe7dc68f065be4ec606c522172804715398688c78c6fffca3888b364e934?s=96&d=mm&r=g\",\"url\":\"https:\\\/\\\/secure.gravatar.com\\\/avatar\\\/c1babe7dc68f065be4ec606c522172804715398688c78c6fffca3888b364e934?s=96&d=mm&r=g\",\"contentUrl\":\"https:\\\/\\\/secure.gravatar.com\\\/avatar\\\/c1babe7dc68f065be4ec606c522172804715398688c78c6fffca3888b364e934?s=96&d=mm&r=g\",\"caption\":\"Gery V\u00e1rkonyi\"},\"url\":\"https:\\\/\\\/buod.de\\\/de\\\/author\\\/geryvarkonyi\\\/\"}]}<\/script>\n<!-- \/ Yoast SEO plugin. -->","yoast_head_json":{"title":"Koszor\u00faz\u00e1si eml\u00e9k\u00fcnnep - 35 \u00e9ve, 1989-ben a Vasf\u00fcgg\u00f6ny hasad\u00e1sa. (14 szombat,)- 09.2024. - BUOD","robots":{"index":"index","follow":"follow","max-snippet":"max-snippet:-1","max-image-preview":"max-image-preview:large","max-video-preview":"max-video-preview:-1"},"canonical":"https:\/\/buod.de\/de\/koszoruzasi-emlekunnep-35-eve-1989-ben-a-vasfuggony-hasadasa-14-szombat-09-2024\/","og_locale":"de_DE","og_type":"article","og_title":"Koszor\u00faz\u00e1si eml\u00e9k\u00fcnnep - 35 \u00e9ve, 1989-ben a Vasf\u00fcgg\u00f6ny hasad\u00e1sa. (14 szombat,)- 09.2024. - BUOD","og_description":"11 \u00f2rai \u2014 kezdet. A Magyar Egylet 1886 rendez\u00e9s\u00e9ben, szeptember 14.-\u00e9n szombaton az&nbsp;EUROPA t\u00e9ren,\u2014 a FRIEDENSENGEL szoborn\u00e1l&nbsp;koszor\u00faz\u00e1ssal (35 db bab\u00e9r koszor\u00fa-val) \u00fcnnepelj\u00fck a 35 \u00e9vvel ez el\u0151tti \u201epiknik hat\u00e1rnyit\u00e1st\u201c- ami a Berlini fal lebont\u00e1s\u00e1hoz, a Balti tengert\u0151l az Adri\u00e1ig h\u00faz\u00f3d\u00f3 t\u00f6bbezer kilom\u00e9teres \u201eVASF\u00dcGG\u00d6NY\u201c megnyit\u00e1s\u00e1hoz,\u2014 a t\u00f6bbmilli\u00f3s tapos\u00f3 akna felszed\u00e9s\u00e9hez,\u2014 villamos dr\u00f3tker\u00edt\u00e9sek \u00e9s a Warsoi szerz\u0151d\u00e9s [&hellip;]","og_url":"https:\/\/buod.de\/de\/koszoruzasi-emlekunnep-35-eve-1989-ben-a-vasfuggony-hasadasa-14-szombat-09-2024\/","og_site_name":"BUOD","article_publisher":"https:\/\/www.facebook.com\/profile.php?id=100082185652397","article_published_time":"2024-09-07T09:52:44+00:00","article_modified_time":"2024-09-20T10:01:47+00:00","author":"Gery V\u00e1rkonyi","twitter_card":"summary_large_image","twitter_misc":{"Written by":"Gery V\u00e1rkonyi","Est. reading time":"2 minutes"},"schema":{"@context":"https:\/\/schema.org","@graph":[{"@type":"Article","@id":"https:\/\/buod.de\/koszoruzasi-emlekunnep-35-eve-1989-ben-a-vasfuggony-hasadasa-14-szombat-09-2024\/#article","isPartOf":{"@id":"https:\/\/buod.de\/koszoruzasi-emlekunnep-35-eve-1989-ben-a-vasfuggony-hasadasa-14-szombat-09-2024\/"},"author":{"name":"Gery V\u00e1rkonyi","@id":"https:\/\/buod.de\/#\/schema\/person\/8332a3e63b017fea8fcd17e9c0f96bf1"},"headline":"Koszor\u00faz\u00e1si eml\u00e9k\u00fcnnep &#8211; 35 \u00e9ve, 1989-ben a Vasf\u00fcgg\u00f6ny hasad\u00e1sa. (14 szombat,)- 09.2024.","datePublished":"2024-09-07T09:52:44+00:00","dateModified":"2024-09-20T10:01:47+00:00","mainEntityOfPage":{"@id":"https:\/\/buod.de\/koszoruzasi-emlekunnep-35-eve-1989-ben-a-vasfuggony-hasadasa-14-szombat-09-2024\/"},"wordCount":338,"commentCount":0,"publisher":{"@id":"https:\/\/buod.de\/#organization"},"keywords":["2024"],"articleSection":["H\u00edrek"],"inLanguage":"de-DE","potentialAction":[{"@type":"CommentAction","name":"Comment","target":["https:\/\/buod.de\/koszoruzasi-emlekunnep-35-eve-1989-ben-a-vasfuggony-hasadasa-14-szombat-09-2024\/#respond"]}]},{"@type":"WebPage","@id":"https:\/\/buod.de\/koszoruzasi-emlekunnep-35-eve-1989-ben-a-vasfuggony-hasadasa-14-szombat-09-2024\/","url":"https:\/\/buod.de\/koszoruzasi-emlekunnep-35-eve-1989-ben-a-vasfuggony-hasadasa-14-szombat-09-2024\/","name":"Koszor\u00faz\u00e1si eml\u00e9k\u00fcnnep - 35 \u00e9ve, 1989-ben a Vasf\u00fcgg\u00f6ny hasad\u00e1sa. (14 szombat,)- 09.2024. - BUOD","isPartOf":{"@id":"https:\/\/buod.de\/#website"},"datePublished":"2024-09-07T09:52:44+00:00","dateModified":"2024-09-20T10:01:47+00:00","breadcrumb":{"@id":"https:\/\/buod.de\/koszoruzasi-emlekunnep-35-eve-1989-ben-a-vasfuggony-hasadasa-14-szombat-09-2024\/#breadcrumb"},"inLanguage":"de-DE","potentialAction":[{"@type":"ReadAction","target":["https:\/\/buod.de\/koszoruzasi-emlekunnep-35-eve-1989-ben-a-vasfuggony-hasadasa-14-szombat-09-2024\/"]}]},{"@type":"BreadcrumbList","@id":"https:\/\/buod.de\/koszoruzasi-emlekunnep-35-eve-1989-ben-a-vasfuggony-hasadasa-14-szombat-09-2024\/#breadcrumb","itemListElement":[{"@type":"ListItem","position":1,"name":"Kezd\u0151lap","item":"https:\/\/buod.de\/"},{"@type":"ListItem","position":2,"name":"Koszor\u00faz\u00e1si eml\u00e9k\u00fcnnep &#8211; 35 \u00e9ve, 1989-ben a Vasf\u00fcgg\u00f6ny hasad\u00e1sa. (14 szombat,)- 09.2024."}]},{"@type":"WebSite","@id":"https:\/\/buod.de\/#website","url":"https:\/\/buod.de\/","name":"BUOD","description":"Bund Ungarischer Organisationen in Deutschland","publisher":{"@id":"https:\/\/buod.de\/#organization"},"potentialAction":[{"@type":"SearchAction","target":{"@type":"EntryPoint","urlTemplate":"https:\/\/buod.de\/?s={search_term_string}"},"query-input":{"@type":"PropertyValueSpecification","valueRequired":true,"valueName":"search_term_string"}}],"inLanguage":"de-DE"},{"@type":"Organization","@id":"https:\/\/buod.de\/#organization","name":"BUOD","url":"https:\/\/buod.de\/","logo":{"@type":"ImageObject","inLanguage":"de-DE","@id":"https:\/\/buod.de\/#\/schema\/logo\/image\/","url":"https:\/\/buod.de\/wp-content\/uploads\/2024\/03\/BUOD-logo.png","contentUrl":"https:\/\/buod.de\/wp-content\/uploads\/2024\/03\/BUOD-logo.png","width":586,"height":490,"caption":"BUOD"},"image":{"@id":"https:\/\/buod.de\/#\/schema\/logo\/image\/"},"sameAs":["https:\/\/www.facebook.com\/profile.php?id=100082185652397"]},{"@type":"Person","@id":"https:\/\/buod.de\/#\/schema\/person\/8332a3e63b017fea8fcd17e9c0f96bf1","name":"Gery V\u00e1rkonyi","image":{"@type":"ImageObject","inLanguage":"de-DE","@id":"https:\/\/secure.gravatar.com\/avatar\/c1babe7dc68f065be4ec606c522172804715398688c78c6fffca3888b364e934?s=96&d=mm&r=g","url":"https:\/\/secure.gravatar.com\/avatar\/c1babe7dc68f065be4ec606c522172804715398688c78c6fffca3888b364e934?s=96&d=mm&r=g","contentUrl":"https:\/\/secure.gravatar.com\/avatar\/c1babe7dc68f065be4ec606c522172804715398688c78c6fffca3888b364e934?s=96&d=mm&r=g","caption":"Gery V\u00e1rkonyi"},"url":"https:\/\/buod.de\/de\/author\/geryvarkonyi\/"}]}},"_links":{"self":[{"href":"https:\/\/buod.de\/de\/wp-json\/wp\/v2\/posts\/9006","targetHints":{"allow":["GET"]}}],"collection":[{"href":"https:\/\/buod.de\/de\/wp-json\/wp\/v2\/posts"}],"about":[{"href":"https:\/\/buod.de\/de\/wp-json\/wp\/v2\/types\/post"}],"author":[{"embeddable":true,"href":"https:\/\/buod.de\/de\/wp-json\/wp\/v2\/users\/4"}],"replies":[{"embeddable":true,"href":"https:\/\/buod.de\/de\/wp-json\/wp\/v2\/comments?post=9006"}],"version-history":[{"count":3,"href":"https:\/\/buod.de\/de\/wp-json\/wp\/v2\/posts\/9006\/revisions"}],"predecessor-version":[{"id":9009,"href":"https:\/\/buod.de\/de\/wp-json\/wp\/v2\/posts\/9006\/revisions\/9009"}],"wp:attachment":[{"href":"https:\/\/buod.de\/de\/wp-json\/wp\/v2\/media?parent=9006"}],"wp:term":[{"taxonomy":"category","embeddable":true,"href":"https:\/\/buod.de\/de\/wp-json\/wp\/v2\/categories?post=9006"},{"taxonomy":"post_tag","embeddable":true,"href":"https:\/\/buod.de\/de\/wp-json\/wp\/v2\/tags?post=9006"}],"curies":[{"name":"wp","href":"https:\/\/api.w.org\/{rel}","templated":true}]}}