{"id":9387,"date":"2024-10-11T18:32:42","date_gmt":"2024-10-11T16:32:42","guid":{"rendered":"https:\/\/buod.de\/?p=9387"},"modified":"2024-10-21T18:37:51","modified_gmt":"2024-10-21T16:37:51","slug":"hetvege-bojte-csaba-atyaval","status":"publish","type":"post","link":"https:\/\/buod.de\/de\/hetvege-bojte-csaba-atyaval\/","title":{"rendered":"H\u00e9tv\u00e9ge B\u00f6jte Csaba aty\u00e1val"},"content":{"rendered":"<p>Kedves Listatagok!<\/p>\n\n\n\n<p>Szeretettel k\u00fcld\u00f6m az augsburgi misszi\u00f3 h\u00e9tv\u00e9gi programj\u00e1t \u00e9s az okt\u00f3ber 26-ai Szent Erzs\u00e9bet J\u00f3t\u00e9konys\u00e1gi B\u00e1l plak\u00e1tj\u00e1t.<\/p>\n\n\n\n<p>Okt\u00f3ber 12-\u00e9n Kemptenben, 13-\u00e1n Augsburgban \u00e9s Neu-Ulmban lesz szentmise, valamint dedik\u00e1l\u00e1ssal egybek\u00f6t\u00f6tt k\u00f6nyvbemutat\u00f3 \u00e9s k\u00f6nyvv\u00e1s\u00e1rl\u00e1s B\u00f6jte Csaba aty\u00e1val.<\/p>\n\n\n\n<p>Szeretettel v\u00e1runk benneteket Augsburgba, Neu-Ulmba, vagy \u00e9ppen Kemptenbe!<\/p>\n\n\n\n<p>Misszi\u00f3nk tavaly a k\u00e1rp\u00e1taljai r\u00e1ti gyermekotthonnak, az idei \u00e9vben a D\u00e9vai Szent Ferenc Alap\u00edtv\u00e1ny jav\u00e1ra gy\u0171jt\u00fcnk adom\u00e1nyokat az imm\u00e1r hagyom\u00e1nyosan megrendezett Szent Erzs\u00e9bet b\u00e1lon \u00e9s Adventi v\u00e1s\u00e1ron.<\/p>\n\n\n\n<p>R\u00e9szletes inform\u00e1ci\u00f3t a plak\u00e1ton tal\u00e1ltok!<\/p>\n\n\n\n<p>Szeretettel \u00e9s \u00fcdv\u00f6zlettel:<br>Orcskai Marianna\u00a0<br>\u00d6szt\u00f6nd\u00edjas\u00a0<br>Augsburg\u00a0<\/p>\n\n\n\n<div class=\"wp-block-columns is-layout-flex wp-container-core-columns-is-layout-9d6595d7 wp-block-columns-is-layout-flex\">\n<div class=\"wp-block-column is-layout-flow wp-block-column-is-layout-flow\">\n<figure class=\"wp-block-image size-large\"><img loading=\"lazy\" decoding=\"async\" width=\"711\" height=\"1024\" src=\"https:\/\/buod.de\/wp-content\/uploads\/2024\/10\/IMG-20240916-WA00021-711x1024.jpg\" alt=\"\" class=\"wp-image-9388\" srcset=\"https:\/\/buod.de\/wp-content\/uploads\/2024\/10\/IMG-20240916-WA00021-711x1024.jpg 711w, https:\/\/buod.de\/wp-content\/uploads\/2024\/10\/IMG-20240916-WA00021-208x300.jpg 208w, https:\/\/buod.de\/wp-content\/uploads\/2024\/10\/IMG-20240916-WA00021-768x1106.jpg 768w, https:\/\/buod.de\/wp-content\/uploads\/2024\/10\/IMG-20240916-WA00021-1067x1536.jpg 1067w, https:\/\/buod.de\/wp-content\/uploads\/2024\/10\/IMG-20240916-WA00021-8x12.jpg 8w, https:\/\/buod.de\/wp-content\/uploads\/2024\/10\/IMG-20240916-WA00021.jpg 1111w\" sizes=\"auto, (max-width: 711px) 100vw, 711px\" \/><\/figure>\n<\/div>\n\n\n\n<div class=\"wp-block-column is-layout-flow wp-block-column-is-layout-flow\">\n<figure class=\"wp-block-image size-full\"><img loading=\"lazy\" decoding=\"async\" width=\"616\" height=\"870\" src=\"https:\/\/buod.de\/wp-content\/uploads\/2024\/10\/IMG-20240917-WA0000.jpg\" alt=\"\" class=\"wp-image-9389\" srcset=\"https:\/\/buod.de\/wp-content\/uploads\/2024\/10\/IMG-20240917-WA0000.jpg 616w, https:\/\/buod.de\/wp-content\/uploads\/2024\/10\/IMG-20240917-WA0000-212x300.jpg 212w, https:\/\/buod.de\/wp-content\/uploads\/2024\/10\/IMG-20240917-WA0000-8x12.jpg 8w\" sizes=\"auto, (max-width: 616px) 100vw, 616px\" \/><\/figure>\n<\/div>\n<\/div>","protected":false},"excerpt":{"rendered":"<p>Kedves Listatagok! Szeretettel k\u00fcld\u00f6m az augsburgi misszi\u00f3 h\u00e9tv\u00e9gi programj\u00e1t \u00e9s az okt\u00f3ber 26-ai Szent Erzs\u00e9bet J\u00f3t\u00e9konys\u00e1gi B\u00e1l plak\u00e1tj\u00e1t. Okt\u00f3ber 12-\u00e9n Kemptenben, 13-\u00e1n Augsburgban \u00e9s Neu-Ulmban lesz szentmise, valamint dedik\u00e1l\u00e1ssal egybek\u00f6t\u00f6tt k\u00f6nyvbemutat\u00f3 \u00e9s k\u00f6nyvv\u00e1s\u00e1rl\u00e1s B\u00f6jte Csaba aty\u00e1val. Szeretettel v\u00e1runk benneteket Augsburgba, Neu-Ulmba, vagy \u00e9ppen Kemptenbe! Misszi\u00f3nk tavaly a k\u00e1rp\u00e1taljai r\u00e1ti gyermekotthonnak, az idei \u00e9vben a D\u00e9vai [&hellip;]<\/p>\n","protected":false},"author":4,"featured_media":9388,"comment_status":"open","ping_status":"open","sticky":false,"template":"","format":"standard","meta":{"footnotes":""},"categories":[17],"tags":[22],"class_list":["post-9387","post","type-post","status-publish","format-standard","has-post-thumbnail","hentry","category-hirek","tag-22"],"yoast_head":"<!-- This site is optimized with the Yoast SEO plugin v27.5 - https:\/\/yoast.com\/product\/yoast-seo-wordpress\/ -->\n<title>H\u00e9tv\u00e9ge B\u00f6jte Csaba aty\u00e1val - BUOD<\/title>\n<meta name=\"robots\" content=\"index, follow, max-snippet:-1, max-image-preview:large, max-video-preview:-1\" \/>\n<link rel=\"canonical\" href=\"https:\/\/buod.de\/de\/hetvege-bojte-csaba-atyaval\/\" \/>\n<meta property=\"og:locale\" content=\"de_DE\" \/>\n<meta property=\"og:type\" content=\"article\" \/>\n<meta property=\"og:title\" content=\"H\u00e9tv\u00e9ge B\u00f6jte Csaba aty\u00e1val - BUOD\" \/>\n<meta property=\"og:description\" content=\"Kedves Listatagok! Szeretettel k\u00fcld\u00f6m az augsburgi misszi\u00f3 h\u00e9tv\u00e9gi programj\u00e1t \u00e9s az okt\u00f3ber 26-ai Szent Erzs\u00e9bet J\u00f3t\u00e9konys\u00e1gi B\u00e1l plak\u00e1tj\u00e1t. Okt\u00f3ber 12-\u00e9n Kemptenben, 13-\u00e1n Augsburgban \u00e9s Neu-Ulmban lesz szentmise, valamint dedik\u00e1l\u00e1ssal egybek\u00f6t\u00f6tt k\u00f6nyvbemutat\u00f3 \u00e9s k\u00f6nyvv\u00e1s\u00e1rl\u00e1s B\u00f6jte Csaba aty\u00e1val. Szeretettel v\u00e1runk benneteket Augsburgba, Neu-Ulmba, vagy \u00e9ppen Kemptenbe! Misszi\u00f3nk tavaly a k\u00e1rp\u00e1taljai r\u00e1ti gyermekotthonnak, az idei \u00e9vben a D\u00e9vai [&hellip;]\" \/>\n<meta property=\"og:url\" content=\"https:\/\/buod.de\/de\/hetvege-bojte-csaba-atyaval\/\" \/>\n<meta property=\"og:site_name\" content=\"BUOD\" \/>\n<meta property=\"article:publisher\" content=\"https:\/\/www.facebook.com\/profile.php?id=100082185652397\" \/>\n<meta property=\"article:published_time\" content=\"2024-10-11T16:32:42+00:00\" \/>\n<meta property=\"article:modified_time\" content=\"2024-10-21T16:37:51+00:00\" \/>\n<meta property=\"og:image\" content=\"https:\/\/buod.de\/wp-content\/uploads\/2024\/10\/IMG-20240916-WA00021.jpg\" \/>\n\t<meta property=\"og:image:width\" content=\"1111\" \/>\n\t<meta property=\"og:image:height\" content=\"1600\" \/>\n\t<meta property=\"og:image:type\" content=\"image\/jpeg\" \/>\n<meta name=\"author\" content=\"Gery V\u00e1rkonyi\" \/>\n<meta name=\"twitter:card\" content=\"summary_large_image\" \/>\n<meta name=\"twitter:label1\" content=\"Written by\" \/>\n\t<meta name=\"twitter:data1\" content=\"Gery V\u00e1rkonyi\" \/>\n\t<meta name=\"twitter:label2\" content=\"Est. reading time\" \/>\n\t<meta name=\"twitter:data2\" content=\"1 minute\" \/>\n<script type=\"application\/ld+json\" class=\"yoast-schema-graph\">{\"@context\":\"https:\\\/\\\/schema.org\",\"@graph\":[{\"@type\":\"Article\",\"@id\":\"https:\\\/\\\/buod.de\\\/hetvege-bojte-csaba-atyaval\\\/#article\",\"isPartOf\":{\"@id\":\"https:\\\/\\\/buod.de\\\/hetvege-bojte-csaba-atyaval\\\/\"},\"author\":{\"name\":\"Gery V\u00e1rkonyi\",\"@id\":\"https:\\\/\\\/buod.de\\\/#\\\/schema\\\/person\\\/8332a3e63b017fea8fcd17e9c0f96bf1\"},\"headline\":\"H\u00e9tv\u00e9ge B\u00f6jte Csaba aty\u00e1val\",\"datePublished\":\"2024-10-11T16:32:42+00:00\",\"dateModified\":\"2024-10-21T16:37:51+00:00\",\"mainEntityOfPage\":{\"@id\":\"https:\\\/\\\/buod.de\\\/hetvege-bojte-csaba-atyaval\\\/\"},\"wordCount\":144,\"commentCount\":0,\"publisher\":{\"@id\":\"https:\\\/\\\/buod.de\\\/#organization\"},\"image\":{\"@id\":\"https:\\\/\\\/buod.de\\\/hetvege-bojte-csaba-atyaval\\\/#primaryimage\"},\"thumbnailUrl\":\"https:\\\/\\\/buod.de\\\/wp-content\\\/uploads\\\/2024\\\/10\\\/IMG-20240916-WA00021.jpg\",\"keywords\":[\"2024\"],\"articleSection\":[\"H\u00edrek\"],\"inLanguage\":\"de-DE\",\"potentialAction\":[{\"@type\":\"CommentAction\",\"name\":\"Comment\",\"target\":[\"https:\\\/\\\/buod.de\\\/hetvege-bojte-csaba-atyaval\\\/#respond\"]}]},{\"@type\":\"WebPage\",\"@id\":\"https:\\\/\\\/buod.de\\\/hetvege-bojte-csaba-atyaval\\\/\",\"url\":\"https:\\\/\\\/buod.de\\\/hetvege-bojte-csaba-atyaval\\\/\",\"name\":\"H\u00e9tv\u00e9ge B\u00f6jte Csaba aty\u00e1val - BUOD\",\"isPartOf\":{\"@id\":\"https:\\\/\\\/buod.de\\\/#website\"},\"primaryImageOfPage\":{\"@id\":\"https:\\\/\\\/buod.de\\\/hetvege-bojte-csaba-atyaval\\\/#primaryimage\"},\"image\":{\"@id\":\"https:\\\/\\\/buod.de\\\/hetvege-bojte-csaba-atyaval\\\/#primaryimage\"},\"thumbnailUrl\":\"https:\\\/\\\/buod.de\\\/wp-content\\\/uploads\\\/2024\\\/10\\\/IMG-20240916-WA00021.jpg\",\"datePublished\":\"2024-10-11T16:32:42+00:00\",\"dateModified\":\"2024-10-21T16:37:51+00:00\",\"breadcrumb\":{\"@id\":\"https:\\\/\\\/buod.de\\\/hetvege-bojte-csaba-atyaval\\\/#breadcrumb\"},\"inLanguage\":\"de-DE\",\"potentialAction\":[{\"@type\":\"ReadAction\",\"target\":[\"https:\\\/\\\/buod.de\\\/hetvege-bojte-csaba-atyaval\\\/\"]}]},{\"@type\":\"ImageObject\",\"inLanguage\":\"de-DE\",\"@id\":\"https:\\\/\\\/buod.de\\\/hetvege-bojte-csaba-atyaval\\\/#primaryimage\",\"url\":\"https:\\\/\\\/buod.de\\\/wp-content\\\/uploads\\\/2024\\\/10\\\/IMG-20240916-WA00021.jpg\",\"contentUrl\":\"https:\\\/\\\/buod.de\\\/wp-content\\\/uploads\\\/2024\\\/10\\\/IMG-20240916-WA00021.jpg\",\"width\":1111,\"height\":1600},{\"@type\":\"BreadcrumbList\",\"@id\":\"https:\\\/\\\/buod.de\\\/hetvege-bojte-csaba-atyaval\\\/#breadcrumb\",\"itemListElement\":[{\"@type\":\"ListItem\",\"position\":1,\"name\":\"Kezd\u0151lap\",\"item\":\"https:\\\/\\\/buod.de\\\/\"},{\"@type\":\"ListItem\",\"position\":2,\"name\":\"H\u00e9tv\u00e9ge B\u00f6jte Csaba aty\u00e1val\"}]},{\"@type\":\"WebSite\",\"@id\":\"https:\\\/\\\/buod.de\\\/#website\",\"url\":\"https:\\\/\\\/buod.de\\\/\",\"name\":\"BUOD\",\"description\":\"Bund Ungarischer Organisationen in Deutschland\",\"publisher\":{\"@id\":\"https:\\\/\\\/buod.de\\\/#organization\"},\"potentialAction\":[{\"@type\":\"SearchAction\",\"target\":{\"@type\":\"EntryPoint\",\"urlTemplate\":\"https:\\\/\\\/buod.de\\\/?s={search_term_string}\"},\"query-input\":{\"@type\":\"PropertyValueSpecification\",\"valueRequired\":true,\"valueName\":\"search_term_string\"}}],\"inLanguage\":\"de-DE\"},{\"@type\":\"Organization\",\"@id\":\"https:\\\/\\\/buod.de\\\/#organization\",\"name\":\"BUOD\",\"url\":\"https:\\\/\\\/buod.de\\\/\",\"logo\":{\"@type\":\"ImageObject\",\"inLanguage\":\"de-DE\",\"@id\":\"https:\\\/\\\/buod.de\\\/#\\\/schema\\\/logo\\\/image\\\/\",\"url\":\"https:\\\/\\\/buod.de\\\/wp-content\\\/uploads\\\/2024\\\/03\\\/BUOD-logo.png\",\"contentUrl\":\"https:\\\/\\\/buod.de\\\/wp-content\\\/uploads\\\/2024\\\/03\\\/BUOD-logo.png\",\"width\":586,\"height\":490,\"caption\":\"BUOD\"},\"image\":{\"@id\":\"https:\\\/\\\/buod.de\\\/#\\\/schema\\\/logo\\\/image\\\/\"},\"sameAs\":[\"https:\\\/\\\/www.facebook.com\\\/profile.php?id=100082185652397\"]},{\"@type\":\"Person\",\"@id\":\"https:\\\/\\\/buod.de\\\/#\\\/schema\\\/person\\\/8332a3e63b017fea8fcd17e9c0f96bf1\",\"name\":\"Gery V\u00e1rkonyi\",\"image\":{\"@type\":\"ImageObject\",\"inLanguage\":\"de-DE\",\"@id\":\"https:\\\/\\\/secure.gravatar.com\\\/avatar\\\/c1babe7dc68f065be4ec606c522172804715398688c78c6fffca3888b364e934?s=96&d=mm&r=g\",\"url\":\"https:\\\/\\\/secure.gravatar.com\\\/avatar\\\/c1babe7dc68f065be4ec606c522172804715398688c78c6fffca3888b364e934?s=96&d=mm&r=g\",\"contentUrl\":\"https:\\\/\\\/secure.gravatar.com\\\/avatar\\\/c1babe7dc68f065be4ec606c522172804715398688c78c6fffca3888b364e934?s=96&d=mm&r=g\",\"caption\":\"Gery V\u00e1rkonyi\"},\"url\":\"https:\\\/\\\/buod.de\\\/de\\\/author\\\/geryvarkonyi\\\/\"}]}<\/script>\n<!-- \/ Yoast SEO plugin. -->","yoast_head_json":{"title":"H\u00e9tv\u00e9ge B\u00f6jte Csaba aty\u00e1val - BUOD","robots":{"index":"index","follow":"follow","max-snippet":"max-snippet:-1","max-image-preview":"max-image-preview:large","max-video-preview":"max-video-preview:-1"},"canonical":"https:\/\/buod.de\/de\/hetvege-bojte-csaba-atyaval\/","og_locale":"de_DE","og_type":"article","og_title":"H\u00e9tv\u00e9ge B\u00f6jte Csaba aty\u00e1val - BUOD","og_description":"Kedves Listatagok! Szeretettel k\u00fcld\u00f6m az augsburgi misszi\u00f3 h\u00e9tv\u00e9gi programj\u00e1t \u00e9s az okt\u00f3ber 26-ai Szent Erzs\u00e9bet J\u00f3t\u00e9konys\u00e1gi B\u00e1l plak\u00e1tj\u00e1t. Okt\u00f3ber 12-\u00e9n Kemptenben, 13-\u00e1n Augsburgban \u00e9s Neu-Ulmban lesz szentmise, valamint dedik\u00e1l\u00e1ssal egybek\u00f6t\u00f6tt k\u00f6nyvbemutat\u00f3 \u00e9s k\u00f6nyvv\u00e1s\u00e1rl\u00e1s B\u00f6jte Csaba aty\u00e1val. Szeretettel v\u00e1runk benneteket Augsburgba, Neu-Ulmba, vagy \u00e9ppen Kemptenbe! Misszi\u00f3nk tavaly a k\u00e1rp\u00e1taljai r\u00e1ti gyermekotthonnak, az idei \u00e9vben a D\u00e9vai [&hellip;]","og_url":"https:\/\/buod.de\/de\/hetvege-bojte-csaba-atyaval\/","og_site_name":"BUOD","article_publisher":"https:\/\/www.facebook.com\/profile.php?id=100082185652397","article_published_time":"2024-10-11T16:32:42+00:00","article_modified_time":"2024-10-21T16:37:51+00:00","og_image":[{"width":1111,"height":1600,"url":"https:\/\/buod.de\/wp-content\/uploads\/2024\/10\/IMG-20240916-WA00021.jpg","type":"image\/jpeg"}],"author":"Gery V\u00e1rkonyi","twitter_card":"summary_large_image","twitter_misc":{"Written by":"Gery V\u00e1rkonyi","Est. reading time":"1 minute"},"schema":{"@context":"https:\/\/schema.org","@graph":[{"@type":"Article","@id":"https:\/\/buod.de\/hetvege-bojte-csaba-atyaval\/#article","isPartOf":{"@id":"https:\/\/buod.de\/hetvege-bojte-csaba-atyaval\/"},"author":{"name":"Gery V\u00e1rkonyi","@id":"https:\/\/buod.de\/#\/schema\/person\/8332a3e63b017fea8fcd17e9c0f96bf1"},"headline":"H\u00e9tv\u00e9ge B\u00f6jte Csaba aty\u00e1val","datePublished":"2024-10-11T16:32:42+00:00","dateModified":"2024-10-21T16:37:51+00:00","mainEntityOfPage":{"@id":"https:\/\/buod.de\/hetvege-bojte-csaba-atyaval\/"},"wordCount":144,"commentCount":0,"publisher":{"@id":"https:\/\/buod.de\/#organization"},"image":{"@id":"https:\/\/buod.de\/hetvege-bojte-csaba-atyaval\/#primaryimage"},"thumbnailUrl":"https:\/\/buod.de\/wp-content\/uploads\/2024\/10\/IMG-20240916-WA00021.jpg","keywords":["2024"],"articleSection":["H\u00edrek"],"inLanguage":"de-DE","potentialAction":[{"@type":"CommentAction","name":"Comment","target":["https:\/\/buod.de\/hetvege-bojte-csaba-atyaval\/#respond"]}]},{"@type":"WebPage","@id":"https:\/\/buod.de\/hetvege-bojte-csaba-atyaval\/","url":"https:\/\/buod.de\/hetvege-bojte-csaba-atyaval\/","name":"H\u00e9tv\u00e9ge B\u00f6jte Csaba aty\u00e1val - BUOD","isPartOf":{"@id":"https:\/\/buod.de\/#website"},"primaryImageOfPage":{"@id":"https:\/\/buod.de\/hetvege-bojte-csaba-atyaval\/#primaryimage"},"image":{"@id":"https:\/\/buod.de\/hetvege-bojte-csaba-atyaval\/#primaryimage"},"thumbnailUrl":"https:\/\/buod.de\/wp-content\/uploads\/2024\/10\/IMG-20240916-WA00021.jpg","datePublished":"2024-10-11T16:32:42+00:00","dateModified":"2024-10-21T16:37:51+00:00","breadcrumb":{"@id":"https:\/\/buod.de\/hetvege-bojte-csaba-atyaval\/#breadcrumb"},"inLanguage":"de-DE","potentialAction":[{"@type":"ReadAction","target":["https:\/\/buod.de\/hetvege-bojte-csaba-atyaval\/"]}]},{"@type":"ImageObject","inLanguage":"de-DE","@id":"https:\/\/buod.de\/hetvege-bojte-csaba-atyaval\/#primaryimage","url":"https:\/\/buod.de\/wp-content\/uploads\/2024\/10\/IMG-20240916-WA00021.jpg","contentUrl":"https:\/\/buod.de\/wp-content\/uploads\/2024\/10\/IMG-20240916-WA00021.jpg","width":1111,"height":1600},{"@type":"BreadcrumbList","@id":"https:\/\/buod.de\/hetvege-bojte-csaba-atyaval\/#breadcrumb","itemListElement":[{"@type":"ListItem","position":1,"name":"Kezd\u0151lap","item":"https:\/\/buod.de\/"},{"@type":"ListItem","position":2,"name":"H\u00e9tv\u00e9ge B\u00f6jte Csaba aty\u00e1val"}]},{"@type":"WebSite","@id":"https:\/\/buod.de\/#website","url":"https:\/\/buod.de\/","name":"BUOD","description":"Bund Ungarischer Organisationen in Deutschland","publisher":{"@id":"https:\/\/buod.de\/#organization"},"potentialAction":[{"@type":"SearchAction","target":{"@type":"EntryPoint","urlTemplate":"https:\/\/buod.de\/?s={search_term_string}"},"query-input":{"@type":"PropertyValueSpecification","valueRequired":true,"valueName":"search_term_string"}}],"inLanguage":"de-DE"},{"@type":"Organization","@id":"https:\/\/buod.de\/#organization","name":"BUOD","url":"https:\/\/buod.de\/","logo":{"@type":"ImageObject","inLanguage":"de-DE","@id":"https:\/\/buod.de\/#\/schema\/logo\/image\/","url":"https:\/\/buod.de\/wp-content\/uploads\/2024\/03\/BUOD-logo.png","contentUrl":"https:\/\/buod.de\/wp-content\/uploads\/2024\/03\/BUOD-logo.png","width":586,"height":490,"caption":"BUOD"},"image":{"@id":"https:\/\/buod.de\/#\/schema\/logo\/image\/"},"sameAs":["https:\/\/www.facebook.com\/profile.php?id=100082185652397"]},{"@type":"Person","@id":"https:\/\/buod.de\/#\/schema\/person\/8332a3e63b017fea8fcd17e9c0f96bf1","name":"Gery V\u00e1rkonyi","image":{"@type":"ImageObject","inLanguage":"de-DE","@id":"https:\/\/secure.gravatar.com\/avatar\/c1babe7dc68f065be4ec606c522172804715398688c78c6fffca3888b364e934?s=96&d=mm&r=g","url":"https:\/\/secure.gravatar.com\/avatar\/c1babe7dc68f065be4ec606c522172804715398688c78c6fffca3888b364e934?s=96&d=mm&r=g","contentUrl":"https:\/\/secure.gravatar.com\/avatar\/c1babe7dc68f065be4ec606c522172804715398688c78c6fffca3888b364e934?s=96&d=mm&r=g","caption":"Gery V\u00e1rkonyi"},"url":"https:\/\/buod.de\/de\/author\/geryvarkonyi\/"}]}},"_links":{"self":[{"href":"https:\/\/buod.de\/de\/wp-json\/wp\/v2\/posts\/9387","targetHints":{"allow":["GET"]}}],"collection":[{"href":"https:\/\/buod.de\/de\/wp-json\/wp\/v2\/posts"}],"about":[{"href":"https:\/\/buod.de\/de\/wp-json\/wp\/v2\/types\/post"}],"author":[{"embeddable":true,"href":"https:\/\/buod.de\/de\/wp-json\/wp\/v2\/users\/4"}],"replies":[{"embeddable":true,"href":"https:\/\/buod.de\/de\/wp-json\/wp\/v2\/comments?post=9387"}],"version-history":[{"count":1,"href":"https:\/\/buod.de\/de\/wp-json\/wp\/v2\/posts\/9387\/revisions"}],"predecessor-version":[{"id":9391,"href":"https:\/\/buod.de\/de\/wp-json\/wp\/v2\/posts\/9387\/revisions\/9391"}],"wp:featuredmedia":[{"embeddable":true,"href":"https:\/\/buod.de\/de\/wp-json\/wp\/v2\/media\/9388"}],"wp:attachment":[{"href":"https:\/\/buod.de\/de\/wp-json\/wp\/v2\/media?parent=9387"}],"wp:term":[{"taxonomy":"category","embeddable":true,"href":"https:\/\/buod.de\/de\/wp-json\/wp\/v2\/categories?post=9387"},{"taxonomy":"post_tag","embeddable":true,"href":"https:\/\/buod.de\/de\/wp-json\/wp\/v2\/tags?post=9387"}],"curies":[{"name":"wp","href":"https:\/\/api.w.org\/{rel}","templated":true}]}}