{"id":9392,"date":"2024-10-11T18:54:16","date_gmt":"2024-10-11T16:54:16","guid":{"rendered":"https:\/\/buod.de\/?p=9392"},"modified":"2024-10-21T18:55:30","modified_gmt":"2024-10-21T16:55:30","slug":"szechenyi-kor-meghivo-oktober-2","status":"publish","type":"post","link":"https:\/\/buod.de\/de\/szechenyi-kor-meghivo-oktober-2\/","title":{"rendered":"Sz\u00e9chenyi k\u00f6r megh\u00edv\u00f3 &#8211; okt\u00f3ber"},"content":{"rendered":"<p>Figyelem: a honlapon kor\u00e1bban k\u00f6z\u00f6lt el\u00f6ad\u00e1s helyett a megh\u00edvott<br>v\u00e1ratlan megbeteged\u00e9se miatt az al\u00e1bbi el\u00f6ad\u00e1sra ker\u00fcl sor:<br>Iv\u00e1nfi \u00c1d\u00e1m: Mi\u00e9rt ignor\u00e1l(hat)ja az indogerm\u00e1n nyelv\u00e9szet a magyar<br>nyelvi kapcsolatokat?<\/p>\n\n\n\n<figure class=\"wp-block-image size-large\"><img loading=\"lazy\" decoding=\"async\" width=\"724\" height=\"1024\" src=\"https:\/\/buod.de\/wp-content\/uploads\/2024\/10\/Indogerman-Meghivo-formatalt-724x1024.jpg\" alt=\"\" class=\"wp-image-9393\" srcset=\"https:\/\/buod.de\/wp-content\/uploads\/2024\/10\/Indogerman-Meghivo-formatalt-724x1024.jpg 724w, https:\/\/buod.de\/wp-content\/uploads\/2024\/10\/Indogerman-Meghivo-formatalt-212x300.jpg 212w, https:\/\/buod.de\/wp-content\/uploads\/2024\/10\/Indogerman-Meghivo-formatalt-768x1087.jpg 768w, https:\/\/buod.de\/wp-content\/uploads\/2024\/10\/Indogerman-Meghivo-formatalt-1086x1536.jpg 1086w, https:\/\/buod.de\/wp-content\/uploads\/2024\/10\/Indogerman-Meghivo-formatalt-1447x2048.jpg 1447w, https:\/\/buod.de\/wp-content\/uploads\/2024\/10\/Indogerman-Meghivo-formatalt-8x12.jpg 8w, https:\/\/buod.de\/wp-content\/uploads\/2024\/10\/Indogerman-Meghivo-formatalt.jpg 1653w\" sizes=\"auto, (max-width: 724px) 100vw, 724px\" \/><\/figure>","protected":false},"excerpt":{"rendered":"<p>Figyelem: a honlapon kor\u00e1bban k\u00f6z\u00f6lt el\u00f6ad\u00e1s helyett a megh\u00edvottv\u00e1ratlan megbeteged\u00e9se miatt az al\u00e1bbi el\u00f6ad\u00e1sra ker\u00fcl sor:Iv\u00e1nfi \u00c1d\u00e1m: Mi\u00e9rt ignor\u00e1l(hat)ja az indogerm\u00e1n nyelv\u00e9szet a magyarnyelvi kapcsolatokat?<\/p>","protected":false},"author":4,"featured_media":9393,"comment_status":"open","ping_status":"open","sticky":false,"template":"","format":"standard","meta":{"footnotes":""},"categories":[17],"tags":[22],"class_list":["post-9392","post","type-post","status-publish","format-standard","has-post-thumbnail","hentry","category-hirek","tag-22"],"yoast_head":"<!-- This site is optimized with the Yoast SEO plugin v27.5 - https:\/\/yoast.com\/product\/yoast-seo-wordpress\/ -->\n<title>Sz\u00e9chenyi k\u00f6r megh\u00edv\u00f3 - okt\u00f3ber - BUOD<\/title>\n<meta name=\"robots\" content=\"index, follow, max-snippet:-1, max-image-preview:large, max-video-preview:-1\" \/>\n<link rel=\"canonical\" href=\"https:\/\/buod.de\/de\/szechenyi-kor-meghivo-oktober-2\/\" \/>\n<meta property=\"og:locale\" content=\"de_DE\" \/>\n<meta property=\"og:type\" content=\"article\" \/>\n<meta property=\"og:title\" content=\"Sz\u00e9chenyi k\u00f6r megh\u00edv\u00f3 - okt\u00f3ber - BUOD\" \/>\n<meta property=\"og:description\" content=\"Figyelem: a honlapon kor\u00e1bban k\u00f6z\u00f6lt el\u00f6ad\u00e1s helyett a megh\u00edvottv\u00e1ratlan megbeteged\u00e9se miatt az al\u00e1bbi el\u00f6ad\u00e1sra ker\u00fcl sor:Iv\u00e1nfi \u00c1d\u00e1m: Mi\u00e9rt ignor\u00e1l(hat)ja az indogerm\u00e1n nyelv\u00e9szet a magyarnyelvi kapcsolatokat?\" \/>\n<meta property=\"og:url\" content=\"https:\/\/buod.de\/de\/szechenyi-kor-meghivo-oktober-2\/\" \/>\n<meta property=\"og:site_name\" content=\"BUOD\" \/>\n<meta property=\"article:publisher\" content=\"https:\/\/www.facebook.com\/profile.php?id=100082185652397\" \/>\n<meta property=\"article:published_time\" content=\"2024-10-11T16:54:16+00:00\" \/>\n<meta property=\"article:modified_time\" content=\"2024-10-21T16:55:30+00:00\" \/>\n<meta property=\"og:image\" content=\"https:\/\/buod.de\/wp-content\/uploads\/2024\/10\/Indogerman-Meghivo-formatalt.jpg\" \/>\n\t<meta property=\"og:image:width\" content=\"1653\" \/>\n\t<meta property=\"og:image:height\" content=\"2339\" \/>\n\t<meta property=\"og:image:type\" content=\"image\/jpeg\" \/>\n<meta name=\"author\" content=\"Gery V\u00e1rkonyi\" \/>\n<meta name=\"twitter:card\" content=\"summary_large_image\" \/>\n<meta name=\"twitter:label1\" content=\"Written by\" \/>\n\t<meta name=\"twitter:data1\" content=\"Gery V\u00e1rkonyi\" \/>\n<script type=\"application\/ld+json\" class=\"yoast-schema-graph\">{\"@context\":\"https:\\\/\\\/schema.org\",\"@graph\":[{\"@type\":\"Article\",\"@id\":\"https:\\\/\\\/buod.de\\\/szechenyi-kor-meghivo-oktober-2\\\/#article\",\"isPartOf\":{\"@id\":\"https:\\\/\\\/buod.de\\\/szechenyi-kor-meghivo-oktober-2\\\/\"},\"author\":{\"name\":\"Gery V\u00e1rkonyi\",\"@id\":\"https:\\\/\\\/buod.de\\\/#\\\/schema\\\/person\\\/8332a3e63b017fea8fcd17e9c0f96bf1\"},\"headline\":\"Sz\u00e9chenyi k\u00f6r megh\u00edv\u00f3 &#8211; okt\u00f3ber\",\"datePublished\":\"2024-10-11T16:54:16+00:00\",\"dateModified\":\"2024-10-21T16:55:30+00:00\",\"mainEntityOfPage\":{\"@id\":\"https:\\\/\\\/buod.de\\\/szechenyi-kor-meghivo-oktober-2\\\/\"},\"wordCount\":55,\"commentCount\":0,\"publisher\":{\"@id\":\"https:\\\/\\\/buod.de\\\/#organization\"},\"image\":{\"@id\":\"https:\\\/\\\/buod.de\\\/szechenyi-kor-meghivo-oktober-2\\\/#primaryimage\"},\"thumbnailUrl\":\"https:\\\/\\\/buod.de\\\/wp-content\\\/uploads\\\/2024\\\/10\\\/Indogerman-Meghivo-formatalt.jpg\",\"keywords\":[\"2024\"],\"articleSection\":[\"H\u00edrek\"],\"inLanguage\":\"de-DE\",\"potentialAction\":[{\"@type\":\"CommentAction\",\"name\":\"Comment\",\"target\":[\"https:\\\/\\\/buod.de\\\/szechenyi-kor-meghivo-oktober-2\\\/#respond\"]}]},{\"@type\":\"WebPage\",\"@id\":\"https:\\\/\\\/buod.de\\\/szechenyi-kor-meghivo-oktober-2\\\/\",\"url\":\"https:\\\/\\\/buod.de\\\/szechenyi-kor-meghivo-oktober-2\\\/\",\"name\":\"Sz\u00e9chenyi k\u00f6r megh\u00edv\u00f3 - okt\u00f3ber - BUOD\",\"isPartOf\":{\"@id\":\"https:\\\/\\\/buod.de\\\/#website\"},\"primaryImageOfPage\":{\"@id\":\"https:\\\/\\\/buod.de\\\/szechenyi-kor-meghivo-oktober-2\\\/#primaryimage\"},\"image\":{\"@id\":\"https:\\\/\\\/buod.de\\\/szechenyi-kor-meghivo-oktober-2\\\/#primaryimage\"},\"thumbnailUrl\":\"https:\\\/\\\/buod.de\\\/wp-content\\\/uploads\\\/2024\\\/10\\\/Indogerman-Meghivo-formatalt.jpg\",\"datePublished\":\"2024-10-11T16:54:16+00:00\",\"dateModified\":\"2024-10-21T16:55:30+00:00\",\"breadcrumb\":{\"@id\":\"https:\\\/\\\/buod.de\\\/szechenyi-kor-meghivo-oktober-2\\\/#breadcrumb\"},\"inLanguage\":\"de-DE\",\"potentialAction\":[{\"@type\":\"ReadAction\",\"target\":[\"https:\\\/\\\/buod.de\\\/szechenyi-kor-meghivo-oktober-2\\\/\"]}]},{\"@type\":\"ImageObject\",\"inLanguage\":\"de-DE\",\"@id\":\"https:\\\/\\\/buod.de\\\/szechenyi-kor-meghivo-oktober-2\\\/#primaryimage\",\"url\":\"https:\\\/\\\/buod.de\\\/wp-content\\\/uploads\\\/2024\\\/10\\\/Indogerman-Meghivo-formatalt.jpg\",\"contentUrl\":\"https:\\\/\\\/buod.de\\\/wp-content\\\/uploads\\\/2024\\\/10\\\/Indogerman-Meghivo-formatalt.jpg\",\"width\":1653,\"height\":2339},{\"@type\":\"BreadcrumbList\",\"@id\":\"https:\\\/\\\/buod.de\\\/szechenyi-kor-meghivo-oktober-2\\\/#breadcrumb\",\"itemListElement\":[{\"@type\":\"ListItem\",\"position\":1,\"name\":\"Kezd\u0151lap\",\"item\":\"https:\\\/\\\/buod.de\\\/\"},{\"@type\":\"ListItem\",\"position\":2,\"name\":\"Sz\u00e9chenyi k\u00f6r megh\u00edv\u00f3 &#8211; okt\u00f3ber\"}]},{\"@type\":\"WebSite\",\"@id\":\"https:\\\/\\\/buod.de\\\/#website\",\"url\":\"https:\\\/\\\/buod.de\\\/\",\"name\":\"BUOD\",\"description\":\"Bund Ungarischer Organisationen in Deutschland\",\"publisher\":{\"@id\":\"https:\\\/\\\/buod.de\\\/#organization\"},\"potentialAction\":[{\"@type\":\"SearchAction\",\"target\":{\"@type\":\"EntryPoint\",\"urlTemplate\":\"https:\\\/\\\/buod.de\\\/?s={search_term_string}\"},\"query-input\":{\"@type\":\"PropertyValueSpecification\",\"valueRequired\":true,\"valueName\":\"search_term_string\"}}],\"inLanguage\":\"de-DE\"},{\"@type\":\"Organization\",\"@id\":\"https:\\\/\\\/buod.de\\\/#organization\",\"name\":\"BUOD\",\"url\":\"https:\\\/\\\/buod.de\\\/\",\"logo\":{\"@type\":\"ImageObject\",\"inLanguage\":\"de-DE\",\"@id\":\"https:\\\/\\\/buod.de\\\/#\\\/schema\\\/logo\\\/image\\\/\",\"url\":\"https:\\\/\\\/buod.de\\\/wp-content\\\/uploads\\\/2024\\\/03\\\/BUOD-logo.png\",\"contentUrl\":\"https:\\\/\\\/buod.de\\\/wp-content\\\/uploads\\\/2024\\\/03\\\/BUOD-logo.png\",\"width\":586,\"height\":490,\"caption\":\"BUOD\"},\"image\":{\"@id\":\"https:\\\/\\\/buod.de\\\/#\\\/schema\\\/logo\\\/image\\\/\"},\"sameAs\":[\"https:\\\/\\\/www.facebook.com\\\/profile.php?id=100082185652397\"]},{\"@type\":\"Person\",\"@id\":\"https:\\\/\\\/buod.de\\\/#\\\/schema\\\/person\\\/8332a3e63b017fea8fcd17e9c0f96bf1\",\"name\":\"Gery V\u00e1rkonyi\",\"image\":{\"@type\":\"ImageObject\",\"inLanguage\":\"de-DE\",\"@id\":\"https:\\\/\\\/secure.gravatar.com\\\/avatar\\\/c1babe7dc68f065be4ec606c522172804715398688c78c6fffca3888b364e934?s=96&d=mm&r=g\",\"url\":\"https:\\\/\\\/secure.gravatar.com\\\/avatar\\\/c1babe7dc68f065be4ec606c522172804715398688c78c6fffca3888b364e934?s=96&d=mm&r=g\",\"contentUrl\":\"https:\\\/\\\/secure.gravatar.com\\\/avatar\\\/c1babe7dc68f065be4ec606c522172804715398688c78c6fffca3888b364e934?s=96&d=mm&r=g\",\"caption\":\"Gery V\u00e1rkonyi\"},\"url\":\"https:\\\/\\\/buod.de\\\/de\\\/author\\\/geryvarkonyi\\\/\"}]}<\/script>\n<!-- \/ Yoast SEO plugin. -->","yoast_head_json":{"title":"Sz\u00e9chenyi k\u00f6r megh\u00edv\u00f3 - okt\u00f3ber - BUOD","robots":{"index":"index","follow":"follow","max-snippet":"max-snippet:-1","max-image-preview":"max-image-preview:large","max-video-preview":"max-video-preview:-1"},"canonical":"https:\/\/buod.de\/de\/szechenyi-kor-meghivo-oktober-2\/","og_locale":"de_DE","og_type":"article","og_title":"Sz\u00e9chenyi k\u00f6r megh\u00edv\u00f3 - okt\u00f3ber - BUOD","og_description":"Figyelem: a honlapon kor\u00e1bban k\u00f6z\u00f6lt el\u00f6ad\u00e1s helyett a megh\u00edvottv\u00e1ratlan megbeteged\u00e9se miatt az al\u00e1bbi el\u00f6ad\u00e1sra ker\u00fcl sor:Iv\u00e1nfi \u00c1d\u00e1m: Mi\u00e9rt ignor\u00e1l(hat)ja az indogerm\u00e1n nyelv\u00e9szet a magyarnyelvi kapcsolatokat?","og_url":"https:\/\/buod.de\/de\/szechenyi-kor-meghivo-oktober-2\/","og_site_name":"BUOD","article_publisher":"https:\/\/www.facebook.com\/profile.php?id=100082185652397","article_published_time":"2024-10-11T16:54:16+00:00","article_modified_time":"2024-10-21T16:55:30+00:00","og_image":[{"width":1653,"height":2339,"url":"https:\/\/buod.de\/wp-content\/uploads\/2024\/10\/Indogerman-Meghivo-formatalt.jpg","type":"image\/jpeg"}],"author":"Gery V\u00e1rkonyi","twitter_card":"summary_large_image","twitter_misc":{"Written by":"Gery V\u00e1rkonyi"},"schema":{"@context":"https:\/\/schema.org","@graph":[{"@type":"Article","@id":"https:\/\/buod.de\/szechenyi-kor-meghivo-oktober-2\/#article","isPartOf":{"@id":"https:\/\/buod.de\/szechenyi-kor-meghivo-oktober-2\/"},"author":{"name":"Gery V\u00e1rkonyi","@id":"https:\/\/buod.de\/#\/schema\/person\/8332a3e63b017fea8fcd17e9c0f96bf1"},"headline":"Sz\u00e9chenyi k\u00f6r megh\u00edv\u00f3 &#8211; okt\u00f3ber","datePublished":"2024-10-11T16:54:16+00:00","dateModified":"2024-10-21T16:55:30+00:00","mainEntityOfPage":{"@id":"https:\/\/buod.de\/szechenyi-kor-meghivo-oktober-2\/"},"wordCount":55,"commentCount":0,"publisher":{"@id":"https:\/\/buod.de\/#organization"},"image":{"@id":"https:\/\/buod.de\/szechenyi-kor-meghivo-oktober-2\/#primaryimage"},"thumbnailUrl":"https:\/\/buod.de\/wp-content\/uploads\/2024\/10\/Indogerman-Meghivo-formatalt.jpg","keywords":["2024"],"articleSection":["H\u00edrek"],"inLanguage":"de-DE","potentialAction":[{"@type":"CommentAction","name":"Comment","target":["https:\/\/buod.de\/szechenyi-kor-meghivo-oktober-2\/#respond"]}]},{"@type":"WebPage","@id":"https:\/\/buod.de\/szechenyi-kor-meghivo-oktober-2\/","url":"https:\/\/buod.de\/szechenyi-kor-meghivo-oktober-2\/","name":"Sz\u00e9chenyi k\u00f6r megh\u00edv\u00f3 - okt\u00f3ber - BUOD","isPartOf":{"@id":"https:\/\/buod.de\/#website"},"primaryImageOfPage":{"@id":"https:\/\/buod.de\/szechenyi-kor-meghivo-oktober-2\/#primaryimage"},"image":{"@id":"https:\/\/buod.de\/szechenyi-kor-meghivo-oktober-2\/#primaryimage"},"thumbnailUrl":"https:\/\/buod.de\/wp-content\/uploads\/2024\/10\/Indogerman-Meghivo-formatalt.jpg","datePublished":"2024-10-11T16:54:16+00:00","dateModified":"2024-10-21T16:55:30+00:00","breadcrumb":{"@id":"https:\/\/buod.de\/szechenyi-kor-meghivo-oktober-2\/#breadcrumb"},"inLanguage":"de-DE","potentialAction":[{"@type":"ReadAction","target":["https:\/\/buod.de\/szechenyi-kor-meghivo-oktober-2\/"]}]},{"@type":"ImageObject","inLanguage":"de-DE","@id":"https:\/\/buod.de\/szechenyi-kor-meghivo-oktober-2\/#primaryimage","url":"https:\/\/buod.de\/wp-content\/uploads\/2024\/10\/Indogerman-Meghivo-formatalt.jpg","contentUrl":"https:\/\/buod.de\/wp-content\/uploads\/2024\/10\/Indogerman-Meghivo-formatalt.jpg","width":1653,"height":2339},{"@type":"BreadcrumbList","@id":"https:\/\/buod.de\/szechenyi-kor-meghivo-oktober-2\/#breadcrumb","itemListElement":[{"@type":"ListItem","position":1,"name":"Kezd\u0151lap","item":"https:\/\/buod.de\/"},{"@type":"ListItem","position":2,"name":"Sz\u00e9chenyi k\u00f6r megh\u00edv\u00f3 &#8211; okt\u00f3ber"}]},{"@type":"WebSite","@id":"https:\/\/buod.de\/#website","url":"https:\/\/buod.de\/","name":"BUOD","description":"Bund Ungarischer Organisationen in Deutschland","publisher":{"@id":"https:\/\/buod.de\/#organization"},"potentialAction":[{"@type":"SearchAction","target":{"@type":"EntryPoint","urlTemplate":"https:\/\/buod.de\/?s={search_term_string}"},"query-input":{"@type":"PropertyValueSpecification","valueRequired":true,"valueName":"search_term_string"}}],"inLanguage":"de-DE"},{"@type":"Organization","@id":"https:\/\/buod.de\/#organization","name":"BUOD","url":"https:\/\/buod.de\/","logo":{"@type":"ImageObject","inLanguage":"de-DE","@id":"https:\/\/buod.de\/#\/schema\/logo\/image\/","url":"https:\/\/buod.de\/wp-content\/uploads\/2024\/03\/BUOD-logo.png","contentUrl":"https:\/\/buod.de\/wp-content\/uploads\/2024\/03\/BUOD-logo.png","width":586,"height":490,"caption":"BUOD"},"image":{"@id":"https:\/\/buod.de\/#\/schema\/logo\/image\/"},"sameAs":["https:\/\/www.facebook.com\/profile.php?id=100082185652397"]},{"@type":"Person","@id":"https:\/\/buod.de\/#\/schema\/person\/8332a3e63b017fea8fcd17e9c0f96bf1","name":"Gery V\u00e1rkonyi","image":{"@type":"ImageObject","inLanguage":"de-DE","@id":"https:\/\/secure.gravatar.com\/avatar\/c1babe7dc68f065be4ec606c522172804715398688c78c6fffca3888b364e934?s=96&d=mm&r=g","url":"https:\/\/secure.gravatar.com\/avatar\/c1babe7dc68f065be4ec606c522172804715398688c78c6fffca3888b364e934?s=96&d=mm&r=g","contentUrl":"https:\/\/secure.gravatar.com\/avatar\/c1babe7dc68f065be4ec606c522172804715398688c78c6fffca3888b364e934?s=96&d=mm&r=g","caption":"Gery V\u00e1rkonyi"},"url":"https:\/\/buod.de\/de\/author\/geryvarkonyi\/"}]}},"_links":{"self":[{"href":"https:\/\/buod.de\/de\/wp-json\/wp\/v2\/posts\/9392","targetHints":{"allow":["GET"]}}],"collection":[{"href":"https:\/\/buod.de\/de\/wp-json\/wp\/v2\/posts"}],"about":[{"href":"https:\/\/buod.de\/de\/wp-json\/wp\/v2\/types\/post"}],"author":[{"embeddable":true,"href":"https:\/\/buod.de\/de\/wp-json\/wp\/v2\/users\/4"}],"replies":[{"embeddable":true,"href":"https:\/\/buod.de\/de\/wp-json\/wp\/v2\/comments?post=9392"}],"version-history":[{"count":1,"href":"https:\/\/buod.de\/de\/wp-json\/wp\/v2\/posts\/9392\/revisions"}],"predecessor-version":[{"id":9394,"href":"https:\/\/buod.de\/de\/wp-json\/wp\/v2\/posts\/9392\/revisions\/9394"}],"wp:featuredmedia":[{"embeddable":true,"href":"https:\/\/buod.de\/de\/wp-json\/wp\/v2\/media\/9393"}],"wp:attachment":[{"href":"https:\/\/buod.de\/de\/wp-json\/wp\/v2\/media?parent=9392"}],"wp:term":[{"taxonomy":"category","embeddable":true,"href":"https:\/\/buod.de\/de\/wp-json\/wp\/v2\/categories?post=9392"},{"taxonomy":"post_tag","embeddable":true,"href":"https:\/\/buod.de\/de\/wp-json\/wp\/v2\/tags?post=9392"}],"curies":[{"name":"wp","href":"https:\/\/api.w.org\/{rel}","templated":true}]}}