{"id":9403,"date":"2024-10-18T19:04:22","date_gmt":"2024-10-18T17:04:22","guid":{"rendered":"https:\/\/buod.de\/?p=9403"},"modified":"2024-10-21T19:06:14","modified_gmt":"2024-10-21T17:06:14","slug":"oktober-6-ai-megemlekezes-grof-leiningen-westerburg-karoly-szulovarosaban","status":"publish","type":"post","link":"https:\/\/buod.de\/de\/oktober-6-ai-megemlekezes-grof-leiningen-westerburg-karoly-szulovarosaban\/","title":{"rendered":"Okt\u00f3ber 6-ai megeml\u00e9kez\u00e9s gr\u00f3f Leiningen-Westerburg K\u00e1roly sz\u00fcl\u0151v\u00e1ros\u00e1ban"},"content":{"rendered":"<p>K\u00e9r\u00e9sre tov\u00e1bb\u00edtom Kaporn\u00e1ky Veronika besz\u00e1mol\u00f3j\u00e1t a Niddatal-Ilbenstadt-i megeml\u00e9kez\u00e9sesr\u0151l.<\/p>\n\n\n\n<p>######<\/p>\n\n\n\n<p>Kedves Mindenki!<\/p>\n\n\n\n<p>Okt\u00f3ber 6-\u00e1n Niddatal-Ilbenstadtban, gr\u00f3f Leiningen-Westerburg K\u00e1roly sz\u00fcl\u0151v\u00e1ros\u00e1ban eml\u00e9kezt\u00fcnk meg az aradi v\u00e9rtan\u00fakr\u00f3l.<\/p>\n\n\n\n<p>A megeml\u00e9kez\u00e9s a bazilik\u00e1ban vette kezdet\u00e9t, ahol a helyi n\u00e9met k\u00f6z\u00f6ss\u00e9g szentmis\u00e9j\u00e9n vett\u00fcnk r\u00e9szt. Itt Bel\u00e9nyesi J\u00f3zsef katolikus pl\u00e9b\u00e1nos mondott szentbesz\u00e9det, melynek elej\u00e9n sz\u00f3t ejtett az 1848-49-es szabads\u00e1gharc jelent\u0151s\u00e9g\u00e9r\u0151l \u00e9s az aradi tizenh\u00e1romr\u00f3l.<\/p>\n\n\n\n<p>Ezt k\u00f6vet\u0151en a megjelentek ann\u00e1l az eml\u00e9kt\u00e1bl\u00e1n\u00e1l gy\u0171ltek \u00f6ssze, amelyet a BUOD 25 \u00e9vvel kor\u00e1bban, gr\u00f3f Leiningen-Westerburg K\u00e1roly tisztelet\u00e9re, annak sz\u00fcl\u0151h\u00e1z\u00e1n helyezett el. Itt Bat\u00e1ri Zolt\u00e1n reform\u00e1tus lelk\u00e9sz sz\u00f3lt a h\u00edvekhez, amit az eml\u00e9kt\u00e1bla megkoszor\u00faz\u00e1sa k\u00f6vetett.<\/p>\n\n\n\n<p>A k\u00e9s\u0151bbiekben dr. Klement Korn\u00e9l a N\u00e9metorsz\u00e1gi Magyar Szervezetek Sz\u00f6vets\u00e9g\u00e9nek (BUOD) eln\u00f6ke tartott el\u0151ad\u00e1st okt\u00f3ber 6-a jelent\u0151s\u00e9g\u00e9r\u0151l. Az el\u0151ad\u00e1s legelej\u00e9n az egybegy\u0171ltek k\u00f6z\u00f6sen el\u00e9nekelt\u00e9k a Klapka-indul\u00f3t, z\u00e1r\u00e1sk\u00e9nt pedig a Sz\u00e9kely himnuszt.<\/p>\n\n\n\n<p>Dr. Klement Korn\u00e9l szavaib\u00f3l megtudhattuk, hogy gr\u00f3f Leiningen-Westerburg K\u00e1roly feles\u00e9ge r\u00e9v\u00e9n ker\u00fclt kapcsolatba a magyarokkal, \u00e9s hogy nem \u0151 az egyetlen aradi v\u00e9rtan\u00fa, aki annak ellen\u00e9re, hogy nem magyar sz\u00e1rmaz\u00e1s\u00fa volt, m\u00e9gis egy magyar \u00fcgy\u00e9rt \u00e1ldozta az \u00e9let\u00e9t. Tov\u00e1bbi \u00e9rdekess\u00e9g, hogy a gr\u00f3f k\u00e9t testv\u00e9re is harcolt a forradalomban, de az ellens\u00e9ges oldalon. \u00c9rdemes azt is tudnunk, hogy b\u00e1r gr\u00f3f Leiningen-Westerburg K\u00e1roly sz\u00e1rmaz\u00e1sa r\u00e9v\u00e9n k\u00e9rhetett volna kegyelmet, ezt m\u00e9gsem tette meg: tartotta szav\u00e1t \u00e9s a v\u00e9gs\u0151kig ki\u00e1llt a szabads\u00e1gharc \u00fcgye mellett.<\/p>\n\n\n\n<p>Kapornaky Veronika, KCSP \u00f6szt\u00f6nd\u00edjas<\/p>\n\n\n\n<figure class=\"wp-block-image size-large\"><img loading=\"lazy\" decoding=\"async\" width=\"1024\" height=\"683\" src=\"https:\/\/buod.de\/wp-content\/uploads\/2024\/10\/IMG_1119b-1024x683.jpg\" alt=\"\" class=\"wp-image-9405\" srcset=\"https:\/\/buod.de\/wp-content\/uploads\/2024\/10\/IMG_1119b-1024x683.jpg 1024w, https:\/\/buod.de\/wp-content\/uploads\/2024\/10\/IMG_1119b-300x200.jpg 300w, https:\/\/buod.de\/wp-content\/uploads\/2024\/10\/IMG_1119b-768x512.jpg 768w, https:\/\/buod.de\/wp-content\/uploads\/2024\/10\/IMG_1119b-1536x1024.jpg 1536w, https:\/\/buod.de\/wp-content\/uploads\/2024\/10\/IMG_1119b-2048x1365.jpg 2048w, https:\/\/buod.de\/wp-content\/uploads\/2024\/10\/IMG_1119b-18x12.jpg 18w\" sizes=\"auto, (max-width: 1024px) 100vw, 1024px\" \/><\/figure>\n\n\n\n<figure class=\"wp-block-image size-large\"><img loading=\"lazy\" decoding=\"async\" width=\"683\" height=\"1024\" src=\"https:\/\/buod.de\/wp-content\/uploads\/2024\/10\/IMG_1136b-683x1024.jpg\" alt=\"\" class=\"wp-image-9404\" srcset=\"https:\/\/buod.de\/wp-content\/uploads\/2024\/10\/IMG_1136b-683x1024.jpg 683w, https:\/\/buod.de\/wp-content\/uploads\/2024\/10\/IMG_1136b-200x300.jpg 200w, https:\/\/buod.de\/wp-content\/uploads\/2024\/10\/IMG_1136b-768x1152.jpg 768w, https:\/\/buod.de\/wp-content\/uploads\/2024\/10\/IMG_1136b-1024x1536.jpg 1024w, https:\/\/buod.de\/wp-content\/uploads\/2024\/10\/IMG_1136b-1365x2048.jpg 1365w, https:\/\/buod.de\/wp-content\/uploads\/2024\/10\/IMG_1136b-8x12.jpg 8w, https:\/\/buod.de\/wp-content\/uploads\/2024\/10\/IMG_1136b-scaled.jpg 1707w\" sizes=\"auto, (max-width: 683px) 100vw, 683px\" \/><\/figure>","protected":false},"excerpt":{"rendered":"<p>K\u00e9r\u00e9sre tov\u00e1bb\u00edtom Kaporn\u00e1ky Veronika besz\u00e1mol\u00f3j\u00e1t a Niddatal-Ilbenstadt-i megeml\u00e9kez\u00e9sesr\u0151l. ###### Kedves Mindenki! Okt\u00f3ber 6-\u00e1n Niddatal-Ilbenstadtban, gr\u00f3f Leiningen-Westerburg K\u00e1roly sz\u00fcl\u0151v\u00e1ros\u00e1ban eml\u00e9kezt\u00fcnk meg az aradi v\u00e9rtan\u00fakr\u00f3l. A megeml\u00e9kez\u00e9s a bazilik\u00e1ban vette kezdet\u00e9t, ahol a helyi n\u00e9met k\u00f6z\u00f6ss\u00e9g szentmis\u00e9j\u00e9n vett\u00fcnk r\u00e9szt. Itt Bel\u00e9nyesi J\u00f3zsef katolikus pl\u00e9b\u00e1nos mondott szentbesz\u00e9det, melynek elej\u00e9n sz\u00f3t ejtett az 1848-49-es szabads\u00e1gharc jelent\u0151s\u00e9g\u00e9r\u0151l \u00e9s az aradi [&hellip;]<\/p>\n","protected":false},"author":4,"featured_media":9405,"comment_status":"open","ping_status":"open","sticky":false,"template":"","format":"standard","meta":{"footnotes":""},"categories":[17],"tags":[22],"class_list":["post-9403","post","type-post","status-publish","format-standard","has-post-thumbnail","hentry","category-hirek","tag-22"],"yoast_head":"<!-- This site is optimized with the Yoast SEO plugin v27.5 - https:\/\/yoast.com\/product\/yoast-seo-wordpress\/ -->\n<title>Okt\u00f3ber 6-ai megeml\u00e9kez\u00e9s gr\u00f3f Leiningen-Westerburg K\u00e1roly sz\u00fcl\u0151v\u00e1ros\u00e1ban - BUOD<\/title>\n<meta name=\"robots\" content=\"index, follow, max-snippet:-1, max-image-preview:large, max-video-preview:-1\" \/>\n<link rel=\"canonical\" href=\"https:\/\/buod.de\/de\/oktober-6-ai-megemlekezes-grof-leiningen-westerburg-karoly-szulovarosaban\/\" \/>\n<meta property=\"og:locale\" content=\"de_DE\" \/>\n<meta property=\"og:type\" content=\"article\" \/>\n<meta property=\"og:title\" content=\"Okt\u00f3ber 6-ai megeml\u00e9kez\u00e9s gr\u00f3f Leiningen-Westerburg K\u00e1roly sz\u00fcl\u0151v\u00e1ros\u00e1ban - BUOD\" \/>\n<meta property=\"og:description\" content=\"K\u00e9r\u00e9sre tov\u00e1bb\u00edtom Kaporn\u00e1ky Veronika besz\u00e1mol\u00f3j\u00e1t a Niddatal-Ilbenstadt-i megeml\u00e9kez\u00e9sesr\u0151l. ###### Kedves Mindenki! Okt\u00f3ber 6-\u00e1n Niddatal-Ilbenstadtban, gr\u00f3f Leiningen-Westerburg K\u00e1roly sz\u00fcl\u0151v\u00e1ros\u00e1ban eml\u00e9kezt\u00fcnk meg az aradi v\u00e9rtan\u00fakr\u00f3l. A megeml\u00e9kez\u00e9s a bazilik\u00e1ban vette kezdet\u00e9t, ahol a helyi n\u00e9met k\u00f6z\u00f6ss\u00e9g szentmis\u00e9j\u00e9n vett\u00fcnk r\u00e9szt. Itt Bel\u00e9nyesi J\u00f3zsef katolikus pl\u00e9b\u00e1nos mondott szentbesz\u00e9det, melynek elej\u00e9n sz\u00f3t ejtett az 1848-49-es szabads\u00e1gharc jelent\u0151s\u00e9g\u00e9r\u0151l \u00e9s az aradi [&hellip;]\" \/>\n<meta property=\"og:url\" content=\"https:\/\/buod.de\/de\/oktober-6-ai-megemlekezes-grof-leiningen-westerburg-karoly-szulovarosaban\/\" \/>\n<meta property=\"og:site_name\" content=\"BUOD\" \/>\n<meta property=\"article:publisher\" content=\"https:\/\/www.facebook.com\/profile.php?id=100082185652397\" \/>\n<meta property=\"article:published_time\" content=\"2024-10-18T17:04:22+00:00\" \/>\n<meta property=\"article:modified_time\" content=\"2024-10-21T17:06:14+00:00\" \/>\n<meta property=\"og:image\" content=\"https:\/\/buod.de\/wp-content\/uploads\/2024\/10\/IMG_1119b-scaled.jpg\" \/>\n\t<meta property=\"og:image:width\" content=\"2560\" \/>\n\t<meta property=\"og:image:height\" content=\"1707\" \/>\n\t<meta property=\"og:image:type\" content=\"image\/jpeg\" \/>\n<meta name=\"author\" content=\"Gery V\u00e1rkonyi\" \/>\n<meta name=\"twitter:card\" content=\"summary_large_image\" \/>\n<meta name=\"twitter:label1\" content=\"Written by\" \/>\n\t<meta name=\"twitter:data1\" content=\"Gery V\u00e1rkonyi\" \/>\n\t<meta name=\"twitter:label2\" content=\"Est. reading time\" \/>\n\t<meta name=\"twitter:data2\" content=\"2 minutes\" \/>\n<script type=\"application\/ld+json\" class=\"yoast-schema-graph\">{\"@context\":\"https:\\\/\\\/schema.org\",\"@graph\":[{\"@type\":\"Article\",\"@id\":\"https:\\\/\\\/buod.de\\\/oktober-6-ai-megemlekezes-grof-leiningen-westerburg-karoly-szulovarosaban\\\/#article\",\"isPartOf\":{\"@id\":\"https:\\\/\\\/buod.de\\\/oktober-6-ai-megemlekezes-grof-leiningen-westerburg-karoly-szulovarosaban\\\/\"},\"author\":{\"name\":\"Gery V\u00e1rkonyi\",\"@id\":\"https:\\\/\\\/buod.de\\\/#\\\/schema\\\/person\\\/8332a3e63b017fea8fcd17e9c0f96bf1\"},\"headline\":\"Okt\u00f3ber 6-ai megeml\u00e9kez\u00e9s gr\u00f3f Leiningen-Westerburg K\u00e1roly sz\u00fcl\u0151v\u00e1ros\u00e1ban\",\"datePublished\":\"2024-10-18T17:04:22+00:00\",\"dateModified\":\"2024-10-21T17:06:14+00:00\",\"mainEntityOfPage\":{\"@id\":\"https:\\\/\\\/buod.de\\\/oktober-6-ai-megemlekezes-grof-leiningen-westerburg-karoly-szulovarosaban\\\/\"},\"wordCount\":365,\"commentCount\":0,\"publisher\":{\"@id\":\"https:\\\/\\\/buod.de\\\/#organization\"},\"image\":{\"@id\":\"https:\\\/\\\/buod.de\\\/oktober-6-ai-megemlekezes-grof-leiningen-westerburg-karoly-szulovarosaban\\\/#primaryimage\"},\"thumbnailUrl\":\"https:\\\/\\\/buod.de\\\/wp-content\\\/uploads\\\/2024\\\/10\\\/IMG_1119b-scaled.jpg\",\"keywords\":[\"2024\"],\"articleSection\":[\"H\u00edrek\"],\"inLanguage\":\"de-DE\",\"potentialAction\":[{\"@type\":\"CommentAction\",\"name\":\"Comment\",\"target\":[\"https:\\\/\\\/buod.de\\\/oktober-6-ai-megemlekezes-grof-leiningen-westerburg-karoly-szulovarosaban\\\/#respond\"]}]},{\"@type\":\"WebPage\",\"@id\":\"https:\\\/\\\/buod.de\\\/oktober-6-ai-megemlekezes-grof-leiningen-westerburg-karoly-szulovarosaban\\\/\",\"url\":\"https:\\\/\\\/buod.de\\\/oktober-6-ai-megemlekezes-grof-leiningen-westerburg-karoly-szulovarosaban\\\/\",\"name\":\"Okt\u00f3ber 6-ai megeml\u00e9kez\u00e9s gr\u00f3f Leiningen-Westerburg K\u00e1roly sz\u00fcl\u0151v\u00e1ros\u00e1ban - BUOD\",\"isPartOf\":{\"@id\":\"https:\\\/\\\/buod.de\\\/#website\"},\"primaryImageOfPage\":{\"@id\":\"https:\\\/\\\/buod.de\\\/oktober-6-ai-megemlekezes-grof-leiningen-westerburg-karoly-szulovarosaban\\\/#primaryimage\"},\"image\":{\"@id\":\"https:\\\/\\\/buod.de\\\/oktober-6-ai-megemlekezes-grof-leiningen-westerburg-karoly-szulovarosaban\\\/#primaryimage\"},\"thumbnailUrl\":\"https:\\\/\\\/buod.de\\\/wp-content\\\/uploads\\\/2024\\\/10\\\/IMG_1119b-scaled.jpg\",\"datePublished\":\"2024-10-18T17:04:22+00:00\",\"dateModified\":\"2024-10-21T17:06:14+00:00\",\"breadcrumb\":{\"@id\":\"https:\\\/\\\/buod.de\\\/oktober-6-ai-megemlekezes-grof-leiningen-westerburg-karoly-szulovarosaban\\\/#breadcrumb\"},\"inLanguage\":\"de-DE\",\"potentialAction\":[{\"@type\":\"ReadAction\",\"target\":[\"https:\\\/\\\/buod.de\\\/oktober-6-ai-megemlekezes-grof-leiningen-westerburg-karoly-szulovarosaban\\\/\"]}]},{\"@type\":\"ImageObject\",\"inLanguage\":\"de-DE\",\"@id\":\"https:\\\/\\\/buod.de\\\/oktober-6-ai-megemlekezes-grof-leiningen-westerburg-karoly-szulovarosaban\\\/#primaryimage\",\"url\":\"https:\\\/\\\/buod.de\\\/wp-content\\\/uploads\\\/2024\\\/10\\\/IMG_1119b-scaled.jpg\",\"contentUrl\":\"https:\\\/\\\/buod.de\\\/wp-content\\\/uploads\\\/2024\\\/10\\\/IMG_1119b-scaled.jpg\",\"width\":2560,\"height\":1707},{\"@type\":\"BreadcrumbList\",\"@id\":\"https:\\\/\\\/buod.de\\\/oktober-6-ai-megemlekezes-grof-leiningen-westerburg-karoly-szulovarosaban\\\/#breadcrumb\",\"itemListElement\":[{\"@type\":\"ListItem\",\"position\":1,\"name\":\"Kezd\u0151lap\",\"item\":\"https:\\\/\\\/buod.de\\\/\"},{\"@type\":\"ListItem\",\"position\":2,\"name\":\"Okt\u00f3ber 6-ai megeml\u00e9kez\u00e9s gr\u00f3f Leiningen-Westerburg K\u00e1roly sz\u00fcl\u0151v\u00e1ros\u00e1ban\"}]},{\"@type\":\"WebSite\",\"@id\":\"https:\\\/\\\/buod.de\\\/#website\",\"url\":\"https:\\\/\\\/buod.de\\\/\",\"name\":\"BUOD\",\"description\":\"Bund Ungarischer Organisationen in Deutschland\",\"publisher\":{\"@id\":\"https:\\\/\\\/buod.de\\\/#organization\"},\"potentialAction\":[{\"@type\":\"SearchAction\",\"target\":{\"@type\":\"EntryPoint\",\"urlTemplate\":\"https:\\\/\\\/buod.de\\\/?s={search_term_string}\"},\"query-input\":{\"@type\":\"PropertyValueSpecification\",\"valueRequired\":true,\"valueName\":\"search_term_string\"}}],\"inLanguage\":\"de-DE\"},{\"@type\":\"Organization\",\"@id\":\"https:\\\/\\\/buod.de\\\/#organization\",\"name\":\"BUOD\",\"url\":\"https:\\\/\\\/buod.de\\\/\",\"logo\":{\"@type\":\"ImageObject\",\"inLanguage\":\"de-DE\",\"@id\":\"https:\\\/\\\/buod.de\\\/#\\\/schema\\\/logo\\\/image\\\/\",\"url\":\"https:\\\/\\\/buod.de\\\/wp-content\\\/uploads\\\/2024\\\/03\\\/BUOD-logo.png\",\"contentUrl\":\"https:\\\/\\\/buod.de\\\/wp-content\\\/uploads\\\/2024\\\/03\\\/BUOD-logo.png\",\"width\":586,\"height\":490,\"caption\":\"BUOD\"},\"image\":{\"@id\":\"https:\\\/\\\/buod.de\\\/#\\\/schema\\\/logo\\\/image\\\/\"},\"sameAs\":[\"https:\\\/\\\/www.facebook.com\\\/profile.php?id=100082185652397\"]},{\"@type\":\"Person\",\"@id\":\"https:\\\/\\\/buod.de\\\/#\\\/schema\\\/person\\\/8332a3e63b017fea8fcd17e9c0f96bf1\",\"name\":\"Gery V\u00e1rkonyi\",\"image\":{\"@type\":\"ImageObject\",\"inLanguage\":\"de-DE\",\"@id\":\"https:\\\/\\\/secure.gravatar.com\\\/avatar\\\/c1babe7dc68f065be4ec606c522172804715398688c78c6fffca3888b364e934?s=96&d=mm&r=g\",\"url\":\"https:\\\/\\\/secure.gravatar.com\\\/avatar\\\/c1babe7dc68f065be4ec606c522172804715398688c78c6fffca3888b364e934?s=96&d=mm&r=g\",\"contentUrl\":\"https:\\\/\\\/secure.gravatar.com\\\/avatar\\\/c1babe7dc68f065be4ec606c522172804715398688c78c6fffca3888b364e934?s=96&d=mm&r=g\",\"caption\":\"Gery V\u00e1rkonyi\"},\"url\":\"https:\\\/\\\/buod.de\\\/de\\\/author\\\/geryvarkonyi\\\/\"}]}<\/script>\n<!-- \/ Yoast SEO plugin. -->","yoast_head_json":{"title":"Okt\u00f3ber 6-ai megeml\u00e9kez\u00e9s gr\u00f3f Leiningen-Westerburg K\u00e1roly sz\u00fcl\u0151v\u00e1ros\u00e1ban - BUOD","robots":{"index":"index","follow":"follow","max-snippet":"max-snippet:-1","max-image-preview":"max-image-preview:large","max-video-preview":"max-video-preview:-1"},"canonical":"https:\/\/buod.de\/de\/oktober-6-ai-megemlekezes-grof-leiningen-westerburg-karoly-szulovarosaban\/","og_locale":"de_DE","og_type":"article","og_title":"Okt\u00f3ber 6-ai megeml\u00e9kez\u00e9s gr\u00f3f Leiningen-Westerburg K\u00e1roly sz\u00fcl\u0151v\u00e1ros\u00e1ban - BUOD","og_description":"K\u00e9r\u00e9sre tov\u00e1bb\u00edtom Kaporn\u00e1ky Veronika besz\u00e1mol\u00f3j\u00e1t a Niddatal-Ilbenstadt-i megeml\u00e9kez\u00e9sesr\u0151l. ###### Kedves Mindenki! Okt\u00f3ber 6-\u00e1n Niddatal-Ilbenstadtban, gr\u00f3f Leiningen-Westerburg K\u00e1roly sz\u00fcl\u0151v\u00e1ros\u00e1ban eml\u00e9kezt\u00fcnk meg az aradi v\u00e9rtan\u00fakr\u00f3l. A megeml\u00e9kez\u00e9s a bazilik\u00e1ban vette kezdet\u00e9t, ahol a helyi n\u00e9met k\u00f6z\u00f6ss\u00e9g szentmis\u00e9j\u00e9n vett\u00fcnk r\u00e9szt. Itt Bel\u00e9nyesi J\u00f3zsef katolikus pl\u00e9b\u00e1nos mondott szentbesz\u00e9det, melynek elej\u00e9n sz\u00f3t ejtett az 1848-49-es szabads\u00e1gharc jelent\u0151s\u00e9g\u00e9r\u0151l \u00e9s az aradi [&hellip;]","og_url":"https:\/\/buod.de\/de\/oktober-6-ai-megemlekezes-grof-leiningen-westerburg-karoly-szulovarosaban\/","og_site_name":"BUOD","article_publisher":"https:\/\/www.facebook.com\/profile.php?id=100082185652397","article_published_time":"2024-10-18T17:04:22+00:00","article_modified_time":"2024-10-21T17:06:14+00:00","og_image":[{"width":2560,"height":1707,"url":"https:\/\/buod.de\/wp-content\/uploads\/2024\/10\/IMG_1119b-scaled.jpg","type":"image\/jpeg"}],"author":"Gery V\u00e1rkonyi","twitter_card":"summary_large_image","twitter_misc":{"Written by":"Gery V\u00e1rkonyi","Est. reading time":"2 minutes"},"schema":{"@context":"https:\/\/schema.org","@graph":[{"@type":"Article","@id":"https:\/\/buod.de\/oktober-6-ai-megemlekezes-grof-leiningen-westerburg-karoly-szulovarosaban\/#article","isPartOf":{"@id":"https:\/\/buod.de\/oktober-6-ai-megemlekezes-grof-leiningen-westerburg-karoly-szulovarosaban\/"},"author":{"name":"Gery V\u00e1rkonyi","@id":"https:\/\/buod.de\/#\/schema\/person\/8332a3e63b017fea8fcd17e9c0f96bf1"},"headline":"Okt\u00f3ber 6-ai megeml\u00e9kez\u00e9s gr\u00f3f Leiningen-Westerburg K\u00e1roly sz\u00fcl\u0151v\u00e1ros\u00e1ban","datePublished":"2024-10-18T17:04:22+00:00","dateModified":"2024-10-21T17:06:14+00:00","mainEntityOfPage":{"@id":"https:\/\/buod.de\/oktober-6-ai-megemlekezes-grof-leiningen-westerburg-karoly-szulovarosaban\/"},"wordCount":365,"commentCount":0,"publisher":{"@id":"https:\/\/buod.de\/#organization"},"image":{"@id":"https:\/\/buod.de\/oktober-6-ai-megemlekezes-grof-leiningen-westerburg-karoly-szulovarosaban\/#primaryimage"},"thumbnailUrl":"https:\/\/buod.de\/wp-content\/uploads\/2024\/10\/IMG_1119b-scaled.jpg","keywords":["2024"],"articleSection":["H\u00edrek"],"inLanguage":"de-DE","potentialAction":[{"@type":"CommentAction","name":"Comment","target":["https:\/\/buod.de\/oktober-6-ai-megemlekezes-grof-leiningen-westerburg-karoly-szulovarosaban\/#respond"]}]},{"@type":"WebPage","@id":"https:\/\/buod.de\/oktober-6-ai-megemlekezes-grof-leiningen-westerburg-karoly-szulovarosaban\/","url":"https:\/\/buod.de\/oktober-6-ai-megemlekezes-grof-leiningen-westerburg-karoly-szulovarosaban\/","name":"Okt\u00f3ber 6-ai megeml\u00e9kez\u00e9s gr\u00f3f Leiningen-Westerburg K\u00e1roly sz\u00fcl\u0151v\u00e1ros\u00e1ban - BUOD","isPartOf":{"@id":"https:\/\/buod.de\/#website"},"primaryImageOfPage":{"@id":"https:\/\/buod.de\/oktober-6-ai-megemlekezes-grof-leiningen-westerburg-karoly-szulovarosaban\/#primaryimage"},"image":{"@id":"https:\/\/buod.de\/oktober-6-ai-megemlekezes-grof-leiningen-westerburg-karoly-szulovarosaban\/#primaryimage"},"thumbnailUrl":"https:\/\/buod.de\/wp-content\/uploads\/2024\/10\/IMG_1119b-scaled.jpg","datePublished":"2024-10-18T17:04:22+00:00","dateModified":"2024-10-21T17:06:14+00:00","breadcrumb":{"@id":"https:\/\/buod.de\/oktober-6-ai-megemlekezes-grof-leiningen-westerburg-karoly-szulovarosaban\/#breadcrumb"},"inLanguage":"de-DE","potentialAction":[{"@type":"ReadAction","target":["https:\/\/buod.de\/oktober-6-ai-megemlekezes-grof-leiningen-westerburg-karoly-szulovarosaban\/"]}]},{"@type":"ImageObject","inLanguage":"de-DE","@id":"https:\/\/buod.de\/oktober-6-ai-megemlekezes-grof-leiningen-westerburg-karoly-szulovarosaban\/#primaryimage","url":"https:\/\/buod.de\/wp-content\/uploads\/2024\/10\/IMG_1119b-scaled.jpg","contentUrl":"https:\/\/buod.de\/wp-content\/uploads\/2024\/10\/IMG_1119b-scaled.jpg","width":2560,"height":1707},{"@type":"BreadcrumbList","@id":"https:\/\/buod.de\/oktober-6-ai-megemlekezes-grof-leiningen-westerburg-karoly-szulovarosaban\/#breadcrumb","itemListElement":[{"@type":"ListItem","position":1,"name":"Kezd\u0151lap","item":"https:\/\/buod.de\/"},{"@type":"ListItem","position":2,"name":"Okt\u00f3ber 6-ai megeml\u00e9kez\u00e9s gr\u00f3f Leiningen-Westerburg K\u00e1roly sz\u00fcl\u0151v\u00e1ros\u00e1ban"}]},{"@type":"WebSite","@id":"https:\/\/buod.de\/#website","url":"https:\/\/buod.de\/","name":"BUOD","description":"Bund Ungarischer Organisationen in Deutschland","publisher":{"@id":"https:\/\/buod.de\/#organization"},"potentialAction":[{"@type":"SearchAction","target":{"@type":"EntryPoint","urlTemplate":"https:\/\/buod.de\/?s={search_term_string}"},"query-input":{"@type":"PropertyValueSpecification","valueRequired":true,"valueName":"search_term_string"}}],"inLanguage":"de-DE"},{"@type":"Organization","@id":"https:\/\/buod.de\/#organization","name":"BUOD","url":"https:\/\/buod.de\/","logo":{"@type":"ImageObject","inLanguage":"de-DE","@id":"https:\/\/buod.de\/#\/schema\/logo\/image\/","url":"https:\/\/buod.de\/wp-content\/uploads\/2024\/03\/BUOD-logo.png","contentUrl":"https:\/\/buod.de\/wp-content\/uploads\/2024\/03\/BUOD-logo.png","width":586,"height":490,"caption":"BUOD"},"image":{"@id":"https:\/\/buod.de\/#\/schema\/logo\/image\/"},"sameAs":["https:\/\/www.facebook.com\/profile.php?id=100082185652397"]},{"@type":"Person","@id":"https:\/\/buod.de\/#\/schema\/person\/8332a3e63b017fea8fcd17e9c0f96bf1","name":"Gery V\u00e1rkonyi","image":{"@type":"ImageObject","inLanguage":"de-DE","@id":"https:\/\/secure.gravatar.com\/avatar\/c1babe7dc68f065be4ec606c522172804715398688c78c6fffca3888b364e934?s=96&d=mm&r=g","url":"https:\/\/secure.gravatar.com\/avatar\/c1babe7dc68f065be4ec606c522172804715398688c78c6fffca3888b364e934?s=96&d=mm&r=g","contentUrl":"https:\/\/secure.gravatar.com\/avatar\/c1babe7dc68f065be4ec606c522172804715398688c78c6fffca3888b364e934?s=96&d=mm&r=g","caption":"Gery V\u00e1rkonyi"},"url":"https:\/\/buod.de\/de\/author\/geryvarkonyi\/"}]}},"_links":{"self":[{"href":"https:\/\/buod.de\/de\/wp-json\/wp\/v2\/posts\/9403","targetHints":{"allow":["GET"]}}],"collection":[{"href":"https:\/\/buod.de\/de\/wp-json\/wp\/v2\/posts"}],"about":[{"href":"https:\/\/buod.de\/de\/wp-json\/wp\/v2\/types\/post"}],"author":[{"embeddable":true,"href":"https:\/\/buod.de\/de\/wp-json\/wp\/v2\/users\/4"}],"replies":[{"embeddable":true,"href":"https:\/\/buod.de\/de\/wp-json\/wp\/v2\/comments?post=9403"}],"version-history":[{"count":1,"href":"https:\/\/buod.de\/de\/wp-json\/wp\/v2\/posts\/9403\/revisions"}],"predecessor-version":[{"id":9406,"href":"https:\/\/buod.de\/de\/wp-json\/wp\/v2\/posts\/9403\/revisions\/9406"}],"wp:featuredmedia":[{"embeddable":true,"href":"https:\/\/buod.de\/de\/wp-json\/wp\/v2\/media\/9405"}],"wp:attachment":[{"href":"https:\/\/buod.de\/de\/wp-json\/wp\/v2\/media?parent=9403"}],"wp:term":[{"taxonomy":"category","embeddable":true,"href":"https:\/\/buod.de\/de\/wp-json\/wp\/v2\/categories?post=9403"},{"taxonomy":"post_tag","embeddable":true,"href":"https:\/\/buod.de\/de\/wp-json\/wp\/v2\/tags?post=9403"}],"curies":[{"name":"wp","href":"https:\/\/api.w.org\/{rel}","templated":true}]}}