{"id":9463,"date":"2024-10-23T15:26:00","date_gmt":"2024-10-23T13:26:00","guid":{"rendered":"https:\/\/buod.de\/?p=9463"},"modified":"2024-11-06T15:29:05","modified_gmt":"2024-11-06T13:29:05","slug":"5-1-film-amit-lathatunk-oktober-23-an","status":"publish","type":"post","link":"https:\/\/buod.de\/de\/5-1-film-amit-lathatunk-oktober-23-an\/","title":{"rendered":"5 +1 film, amit l\u00e1thatunk okt\u00f3ber 23-\u00e1n"},"content":{"rendered":"<h2 class=\"wp-block-heading\"><strong>Id\u00e9n is tematikus m\u0171sorfolyammal tiszteleg 1956 h\u0151sei el\u0151tt a k\u00f6zm\u00e9dia. Az \u00fcnnepi m\u0171sork\u00edn\u00e1lat r\u00e9szek\u00e9nt l\u00e1that\u00f3 t\u00f6bbek k\u00f6z\u00f6tt V\u00e1rkonyi Zolt\u00e1n 1956-ban k\u00e9sz\u00fclt filmje, a Keser\u0171 igazs\u00e1g, Berem\u00e9nyi G\u00e9za Szabads\u00e1g t\u00e9r 56 c\u00edm\u0171 t\u00e9v\u00e9filmje, Goda Krisztina els\u00f6pr\u0151 erej\u0171, Szabads\u00e1g, szerelem c\u00edm\u0171 alkot\u00e1sa \u00e9s levet\u00edtik az 56\/Z-t is, amelyb\u0151l kider\u00fcl, hogy mit gondol Magyarorsz\u00e1gon a Z gener\u00e1ci\u00f3 1956-r\u00f3l.<\/strong><\/h2>\n\n\n\n<p><a target=\"_blank\" href=\"https:\/\/magyarnemzet.hu\/szerzo\/magyar-nemzet-2\" rel=\"noreferrer noopener\">Magyar Nemzet<\/a><\/p>\n\n\n\n<p>2024. 10. 23. 6:30<\/p>\n\n\n\n<p><img decoding=\"async\" src=\"https:\/\/cdn.magyarnemzet.hu\/2024\/10\/cRO3ezU72rBMctyt1bM_CnrXX8s6uNbh_b8nWAtzasg\/fill\/1347\/758\/no\/1\/aHR0cHM6Ly9jbXNjZG4uYXBwLmNvbnRlbnQucHJpdmF0ZS9jb250ZW50L2EwNjA4OTBjNjc4NjQwN2I4NDgxMDM3MGUzZDQ3ODEx.jpg\" alt=\"\">Keser\u0171 igazs\u00e1g&nbsp;Forr\u00e1s: NFI<\/p>\n\n\n\n<p><img decoding=\"async\" src=\"https:\/\/magyarnemzet.hu\/assets\/images\/icons\/mail-opinion.svg\" alt=\"V\u00e9lem\u00e9nyh\u00edrlev\u00e9l\"><strong>Jobban mondva &#8211; heti v\u00e9lem\u00e9nyh\u00edrlev\u00e9l &#8211;<\/strong>&nbsp;ahol a h\u00e9t kiemelt t\u00e9m\u00e1ihoz f\u0171z\u00f6tt szem\u00e9lyes gondolatok \u00f6ssze\u00e9rnek, r\u00e9szletek&nbsp;<a target=\"_blank\" href=\"https:\/\/magyarnemzet.hu\/velemeny\/2024\/03\/kivancsi-a-velemenyunkre-iratkozzon-fel-uj-hirlevelunkre\" rel=\"noreferrer noopener\">itt.<\/a><\/p>\n\n\n\n<p>Feliratkozom a h\u00edrlev\u00e9lre<\/p>\n\n\n\n<ol class=\"wp-block-list\">\n<li><strong>Keser\u0171 igazs\u00e1g (M5, 19.00)<\/strong><\/li>\n<\/ol>\n\n\n\n<p>V\u00e1rkonyi Zolt\u00e1n 1956-ban k\u00e9sz\u00fclt filmje harminc \u00e9vig pihent dobozban, csak 1986 \u0151sz\u00e9n ker\u00fclt a moziba. A hatalom f\u00e9lt ett\u0151l a t\u00e9nyfelt\u00e1r\u00f3, a val\u00f3s\u00e1gban megt\u00f6rt\u00e9nt esem\u00e9ny j\u00e1t\u00e9kfilmes feldolgoz\u00e1s\u00e1t\u00f3l.&nbsp;<\/p>\n\n\n\n<p>Az 1950-es \u00e9vek k\u00f6zep\u00e9n j\u00e1runk. Sztank\u00f3 J\u00e1nos (<a target=\"_blank\" href=\"https:\/\/hu.wikipedia.org\/wiki\/Bessenyei_Ferenc_(sz%C3%ADnm%C5%B1v%C3%A9sz)\" rel=\"noreferrer noopener\">Bessenyei Ferenc<\/a>) egy mez\u0151gazdas\u00e1gi \u00fczemeket \u00e9p\u00edt\u0151 v\u00e1llalat frissen kinevezett igazgat\u00f3ja, j\u00f3 elvt\u00e1rs, fut vele a szek\u00e9r. Alkalmazza volt \u00e9vfolyamt\u00e1rs\u00e1t, Pal\u00f3czot (G\u00e1bor Mikl\u00f3s), aki most szabadult a b\u00f6rt\u00f6nb\u0151l. Sztank\u00f3, aki mag\u00e1n\u00e9leti probl\u00e9m\u00e1kkal k\u00fczd \u2013 szeret\u0151t tart \u2013 megr\u00e9szeg\u00fclt a hirtelen j\u00f6tt sikert\u0151l \u00e9s hatalomt\u00f3l, er\u0151ltetett munkatemp\u00f3t dikt\u00e1l. Ez\u00e9rt nem hajland\u00f3 figyelembe venni Pal\u00f3cz figyelmeztet\u00e9s\u00e9t a sil\u00f3 megrepedt fal\u00e1r\u00f3l, aminek tragikus k\u00f6vetkezm\u00e9nyei lesznek. Sztank\u00f3 azonban nem akar rossz d\u00f6nt\u00e9s\u00e9\u00e9rt felelni, ez\u00e9rt a politikai okokb\u00f3l m\u00e1r am\u00fagy is b\u00f6rt\u00f6nben \u00fclt Pal\u00f3czra pr\u00f3b\u00e1lja h\u00e1r\u00edtani a felel\u0151ss\u00e9get.<\/p>\n\n\n\n<p>Keser\u0171 igazs\u00e1g<br>magyar filmdr\u00e1ma, 90 perc, 1956<br>rendez\u0151: V\u00e1rkonyi Zolt\u00e1n<br>forgat\u00f3k\u00f6nyv\u00edr\u00f3: K\u00f6vesi Endre, V\u00e1rkonyi Zolt\u00e1n, N\u00e1dasy L\u00e1szl\u00f3<\/p>\n\n\n\n<figure class=\"wp-block-embed is-type-video is-provider-youtube wp-block-embed-youtube wp-embed-aspect-4-3 wp-has-aspect-ratio\"><div class=\"wp-block-embed__wrapper\">\n<iframe loading=\"lazy\" title=\"Keser\u0171 igazs\u00e1g (V\u00e1rkonyi Zolt\u00e1n, 1956, r\u00e9szlet)\" width=\"500\" height=\"375\" src=\"https:\/\/www.youtube.com\/embed\/eKRK7tfTzEg?feature=oembed\" frameborder=\"0\" allow=\"accelerometer; autoplay; clipboard-write; encrypted-media; gyroscope; picture-in-picture; web-share\" referrerpolicy=\"strict-origin-when-cross-origin\" allowfullscreen><\/iframe>\n<\/div><\/figure>\n\n\n\n<p><strong>2. Szabads\u00e1g t\u00e9r 56 (Duna, 15.05)<\/strong><\/p>\n\n\n\n<p>1956. okt\u00f3ber 23. \u00e9s november 4. k\u00f6z\u00f6tt az Amerikai Egyes\u00fclt \u00c1llamok magyarorsz\u00e1gi nagyk\u00f6vets\u00e9g\u00e9r\u0151l folyamatos jelent\u00e9seket k\u00fcldtek az itt \u00e1llom\u00e1soz\u00f3 diplomat\u00e1k a washingtoni k\u00fcl\u00fcgy- \u00e9s had\u00fcgyminiszt\u00e9riumba, ahonnan v\u00e1laszk\u00e9nt utas\u00edt\u00e1sokat kaptak. N\u00e9h\u00e1ny \u00e9vtizeddel k\u00e9s\u0151bb ezek az egykor titkos anyagok szabadon kutathat\u00f3v\u00e1 v\u00e1ltak, melyekb\u0151l Nagy Andr\u00e1s \u00edr\u00f3 k\u00e9sz\u00edtett forgat\u00f3k\u00f6nyvet a Magyar Telev\u00edzi\u00f3 sz\u00e1m\u00e1ra. A film \u2013 amit&nbsp;<a target=\"_blank\" href=\"https:\/\/magyarnemzet.hu\/kultura\/2022\/09\/a-szinesz-beremenyi-geza\" rel=\"noreferrer noopener\">Berem\u00e9nyi G\u00e9za<\/a>&nbsp;rendezett \u2013 a k\u00f6vets\u00e9gen \u00f6sszez\u00e1rt diplomat\u00e1k \u00e9let\u00e9t pr\u00f3b\u00e1lja rekonstru\u00e1lni, a dr\u00e1m\u00e1kat, konfliktusokat, szerelmeket, mik\u00f6zben az Amerik\u00e1ba men\u0151 \u00e9s onnan \u00e9rkez\u0151 jelent\u00e9sek pontos sz\u00f6veg\u00e9t is megismerj\u00fck.<\/p>\n\n\n\n<p>Szabads\u00e1g t\u00e9r 56<br>magyar filmdr\u00e1ma, 95 perc, 1997<br>rendez\u0151: Berem\u00e9nyi G\u00e9za<br>forgat\u00f3k\u00f6nyv\u00edr\u00f3: Berem\u00e9nyi G\u00e9za, Nagy Andr\u00e1s<\/p>\n\n\n\n<p>&nbsp;<img decoding=\"async\" src=\"https:\/\/cdn.magyarnemzet.hu\/2024\/10\/JXRpU9fTh410-Iza4vgxvfbwTx4mzHWZ4G6M3nDtcPc\/fit\/1000\/712\/no\/1\/aHR0cHM6Ly9jbXNjZG4uYXBwLmNvbnRlbnQucHJpdmF0ZS9jb250ZW50LzgzMmY5MGUwNWExMTQ0YWU5ZTA2Njk3ODFhY2FkNGE2.jpg\" alt=\"\"><em>Forr\u00e1s: Port.hu<\/em><\/p>\n\n\n\n<p><strong>3. Szabads\u00e1g, szerelem (Duna, 20.00)<\/strong><\/p>\n\n\n\n<p>1956. Magyarorsz\u00e1g csup\u00e1n egy kis csatl\u00f3s\u00e1llam a szovjet blokkban, de nagyhatalom is: v\u00edzilabda-v\u00e1logatottja verhetetlen. A p\u00f3l\u00f3ssr\u00e1cok a vasf\u00fcgg\u00f6ny m\u00f6g\u00f6tt is az \u00e9let cs\u00e1sz\u00e1rainak \u00e9rzik magukat; \u00e9lvezik a sikert \u00e9s a l\u00e1nyok rajong\u00e1s\u00e1t, magabiztosak \u00e9s \u00f6sszetart\u00f3k. Eddig egyetlen egyszer vesz\u00edtettek: 1955-ben, amikor egy moszkvai m\u00e9rk\u0151z\u00e9sen a b\u00edr\u00f3 nem engedte \u0151ket gy\u0151zni. Mindannyian a visszav\u00e1g\u00e1sra, a melbourne-i olimpi\u00e1ra k\u00e9sz\u00fclnek. \u00c1m a t\u00f6rt\u00e9nelem alaposan \u00f6sszekavarja a terveiket. Budapesten kit\u00f6r a forradalom. A csapat fiatal szt\u00e1rja, Karcsi \u00e9s bar\u00e1tja, Tibi belekeveredik az utcai esem\u00e9nyekbe. Eleinte csak a kalandot keresik. Karcsinak megakad a szeme Vikin, a harcias m\u0171egyetemista l\u00e1nyon \u00e9s a nyom\u00e1ban j\u00e1rva eljut a forradalom legfontosabb sz\u00ednhelyeire: ott van a Kossuth t\u00e9ren, majd a r\u00e1di\u00f3 ostrom\u00e1n\u00e1l is.<\/p>\n\n\n\n<p>Szabads\u00e1g, szerelem<br>magyar filmdr\u00e1ma, 114 perc, 2006<br>rendez\u0151: Goda Krisztina<br>forgat\u00f3k\u00f6nyv\u00edr\u00f3: G\u00e1rdos \u00c9va, Divinyi R\u00e9ka, Berem\u00e9nyi G\u00e9za, Joe Eszterhas<\/p>\n\n\n\n<figure class=\"wp-block-embed is-type-video is-provider-youtube wp-block-embed-youtube wp-embed-aspect-16-9 wp-has-aspect-ratio\"><div class=\"wp-block-embed__wrapper\">\n<iframe loading=\"lazy\" title=\"Szabads\u00e1g, Szerelem (trailer)\" width=\"500\" height=\"281\" src=\"https:\/\/www.youtube.com\/embed\/F6WNqrWddUc?feature=oembed\" frameborder=\"0\" allow=\"accelerometer; autoplay; clipboard-write; encrypted-media; gyroscope; picture-in-picture; web-share\" referrerpolicy=\"strict-origin-when-cross-origin\" allowfullscreen><\/iframe>\n<\/div><\/figure>\n\n\n\n<p><strong>4. Libert\u00e9 \u201956 (Duna, 21.20)<\/strong><\/p>\n\n\n\n<p>A film a forradalom tizenk\u00e9t napj\u00e1t fogja \u00e1t, kerett\u00f6rt\u00e9net\u00e9vel egy\u00fctt azonban egy h\u00e1rom \u00e9vtizedes cselekm\u00e9ny esem\u00e9nyeit k\u00f6veti. 1958 j\u00fanius\u00e1ban, Nagy Imr\u00e9nek \u00e9s t\u00e1rsainak kiv\u00e9gz\u00e9s\u00e9t k\u00f6vet\u0151en egy egyetemi klub di\u00e1kjai elhat\u00e1rozz\u00e1k, hogy sz\u00ednpadra \u00e1ll\u00edtj\u00e1k 1956 \u0151sz\u00e9nek budapesti t\u00f6rt\u00e9n\u00e9seit. Egy m\u00e1sik cselekm\u00e9nysz\u00e1l a magyar politikai vezet\u00e9sen bel\u00fcl \u2013 els\u0151sorban Nagy Imre, K\u00e1d\u00e1r J\u00e1nos, Mal\u00e9ter P\u00e1l \u00e9s Bib\u00f3 Istv\u00e1n alakj\u00e1hoz k\u00f6tve \u2013 k\u00eds\u00e9ri v\u00e9gig a konfliktusokat, olykor na\u00edv, olykor torzk\u00e9pszer\u0171 \u00e9rtelmez\u00e9sben. A filmben a Kocsm\u00e1ros szerep\u00e9ben K\u00f3ti \u00c1rp\u00e1dot, a Nemzet Sz\u00edn\u00e9sz\u00e9t l\u00e1thatjuk.<\/p>\n\n\n\n<p>Libert\u00e9 \u201956<br>magyar zen\u00e9s dr\u00e1ma, 110 perc, 2007<br>rendez\u0151: Vidny\u00e1nszky Attila<\/p>\n\n\n\n<p><img decoding=\"async\" src=\"https:\/\/cdn.magyarnemzet.hu\/2024\/10\/5bV--aZOZJ3vmUmtkyCHxbA4jw33uILUr-aiiNNfvKQ\/fit\/1200\/675\/no\/1\/aHR0cHM6Ly9jbXNjZG4uYXBwLmNvbnRlbnQucHJpdmF0ZS9jb250ZW50LzA1ZTQwZWI2NmNkZTQ0MmJhZDRjZTZlZGE0NmJkNzE4.jpg\" alt=\"\"><em>Forr\u00e1s: Port.hu<\/em><\/p>\n\n\n\n<p><strong>5. Ritmusgyakorlatok \u2013 In memoriam Honti Ilona (Duna, 11.30)<\/strong><\/p>\n\n\n\n<p>K\u00e1d\u00e1r J\u00e1nos Magyarorsz\u00e1g teljhatalm\u00fa ura, \u00e9lete v\u00e9g\u00e9n azt mondta, hogy itt a Dun\u00e1n\u00e1l t\u00fal gyors a foly\u00e1s, t\u00fal gyorsan v\u00e1ltoznak a dolgok. Igaza volt. 1956 \u00e9s a rendszerv\u00e1lt\u00e1s k\u00f6z\u00f6tt alig telt el t\u00f6bb mint 30 \u00e9v, \u00e9s egy pillanat alatt cser\u00e9l\u0151dtek ki szerepek. \u00dcld\u00f6z\u00f6ttb\u0151l \u00fcld\u00f6z\u0151 \u00e9s \u00fcld\u00f6z\u0151b\u0151l \u00fcld\u00f6z\u00f6tt lett. De nem mindegy, hogy ki, hogyan \u00e9lt a hatalm\u00e1val \u00e9s lehet\u0151s\u00e9geivel. Ennek a gyorsan v\u00e1ltoz\u00f3 vil\u00e1gnak egy tanmes\u00e9je ez a t\u00f6rt\u00e9net, amelynek f\u0151h\u0151sei a veszpr\u00e9mi Brusznyai \u00c1rp\u00e1d \u00e9s csal\u00e1dja, illetve Veszpr\u00e9m rettegett p\u00e1rtvezet\u0151je, Pap J\u00e1nos p\u00e1rhuzamos t\u00f6rt\u00e9net\u00e9t mutatja be.<\/p>\n\n\n\n<p>Ritmusgyakorlatok \u2013 In memoriam Honti Ilona<br>29 perc, 2024<br>rendez\u0151: Nov\u00e1k Tam\u00e1s<\/p>\n\n\n\n<p><strong>+ 1. 56\/Z (M5, 11.30)&nbsp;<\/strong><\/p>\n\n\n\n<p>Mit gondol Magyarorsz\u00e1gon a Z gener\u00e1ci\u00f3 1956-r\u00f3l? Sz\u00e1mukra mit jelent az \u201956-os forradalom \u00e9s szabads\u00e1gharc? Ezekre a k\u00e9rd\u00e9sekre keres v\u00e1laszt Pigniczky R\u00e9ka \u00e9s Kiss Gerg\u0151 56\/Z c\u00edm\u0171 dokumentumfilmje, amelyben a Memory Project arch\u00edvum \u00e9s a Moholy-Nagy M\u0171v\u00e9szeti Egyetem k\u00f6z\u00f6sen megtervez egy 1956-r\u00f3l sz\u00f3l\u00f3 install\u00e1ci\u00f3t. Az elk\u00e9sz\u00fclt alkot\u00e1sok azt mutatj\u00e1k be, hogy mit jelent a mai hallgat\u00f3knak a forradalom eml\u00e9ke, mindezt p\u00e1rhuzamba \u00e1ll\u00edtva az eredeti forradalmi gener\u00e1ci\u00f3 megjelen\u0151 eml\u00e9keivel. Emellett a m\u0171v\u00e9szeti alkot\u00e1s folyamat\u00e1t is lek\u00f6veti a film: az \u00f6tletek megsz\u00fclet\u00e9s\u00e9t\u0151l a tervez\u00e9sen \u00e1t az install\u00e1ci\u00f3 kivitelez\u00e9s\u00e9ig.<\/p>\n\n\n\n<p>56\/Z<br>71 perc, 2023<br>rendez\u0151: Kiss Gerg\u0151<\/p>\n\n\n\n<figure class=\"wp-block-embed is-type-video is-provider-youtube wp-block-embed-youtube wp-embed-aspect-16-9 wp-has-aspect-ratio\"><div class=\"wp-block-embed__wrapper\">\n<iframe loading=\"lazy\" title=\"56\/Z trailer\" width=\"500\" height=\"281\" src=\"https:\/\/www.youtube.com\/embed\/UUw7ofcZKQA?feature=oembed\" frameborder=\"0\" allow=\"accelerometer; autoplay; clipboard-write; encrypted-media; gyroscope; picture-in-picture; web-share\" referrerpolicy=\"strict-origin-when-cross-origin\" allowfullscreen><\/iframe>\n<\/div><\/figure>\n\n\n\n<p><a href=\"https:\/\/magyarnemzet.hu\/kultura\/2024\/10\/filmek-oktober-23\">https:\/\/magyarnemzet.hu\/kultura\/2024\/10\/filmek-oktober-23<\/a><\/p>\n\n\n\n<h4 class=\"wp-block-heading\">Tov\u00e1bbi Kult\u00fara h\u00edreink<\/h4>\n\n\n\n<ul class=\"wp-block-list\">\n<li><a href=\"https:\/\/magyarnemzet.hu\/belfold\/2024\/10\/mar-kedden-megkezdodnek-az-1956-os-forradalom-es-szabadsagharc-alkalmabol-szervezett-megemlekezesek\" target=\"_blank\" rel=\"noreferrer noopener\">M\u00e1r kedden megkezd\u0151dnek az 1956-os forradalom \u00e9s szabads\u00e1gharc alkalm\u00e1b\u00f3l szervezett megeml\u00e9kez\u00e9sek<\/a><\/li>\n<\/ul>","protected":false},"excerpt":{"rendered":"<p>Id\u00e9n is tematikus m\u0171sorfolyammal tiszteleg 1956 h\u0151sei el\u0151tt a k\u00f6zm\u00e9dia. Az \u00fcnnepi m\u0171sork\u00edn\u00e1lat r\u00e9szek\u00e9nt l\u00e1that\u00f3 t\u00f6bbek k\u00f6z\u00f6tt V\u00e1rkonyi Zolt\u00e1n 1956-ban k\u00e9sz\u00fclt filmje, a Keser\u0171 igazs\u00e1g, Berem\u00e9nyi G\u00e9za Szabads\u00e1g t\u00e9r 56 c\u00edm\u0171 t\u00e9v\u00e9filmje, Goda Krisztina els\u00f6pr\u0151 erej\u0171, Szabads\u00e1g, szerelem c\u00edm\u0171 alkot\u00e1sa \u00e9s levet\u00edtik az 56\/Z-t is, amelyb\u0151l kider\u00fcl, hogy mit gondol Magyarorsz\u00e1gon a Z gener\u00e1ci\u00f3 1956-r\u00f3l. [&hellip;]<\/p>\n","protected":false},"author":4,"featured_media":9464,"comment_status":"open","ping_status":"open","sticky":false,"template":"","format":"standard","meta":{"footnotes":""},"categories":[17],"tags":[22],"class_list":["post-9463","post","type-post","status-publish","format-standard","has-post-thumbnail","hentry","category-hirek","tag-22"],"yoast_head":"<!-- This site is optimized with the Yoast SEO plugin v27.5 - https:\/\/yoast.com\/product\/yoast-seo-wordpress\/ -->\n<title>5 +1 film, amit l\u00e1thatunk okt\u00f3ber 23-\u00e1n - BUOD<\/title>\n<meta name=\"robots\" content=\"index, follow, max-snippet:-1, max-image-preview:large, max-video-preview:-1\" \/>\n<link rel=\"canonical\" href=\"https:\/\/buod.de\/de\/5-1-film-amit-lathatunk-oktober-23-an\/\" \/>\n<meta property=\"og:locale\" content=\"de_DE\" \/>\n<meta property=\"og:type\" content=\"article\" \/>\n<meta property=\"og:title\" content=\"5 +1 film, amit l\u00e1thatunk okt\u00f3ber 23-\u00e1n - BUOD\" \/>\n<meta property=\"og:description\" content=\"Id\u00e9n is tematikus m\u0171sorfolyammal tiszteleg 1956 h\u0151sei el\u0151tt a k\u00f6zm\u00e9dia. Az \u00fcnnepi m\u0171sork\u00edn\u00e1lat r\u00e9szek\u00e9nt l\u00e1that\u00f3 t\u00f6bbek k\u00f6z\u00f6tt V\u00e1rkonyi Zolt\u00e1n 1956-ban k\u00e9sz\u00fclt filmje, a Keser\u0171 igazs\u00e1g, Berem\u00e9nyi G\u00e9za Szabads\u00e1g t\u00e9r 56 c\u00edm\u0171 t\u00e9v\u00e9filmje, Goda Krisztina els\u00f6pr\u0151 erej\u0171, Szabads\u00e1g, szerelem c\u00edm\u0171 alkot\u00e1sa \u00e9s levet\u00edtik az 56\/Z-t is, amelyb\u0151l kider\u00fcl, hogy mit gondol Magyarorsz\u00e1gon a Z gener\u00e1ci\u00f3 1956-r\u00f3l. [&hellip;]\" \/>\n<meta property=\"og:url\" content=\"https:\/\/buod.de\/de\/5-1-film-amit-lathatunk-oktober-23-an\/\" \/>\n<meta property=\"og:site_name\" content=\"BUOD\" \/>\n<meta property=\"article:publisher\" content=\"https:\/\/www.facebook.com\/profile.php?id=100082185652397\" \/>\n<meta property=\"article:published_time\" content=\"2024-10-23T13:26:00+00:00\" \/>\n<meta property=\"article:modified_time\" content=\"2024-11-06T13:29:05+00:00\" \/>\n<meta property=\"og:image\" content=\"https:\/\/buod.de\/wp-content\/uploads\/2024\/11\/aHR0cHM6Ly9jbXNjZG4uYXBwLmNvbnRlbnQucHJpdmF0ZS9jb250ZW50L2EwNjA4OTBjNjc4NjQwN2I4NDgxMDM3MGUzZDQ3ODEx.jpg\" \/>\n\t<meta property=\"og:image:width\" content=\"1347\" \/>\n\t<meta property=\"og:image:height\" content=\"758\" \/>\n\t<meta property=\"og:image:type\" content=\"image\/jpeg\" \/>\n<meta name=\"author\" content=\"Gery V\u00e1rkonyi\" \/>\n<meta name=\"twitter:card\" content=\"summary_large_image\" \/>\n<meta name=\"twitter:label1\" content=\"Written by\" \/>\n\t<meta name=\"twitter:data1\" content=\"Gery V\u00e1rkonyi\" \/>\n\t<meta name=\"twitter:label2\" content=\"Est. reading time\" \/>\n\t<meta name=\"twitter:data2\" content=\"6 minutes\" \/>\n<script type=\"application\/ld+json\" class=\"yoast-schema-graph\">{\"@context\":\"https:\\\/\\\/schema.org\",\"@graph\":[{\"@type\":\"Article\",\"@id\":\"https:\\\/\\\/buod.de\\\/5-1-film-amit-lathatunk-oktober-23-an\\\/#article\",\"isPartOf\":{\"@id\":\"https:\\\/\\\/buod.de\\\/5-1-film-amit-lathatunk-oktober-23-an\\\/\"},\"author\":{\"name\":\"Gery V\u00e1rkonyi\",\"@id\":\"https:\\\/\\\/buod.de\\\/#\\\/schema\\\/person\\\/8332a3e63b017fea8fcd17e9c0f96bf1\"},\"headline\":\"5 +1 film, amit l\u00e1thatunk okt\u00f3ber 23-\u00e1n\",\"datePublished\":\"2024-10-23T13:26:00+00:00\",\"dateModified\":\"2024-11-06T13:29:05+00:00\",\"mainEntityOfPage\":{\"@id\":\"https:\\\/\\\/buod.de\\\/5-1-film-amit-lathatunk-oktober-23-an\\\/\"},\"wordCount\":1194,\"commentCount\":0,\"publisher\":{\"@id\":\"https:\\\/\\\/buod.de\\\/#organization\"},\"image\":{\"@id\":\"https:\\\/\\\/buod.de\\\/5-1-film-amit-lathatunk-oktober-23-an\\\/#primaryimage\"},\"thumbnailUrl\":\"https:\\\/\\\/buod.de\\\/wp-content\\\/uploads\\\/2024\\\/11\\\/aHR0cHM6Ly9jbXNjZG4uYXBwLmNvbnRlbnQucHJpdmF0ZS9jb250ZW50L2EwNjA4OTBjNjc4NjQwN2I4NDgxMDM3MGUzZDQ3ODEx.jpg\",\"keywords\":[\"2024\"],\"articleSection\":[\"H\u00edrek\"],\"inLanguage\":\"de-DE\",\"potentialAction\":[{\"@type\":\"CommentAction\",\"name\":\"Comment\",\"target\":[\"https:\\\/\\\/buod.de\\\/5-1-film-amit-lathatunk-oktober-23-an\\\/#respond\"]}]},{\"@type\":\"WebPage\",\"@id\":\"https:\\\/\\\/buod.de\\\/5-1-film-amit-lathatunk-oktober-23-an\\\/\",\"url\":\"https:\\\/\\\/buod.de\\\/5-1-film-amit-lathatunk-oktober-23-an\\\/\",\"name\":\"5 +1 film, amit l\u00e1thatunk okt\u00f3ber 23-\u00e1n - BUOD\",\"isPartOf\":{\"@id\":\"https:\\\/\\\/buod.de\\\/#website\"},\"primaryImageOfPage\":{\"@id\":\"https:\\\/\\\/buod.de\\\/5-1-film-amit-lathatunk-oktober-23-an\\\/#primaryimage\"},\"image\":{\"@id\":\"https:\\\/\\\/buod.de\\\/5-1-film-amit-lathatunk-oktober-23-an\\\/#primaryimage\"},\"thumbnailUrl\":\"https:\\\/\\\/buod.de\\\/wp-content\\\/uploads\\\/2024\\\/11\\\/aHR0cHM6Ly9jbXNjZG4uYXBwLmNvbnRlbnQucHJpdmF0ZS9jb250ZW50L2EwNjA4OTBjNjc4NjQwN2I4NDgxMDM3MGUzZDQ3ODEx.jpg\",\"datePublished\":\"2024-10-23T13:26:00+00:00\",\"dateModified\":\"2024-11-06T13:29:05+00:00\",\"breadcrumb\":{\"@id\":\"https:\\\/\\\/buod.de\\\/5-1-film-amit-lathatunk-oktober-23-an\\\/#breadcrumb\"},\"inLanguage\":\"de-DE\",\"potentialAction\":[{\"@type\":\"ReadAction\",\"target\":[\"https:\\\/\\\/buod.de\\\/5-1-film-amit-lathatunk-oktober-23-an\\\/\"]}]},{\"@type\":\"ImageObject\",\"inLanguage\":\"de-DE\",\"@id\":\"https:\\\/\\\/buod.de\\\/5-1-film-amit-lathatunk-oktober-23-an\\\/#primaryimage\",\"url\":\"https:\\\/\\\/buod.de\\\/wp-content\\\/uploads\\\/2024\\\/11\\\/aHR0cHM6Ly9jbXNjZG4uYXBwLmNvbnRlbnQucHJpdmF0ZS9jb250ZW50L2EwNjA4OTBjNjc4NjQwN2I4NDgxMDM3MGUzZDQ3ODEx.jpg\",\"contentUrl\":\"https:\\\/\\\/buod.de\\\/wp-content\\\/uploads\\\/2024\\\/11\\\/aHR0cHM6Ly9jbXNjZG4uYXBwLmNvbnRlbnQucHJpdmF0ZS9jb250ZW50L2EwNjA4OTBjNjc4NjQwN2I4NDgxMDM3MGUzZDQ3ODEx.jpg\",\"width\":1347,\"height\":758},{\"@type\":\"BreadcrumbList\",\"@id\":\"https:\\\/\\\/buod.de\\\/5-1-film-amit-lathatunk-oktober-23-an\\\/#breadcrumb\",\"itemListElement\":[{\"@type\":\"ListItem\",\"position\":1,\"name\":\"Kezd\u0151lap\",\"item\":\"https:\\\/\\\/buod.de\\\/\"},{\"@type\":\"ListItem\",\"position\":2,\"name\":\"5 +1 film, amit l\u00e1thatunk okt\u00f3ber 23-\u00e1n\"}]},{\"@type\":\"WebSite\",\"@id\":\"https:\\\/\\\/buod.de\\\/#website\",\"url\":\"https:\\\/\\\/buod.de\\\/\",\"name\":\"BUOD\",\"description\":\"Bund Ungarischer Organisationen in Deutschland\",\"publisher\":{\"@id\":\"https:\\\/\\\/buod.de\\\/#organization\"},\"potentialAction\":[{\"@type\":\"SearchAction\",\"target\":{\"@type\":\"EntryPoint\",\"urlTemplate\":\"https:\\\/\\\/buod.de\\\/?s={search_term_string}\"},\"query-input\":{\"@type\":\"PropertyValueSpecification\",\"valueRequired\":true,\"valueName\":\"search_term_string\"}}],\"inLanguage\":\"de-DE\"},{\"@type\":\"Organization\",\"@id\":\"https:\\\/\\\/buod.de\\\/#organization\",\"name\":\"BUOD\",\"url\":\"https:\\\/\\\/buod.de\\\/\",\"logo\":{\"@type\":\"ImageObject\",\"inLanguage\":\"de-DE\",\"@id\":\"https:\\\/\\\/buod.de\\\/#\\\/schema\\\/logo\\\/image\\\/\",\"url\":\"https:\\\/\\\/buod.de\\\/wp-content\\\/uploads\\\/2024\\\/03\\\/BUOD-logo.png\",\"contentUrl\":\"https:\\\/\\\/buod.de\\\/wp-content\\\/uploads\\\/2024\\\/03\\\/BUOD-logo.png\",\"width\":586,\"height\":490,\"caption\":\"BUOD\"},\"image\":{\"@id\":\"https:\\\/\\\/buod.de\\\/#\\\/schema\\\/logo\\\/image\\\/\"},\"sameAs\":[\"https:\\\/\\\/www.facebook.com\\\/profile.php?id=100082185652397\"]},{\"@type\":\"Person\",\"@id\":\"https:\\\/\\\/buod.de\\\/#\\\/schema\\\/person\\\/8332a3e63b017fea8fcd17e9c0f96bf1\",\"name\":\"Gery V\u00e1rkonyi\",\"image\":{\"@type\":\"ImageObject\",\"inLanguage\":\"de-DE\",\"@id\":\"https:\\\/\\\/secure.gravatar.com\\\/avatar\\\/c1babe7dc68f065be4ec606c522172804715398688c78c6fffca3888b364e934?s=96&d=mm&r=g\",\"url\":\"https:\\\/\\\/secure.gravatar.com\\\/avatar\\\/c1babe7dc68f065be4ec606c522172804715398688c78c6fffca3888b364e934?s=96&d=mm&r=g\",\"contentUrl\":\"https:\\\/\\\/secure.gravatar.com\\\/avatar\\\/c1babe7dc68f065be4ec606c522172804715398688c78c6fffca3888b364e934?s=96&d=mm&r=g\",\"caption\":\"Gery V\u00e1rkonyi\"},\"url\":\"https:\\\/\\\/buod.de\\\/de\\\/author\\\/geryvarkonyi\\\/\"}]}<\/script>\n<!-- \/ Yoast SEO plugin. -->","yoast_head_json":{"title":"5 +1 film, amit l\u00e1thatunk okt\u00f3ber 23-\u00e1n - BUOD","robots":{"index":"index","follow":"follow","max-snippet":"max-snippet:-1","max-image-preview":"max-image-preview:large","max-video-preview":"max-video-preview:-1"},"canonical":"https:\/\/buod.de\/de\/5-1-film-amit-lathatunk-oktober-23-an\/","og_locale":"de_DE","og_type":"article","og_title":"5 +1 film, amit l\u00e1thatunk okt\u00f3ber 23-\u00e1n - BUOD","og_description":"Id\u00e9n is tematikus m\u0171sorfolyammal tiszteleg 1956 h\u0151sei el\u0151tt a k\u00f6zm\u00e9dia. Az \u00fcnnepi m\u0171sork\u00edn\u00e1lat r\u00e9szek\u00e9nt l\u00e1that\u00f3 t\u00f6bbek k\u00f6z\u00f6tt V\u00e1rkonyi Zolt\u00e1n 1956-ban k\u00e9sz\u00fclt filmje, a Keser\u0171 igazs\u00e1g, Berem\u00e9nyi G\u00e9za Szabads\u00e1g t\u00e9r 56 c\u00edm\u0171 t\u00e9v\u00e9filmje, Goda Krisztina els\u00f6pr\u0151 erej\u0171, Szabads\u00e1g, szerelem c\u00edm\u0171 alkot\u00e1sa \u00e9s levet\u00edtik az 56\/Z-t is, amelyb\u0151l kider\u00fcl, hogy mit gondol Magyarorsz\u00e1gon a Z gener\u00e1ci\u00f3 1956-r\u00f3l. [&hellip;]","og_url":"https:\/\/buod.de\/de\/5-1-film-amit-lathatunk-oktober-23-an\/","og_site_name":"BUOD","article_publisher":"https:\/\/www.facebook.com\/profile.php?id=100082185652397","article_published_time":"2024-10-23T13:26:00+00:00","article_modified_time":"2024-11-06T13:29:05+00:00","og_image":[{"width":1347,"height":758,"url":"https:\/\/buod.de\/wp-content\/uploads\/2024\/11\/aHR0cHM6Ly9jbXNjZG4uYXBwLmNvbnRlbnQucHJpdmF0ZS9jb250ZW50L2EwNjA4OTBjNjc4NjQwN2I4NDgxMDM3MGUzZDQ3ODEx.jpg","type":"image\/jpeg"}],"author":"Gery V\u00e1rkonyi","twitter_card":"summary_large_image","twitter_misc":{"Written by":"Gery V\u00e1rkonyi","Est. reading time":"6 minutes"},"schema":{"@context":"https:\/\/schema.org","@graph":[{"@type":"Article","@id":"https:\/\/buod.de\/5-1-film-amit-lathatunk-oktober-23-an\/#article","isPartOf":{"@id":"https:\/\/buod.de\/5-1-film-amit-lathatunk-oktober-23-an\/"},"author":{"name":"Gery V\u00e1rkonyi","@id":"https:\/\/buod.de\/#\/schema\/person\/8332a3e63b017fea8fcd17e9c0f96bf1"},"headline":"5 +1 film, amit l\u00e1thatunk okt\u00f3ber 23-\u00e1n","datePublished":"2024-10-23T13:26:00+00:00","dateModified":"2024-11-06T13:29:05+00:00","mainEntityOfPage":{"@id":"https:\/\/buod.de\/5-1-film-amit-lathatunk-oktober-23-an\/"},"wordCount":1194,"commentCount":0,"publisher":{"@id":"https:\/\/buod.de\/#organization"},"image":{"@id":"https:\/\/buod.de\/5-1-film-amit-lathatunk-oktober-23-an\/#primaryimage"},"thumbnailUrl":"https:\/\/buod.de\/wp-content\/uploads\/2024\/11\/aHR0cHM6Ly9jbXNjZG4uYXBwLmNvbnRlbnQucHJpdmF0ZS9jb250ZW50L2EwNjA4OTBjNjc4NjQwN2I4NDgxMDM3MGUzZDQ3ODEx.jpg","keywords":["2024"],"articleSection":["H\u00edrek"],"inLanguage":"de-DE","potentialAction":[{"@type":"CommentAction","name":"Comment","target":["https:\/\/buod.de\/5-1-film-amit-lathatunk-oktober-23-an\/#respond"]}]},{"@type":"WebPage","@id":"https:\/\/buod.de\/5-1-film-amit-lathatunk-oktober-23-an\/","url":"https:\/\/buod.de\/5-1-film-amit-lathatunk-oktober-23-an\/","name":"5 +1 film, amit l\u00e1thatunk okt\u00f3ber 23-\u00e1n - BUOD","isPartOf":{"@id":"https:\/\/buod.de\/#website"},"primaryImageOfPage":{"@id":"https:\/\/buod.de\/5-1-film-amit-lathatunk-oktober-23-an\/#primaryimage"},"image":{"@id":"https:\/\/buod.de\/5-1-film-amit-lathatunk-oktober-23-an\/#primaryimage"},"thumbnailUrl":"https:\/\/buod.de\/wp-content\/uploads\/2024\/11\/aHR0cHM6Ly9jbXNjZG4uYXBwLmNvbnRlbnQucHJpdmF0ZS9jb250ZW50L2EwNjA4OTBjNjc4NjQwN2I4NDgxMDM3MGUzZDQ3ODEx.jpg","datePublished":"2024-10-23T13:26:00+00:00","dateModified":"2024-11-06T13:29:05+00:00","breadcrumb":{"@id":"https:\/\/buod.de\/5-1-film-amit-lathatunk-oktober-23-an\/#breadcrumb"},"inLanguage":"de-DE","potentialAction":[{"@type":"ReadAction","target":["https:\/\/buod.de\/5-1-film-amit-lathatunk-oktober-23-an\/"]}]},{"@type":"ImageObject","inLanguage":"de-DE","@id":"https:\/\/buod.de\/5-1-film-amit-lathatunk-oktober-23-an\/#primaryimage","url":"https:\/\/buod.de\/wp-content\/uploads\/2024\/11\/aHR0cHM6Ly9jbXNjZG4uYXBwLmNvbnRlbnQucHJpdmF0ZS9jb250ZW50L2EwNjA4OTBjNjc4NjQwN2I4NDgxMDM3MGUzZDQ3ODEx.jpg","contentUrl":"https:\/\/buod.de\/wp-content\/uploads\/2024\/11\/aHR0cHM6Ly9jbXNjZG4uYXBwLmNvbnRlbnQucHJpdmF0ZS9jb250ZW50L2EwNjA4OTBjNjc4NjQwN2I4NDgxMDM3MGUzZDQ3ODEx.jpg","width":1347,"height":758},{"@type":"BreadcrumbList","@id":"https:\/\/buod.de\/5-1-film-amit-lathatunk-oktober-23-an\/#breadcrumb","itemListElement":[{"@type":"ListItem","position":1,"name":"Kezd\u0151lap","item":"https:\/\/buod.de\/"},{"@type":"ListItem","position":2,"name":"5 +1 film, amit l\u00e1thatunk okt\u00f3ber 23-\u00e1n"}]},{"@type":"WebSite","@id":"https:\/\/buod.de\/#website","url":"https:\/\/buod.de\/","name":"BUOD","description":"Bund Ungarischer Organisationen in Deutschland","publisher":{"@id":"https:\/\/buod.de\/#organization"},"potentialAction":[{"@type":"SearchAction","target":{"@type":"EntryPoint","urlTemplate":"https:\/\/buod.de\/?s={search_term_string}"},"query-input":{"@type":"PropertyValueSpecification","valueRequired":true,"valueName":"search_term_string"}}],"inLanguage":"de-DE"},{"@type":"Organization","@id":"https:\/\/buod.de\/#organization","name":"BUOD","url":"https:\/\/buod.de\/","logo":{"@type":"ImageObject","inLanguage":"de-DE","@id":"https:\/\/buod.de\/#\/schema\/logo\/image\/","url":"https:\/\/buod.de\/wp-content\/uploads\/2024\/03\/BUOD-logo.png","contentUrl":"https:\/\/buod.de\/wp-content\/uploads\/2024\/03\/BUOD-logo.png","width":586,"height":490,"caption":"BUOD"},"image":{"@id":"https:\/\/buod.de\/#\/schema\/logo\/image\/"},"sameAs":["https:\/\/www.facebook.com\/profile.php?id=100082185652397"]},{"@type":"Person","@id":"https:\/\/buod.de\/#\/schema\/person\/8332a3e63b017fea8fcd17e9c0f96bf1","name":"Gery V\u00e1rkonyi","image":{"@type":"ImageObject","inLanguage":"de-DE","@id":"https:\/\/secure.gravatar.com\/avatar\/c1babe7dc68f065be4ec606c522172804715398688c78c6fffca3888b364e934?s=96&d=mm&r=g","url":"https:\/\/secure.gravatar.com\/avatar\/c1babe7dc68f065be4ec606c522172804715398688c78c6fffca3888b364e934?s=96&d=mm&r=g","contentUrl":"https:\/\/secure.gravatar.com\/avatar\/c1babe7dc68f065be4ec606c522172804715398688c78c6fffca3888b364e934?s=96&d=mm&r=g","caption":"Gery V\u00e1rkonyi"},"url":"https:\/\/buod.de\/de\/author\/geryvarkonyi\/"}]}},"_links":{"self":[{"href":"https:\/\/buod.de\/de\/wp-json\/wp\/v2\/posts\/9463","targetHints":{"allow":["GET"]}}],"collection":[{"href":"https:\/\/buod.de\/de\/wp-json\/wp\/v2\/posts"}],"about":[{"href":"https:\/\/buod.de\/de\/wp-json\/wp\/v2\/types\/post"}],"author":[{"embeddable":true,"href":"https:\/\/buod.de\/de\/wp-json\/wp\/v2\/users\/4"}],"replies":[{"embeddable":true,"href":"https:\/\/buod.de\/de\/wp-json\/wp\/v2\/comments?post=9463"}],"version-history":[{"count":1,"href":"https:\/\/buod.de\/de\/wp-json\/wp\/v2\/posts\/9463\/revisions"}],"predecessor-version":[{"id":9465,"href":"https:\/\/buod.de\/de\/wp-json\/wp\/v2\/posts\/9463\/revisions\/9465"}],"wp:featuredmedia":[{"embeddable":true,"href":"https:\/\/buod.de\/de\/wp-json\/wp\/v2\/media\/9464"}],"wp:attachment":[{"href":"https:\/\/buod.de\/de\/wp-json\/wp\/v2\/media?parent=9463"}],"wp:term":[{"taxonomy":"category","embeddable":true,"href":"https:\/\/buod.de\/de\/wp-json\/wp\/v2\/categories?post=9463"},{"taxonomy":"post_tag","embeddable":true,"href":"https:\/\/buod.de\/de\/wp-json\/wp\/v2\/tags?post=9463"}],"curies":[{"name":"wp","href":"https:\/\/api.w.org\/{rel}","templated":true}]}}