{"id":9473,"date":"2024-11-02T15:41:43","date_gmt":"2024-11-02T13:41:43","guid":{"rendered":"https:\/\/buod.de\/?p=9473"},"modified":"2024-11-06T15:43:02","modified_gmt":"2024-11-06T13:43:02","slug":"hamburgi-osztondijas-szakmai-latogatasa-walesben","status":"publish","type":"post","link":"https:\/\/buod.de\/de\/hamburgi-osztondijas-szakmai-latogatasa-walesben\/","title":{"rendered":"Hamburgi \u00f6szt\u00f6nd\u00edjas szakmai l\u00e1togat\u00e1sa Walesben"},"content":{"rendered":"<p>Hamburgi \u00f6szt\u00f6nd\u00edjas szakmai l\u00e1togat\u00e1sa Walesben<\/p>\n\n\n\n<p>A hamburgi mentorom Rost\u00e1s Attila \u00e9s az Egyes\u00fclt Kir\u00e1lys\u00e1gbeli fogad\u00f3szervezetek k\u00f6z\u00f6tti egy\u00fcttm\u0171k\u00f6d\u00e9snek h\u00e1la volt lehet\u0151s\u00e9gem ell\u00e1togatni a newporti k\u00f6z\u00f6ss\u00e9gbe megn\u00e9zni a m\u00e1r \u00e9vek \u00f3ta folyamatosan m\u0171k\u00f6d\u0151 \u00e9s t\u00f6retlen\u00fcl fejl\u0151d\u0151 helyi h\u00e9tv\u00e9gi magyar iskol\u00e1t \u00e9s sok tapasztalatot gy\u0171jteni a Hamburgban 2024. janu\u00e1rja \u00f3ta \u00fajragondolt \u00e9s meg\u00fajult vezet\u0151s\u00e9g alatt fut\u00f3 szombati iskola (HMI) sz\u00e1m\u00e1ra.<\/p>\n\n\n\n<p>A h\u00e9tv\u00e9gi magyar iskol\u00e1k k\u00f6z\u00f6tti egy\u00fcttm\u0171k\u00f6d\u00e9s \u00e9s tapasztalatcsere kiemelked\u0151en fontos a j\u00f6v\u0151beli fejl\u0151d\u00e9s\u00e9rt minden oldalon. Az iskol\u00e1k k\u00f6z\u00f6tti k\u00f6z\u00f6s gondolkod\u00e1s hozz\u00e1j\u00e1rul az addig megszerzett tud\u00e1s \u00e1tad\u00e1s\u00e1ra, \u00faj \u00f6tletek \u00e9s ir\u00e1nyok kialak\u00edt\u00e1s\u00e1hoz, egym\u00e1s gondolatainak serkent\u00e9s\u00e9vel is.<\/p>\n\n\n\n<p>Az egyik legfontosabb szembe\u00f6tl\u0151 kih\u00edv\u00e1s itt is a helysz\u00edn. A wales-i magyar tanoda jelenleg az egyh\u00e1zt\u00f3l b\u00e9rli a helyet, ahol meg tudj\u00e1k tartani a foglalkoz\u00e1sokat. R\u00e1ad\u00e1sul olyan hely kell, ahol 80 gyerek elf\u00e9r, ilyen sok gyerek j\u00e1r az iskol\u00e1ba. Iskola\u00e9p\u00fcletet neh\u00e9z, szinte lehetetlen b\u00e9relni a covid \u00f3ta, r\u00e1ad\u00e1sul nagyon dr\u00e1ga. Egyel\u0151re megoldott a helysz\u00edn biztos\u00edt\u00e1sa, de azzal sajnos mindig sz\u00e1molni kell, hogy egy-egy hely sosem \u00f6r\u00f6k helysz\u00edn.<\/p>\n\n\n\n<p>Newportban minden h\u00e9ten szombaton tal\u00e1lkoznak, a tan\u00e1rok h\u00e9tr\u0151l h\u00e9tre lelkesen \u00e9s odaad\u00f3an k\u00e9sz\u00fclnek a foglalkoz\u00e1sokra, melyek 9 \u00f3rakor kezd\u0151dnek \u00e9s m\u00e1sf\u00e9l \u00f3r\u00e1t tartanak. K\u00f6zel 80 gyerekkel dolgoznak. Nemcsak Newportb\u00f3l, de Cardiff\u00f3l, Bristolb\u00f3l \u00e9s Swanseab\u00f3l is j\u00e1rnak csal\u00e1dok a tanod\u00e1ba, hogy a gyerekek magyar nyelven is tanulhassanak, magabiztos magyar nyelvtud\u00e1ssal rendelkezzenek.<\/p>\n\n\n\n<p>K\u00fcl\u00f6nb\u00f6z\u0151 csoportokkal dolgoznak null\u00e1t\u00f3l 12 \u00e9ves korig (kis iskola, nagy iskola, ovi, mini csoport, baba-mama klub). A tini csoportot most ind\u00edtj\u00e1k el. Saj\u00e1toss\u00e1g a magyar maci csoport. A Magyar maci csoportban azok a 6-12 \u00e9vesek vannak, akik keveset besz\u00e9lnek magyarul. \u00c9rteni \u00e9rtik a nyelvet, de besz\u00e9lni nem, vagy alig tudnak. Addig vannak ebben a csoportban, am\u00edg nem lesz magabiztos a magyar besz\u00e9d\u00fck. Egy csoportban vannak, de a differenci\u00e1l\u00e1s fontos, hiszen t\u00f6bb koroszt\u00e1ly is jelen van. Most 12-en vannak, de amikor t\u00f6bb hasonl\u00f3 kor\u00fa gyermek van, akkor k\u00e9t csoport is indul, k\u00fcl\u00f6n. Integr\u00e1ci\u00f3juk nem marad el, a t\u00e1ncpr\u00f3b\u00e1juk k\u00f6z\u00f6sen van az ovisokkal, mivel nagyj\u00e1b\u00f3l egy koroszt\u00e1lyr\u00f3l van sz\u00f3. Amit nem \u00e9rtenek, az a tan\u00e1rok leford\u00edtj\u00e1k nekik.<\/p>\n\n\n\n<p>Azok a gyerekek, akik keveset besz\u00e9lnek magyarul, jellemz\u0151en nem, vagy keveset is besz\u00e9lnek otthon magyarul. Olyan is el\u0151fordul, hogy a sz\u00fcl\u0151 tudatosan angolul besz\u00e9l a gyerekkel (magyar sz\u00fcl\u0151s csal\u00e1dokban is) az\u00e9rt, hogy a gyerek az iskol\u00e1ban j\u00f3l tudjon teljes\u00edteni. K\u00e9s\u0151bb tudatosul benn\u00fck, hogy szeretn\u00e9k neki a magyart is megtan\u00edtani, de otthon neh\u00e9z, ez\u00e9rt van a Magyar maci csoport, ahol a gyerekek elsaj\u00e1t\u00edtj\u00e1k az alapokat.<\/p>\n\n\n\n<p>A gyerekek a m\u00e1sodik \u00f3ra m\u00e1sodik fel\u00e9ben a kar\u00e1csonyi m\u0171sorra k\u00e9sz\u00fclnek. K\u00fcl\u00f6nb\u00f6z\u0151 t\u00e1ncokat is betanulnak, koroszt\u00e1lynak megfelel\u0151en, ebben \u00f3ri\u00e1si seg\u00edts\u00e9g a KCSP \u00f6szt\u00f6nd\u00edjas, aki n\u00e9pt\u00e1ncos \u00e9s betan\u00edtja a csoportokat a k\u00fcl\u00f6nb\u00f6z\u0151 t\u00e1ncokra (koroszt\u00e1lynak megfelel\u0151en). Ez\u00e9rt is fontos a n\u00e9pt\u00e1ncos KCSP-s szem\u00e9lye itt, aki az ittl\u00e9te alatt megtan\u00edtja a tan\u00e1rokat az alap t\u00e1ncokra, amit k\u00e9s\u0151bb \u0151k maguk tudnak majd megtan\u00edtani a gyerekeknek.<\/p>\n\n\n\n<p>A sz\u00fcl\u0151knek a tanoda alatt lehet\u0151s\u00e9ge van j\u00f3g\u00e1zni, ami egy egyed\u00fcl\u00e1ll\u00f3 dolog itt. J\u00f6tt kor\u00e1bban egy \u00f6tlet, miszerint a v\u00e1rakoz\u00f3 sz\u00fcl\u0151knek is lehetne valami elfoglalts\u00e1got biztos\u00edtani \u00e9s mivel j\u00f3ga oktat\u00f3 is \u00e9l a k\u00f6rny\u00e9ken, \u00edgy erre is van lehet\u0151s\u00e9g.&nbsp; A t\u00f6rzsanyag ut\u00e1n van lehet\u0151s\u00e9g maradni \u00e9s k\u00fcl\u00f6nb\u00f6z\u0151, fakultat\u00edv foglalkoz\u00e1sokon r\u00e9szt venni. Hangszerek k\u00f6z\u00fcl zongor\u00e1t \u00e9s fuvol\u00e1t lehet v\u00e1lasztani, f\u00e9l \u00f3r\u00e1s tan\u00f3r\u00e1kban. Ezen k\u00edv\u00fcl Smarti&#8217;s (https:\/\/www.facebook.com\/smartisclubs) foglalkoz\u00e1son is r\u00e9szt lehet venni, c\u00e9lja a gyerekek logikai, matematikai, stb k\u00e9szs\u00e9geit fejleszteni. 12 \u00f3r\u00e1ra v\u00e9geznek az \u00f3r\u00e1kkal, a fakultat\u00edv foglalkoz\u00e1sokkal is.<\/p>\n\n\n\n<p>A j\u00f6v\u0151re n\u00e9zve tov\u00e1bbi egy\u00fcttm\u0171k\u00f6d\u00e9si c\u00e9l \u201ctestv\u00e9rprogramot\u201d ind\u00edtani, egy olyan testv\u00e9riskolai programot l\u00e9trehozni, ahol a gyerekek magyarul levelezhetnek egym\u00e1ssal a nagyvil\u00e1gban, ez\u00e1ltal is er\u0151s\u00edteni a magyars\u00e1g tudatukat, bar\u00e1ts\u00e1gukat. A HMI \u00e9s a Nefelejcs Tanoda a kik\u00fcldet\u00e9snek k\u00f6sz\u00f6nhet\u0151en megkezdi testv\u00e9riskolai kapcsolatainak ki\u00e9p\u00edt\u00e9s\u00e9t.<\/p>\n\n\n\n<p>Munka mellett term\u00e9szetesen a v\u00e1rosn\u00e9z\u00e9s sem maradt el. Nagyon \u00f6r\u00fcl\u00f6k, hogy volt lehet\u0151s\u00e9gem szakmai l\u00e1togat\u00e1st tenni, betekinteni a helyi k\u00f6z\u00f6ss\u00e9gbe, l\u00e1tni a helyi iskol\u00e1t. Rem\u00e9lem m\u00e1skor is lesz m\u00e9g hasonl\u00f3 lehet\u0151s\u00e9gem nekem is \u00e9s m\u00e1s \u00f6szt\u00f6nd\u00edjasoknak is.<\/p>","protected":false},"excerpt":{"rendered":"<p>Hamburgi \u00f6szt\u00f6nd\u00edjas szakmai l\u00e1togat\u00e1sa Walesben A hamburgi mentorom Rost\u00e1s Attila \u00e9s az Egyes\u00fclt Kir\u00e1lys\u00e1gbeli fogad\u00f3szervezetek k\u00f6z\u00f6tti egy\u00fcttm\u0171k\u00f6d\u00e9snek h\u00e1la volt lehet\u0151s\u00e9gem ell\u00e1togatni a newporti k\u00f6z\u00f6ss\u00e9gbe megn\u00e9zni a m\u00e1r \u00e9vek \u00f3ta folyamatosan m\u0171k\u00f6d\u0151 \u00e9s t\u00f6retlen\u00fcl fejl\u0151d\u0151 helyi h\u00e9tv\u00e9gi magyar iskol\u00e1t \u00e9s sok tapasztalatot gy\u0171jteni a Hamburgban 2024. janu\u00e1rja \u00f3ta \u00fajragondolt \u00e9s meg\u00fajult vezet\u0151s\u00e9g alatt fut\u00f3 szombati iskola [&hellip;]<\/p>\n","protected":false},"author":4,"featured_media":0,"comment_status":"open","ping_status":"open","sticky":false,"template":"","format":"standard","meta":{"footnotes":""},"categories":[17,1],"tags":[22],"class_list":["post-9473","post","type-post","status-publish","format-standard","hentry","category-hirek","category-uncategorized","tag-22"],"yoast_head":"<!-- This site is optimized with the Yoast SEO plugin v27.5 - https:\/\/yoast.com\/product\/yoast-seo-wordpress\/ -->\n<title>Hamburgi \u00f6szt\u00f6nd\u00edjas szakmai l\u00e1togat\u00e1sa Walesben - BUOD<\/title>\n<meta name=\"robots\" content=\"index, follow, max-snippet:-1, max-image-preview:large, max-video-preview:-1\" \/>\n<link rel=\"canonical\" href=\"https:\/\/buod.de\/de\/hamburgi-osztondijas-szakmai-latogatasa-walesben\/\" \/>\n<meta property=\"og:locale\" content=\"de_DE\" \/>\n<meta property=\"og:type\" content=\"article\" \/>\n<meta property=\"og:title\" content=\"Hamburgi \u00f6szt\u00f6nd\u00edjas szakmai l\u00e1togat\u00e1sa Walesben - BUOD\" \/>\n<meta property=\"og:description\" content=\"Hamburgi \u00f6szt\u00f6nd\u00edjas szakmai l\u00e1togat\u00e1sa Walesben A hamburgi mentorom Rost\u00e1s Attila \u00e9s az Egyes\u00fclt Kir\u00e1lys\u00e1gbeli fogad\u00f3szervezetek k\u00f6z\u00f6tti egy\u00fcttm\u0171k\u00f6d\u00e9snek h\u00e1la volt lehet\u0151s\u00e9gem ell\u00e1togatni a newporti k\u00f6z\u00f6ss\u00e9gbe megn\u00e9zni a m\u00e1r \u00e9vek \u00f3ta folyamatosan m\u0171k\u00f6d\u0151 \u00e9s t\u00f6retlen\u00fcl fejl\u0151d\u0151 helyi h\u00e9tv\u00e9gi magyar iskol\u00e1t \u00e9s sok tapasztalatot gy\u0171jteni a Hamburgban 2024. janu\u00e1rja \u00f3ta \u00fajragondolt \u00e9s meg\u00fajult vezet\u0151s\u00e9g alatt fut\u00f3 szombati iskola [&hellip;]\" \/>\n<meta property=\"og:url\" content=\"https:\/\/buod.de\/de\/hamburgi-osztondijas-szakmai-latogatasa-walesben\/\" \/>\n<meta property=\"og:site_name\" content=\"BUOD\" \/>\n<meta property=\"article:publisher\" content=\"https:\/\/www.facebook.com\/profile.php?id=100082185652397\" \/>\n<meta property=\"article:published_time\" content=\"2024-11-02T13:41:43+00:00\" \/>\n<meta property=\"article:modified_time\" content=\"2024-11-06T13:43:02+00:00\" \/>\n<meta name=\"author\" content=\"Gery V\u00e1rkonyi\" \/>\n<meta name=\"twitter:card\" content=\"summary_large_image\" \/>\n<meta name=\"twitter:label1\" content=\"Written by\" \/>\n\t<meta name=\"twitter:data1\" content=\"Gery V\u00e1rkonyi\" \/>\n\t<meta name=\"twitter:label2\" content=\"Est. reading time\" \/>\n\t<meta name=\"twitter:data2\" content=\"5 minutes\" \/>\n<script type=\"application\/ld+json\" class=\"yoast-schema-graph\">{\"@context\":\"https:\\\/\\\/schema.org\",\"@graph\":[{\"@type\":\"Article\",\"@id\":\"https:\\\/\\\/buod.de\\\/hamburgi-osztondijas-szakmai-latogatasa-walesben\\\/#article\",\"isPartOf\":{\"@id\":\"https:\\\/\\\/buod.de\\\/hamburgi-osztondijas-szakmai-latogatasa-walesben\\\/\"},\"author\":{\"name\":\"Gery V\u00e1rkonyi\",\"@id\":\"https:\\\/\\\/buod.de\\\/#\\\/schema\\\/person\\\/8332a3e63b017fea8fcd17e9c0f96bf1\"},\"headline\":\"Hamburgi \u00f6szt\u00f6nd\u00edjas szakmai l\u00e1togat\u00e1sa Walesben\",\"datePublished\":\"2024-11-02T13:41:43+00:00\",\"dateModified\":\"2024-11-06T13:43:02+00:00\",\"mainEntityOfPage\":{\"@id\":\"https:\\\/\\\/buod.de\\\/hamburgi-osztondijas-szakmai-latogatasa-walesben\\\/\"},\"wordCount\":948,\"commentCount\":0,\"publisher\":{\"@id\":\"https:\\\/\\\/buod.de\\\/#organization\"},\"keywords\":[\"2024\"],\"articleSection\":[\"H\u00edrek\"],\"inLanguage\":\"de-DE\",\"potentialAction\":[{\"@type\":\"CommentAction\",\"name\":\"Comment\",\"target\":[\"https:\\\/\\\/buod.de\\\/hamburgi-osztondijas-szakmai-latogatasa-walesben\\\/#respond\"]}]},{\"@type\":\"WebPage\",\"@id\":\"https:\\\/\\\/buod.de\\\/hamburgi-osztondijas-szakmai-latogatasa-walesben\\\/\",\"url\":\"https:\\\/\\\/buod.de\\\/hamburgi-osztondijas-szakmai-latogatasa-walesben\\\/\",\"name\":\"Hamburgi \u00f6szt\u00f6nd\u00edjas szakmai l\u00e1togat\u00e1sa Walesben - BUOD\",\"isPartOf\":{\"@id\":\"https:\\\/\\\/buod.de\\\/#website\"},\"datePublished\":\"2024-11-02T13:41:43+00:00\",\"dateModified\":\"2024-11-06T13:43:02+00:00\",\"breadcrumb\":{\"@id\":\"https:\\\/\\\/buod.de\\\/hamburgi-osztondijas-szakmai-latogatasa-walesben\\\/#breadcrumb\"},\"inLanguage\":\"de-DE\",\"potentialAction\":[{\"@type\":\"ReadAction\",\"target\":[\"https:\\\/\\\/buod.de\\\/hamburgi-osztondijas-szakmai-latogatasa-walesben\\\/\"]}]},{\"@type\":\"BreadcrumbList\",\"@id\":\"https:\\\/\\\/buod.de\\\/hamburgi-osztondijas-szakmai-latogatasa-walesben\\\/#breadcrumb\",\"itemListElement\":[{\"@type\":\"ListItem\",\"position\":1,\"name\":\"Kezd\u0151lap\",\"item\":\"https:\\\/\\\/buod.de\\\/\"},{\"@type\":\"ListItem\",\"position\":2,\"name\":\"Hamburgi \u00f6szt\u00f6nd\u00edjas szakmai l\u00e1togat\u00e1sa Walesben\"}]},{\"@type\":\"WebSite\",\"@id\":\"https:\\\/\\\/buod.de\\\/#website\",\"url\":\"https:\\\/\\\/buod.de\\\/\",\"name\":\"BUOD\",\"description\":\"Bund Ungarischer Organisationen in Deutschland\",\"publisher\":{\"@id\":\"https:\\\/\\\/buod.de\\\/#organization\"},\"potentialAction\":[{\"@type\":\"SearchAction\",\"target\":{\"@type\":\"EntryPoint\",\"urlTemplate\":\"https:\\\/\\\/buod.de\\\/?s={search_term_string}\"},\"query-input\":{\"@type\":\"PropertyValueSpecification\",\"valueRequired\":true,\"valueName\":\"search_term_string\"}}],\"inLanguage\":\"de-DE\"},{\"@type\":\"Organization\",\"@id\":\"https:\\\/\\\/buod.de\\\/#organization\",\"name\":\"BUOD\",\"url\":\"https:\\\/\\\/buod.de\\\/\",\"logo\":{\"@type\":\"ImageObject\",\"inLanguage\":\"de-DE\",\"@id\":\"https:\\\/\\\/buod.de\\\/#\\\/schema\\\/logo\\\/image\\\/\",\"url\":\"https:\\\/\\\/buod.de\\\/wp-content\\\/uploads\\\/2024\\\/03\\\/BUOD-logo.png\",\"contentUrl\":\"https:\\\/\\\/buod.de\\\/wp-content\\\/uploads\\\/2024\\\/03\\\/BUOD-logo.png\",\"width\":586,\"height\":490,\"caption\":\"BUOD\"},\"image\":{\"@id\":\"https:\\\/\\\/buod.de\\\/#\\\/schema\\\/logo\\\/image\\\/\"},\"sameAs\":[\"https:\\\/\\\/www.facebook.com\\\/profile.php?id=100082185652397\"]},{\"@type\":\"Person\",\"@id\":\"https:\\\/\\\/buod.de\\\/#\\\/schema\\\/person\\\/8332a3e63b017fea8fcd17e9c0f96bf1\",\"name\":\"Gery V\u00e1rkonyi\",\"image\":{\"@type\":\"ImageObject\",\"inLanguage\":\"de-DE\",\"@id\":\"https:\\\/\\\/secure.gravatar.com\\\/avatar\\\/c1babe7dc68f065be4ec606c522172804715398688c78c6fffca3888b364e934?s=96&d=mm&r=g\",\"url\":\"https:\\\/\\\/secure.gravatar.com\\\/avatar\\\/c1babe7dc68f065be4ec606c522172804715398688c78c6fffca3888b364e934?s=96&d=mm&r=g\",\"contentUrl\":\"https:\\\/\\\/secure.gravatar.com\\\/avatar\\\/c1babe7dc68f065be4ec606c522172804715398688c78c6fffca3888b364e934?s=96&d=mm&r=g\",\"caption\":\"Gery V\u00e1rkonyi\"},\"url\":\"https:\\\/\\\/buod.de\\\/de\\\/author\\\/geryvarkonyi\\\/\"}]}<\/script>\n<!-- \/ Yoast SEO plugin. -->","yoast_head_json":{"title":"Hamburgi \u00f6szt\u00f6nd\u00edjas szakmai l\u00e1togat\u00e1sa Walesben - BUOD","robots":{"index":"index","follow":"follow","max-snippet":"max-snippet:-1","max-image-preview":"max-image-preview:large","max-video-preview":"max-video-preview:-1"},"canonical":"https:\/\/buod.de\/de\/hamburgi-osztondijas-szakmai-latogatasa-walesben\/","og_locale":"de_DE","og_type":"article","og_title":"Hamburgi \u00f6szt\u00f6nd\u00edjas szakmai l\u00e1togat\u00e1sa Walesben - BUOD","og_description":"Hamburgi \u00f6szt\u00f6nd\u00edjas szakmai l\u00e1togat\u00e1sa Walesben A hamburgi mentorom Rost\u00e1s Attila \u00e9s az Egyes\u00fclt Kir\u00e1lys\u00e1gbeli fogad\u00f3szervezetek k\u00f6z\u00f6tti egy\u00fcttm\u0171k\u00f6d\u00e9snek h\u00e1la volt lehet\u0151s\u00e9gem ell\u00e1togatni a newporti k\u00f6z\u00f6ss\u00e9gbe megn\u00e9zni a m\u00e1r \u00e9vek \u00f3ta folyamatosan m\u0171k\u00f6d\u0151 \u00e9s t\u00f6retlen\u00fcl fejl\u0151d\u0151 helyi h\u00e9tv\u00e9gi magyar iskol\u00e1t \u00e9s sok tapasztalatot gy\u0171jteni a Hamburgban 2024. janu\u00e1rja \u00f3ta \u00fajragondolt \u00e9s meg\u00fajult vezet\u0151s\u00e9g alatt fut\u00f3 szombati iskola [&hellip;]","og_url":"https:\/\/buod.de\/de\/hamburgi-osztondijas-szakmai-latogatasa-walesben\/","og_site_name":"BUOD","article_publisher":"https:\/\/www.facebook.com\/profile.php?id=100082185652397","article_published_time":"2024-11-02T13:41:43+00:00","article_modified_time":"2024-11-06T13:43:02+00:00","author":"Gery V\u00e1rkonyi","twitter_card":"summary_large_image","twitter_misc":{"Written by":"Gery V\u00e1rkonyi","Est. reading time":"5 minutes"},"schema":{"@context":"https:\/\/schema.org","@graph":[{"@type":"Article","@id":"https:\/\/buod.de\/hamburgi-osztondijas-szakmai-latogatasa-walesben\/#article","isPartOf":{"@id":"https:\/\/buod.de\/hamburgi-osztondijas-szakmai-latogatasa-walesben\/"},"author":{"name":"Gery V\u00e1rkonyi","@id":"https:\/\/buod.de\/#\/schema\/person\/8332a3e63b017fea8fcd17e9c0f96bf1"},"headline":"Hamburgi \u00f6szt\u00f6nd\u00edjas szakmai l\u00e1togat\u00e1sa Walesben","datePublished":"2024-11-02T13:41:43+00:00","dateModified":"2024-11-06T13:43:02+00:00","mainEntityOfPage":{"@id":"https:\/\/buod.de\/hamburgi-osztondijas-szakmai-latogatasa-walesben\/"},"wordCount":948,"commentCount":0,"publisher":{"@id":"https:\/\/buod.de\/#organization"},"keywords":["2024"],"articleSection":["H\u00edrek"],"inLanguage":"de-DE","potentialAction":[{"@type":"CommentAction","name":"Comment","target":["https:\/\/buod.de\/hamburgi-osztondijas-szakmai-latogatasa-walesben\/#respond"]}]},{"@type":"WebPage","@id":"https:\/\/buod.de\/hamburgi-osztondijas-szakmai-latogatasa-walesben\/","url":"https:\/\/buod.de\/hamburgi-osztondijas-szakmai-latogatasa-walesben\/","name":"Hamburgi \u00f6szt\u00f6nd\u00edjas szakmai l\u00e1togat\u00e1sa Walesben - BUOD","isPartOf":{"@id":"https:\/\/buod.de\/#website"},"datePublished":"2024-11-02T13:41:43+00:00","dateModified":"2024-11-06T13:43:02+00:00","breadcrumb":{"@id":"https:\/\/buod.de\/hamburgi-osztondijas-szakmai-latogatasa-walesben\/#breadcrumb"},"inLanguage":"de-DE","potentialAction":[{"@type":"ReadAction","target":["https:\/\/buod.de\/hamburgi-osztondijas-szakmai-latogatasa-walesben\/"]}]},{"@type":"BreadcrumbList","@id":"https:\/\/buod.de\/hamburgi-osztondijas-szakmai-latogatasa-walesben\/#breadcrumb","itemListElement":[{"@type":"ListItem","position":1,"name":"Kezd\u0151lap","item":"https:\/\/buod.de\/"},{"@type":"ListItem","position":2,"name":"Hamburgi \u00f6szt\u00f6nd\u00edjas szakmai l\u00e1togat\u00e1sa Walesben"}]},{"@type":"WebSite","@id":"https:\/\/buod.de\/#website","url":"https:\/\/buod.de\/","name":"BUOD","description":"Bund Ungarischer Organisationen in Deutschland","publisher":{"@id":"https:\/\/buod.de\/#organization"},"potentialAction":[{"@type":"SearchAction","target":{"@type":"EntryPoint","urlTemplate":"https:\/\/buod.de\/?s={search_term_string}"},"query-input":{"@type":"PropertyValueSpecification","valueRequired":true,"valueName":"search_term_string"}}],"inLanguage":"de-DE"},{"@type":"Organization","@id":"https:\/\/buod.de\/#organization","name":"BUOD","url":"https:\/\/buod.de\/","logo":{"@type":"ImageObject","inLanguage":"de-DE","@id":"https:\/\/buod.de\/#\/schema\/logo\/image\/","url":"https:\/\/buod.de\/wp-content\/uploads\/2024\/03\/BUOD-logo.png","contentUrl":"https:\/\/buod.de\/wp-content\/uploads\/2024\/03\/BUOD-logo.png","width":586,"height":490,"caption":"BUOD"},"image":{"@id":"https:\/\/buod.de\/#\/schema\/logo\/image\/"},"sameAs":["https:\/\/www.facebook.com\/profile.php?id=100082185652397"]},{"@type":"Person","@id":"https:\/\/buod.de\/#\/schema\/person\/8332a3e63b017fea8fcd17e9c0f96bf1","name":"Gery V\u00e1rkonyi","image":{"@type":"ImageObject","inLanguage":"de-DE","@id":"https:\/\/secure.gravatar.com\/avatar\/c1babe7dc68f065be4ec606c522172804715398688c78c6fffca3888b364e934?s=96&d=mm&r=g","url":"https:\/\/secure.gravatar.com\/avatar\/c1babe7dc68f065be4ec606c522172804715398688c78c6fffca3888b364e934?s=96&d=mm&r=g","contentUrl":"https:\/\/secure.gravatar.com\/avatar\/c1babe7dc68f065be4ec606c522172804715398688c78c6fffca3888b364e934?s=96&d=mm&r=g","caption":"Gery V\u00e1rkonyi"},"url":"https:\/\/buod.de\/de\/author\/geryvarkonyi\/"}]}},"_links":{"self":[{"href":"https:\/\/buod.de\/de\/wp-json\/wp\/v2\/posts\/9473","targetHints":{"allow":["GET"]}}],"collection":[{"href":"https:\/\/buod.de\/de\/wp-json\/wp\/v2\/posts"}],"about":[{"href":"https:\/\/buod.de\/de\/wp-json\/wp\/v2\/types\/post"}],"author":[{"embeddable":true,"href":"https:\/\/buod.de\/de\/wp-json\/wp\/v2\/users\/4"}],"replies":[{"embeddable":true,"href":"https:\/\/buod.de\/de\/wp-json\/wp\/v2\/comments?post=9473"}],"version-history":[{"count":1,"href":"https:\/\/buod.de\/de\/wp-json\/wp\/v2\/posts\/9473\/revisions"}],"predecessor-version":[{"id":9474,"href":"https:\/\/buod.de\/de\/wp-json\/wp\/v2\/posts\/9473\/revisions\/9474"}],"wp:attachment":[{"href":"https:\/\/buod.de\/de\/wp-json\/wp\/v2\/media?parent=9473"}],"wp:term":[{"taxonomy":"category","embeddable":true,"href":"https:\/\/buod.de\/de\/wp-json\/wp\/v2\/categories?post=9473"},{"taxonomy":"post_tag","embeddable":true,"href":"https:\/\/buod.de\/de\/wp-json\/wp\/v2\/tags?post=9473"}],"curies":[{"name":"wp","href":"https:\/\/api.w.org\/{rel}","templated":true}]}}