{"id":9643,"date":"2024-11-17T09:39:00","date_gmt":"2024-11-17T07:39:00","guid":{"rendered":"https:\/\/buod.de\/?p=9643"},"modified":"2024-11-29T09:44:59","modified_gmt":"2024-11-29T07:44:59","slug":"einladung-prasentation-uber-wagner-sandor-oder-alexander-von-wagner-ungarischer-maler-oder-bayerischer-ritter","status":"publish","type":"post","link":"https:\/\/buod.de\/de\/einladung-prasentation-uber-wagner-sandor-oder-alexander-von-wagner-ungarischer-maler-oder-bayerischer-ritter\/","title":{"rendered":"Einladung &#8211; Pr\u00e4sentation \u00fcber &#8222;Wagner S\u00e1ndor oder Alexander von Wagner &#8211; Ungarischer Maler oder bayerischer Ritter -&#8222;"},"content":{"rendered":"<p>Als Vortragenden konnten wir wieder Herrn Janos Wolfart, Kunsthistoriker aus Budapest, gewinnen, der uns durch seinen Vortrag Ober den MalerfOrsten Gyula Benczur im Oktober des letzten Jahres in bester Erinnerung ist. Janos Wolfart wird sich mit uns auf Spurensuche nach dem beinahe in Vergessenheit geratenen groBartigen KOnstler Sandor Wagner begeben&#8230;.<\/p>\n\n\n\n<div data-wp-interactive=\"core\/file\" class=\"wp-block-file\"><object data-wp-bind--hidden=\"!state.hasPdfPreview\" hidden class=\"wp-block-file__embed\" data=\"https:\/\/buod.de\/wp-content\/uploads\/2024\/11\/Sandor_Wagner.pdf\" type=\"application\/pdf\" style=\"width:100%;height:600px\" aria-label=\"Embed of Sandor_Wagner.\"><\/object><a id=\"wp-block-file--media-f52b3e60-11ba-414e-92a9-0add7cff42b4\" href=\"https:\/\/buod.de\/wp-content\/uploads\/2024\/11\/Sandor_Wagner.pdf\">Sandor_Wagner<\/a><a href=\"https:\/\/buod.de\/wp-content\/uploads\/2024\/11\/Sandor_Wagner.pdf\" class=\"wp-block-file__button wp-element-button\" download aria-describedby=\"wp-block-file--media-f52b3e60-11ba-414e-92a9-0add7cff42b4\">Herunterladen<\/a><\/div>","protected":false},"excerpt":{"rendered":"<p>Als Vortragenden konnten wir wieder Herrn Janos Wolfart, Kunsthistoriker aus Budapest, gewinnen, der uns durch seinen Vortrag Ober den MalerfOrsten Gyula Benczur im Oktober des letzten Jahres in bester Erinnerung ist. Janos Wolfart wird sich mit uns auf Spurensuche nach dem beinahe in Vergessenheit geratenen groBartigen KOnstler Sandor Wagner begeben&#8230;.<\/p>","protected":false},"author":4,"featured_media":0,"comment_status":"open","ping_status":"open","sticky":false,"template":"","format":"standard","meta":{"footnotes":""},"categories":[17],"tags":[22],"class_list":["post-9643","post","type-post","status-publish","format-standard","hentry","category-hirek","tag-22"],"yoast_head":"<!-- This site is optimized with the Yoast SEO plugin v27.5 - https:\/\/yoast.com\/product\/yoast-seo-wordpress\/ -->\n<title>Einladung - Pr\u00e4sentation \u00fcber &quot;Wagner S\u00e1ndor oder Alexander von Wagner - Ungarischer Maler oder bayerischer Ritter -&quot; - BUOD<\/title>\n<meta name=\"robots\" content=\"index, follow, max-snippet:-1, max-image-preview:large, max-video-preview:-1\" \/>\n<link rel=\"canonical\" href=\"https:\/\/buod.de\/de\/einladung-prasentation-uber-wagner-sandor-oder-alexander-von-wagner-ungarischer-maler-oder-bayerischer-ritter\/\" \/>\n<meta property=\"og:locale\" content=\"de_DE\" \/>\n<meta property=\"og:type\" content=\"article\" \/>\n<meta property=\"og:title\" content=\"Einladung - Pr\u00e4sentation \u00fcber &quot;Wagner S\u00e1ndor oder Alexander von Wagner - Ungarischer Maler oder bayerischer Ritter -&quot; - BUOD\" \/>\n<meta property=\"og:description\" content=\"Als Vortragenden konnten wir wieder Herrn Janos Wolfart, Kunsthistoriker aus Budapest, gewinnen, der uns durch seinen Vortrag Ober den MalerfOrsten Gyula Benczur im Oktober des letzten Jahres in bester Erinnerung ist. Janos Wolfart wird sich mit uns auf Spurensuche nach dem beinahe in Vergessenheit geratenen groBartigen KOnstler Sandor Wagner begeben&#8230;.\" \/>\n<meta property=\"og:url\" content=\"https:\/\/buod.de\/de\/einladung-prasentation-uber-wagner-sandor-oder-alexander-von-wagner-ungarischer-maler-oder-bayerischer-ritter\/\" \/>\n<meta property=\"og:site_name\" content=\"BUOD\" \/>\n<meta property=\"article:publisher\" content=\"https:\/\/www.facebook.com\/profile.php?id=100082185652397\" \/>\n<meta property=\"article:published_time\" content=\"2024-11-17T07:39:00+00:00\" \/>\n<meta property=\"article:modified_time\" content=\"2024-11-29T07:44:59+00:00\" \/>\n<meta name=\"author\" content=\"Gery V\u00e1rkonyi\" \/>\n<meta name=\"twitter:card\" content=\"summary_large_image\" \/>\n<meta name=\"twitter:label1\" content=\"Written by\" \/>\n\t<meta name=\"twitter:data1\" content=\"Gery V\u00e1rkonyi\" \/>\n<script type=\"application\/ld+json\" class=\"yoast-schema-graph\">{\"@context\":\"https:\\\/\\\/schema.org\",\"@graph\":[{\"@type\":\"Article\",\"@id\":\"https:\\\/\\\/buod.de\\\/einladung-prasentation-uber-wagner-sandor-oder-alexander-von-wagner-ungarischer-maler-oder-bayerischer-ritter\\\/#article\",\"isPartOf\":{\"@id\":\"https:\\\/\\\/buod.de\\\/einladung-prasentation-uber-wagner-sandor-oder-alexander-von-wagner-ungarischer-maler-oder-bayerischer-ritter\\\/\"},\"author\":{\"name\":\"Gery V\u00e1rkonyi\",\"@id\":\"https:\\\/\\\/buod.de\\\/#\\\/schema\\\/person\\\/8332a3e63b017fea8fcd17e9c0f96bf1\"},\"headline\":\"Einladung &#8211; Pr\u00e4sentation \u00fcber &#8222;Wagner S\u00e1ndor oder Alexander von Wagner &#8211; Ungarischer Maler oder bayerischer Ritter -&#8222;\",\"datePublished\":\"2024-11-17T07:39:00+00:00\",\"dateModified\":\"2024-11-29T07:44:59+00:00\",\"mainEntityOfPage\":{\"@id\":\"https:\\\/\\\/buod.de\\\/einladung-prasentation-uber-wagner-sandor-oder-alexander-von-wagner-ungarischer-maler-oder-bayerischer-ritter\\\/\"},\"wordCount\":74,\"commentCount\":0,\"publisher\":{\"@id\":\"https:\\\/\\\/buod.de\\\/#organization\"},\"keywords\":[\"2024\"],\"articleSection\":[\"H\u00edrek\"],\"inLanguage\":\"de-DE\",\"potentialAction\":[{\"@type\":\"CommentAction\",\"name\":\"Comment\",\"target\":[\"https:\\\/\\\/buod.de\\\/einladung-prasentation-uber-wagner-sandor-oder-alexander-von-wagner-ungarischer-maler-oder-bayerischer-ritter\\\/#respond\"]}]},{\"@type\":\"WebPage\",\"@id\":\"https:\\\/\\\/buod.de\\\/einladung-prasentation-uber-wagner-sandor-oder-alexander-von-wagner-ungarischer-maler-oder-bayerischer-ritter\\\/\",\"url\":\"https:\\\/\\\/buod.de\\\/einladung-prasentation-uber-wagner-sandor-oder-alexander-von-wagner-ungarischer-maler-oder-bayerischer-ritter\\\/\",\"name\":\"Einladung - Pr\u00e4sentation \u00fcber \\\"Wagner S\u00e1ndor oder Alexander von Wagner - Ungarischer Maler oder bayerischer Ritter -\\\" - BUOD\",\"isPartOf\":{\"@id\":\"https:\\\/\\\/buod.de\\\/#website\"},\"datePublished\":\"2024-11-17T07:39:00+00:00\",\"dateModified\":\"2024-11-29T07:44:59+00:00\",\"breadcrumb\":{\"@id\":\"https:\\\/\\\/buod.de\\\/einladung-prasentation-uber-wagner-sandor-oder-alexander-von-wagner-ungarischer-maler-oder-bayerischer-ritter\\\/#breadcrumb\"},\"inLanguage\":\"de-DE\",\"potentialAction\":[{\"@type\":\"ReadAction\",\"target\":[\"https:\\\/\\\/buod.de\\\/einladung-prasentation-uber-wagner-sandor-oder-alexander-von-wagner-ungarischer-maler-oder-bayerischer-ritter\\\/\"]}]},{\"@type\":\"BreadcrumbList\",\"@id\":\"https:\\\/\\\/buod.de\\\/einladung-prasentation-uber-wagner-sandor-oder-alexander-von-wagner-ungarischer-maler-oder-bayerischer-ritter\\\/#breadcrumb\",\"itemListElement\":[{\"@type\":\"ListItem\",\"position\":1,\"name\":\"Kezd\u0151lap\",\"item\":\"https:\\\/\\\/buod.de\\\/\"},{\"@type\":\"ListItem\",\"position\":2,\"name\":\"Einladung &#8211; Pr\u00e4sentation \u00fcber &#8222;Wagner S\u00e1ndor oder Alexander von Wagner &#8211; Ungarischer Maler oder bayerischer Ritter -&#8222;\"}]},{\"@type\":\"WebSite\",\"@id\":\"https:\\\/\\\/buod.de\\\/#website\",\"url\":\"https:\\\/\\\/buod.de\\\/\",\"name\":\"BUOD\",\"description\":\"Bund Ungarischer Organisationen in Deutschland\",\"publisher\":{\"@id\":\"https:\\\/\\\/buod.de\\\/#organization\"},\"potentialAction\":[{\"@type\":\"SearchAction\",\"target\":{\"@type\":\"EntryPoint\",\"urlTemplate\":\"https:\\\/\\\/buod.de\\\/?s={search_term_string}\"},\"query-input\":{\"@type\":\"PropertyValueSpecification\",\"valueRequired\":true,\"valueName\":\"search_term_string\"}}],\"inLanguage\":\"de-DE\"},{\"@type\":\"Organization\",\"@id\":\"https:\\\/\\\/buod.de\\\/#organization\",\"name\":\"BUOD\",\"url\":\"https:\\\/\\\/buod.de\\\/\",\"logo\":{\"@type\":\"ImageObject\",\"inLanguage\":\"de-DE\",\"@id\":\"https:\\\/\\\/buod.de\\\/#\\\/schema\\\/logo\\\/image\\\/\",\"url\":\"https:\\\/\\\/buod.de\\\/wp-content\\\/uploads\\\/2024\\\/03\\\/BUOD-logo.png\",\"contentUrl\":\"https:\\\/\\\/buod.de\\\/wp-content\\\/uploads\\\/2024\\\/03\\\/BUOD-logo.png\",\"width\":586,\"height\":490,\"caption\":\"BUOD\"},\"image\":{\"@id\":\"https:\\\/\\\/buod.de\\\/#\\\/schema\\\/logo\\\/image\\\/\"},\"sameAs\":[\"https:\\\/\\\/www.facebook.com\\\/profile.php?id=100082185652397\"]},{\"@type\":\"Person\",\"@id\":\"https:\\\/\\\/buod.de\\\/#\\\/schema\\\/person\\\/8332a3e63b017fea8fcd17e9c0f96bf1\",\"name\":\"Gery V\u00e1rkonyi\",\"image\":{\"@type\":\"ImageObject\",\"inLanguage\":\"de-DE\",\"@id\":\"https:\\\/\\\/secure.gravatar.com\\\/avatar\\\/c1babe7dc68f065be4ec606c522172804715398688c78c6fffca3888b364e934?s=96&d=mm&r=g\",\"url\":\"https:\\\/\\\/secure.gravatar.com\\\/avatar\\\/c1babe7dc68f065be4ec606c522172804715398688c78c6fffca3888b364e934?s=96&d=mm&r=g\",\"contentUrl\":\"https:\\\/\\\/secure.gravatar.com\\\/avatar\\\/c1babe7dc68f065be4ec606c522172804715398688c78c6fffca3888b364e934?s=96&d=mm&r=g\",\"caption\":\"Gery V\u00e1rkonyi\"},\"url\":\"https:\\\/\\\/buod.de\\\/de\\\/author\\\/geryvarkonyi\\\/\"}]}<\/script>\n<!-- \/ Yoast SEO plugin. -->","yoast_head_json":{"title":"Einladung - Pr\u00e4sentation \u00fcber \"Wagner S\u00e1ndor oder Alexander von Wagner - Ungarischer Maler oder bayerischer Ritter -\" - BUOD","robots":{"index":"index","follow":"follow","max-snippet":"max-snippet:-1","max-image-preview":"max-image-preview:large","max-video-preview":"max-video-preview:-1"},"canonical":"https:\/\/buod.de\/de\/einladung-prasentation-uber-wagner-sandor-oder-alexander-von-wagner-ungarischer-maler-oder-bayerischer-ritter\/","og_locale":"de_DE","og_type":"article","og_title":"Einladung - Pr\u00e4sentation \u00fcber \"Wagner S\u00e1ndor oder Alexander von Wagner - Ungarischer Maler oder bayerischer Ritter -\" - BUOD","og_description":"Als Vortragenden konnten wir wieder Herrn Janos Wolfart, Kunsthistoriker aus Budapest, gewinnen, der uns durch seinen Vortrag Ober den MalerfOrsten Gyula Benczur im Oktober des letzten Jahres in bester Erinnerung ist. Janos Wolfart wird sich mit uns auf Spurensuche nach dem beinahe in Vergessenheit geratenen groBartigen KOnstler Sandor Wagner begeben&#8230;.","og_url":"https:\/\/buod.de\/de\/einladung-prasentation-uber-wagner-sandor-oder-alexander-von-wagner-ungarischer-maler-oder-bayerischer-ritter\/","og_site_name":"BUOD","article_publisher":"https:\/\/www.facebook.com\/profile.php?id=100082185652397","article_published_time":"2024-11-17T07:39:00+00:00","article_modified_time":"2024-11-29T07:44:59+00:00","author":"Gery V\u00e1rkonyi","twitter_card":"summary_large_image","twitter_misc":{"Written by":"Gery V\u00e1rkonyi"},"schema":{"@context":"https:\/\/schema.org","@graph":[{"@type":"Article","@id":"https:\/\/buod.de\/einladung-prasentation-uber-wagner-sandor-oder-alexander-von-wagner-ungarischer-maler-oder-bayerischer-ritter\/#article","isPartOf":{"@id":"https:\/\/buod.de\/einladung-prasentation-uber-wagner-sandor-oder-alexander-von-wagner-ungarischer-maler-oder-bayerischer-ritter\/"},"author":{"name":"Gery V\u00e1rkonyi","@id":"https:\/\/buod.de\/#\/schema\/person\/8332a3e63b017fea8fcd17e9c0f96bf1"},"headline":"Einladung &#8211; Pr\u00e4sentation \u00fcber &#8222;Wagner S\u00e1ndor oder Alexander von Wagner &#8211; Ungarischer Maler oder bayerischer Ritter -&#8222;","datePublished":"2024-11-17T07:39:00+00:00","dateModified":"2024-11-29T07:44:59+00:00","mainEntityOfPage":{"@id":"https:\/\/buod.de\/einladung-prasentation-uber-wagner-sandor-oder-alexander-von-wagner-ungarischer-maler-oder-bayerischer-ritter\/"},"wordCount":74,"commentCount":0,"publisher":{"@id":"https:\/\/buod.de\/#organization"},"keywords":["2024"],"articleSection":["H\u00edrek"],"inLanguage":"de-DE","potentialAction":[{"@type":"CommentAction","name":"Comment","target":["https:\/\/buod.de\/einladung-prasentation-uber-wagner-sandor-oder-alexander-von-wagner-ungarischer-maler-oder-bayerischer-ritter\/#respond"]}]},{"@type":"WebPage","@id":"https:\/\/buod.de\/einladung-prasentation-uber-wagner-sandor-oder-alexander-von-wagner-ungarischer-maler-oder-bayerischer-ritter\/","url":"https:\/\/buod.de\/einladung-prasentation-uber-wagner-sandor-oder-alexander-von-wagner-ungarischer-maler-oder-bayerischer-ritter\/","name":"Einladung - Pr\u00e4sentation \u00fcber \"Wagner S\u00e1ndor oder Alexander von Wagner - Ungarischer Maler oder bayerischer Ritter -\" - BUOD","isPartOf":{"@id":"https:\/\/buod.de\/#website"},"datePublished":"2024-11-17T07:39:00+00:00","dateModified":"2024-11-29T07:44:59+00:00","breadcrumb":{"@id":"https:\/\/buod.de\/einladung-prasentation-uber-wagner-sandor-oder-alexander-von-wagner-ungarischer-maler-oder-bayerischer-ritter\/#breadcrumb"},"inLanguage":"de-DE","potentialAction":[{"@type":"ReadAction","target":["https:\/\/buod.de\/einladung-prasentation-uber-wagner-sandor-oder-alexander-von-wagner-ungarischer-maler-oder-bayerischer-ritter\/"]}]},{"@type":"BreadcrumbList","@id":"https:\/\/buod.de\/einladung-prasentation-uber-wagner-sandor-oder-alexander-von-wagner-ungarischer-maler-oder-bayerischer-ritter\/#breadcrumb","itemListElement":[{"@type":"ListItem","position":1,"name":"Kezd\u0151lap","item":"https:\/\/buod.de\/"},{"@type":"ListItem","position":2,"name":"Einladung &#8211; Pr\u00e4sentation \u00fcber &#8222;Wagner S\u00e1ndor oder Alexander von Wagner &#8211; Ungarischer Maler oder bayerischer Ritter -&#8222;"}]},{"@type":"WebSite","@id":"https:\/\/buod.de\/#website","url":"https:\/\/buod.de\/","name":"BUOD","description":"Bund Ungarischer Organisationen in Deutschland","publisher":{"@id":"https:\/\/buod.de\/#organization"},"potentialAction":[{"@type":"SearchAction","target":{"@type":"EntryPoint","urlTemplate":"https:\/\/buod.de\/?s={search_term_string}"},"query-input":{"@type":"PropertyValueSpecification","valueRequired":true,"valueName":"search_term_string"}}],"inLanguage":"de-DE"},{"@type":"Organization","@id":"https:\/\/buod.de\/#organization","name":"BUOD","url":"https:\/\/buod.de\/","logo":{"@type":"ImageObject","inLanguage":"de-DE","@id":"https:\/\/buod.de\/#\/schema\/logo\/image\/","url":"https:\/\/buod.de\/wp-content\/uploads\/2024\/03\/BUOD-logo.png","contentUrl":"https:\/\/buod.de\/wp-content\/uploads\/2024\/03\/BUOD-logo.png","width":586,"height":490,"caption":"BUOD"},"image":{"@id":"https:\/\/buod.de\/#\/schema\/logo\/image\/"},"sameAs":["https:\/\/www.facebook.com\/profile.php?id=100082185652397"]},{"@type":"Person","@id":"https:\/\/buod.de\/#\/schema\/person\/8332a3e63b017fea8fcd17e9c0f96bf1","name":"Gery V\u00e1rkonyi","image":{"@type":"ImageObject","inLanguage":"de-DE","@id":"https:\/\/secure.gravatar.com\/avatar\/c1babe7dc68f065be4ec606c522172804715398688c78c6fffca3888b364e934?s=96&d=mm&r=g","url":"https:\/\/secure.gravatar.com\/avatar\/c1babe7dc68f065be4ec606c522172804715398688c78c6fffca3888b364e934?s=96&d=mm&r=g","contentUrl":"https:\/\/secure.gravatar.com\/avatar\/c1babe7dc68f065be4ec606c522172804715398688c78c6fffca3888b364e934?s=96&d=mm&r=g","caption":"Gery V\u00e1rkonyi"},"url":"https:\/\/buod.de\/de\/author\/geryvarkonyi\/"}]}},"_links":{"self":[{"href":"https:\/\/buod.de\/de\/wp-json\/wp\/v2\/posts\/9643","targetHints":{"allow":["GET"]}}],"collection":[{"href":"https:\/\/buod.de\/de\/wp-json\/wp\/v2\/posts"}],"about":[{"href":"https:\/\/buod.de\/de\/wp-json\/wp\/v2\/types\/post"}],"author":[{"embeddable":true,"href":"https:\/\/buod.de\/de\/wp-json\/wp\/v2\/users\/4"}],"replies":[{"embeddable":true,"href":"https:\/\/buod.de\/de\/wp-json\/wp\/v2\/comments?post=9643"}],"version-history":[{"count":1,"href":"https:\/\/buod.de\/de\/wp-json\/wp\/v2\/posts\/9643\/revisions"}],"predecessor-version":[{"id":9645,"href":"https:\/\/buod.de\/de\/wp-json\/wp\/v2\/posts\/9643\/revisions\/9645"}],"wp:attachment":[{"href":"https:\/\/buod.de\/de\/wp-json\/wp\/v2\/media?parent=9643"}],"wp:term":[{"taxonomy":"category","embeddable":true,"href":"https:\/\/buod.de\/de\/wp-json\/wp\/v2\/categories?post=9643"},{"taxonomy":"post_tag","embeddable":true,"href":"https:\/\/buod.de\/de\/wp-json\/wp\/v2\/tags?post=9643"}],"curies":[{"name":"wp","href":"https:\/\/api.w.org\/{rel}","templated":true}]}}