{"id":9756,"date":"2024-12-03T11:26:01","date_gmt":"2024-12-03T09:26:01","guid":{"rendered":"https:\/\/buod.de\/?p=9756"},"modified":"2024-12-10T11:28:07","modified_gmt":"2024-12-10T09:28:07","slug":"csaladi-delutan-nurnbergben","status":"publish","type":"post","link":"https:\/\/buod.de\/de\/csaladi-delutan-nurnbergben\/","title":{"rendered":"Csal\u00e1di d\u00e9lut\u00e1n N\u00fcrnbergben"},"content":{"rendered":"<p><\/p>\n\n\n\n<p>A n\u00fcrnbergi magyar k\u00f6z\u00f6ss\u00e9g \u00e9let\u00e9ben fontos szerepet t\u00f6ltenek be a csal\u00e1dok. Okt\u00f3ber 12-\u00e9n d\u00e9lut\u00e1n az id\u00e9n 55 \u00e9ves N\u00fcrnbergi Magyar Kult\u00faregyes\u00fclet \u0151szi tematik\u00e1j\u00fa csal\u00e1di napot rendezett a St. Otto templom gy\u00fclekezeti term\u00e9ben. K\u00fcl\u00f6n k\u00f6sz\u00f6net illeti a d\u00e9lut\u00e1n szervez\u00e9s\u00e9ben \u00e9s lebonyol\u00edt\u00e1s\u00e1ban Horv\u00e1th Be\u00e1t.<\/p>\n\n\n\n<p>Az esem\u00e9nyen r\u00e9sztvev\u0151 csal\u00e1dok k\u00e9zm\u0171ves foglalkoz\u00e1sokon vehettek r\u00e9szt. K\u00f6nyvbaz\u00e1rban mindenki kedv\u00e9re v\u00e1logathatott a magyar \u00e9s vil\u00e1girodalom gy\u00f6ngyszemei k\u00f6z\u00fcl, a kisgyermekes sz\u00fcl\u0151k sz\u00e1m\u00e1ra mesek\u00f6nyvek v\u00e1s\u00e1rl\u00e1s\u00e1ra is volt lehet\u0151s\u00e9g.<\/p>\n\n\n\n<p>&nbsp;A d\u00e9lut\u00e1n folyam\u00e1n Szurgyi Gergely git\u00e1rm\u0171v\u00e9sz koncertj\u00e9n a renesz\u00e1nsz kor zen\u00e9j\u00e9be nyerhett\u00fcnk betekint\u00e9st, a koncertet hangszerbemutat\u00f3 k\u00f6vette, amelyen megismerhett\u00fck a hangszer soksz\u00edn\u0171s\u00e9g\u00e9t, a benne rejl\u0151 lehet\u0151s\u00e9geket. V\u00e9g\u00fcl a r\u00e9sztvev\u0151 gyermekek \u00e9s n\u00e9h\u00e1ny lelkes sz\u00fcl\u0151 a kez\u00e9be is vette a hangszert. Az esem\u00e9ny r\u00f6gt\u00f6nz\u00f6tt gyerekt\u00e1nch\u00e1zzal z\u00e1rult, Szekeres Rita \u00c1gnes KCSP \u00f6szt\u00f6nd\u00edjas vezet\u00e9s\u00e9vel. Aki a d\u00e9lut\u00e1n folyam\u00e1n \u00e9hs\u00e9g\u00e9t vagy szomj\u00e1t szerette volna csillap\u00edtani, v\u00e1logathatott a b\u00fcf\u00e9 soksz\u00edn\u0171 k\u00edn\u00e1lat\u00e1b\u00f3l. J\u00f3 volt l\u00e1tni, hogy az esem\u00e9nyen t\u00f6bb h\u00e1romgener\u00e1ci\u00f3s csal\u00e1d is k\u00e9pviseltette mag\u00e1t.<\/p>\n\n\n\n<p>\u00dcdv\u00f6zlettel, Avas Bendeg\u00faz<\/p>\n\n\n\n<figure class=\"wp-block-gallery has-nested-images columns-default is-cropped wp-block-gallery-1 is-layout-flex wp-block-gallery-is-layout-flex\">\n<figure class=\"wp-block-image size-large\"><img loading=\"lazy\" decoding=\"async\" width=\"1024\" height=\"768\" data-id=\"9757\" src=\"https:\/\/buod.de\/wp-content\/uploads\/2024\/12\/462564120_2052876688465963_3780467039089015828_n-1024x768.jpg\" alt=\"\" class=\"wp-image-9757\" srcset=\"https:\/\/buod.de\/wp-content\/uploads\/2024\/12\/462564120_2052876688465963_3780467039089015828_n-1024x768.jpg 1024w, https:\/\/buod.de\/wp-content\/uploads\/2024\/12\/462564120_2052876688465963_3780467039089015828_n-300x225.jpg 300w, https:\/\/buod.de\/wp-content\/uploads\/2024\/12\/462564120_2052876688465963_3780467039089015828_n-768x576.jpg 768w, https:\/\/buod.de\/wp-content\/uploads\/2024\/12\/462564120_2052876688465963_3780467039089015828_n-1536x1152.jpg 1536w, https:\/\/buod.de\/wp-content\/uploads\/2024\/12\/462564120_2052876688465963_3780467039089015828_n-16x12.jpg 16w, https:\/\/buod.de\/wp-content\/uploads\/2024\/12\/462564120_2052876688465963_3780467039089015828_n.jpg 2040w\" sizes=\"auto, (max-width: 1024px) 100vw, 1024px\" \/><\/figure>\n\n\n\n<figure class=\"wp-block-image size-large\"><img loading=\"lazy\" decoding=\"async\" width=\"768\" height=\"1024\" data-id=\"9759\" src=\"https:\/\/buod.de\/wp-content\/uploads\/2024\/12\/463224114_2514251102104544_4801792214662091712_n-768x1024.jpg\" alt=\"\" class=\"wp-image-9759\" srcset=\"https:\/\/buod.de\/wp-content\/uploads\/2024\/12\/463224114_2514251102104544_4801792214662091712_n-768x1024.jpg 768w, https:\/\/buod.de\/wp-content\/uploads\/2024\/12\/463224114_2514251102104544_4801792214662091712_n-225x300.jpg 225w, https:\/\/buod.de\/wp-content\/uploads\/2024\/12\/463224114_2514251102104544_4801792214662091712_n-1152x1536.jpg 1152w, https:\/\/buod.de\/wp-content\/uploads\/2024\/12\/463224114_2514251102104544_4801792214662091712_n-9x12.jpg 9w, https:\/\/buod.de\/wp-content\/uploads\/2024\/12\/463224114_2514251102104544_4801792214662091712_n.jpg 1530w\" sizes=\"auto, (max-width: 768px) 100vw, 768px\" \/><\/figure>\n\n\n\n<figure class=\"wp-block-image size-large\"><img loading=\"lazy\" decoding=\"async\" width=\"768\" height=\"1024\" data-id=\"9758\" src=\"https:\/\/buod.de\/wp-content\/uploads\/2024\/12\/462581864_2453208411550282_5608697655597861204_n-768x1024.jpg\" alt=\"\" class=\"wp-image-9758\" srcset=\"https:\/\/buod.de\/wp-content\/uploads\/2024\/12\/462581864_2453208411550282_5608697655597861204_n-768x1024.jpg 768w, https:\/\/buod.de\/wp-content\/uploads\/2024\/12\/462581864_2453208411550282_5608697655597861204_n-225x300.jpg 225w, https:\/\/buod.de\/wp-content\/uploads\/2024\/12\/462581864_2453208411550282_5608697655597861204_n-1152x1536.jpg 1152w, https:\/\/buod.de\/wp-content\/uploads\/2024\/12\/462581864_2453208411550282_5608697655597861204_n-9x12.jpg 9w, https:\/\/buod.de\/wp-content\/uploads\/2024\/12\/462581864_2453208411550282_5608697655597861204_n.jpg 1530w\" sizes=\"auto, (max-width: 768px) 100vw, 768px\" \/><\/figure>\n<\/figure>","protected":false},"excerpt":{"rendered":"<p>A n\u00fcrnbergi magyar k\u00f6z\u00f6ss\u00e9g \u00e9let\u00e9ben fontos szerepet t\u00f6ltenek be a csal\u00e1dok. Okt\u00f3ber 12-\u00e9n d\u00e9lut\u00e1n az id\u00e9n 55 \u00e9ves N\u00fcrnbergi Magyar Kult\u00faregyes\u00fclet \u0151szi tematik\u00e1j\u00fa csal\u00e1di napot rendezett a St. Otto templom gy\u00fclekezeti term\u00e9ben. K\u00fcl\u00f6n k\u00f6sz\u00f6net illeti a d\u00e9lut\u00e1n szervez\u00e9s\u00e9ben \u00e9s lebonyol\u00edt\u00e1s\u00e1ban Horv\u00e1th Be\u00e1t. Az esem\u00e9nyen r\u00e9sztvev\u0151 csal\u00e1dok k\u00e9zm\u0171ves foglalkoz\u00e1sokon vehettek r\u00e9szt. K\u00f6nyvbaz\u00e1rban mindenki kedv\u00e9re v\u00e1logathatott a [&hellip;]<\/p>\n","protected":false},"author":4,"featured_media":9757,"comment_status":"open","ping_status":"open","sticky":false,"template":"","format":"standard","meta":{"footnotes":""},"categories":[17],"tags":[22],"class_list":["post-9756","post","type-post","status-publish","format-standard","has-post-thumbnail","hentry","category-hirek","tag-22"],"yoast_head":"<!-- This site is optimized with the Yoast SEO plugin v27.5 - https:\/\/yoast.com\/product\/yoast-seo-wordpress\/ -->\n<title>Csal\u00e1di d\u00e9lut\u00e1n N\u00fcrnbergben - BUOD<\/title>\n<meta name=\"robots\" content=\"index, follow, max-snippet:-1, max-image-preview:large, max-video-preview:-1\" \/>\n<link rel=\"canonical\" href=\"https:\/\/buod.de\/de\/csaladi-delutan-nurnbergben\/\" \/>\n<meta property=\"og:locale\" content=\"de_DE\" \/>\n<meta property=\"og:type\" content=\"article\" \/>\n<meta property=\"og:title\" content=\"Csal\u00e1di d\u00e9lut\u00e1n N\u00fcrnbergben - BUOD\" \/>\n<meta property=\"og:description\" content=\"A n\u00fcrnbergi magyar k\u00f6z\u00f6ss\u00e9g \u00e9let\u00e9ben fontos szerepet t\u00f6ltenek be a csal\u00e1dok. Okt\u00f3ber 12-\u00e9n d\u00e9lut\u00e1n az id\u00e9n 55 \u00e9ves N\u00fcrnbergi Magyar Kult\u00faregyes\u00fclet \u0151szi tematik\u00e1j\u00fa csal\u00e1di napot rendezett a St. Otto templom gy\u00fclekezeti term\u00e9ben. K\u00fcl\u00f6n k\u00f6sz\u00f6net illeti a d\u00e9lut\u00e1n szervez\u00e9s\u00e9ben \u00e9s lebonyol\u00edt\u00e1s\u00e1ban Horv\u00e1th Be\u00e1t. Az esem\u00e9nyen r\u00e9sztvev\u0151 csal\u00e1dok k\u00e9zm\u0171ves foglalkoz\u00e1sokon vehettek r\u00e9szt. K\u00f6nyvbaz\u00e1rban mindenki kedv\u00e9re v\u00e1logathatott a [&hellip;]\" \/>\n<meta property=\"og:url\" content=\"https:\/\/buod.de\/de\/csaladi-delutan-nurnbergben\/\" \/>\n<meta property=\"og:site_name\" content=\"BUOD\" \/>\n<meta property=\"article:publisher\" content=\"https:\/\/www.facebook.com\/profile.php?id=100082185652397\" \/>\n<meta property=\"article:published_time\" content=\"2024-12-03T09:26:01+00:00\" \/>\n<meta property=\"article:modified_time\" content=\"2024-12-10T09:28:07+00:00\" \/>\n<meta property=\"og:image\" content=\"https:\/\/buod.de\/wp-content\/uploads\/2024\/12\/462564120_2052876688465963_3780467039089015828_n.jpg\" \/>\n\t<meta property=\"og:image:width\" content=\"2040\" \/>\n\t<meta property=\"og:image:height\" content=\"1530\" \/>\n\t<meta property=\"og:image:type\" content=\"image\/jpeg\" \/>\n<meta name=\"author\" content=\"Gery V\u00e1rkonyi\" \/>\n<meta name=\"twitter:card\" content=\"summary_large_image\" \/>\n<meta name=\"twitter:label1\" content=\"Written by\" \/>\n\t<meta name=\"twitter:data1\" content=\"Gery V\u00e1rkonyi\" \/>\n\t<meta name=\"twitter:label2\" content=\"Est. reading time\" \/>\n\t<meta name=\"twitter:data2\" content=\"1 minute\" \/>\n<script type=\"application\/ld+json\" class=\"yoast-schema-graph\">{\"@context\":\"https:\\\/\\\/schema.org\",\"@graph\":[{\"@type\":\"Article\",\"@id\":\"https:\\\/\\\/buod.de\\\/csaladi-delutan-nurnbergben\\\/#article\",\"isPartOf\":{\"@id\":\"https:\\\/\\\/buod.de\\\/csaladi-delutan-nurnbergben\\\/\"},\"author\":{\"name\":\"Gery V\u00e1rkonyi\",\"@id\":\"https:\\\/\\\/buod.de\\\/#\\\/schema\\\/person\\\/8332a3e63b017fea8fcd17e9c0f96bf1\"},\"headline\":\"Csal\u00e1di d\u00e9lut\u00e1n N\u00fcrnbergben\",\"datePublished\":\"2024-12-03T09:26:01+00:00\",\"dateModified\":\"2024-12-10T09:28:07+00:00\",\"mainEntityOfPage\":{\"@id\":\"https:\\\/\\\/buod.de\\\/csaladi-delutan-nurnbergben\\\/\"},\"wordCount\":278,\"commentCount\":0,\"publisher\":{\"@id\":\"https:\\\/\\\/buod.de\\\/#organization\"},\"image\":{\"@id\":\"https:\\\/\\\/buod.de\\\/csaladi-delutan-nurnbergben\\\/#primaryimage\"},\"thumbnailUrl\":\"https:\\\/\\\/buod.de\\\/wp-content\\\/uploads\\\/2024\\\/12\\\/462564120_2052876688465963_3780467039089015828_n.jpg\",\"keywords\":[\"2024\"],\"articleSection\":[\"H\u00edrek\"],\"inLanguage\":\"de-DE\",\"potentialAction\":[{\"@type\":\"CommentAction\",\"name\":\"Comment\",\"target\":[\"https:\\\/\\\/buod.de\\\/csaladi-delutan-nurnbergben\\\/#respond\"]}]},{\"@type\":\"WebPage\",\"@id\":\"https:\\\/\\\/buod.de\\\/csaladi-delutan-nurnbergben\\\/\",\"url\":\"https:\\\/\\\/buod.de\\\/csaladi-delutan-nurnbergben\\\/\",\"name\":\"Csal\u00e1di d\u00e9lut\u00e1n N\u00fcrnbergben - BUOD\",\"isPartOf\":{\"@id\":\"https:\\\/\\\/buod.de\\\/#website\"},\"primaryImageOfPage\":{\"@id\":\"https:\\\/\\\/buod.de\\\/csaladi-delutan-nurnbergben\\\/#primaryimage\"},\"image\":{\"@id\":\"https:\\\/\\\/buod.de\\\/csaladi-delutan-nurnbergben\\\/#primaryimage\"},\"thumbnailUrl\":\"https:\\\/\\\/buod.de\\\/wp-content\\\/uploads\\\/2024\\\/12\\\/462564120_2052876688465963_3780467039089015828_n.jpg\",\"datePublished\":\"2024-12-03T09:26:01+00:00\",\"dateModified\":\"2024-12-10T09:28:07+00:00\",\"breadcrumb\":{\"@id\":\"https:\\\/\\\/buod.de\\\/csaladi-delutan-nurnbergben\\\/#breadcrumb\"},\"inLanguage\":\"de-DE\",\"potentialAction\":[{\"@type\":\"ReadAction\",\"target\":[\"https:\\\/\\\/buod.de\\\/csaladi-delutan-nurnbergben\\\/\"]}]},{\"@type\":\"ImageObject\",\"inLanguage\":\"de-DE\",\"@id\":\"https:\\\/\\\/buod.de\\\/csaladi-delutan-nurnbergben\\\/#primaryimage\",\"url\":\"https:\\\/\\\/buod.de\\\/wp-content\\\/uploads\\\/2024\\\/12\\\/462564120_2052876688465963_3780467039089015828_n.jpg\",\"contentUrl\":\"https:\\\/\\\/buod.de\\\/wp-content\\\/uploads\\\/2024\\\/12\\\/462564120_2052876688465963_3780467039089015828_n.jpg\",\"width\":2040,\"height\":1530},{\"@type\":\"BreadcrumbList\",\"@id\":\"https:\\\/\\\/buod.de\\\/csaladi-delutan-nurnbergben\\\/#breadcrumb\",\"itemListElement\":[{\"@type\":\"ListItem\",\"position\":1,\"name\":\"Kezd\u0151lap\",\"item\":\"https:\\\/\\\/buod.de\\\/\"},{\"@type\":\"ListItem\",\"position\":2,\"name\":\"Csal\u00e1di d\u00e9lut\u00e1n N\u00fcrnbergben\"}]},{\"@type\":\"WebSite\",\"@id\":\"https:\\\/\\\/buod.de\\\/#website\",\"url\":\"https:\\\/\\\/buod.de\\\/\",\"name\":\"BUOD\",\"description\":\"Bund Ungarischer Organisationen in Deutschland\",\"publisher\":{\"@id\":\"https:\\\/\\\/buod.de\\\/#organization\"},\"potentialAction\":[{\"@type\":\"SearchAction\",\"target\":{\"@type\":\"EntryPoint\",\"urlTemplate\":\"https:\\\/\\\/buod.de\\\/?s={search_term_string}\"},\"query-input\":{\"@type\":\"PropertyValueSpecification\",\"valueRequired\":true,\"valueName\":\"search_term_string\"}}],\"inLanguage\":\"de-DE\"},{\"@type\":\"Organization\",\"@id\":\"https:\\\/\\\/buod.de\\\/#organization\",\"name\":\"BUOD\",\"url\":\"https:\\\/\\\/buod.de\\\/\",\"logo\":{\"@type\":\"ImageObject\",\"inLanguage\":\"de-DE\",\"@id\":\"https:\\\/\\\/buod.de\\\/#\\\/schema\\\/logo\\\/image\\\/\",\"url\":\"https:\\\/\\\/buod.de\\\/wp-content\\\/uploads\\\/2024\\\/03\\\/BUOD-logo.png\",\"contentUrl\":\"https:\\\/\\\/buod.de\\\/wp-content\\\/uploads\\\/2024\\\/03\\\/BUOD-logo.png\",\"width\":586,\"height\":490,\"caption\":\"BUOD\"},\"image\":{\"@id\":\"https:\\\/\\\/buod.de\\\/#\\\/schema\\\/logo\\\/image\\\/\"},\"sameAs\":[\"https:\\\/\\\/www.facebook.com\\\/profile.php?id=100082185652397\"]},{\"@type\":\"Person\",\"@id\":\"https:\\\/\\\/buod.de\\\/#\\\/schema\\\/person\\\/8332a3e63b017fea8fcd17e9c0f96bf1\",\"name\":\"Gery V\u00e1rkonyi\",\"image\":{\"@type\":\"ImageObject\",\"inLanguage\":\"de-DE\",\"@id\":\"https:\\\/\\\/secure.gravatar.com\\\/avatar\\\/c1babe7dc68f065be4ec606c522172804715398688c78c6fffca3888b364e934?s=96&d=mm&r=g\",\"url\":\"https:\\\/\\\/secure.gravatar.com\\\/avatar\\\/c1babe7dc68f065be4ec606c522172804715398688c78c6fffca3888b364e934?s=96&d=mm&r=g\",\"contentUrl\":\"https:\\\/\\\/secure.gravatar.com\\\/avatar\\\/c1babe7dc68f065be4ec606c522172804715398688c78c6fffca3888b364e934?s=96&d=mm&r=g\",\"caption\":\"Gery V\u00e1rkonyi\"},\"url\":\"https:\\\/\\\/buod.de\\\/de\\\/author\\\/geryvarkonyi\\\/\"}]}<\/script>\n<!-- \/ Yoast SEO plugin. -->","yoast_head_json":{"title":"Csal\u00e1di d\u00e9lut\u00e1n N\u00fcrnbergben - BUOD","robots":{"index":"index","follow":"follow","max-snippet":"max-snippet:-1","max-image-preview":"max-image-preview:large","max-video-preview":"max-video-preview:-1"},"canonical":"https:\/\/buod.de\/de\/csaladi-delutan-nurnbergben\/","og_locale":"de_DE","og_type":"article","og_title":"Csal\u00e1di d\u00e9lut\u00e1n N\u00fcrnbergben - BUOD","og_description":"A n\u00fcrnbergi magyar k\u00f6z\u00f6ss\u00e9g \u00e9let\u00e9ben fontos szerepet t\u00f6ltenek be a csal\u00e1dok. Okt\u00f3ber 12-\u00e9n d\u00e9lut\u00e1n az id\u00e9n 55 \u00e9ves N\u00fcrnbergi Magyar Kult\u00faregyes\u00fclet \u0151szi tematik\u00e1j\u00fa csal\u00e1di napot rendezett a St. Otto templom gy\u00fclekezeti term\u00e9ben. K\u00fcl\u00f6n k\u00f6sz\u00f6net illeti a d\u00e9lut\u00e1n szervez\u00e9s\u00e9ben \u00e9s lebonyol\u00edt\u00e1s\u00e1ban Horv\u00e1th Be\u00e1t. Az esem\u00e9nyen r\u00e9sztvev\u0151 csal\u00e1dok k\u00e9zm\u0171ves foglalkoz\u00e1sokon vehettek r\u00e9szt. K\u00f6nyvbaz\u00e1rban mindenki kedv\u00e9re v\u00e1logathatott a [&hellip;]","og_url":"https:\/\/buod.de\/de\/csaladi-delutan-nurnbergben\/","og_site_name":"BUOD","article_publisher":"https:\/\/www.facebook.com\/profile.php?id=100082185652397","article_published_time":"2024-12-03T09:26:01+00:00","article_modified_time":"2024-12-10T09:28:07+00:00","og_image":[{"width":2040,"height":1530,"url":"https:\/\/buod.de\/wp-content\/uploads\/2024\/12\/462564120_2052876688465963_3780467039089015828_n.jpg","type":"image\/jpeg"}],"author":"Gery V\u00e1rkonyi","twitter_card":"summary_large_image","twitter_misc":{"Written by":"Gery V\u00e1rkonyi","Est. reading time":"1 minute"},"schema":{"@context":"https:\/\/schema.org","@graph":[{"@type":"Article","@id":"https:\/\/buod.de\/csaladi-delutan-nurnbergben\/#article","isPartOf":{"@id":"https:\/\/buod.de\/csaladi-delutan-nurnbergben\/"},"author":{"name":"Gery V\u00e1rkonyi","@id":"https:\/\/buod.de\/#\/schema\/person\/8332a3e63b017fea8fcd17e9c0f96bf1"},"headline":"Csal\u00e1di d\u00e9lut\u00e1n N\u00fcrnbergben","datePublished":"2024-12-03T09:26:01+00:00","dateModified":"2024-12-10T09:28:07+00:00","mainEntityOfPage":{"@id":"https:\/\/buod.de\/csaladi-delutan-nurnbergben\/"},"wordCount":278,"commentCount":0,"publisher":{"@id":"https:\/\/buod.de\/#organization"},"image":{"@id":"https:\/\/buod.de\/csaladi-delutan-nurnbergben\/#primaryimage"},"thumbnailUrl":"https:\/\/buod.de\/wp-content\/uploads\/2024\/12\/462564120_2052876688465963_3780467039089015828_n.jpg","keywords":["2024"],"articleSection":["H\u00edrek"],"inLanguage":"de-DE","potentialAction":[{"@type":"CommentAction","name":"Comment","target":["https:\/\/buod.de\/csaladi-delutan-nurnbergben\/#respond"]}]},{"@type":"WebPage","@id":"https:\/\/buod.de\/csaladi-delutan-nurnbergben\/","url":"https:\/\/buod.de\/csaladi-delutan-nurnbergben\/","name":"Csal\u00e1di d\u00e9lut\u00e1n N\u00fcrnbergben - BUOD","isPartOf":{"@id":"https:\/\/buod.de\/#website"},"primaryImageOfPage":{"@id":"https:\/\/buod.de\/csaladi-delutan-nurnbergben\/#primaryimage"},"image":{"@id":"https:\/\/buod.de\/csaladi-delutan-nurnbergben\/#primaryimage"},"thumbnailUrl":"https:\/\/buod.de\/wp-content\/uploads\/2024\/12\/462564120_2052876688465963_3780467039089015828_n.jpg","datePublished":"2024-12-03T09:26:01+00:00","dateModified":"2024-12-10T09:28:07+00:00","breadcrumb":{"@id":"https:\/\/buod.de\/csaladi-delutan-nurnbergben\/#breadcrumb"},"inLanguage":"de-DE","potentialAction":[{"@type":"ReadAction","target":["https:\/\/buod.de\/csaladi-delutan-nurnbergben\/"]}]},{"@type":"ImageObject","inLanguage":"de-DE","@id":"https:\/\/buod.de\/csaladi-delutan-nurnbergben\/#primaryimage","url":"https:\/\/buod.de\/wp-content\/uploads\/2024\/12\/462564120_2052876688465963_3780467039089015828_n.jpg","contentUrl":"https:\/\/buod.de\/wp-content\/uploads\/2024\/12\/462564120_2052876688465963_3780467039089015828_n.jpg","width":2040,"height":1530},{"@type":"BreadcrumbList","@id":"https:\/\/buod.de\/csaladi-delutan-nurnbergben\/#breadcrumb","itemListElement":[{"@type":"ListItem","position":1,"name":"Kezd\u0151lap","item":"https:\/\/buod.de\/"},{"@type":"ListItem","position":2,"name":"Csal\u00e1di d\u00e9lut\u00e1n N\u00fcrnbergben"}]},{"@type":"WebSite","@id":"https:\/\/buod.de\/#website","url":"https:\/\/buod.de\/","name":"BUOD","description":"Bund Ungarischer Organisationen in Deutschland","publisher":{"@id":"https:\/\/buod.de\/#organization"},"potentialAction":[{"@type":"SearchAction","target":{"@type":"EntryPoint","urlTemplate":"https:\/\/buod.de\/?s={search_term_string}"},"query-input":{"@type":"PropertyValueSpecification","valueRequired":true,"valueName":"search_term_string"}}],"inLanguage":"de-DE"},{"@type":"Organization","@id":"https:\/\/buod.de\/#organization","name":"BUOD","url":"https:\/\/buod.de\/","logo":{"@type":"ImageObject","inLanguage":"de-DE","@id":"https:\/\/buod.de\/#\/schema\/logo\/image\/","url":"https:\/\/buod.de\/wp-content\/uploads\/2024\/03\/BUOD-logo.png","contentUrl":"https:\/\/buod.de\/wp-content\/uploads\/2024\/03\/BUOD-logo.png","width":586,"height":490,"caption":"BUOD"},"image":{"@id":"https:\/\/buod.de\/#\/schema\/logo\/image\/"},"sameAs":["https:\/\/www.facebook.com\/profile.php?id=100082185652397"]},{"@type":"Person","@id":"https:\/\/buod.de\/#\/schema\/person\/8332a3e63b017fea8fcd17e9c0f96bf1","name":"Gery V\u00e1rkonyi","image":{"@type":"ImageObject","inLanguage":"de-DE","@id":"https:\/\/secure.gravatar.com\/avatar\/c1babe7dc68f065be4ec606c522172804715398688c78c6fffca3888b364e934?s=96&d=mm&r=g","url":"https:\/\/secure.gravatar.com\/avatar\/c1babe7dc68f065be4ec606c522172804715398688c78c6fffca3888b364e934?s=96&d=mm&r=g","contentUrl":"https:\/\/secure.gravatar.com\/avatar\/c1babe7dc68f065be4ec606c522172804715398688c78c6fffca3888b364e934?s=96&d=mm&r=g","caption":"Gery V\u00e1rkonyi"},"url":"https:\/\/buod.de\/de\/author\/geryvarkonyi\/"}]}},"_links":{"self":[{"href":"https:\/\/buod.de\/de\/wp-json\/wp\/v2\/posts\/9756","targetHints":{"allow":["GET"]}}],"collection":[{"href":"https:\/\/buod.de\/de\/wp-json\/wp\/v2\/posts"}],"about":[{"href":"https:\/\/buod.de\/de\/wp-json\/wp\/v2\/types\/post"}],"author":[{"embeddable":true,"href":"https:\/\/buod.de\/de\/wp-json\/wp\/v2\/users\/4"}],"replies":[{"embeddable":true,"href":"https:\/\/buod.de\/de\/wp-json\/wp\/v2\/comments?post=9756"}],"version-history":[{"count":1,"href":"https:\/\/buod.de\/de\/wp-json\/wp\/v2\/posts\/9756\/revisions"}],"predecessor-version":[{"id":9760,"href":"https:\/\/buod.de\/de\/wp-json\/wp\/v2\/posts\/9756\/revisions\/9760"}],"wp:featuredmedia":[{"embeddable":true,"href":"https:\/\/buod.de\/de\/wp-json\/wp\/v2\/media\/9757"}],"wp:attachment":[{"href":"https:\/\/buod.de\/de\/wp-json\/wp\/v2\/media?parent=9756"}],"wp:term":[{"taxonomy":"category","embeddable":true,"href":"https:\/\/buod.de\/de\/wp-json\/wp\/v2\/categories?post=9756"},{"taxonomy":"post_tag","embeddable":true,"href":"https:\/\/buod.de\/de\/wp-json\/wp\/v2\/tags?post=9756"}],"curies":[{"name":"wp","href":"https:\/\/api.w.org\/{rel}","templated":true}]}}