{"id":9802,"date":"2024-12-11T19:07:24","date_gmt":"2024-12-11T17:07:24","guid":{"rendered":"https:\/\/buod.de\/?p=9802"},"modified":"2024-12-20T19:43:10","modified_gmt":"2024-12-20T17:43:10","slug":"nyari-hangulat-a-framahei-oszi-taborban","status":"publish","type":"post","link":"https:\/\/buod.de\/de\/nyari-hangulat-a-framahei-oszi-taborban\/","title":{"rendered":"Ny\u00e1ri hangulat a FraMaHei \u0151szi t\u00e1borban"},"content":{"rendered":"<p>November 22-24. k\u00f6z\u00f6tt ker\u00fclt megrendez\u00e9sre a FraMaHei \u0151szi t\u00e1bor, amely a frankfurti, mainzi \u00e9s heidelbergi cserk\u00e9szcsapatok k\u00f6z\u00f6s t\u00e1bora volt, \u00e9s amelynek Weidenthal adott otthont. A t\u00e1bor t\u00e9m\u00e1ja a Sziget fesztiv\u00e1l volt, e k\u00f6r\u00e9 szervez\u0151d\u00f6tt sz\u00e1mos program, \u00edgy ker\u00fclhett\u00fcnk a hideg id\u0151ben is ny\u00e1ri hangulatba.<\/p>\n\n\n\n<p>A h\u00e1rom cserk\u00e9szcsapat 2018 \u00f3ta nem t\u00e1borozott egy\u00fctt, \u00edgy nagy \u00f6r\u00f6m volt, hogy ism\u00e9t megval\u00f3sulhatott ez a t\u00e1bor, melyen v\u00e9g\u00fcl 120 gyermek vett r\u00e9szt. A t\u00e1boroz\u00f3k p\u00e9ntek este \u00e9rkeztek meg, amikor is a z\u00e1szl\u00f3felvon\u00e1st \u00e9s a vacsor\u00e1t k\u00f6vet\u0151en bele is cs\u00f6ppentek a Sziget fesztiv\u00e1l vil\u00e1g\u00e1ba. A t\u00e1bort\u0171z alatt az \u00e9nekek k\u00f6zben egy h\u00edres magyar \u00e9nekes t\u00f6rt\u00e9nete bontakozott ki, aki inkognit\u00f3ban akar maradni a rajong\u00f3i el\u0151tt, hogy v\u00e9gre maga is \u00e9lvezhesse a fesztiv\u00e1lt \u00e9s a koncerteket.<\/p>\n\n\n\n<figure data-wp-context=\"{&quot;imageId&quot;:&quot;69f528e4395f7&quot;}\" data-wp-interactive=\"core\/image\" data-wp-key=\"69f528e4395f7\" class=\"wp-block-image size-large wp-lightbox-container\"><img loading=\"lazy\" decoding=\"async\" width=\"1024\" height=\"683\" data-wp-class--hide=\"state.isContentHidden\" data-wp-class--show=\"state.isContentVisible\" data-wp-init=\"callbacks.setButtonStyles\" data-wp-on--click=\"actions.showLightbox\" data-wp-on--load=\"callbacks.setButtonStyles\" data-wp-on-window--resize=\"callbacks.setButtonStyles\" src=\"https:\/\/buod.de\/wp-content\/uploads\/2024\/12\/FraMaHei-oszi-tabor-3-1024x683.jpg\" alt=\"\" class=\"wp-image-9804\" srcset=\"https:\/\/buod.de\/wp-content\/uploads\/2024\/12\/FraMaHei-oszi-tabor-3-1024x683.jpg 1024w, https:\/\/buod.de\/wp-content\/uploads\/2024\/12\/FraMaHei-oszi-tabor-3-300x200.jpg 300w, https:\/\/buod.de\/wp-content\/uploads\/2024\/12\/FraMaHei-oszi-tabor-3-768x512.jpg 768w, https:\/\/buod.de\/wp-content\/uploads\/2024\/12\/FraMaHei-oszi-tabor-3-1536x1024.jpg 1536w, https:\/\/buod.de\/wp-content\/uploads\/2024\/12\/FraMaHei-oszi-tabor-3-2048x1365.jpg 2048w, https:\/\/buod.de\/wp-content\/uploads\/2024\/12\/FraMaHei-oszi-tabor-3-18x12.jpg 18w\" sizes=\"auto, (max-width: 1024px) 100vw, 1024px\" \/><button\n\t\t\tclass=\"lightbox-trigger\"\n\t\t\ttype=\"button\"\n\t\t\taria-haspopup=\"dialog\"\n\t\t\taria-label=\"Enlarge\"\n\t\t\tdata-wp-init=\"callbacks.initTriggerButton\"\n\t\t\tdata-wp-on--click=\"actions.showLightbox\"\n\t\t\tdata-wp-style--right=\"state.imageButtonRight\"\n\t\t\tdata-wp-style--top=\"state.imageButtonTop\"\n\t\t>\n\t\t\t<svg xmlns=\"http:\/\/www.w3.org\/2000\/svg\" width=\"12\" height=\"12\" fill=\"none\" viewbox=\"0 0 12 12\">\n\t\t\t\t<path fill=\"#fff\" d=\"M2 0a2 2 0 0 0-2 2v2h1.5V2a.5.5 0 0 1 .5-.5h2V0H2Zm2 10.5H2a.5.5 0 0 1-.5-.5V8H0v2a2 2 0 0 0 2 2h2v-1.5ZM8 12v-1.5h2a.5.5 0 0 0 .5-.5V8H12v2a2 2 0 0 1-2 2H8Zm2-12a2 2 0 0 1 2 2v2h-1.5V2a.5.5 0 0 0-.5-.5H8V0h2Z\" \/>\n\t\t\t<\/svg>\n\t\t<\/button><\/figure>\n\n\n\n<figure class=\"wp-block-image size-large\"><img loading=\"lazy\" decoding=\"async\" width=\"1024\" height=\"683\" src=\"https:\/\/buod.de\/wp-content\/uploads\/2024\/12\/FraMaHei-oszi-tabor-1-1024x683.jpg\" alt=\"\" class=\"wp-image-9803\" srcset=\"https:\/\/buod.de\/wp-content\/uploads\/2024\/12\/FraMaHei-oszi-tabor-1-1024x683.jpg 1024w, https:\/\/buod.de\/wp-content\/uploads\/2024\/12\/FraMaHei-oszi-tabor-1-300x200.jpg 300w, https:\/\/buod.de\/wp-content\/uploads\/2024\/12\/FraMaHei-oszi-tabor-1-768x512.jpg 768w, https:\/\/buod.de\/wp-content\/uploads\/2024\/12\/FraMaHei-oszi-tabor-1-1536x1024.jpg 1536w, https:\/\/buod.de\/wp-content\/uploads\/2024\/12\/FraMaHei-oszi-tabor-1-2048x1365.jpg 2048w, https:\/\/buod.de\/wp-content\/uploads\/2024\/12\/FraMaHei-oszi-tabor-1-18x12.jpg 18w\" sizes=\"auto, (max-width: 1024px) 100vw, 1024px\" \/><\/figure>","protected":false},"excerpt":{"rendered":"<p>November 22-24. k\u00f6z\u00f6tt ker\u00fclt megrendez\u00e9sre a FraMaHei \u0151szi t\u00e1bor, amely a frankfurti, mainzi \u00e9s heidelbergi cserk\u00e9szcsapatok k\u00f6z\u00f6s t\u00e1bora volt, \u00e9s amelynek Weidenthal adott otthont. A t\u00e1bor t\u00e9m\u00e1ja a Sziget fesztiv\u00e1l volt, e k\u00f6r\u00e9 szervez\u0151d\u00f6tt sz\u00e1mos program, \u00edgy ker\u00fclhett\u00fcnk a hideg id\u0151ben is ny\u00e1ri hangulatba. A h\u00e1rom cserk\u00e9szcsapat 2018 \u00f3ta nem t\u00e1borozott egy\u00fctt, \u00edgy nagy \u00f6r\u00f6m [&hellip;]<\/p>\n","protected":false},"author":4,"featured_media":9804,"comment_status":"open","ping_status":"open","sticky":false,"template":"","format":"standard","meta":{"footnotes":""},"categories":[17],"tags":[22],"class_list":["post-9802","post","type-post","status-publish","format-standard","has-post-thumbnail","hentry","category-hirek","tag-22"],"yoast_head":"<!-- This site is optimized with the Yoast SEO plugin v27.5 - https:\/\/yoast.com\/product\/yoast-seo-wordpress\/ -->\n<title>Ny\u00e1ri hangulat a FraMaHei \u0151szi t\u00e1borban - BUOD<\/title>\n<meta name=\"robots\" content=\"index, follow, max-snippet:-1, max-image-preview:large, max-video-preview:-1\" \/>\n<link rel=\"canonical\" href=\"https:\/\/buod.de\/de\/nyari-hangulat-a-framahei-oszi-taborban\/\" \/>\n<meta property=\"og:locale\" content=\"de_DE\" \/>\n<meta property=\"og:type\" content=\"article\" \/>\n<meta property=\"og:title\" content=\"Ny\u00e1ri hangulat a FraMaHei \u0151szi t\u00e1borban - BUOD\" \/>\n<meta property=\"og:description\" content=\"November 22-24. k\u00f6z\u00f6tt ker\u00fclt megrendez\u00e9sre a FraMaHei \u0151szi t\u00e1bor, amely a frankfurti, mainzi \u00e9s heidelbergi cserk\u00e9szcsapatok k\u00f6z\u00f6s t\u00e1bora volt, \u00e9s amelynek Weidenthal adott otthont. A t\u00e1bor t\u00e9m\u00e1ja a Sziget fesztiv\u00e1l volt, e k\u00f6r\u00e9 szervez\u0151d\u00f6tt sz\u00e1mos program, \u00edgy ker\u00fclhett\u00fcnk a hideg id\u0151ben is ny\u00e1ri hangulatba. A h\u00e1rom cserk\u00e9szcsapat 2018 \u00f3ta nem t\u00e1borozott egy\u00fctt, \u00edgy nagy \u00f6r\u00f6m [&hellip;]\" \/>\n<meta property=\"og:url\" content=\"https:\/\/buod.de\/de\/nyari-hangulat-a-framahei-oszi-taborban\/\" \/>\n<meta property=\"og:site_name\" content=\"BUOD\" \/>\n<meta property=\"article:publisher\" content=\"https:\/\/www.facebook.com\/profile.php?id=100082185652397\" \/>\n<meta property=\"article:published_time\" content=\"2024-12-11T17:07:24+00:00\" \/>\n<meta property=\"article:modified_time\" content=\"2024-12-20T17:43:10+00:00\" \/>\n<meta property=\"og:image\" content=\"https:\/\/buod.de\/wp-content\/uploads\/2024\/12\/FraMaHei-oszi-tabor-3-scaled.jpg\" \/>\n\t<meta property=\"og:image:width\" content=\"2560\" \/>\n\t<meta property=\"og:image:height\" content=\"1706\" \/>\n\t<meta property=\"og:image:type\" content=\"image\/jpeg\" \/>\n<meta name=\"author\" content=\"Gery V\u00e1rkonyi\" \/>\n<meta name=\"twitter:card\" content=\"summary_large_image\" \/>\n<meta name=\"twitter:label1\" content=\"Written by\" \/>\n\t<meta name=\"twitter:data1\" content=\"Gery V\u00e1rkonyi\" \/>\n\t<meta name=\"twitter:label2\" content=\"Est. reading time\" \/>\n\t<meta name=\"twitter:data2\" content=\"1 minute\" \/>\n<script type=\"application\/ld+json\" class=\"yoast-schema-graph\">{\"@context\":\"https:\\\/\\\/schema.org\",\"@graph\":[{\"@type\":\"Article\",\"@id\":\"https:\\\/\\\/buod.de\\\/nyari-hangulat-a-framahei-oszi-taborban\\\/#article\",\"isPartOf\":{\"@id\":\"https:\\\/\\\/buod.de\\\/nyari-hangulat-a-framahei-oszi-taborban\\\/\"},\"author\":{\"name\":\"Gery V\u00e1rkonyi\",\"@id\":\"https:\\\/\\\/buod.de\\\/#\\\/schema\\\/person\\\/8332a3e63b017fea8fcd17e9c0f96bf1\"},\"headline\":\"Ny\u00e1ri hangulat a FraMaHei \u0151szi t\u00e1borban\",\"datePublished\":\"2024-12-11T17:07:24+00:00\",\"dateModified\":\"2024-12-20T17:43:10+00:00\",\"mainEntityOfPage\":{\"@id\":\"https:\\\/\\\/buod.de\\\/nyari-hangulat-a-framahei-oszi-taborban\\\/\"},\"wordCount\":181,\"commentCount\":0,\"publisher\":{\"@id\":\"https:\\\/\\\/buod.de\\\/#organization\"},\"image\":{\"@id\":\"https:\\\/\\\/buod.de\\\/nyari-hangulat-a-framahei-oszi-taborban\\\/#primaryimage\"},\"thumbnailUrl\":\"https:\\\/\\\/buod.de\\\/wp-content\\\/uploads\\\/2024\\\/12\\\/FraMaHei-oszi-tabor-3-scaled.jpg\",\"keywords\":[\"2024\"],\"articleSection\":[\"H\u00edrek\"],\"inLanguage\":\"de-DE\",\"potentialAction\":[{\"@type\":\"CommentAction\",\"name\":\"Comment\",\"target\":[\"https:\\\/\\\/buod.de\\\/nyari-hangulat-a-framahei-oszi-taborban\\\/#respond\"]}]},{\"@type\":\"WebPage\",\"@id\":\"https:\\\/\\\/buod.de\\\/nyari-hangulat-a-framahei-oszi-taborban\\\/\",\"url\":\"https:\\\/\\\/buod.de\\\/nyari-hangulat-a-framahei-oszi-taborban\\\/\",\"name\":\"Ny\u00e1ri hangulat a FraMaHei \u0151szi t\u00e1borban - BUOD\",\"isPartOf\":{\"@id\":\"https:\\\/\\\/buod.de\\\/#website\"},\"primaryImageOfPage\":{\"@id\":\"https:\\\/\\\/buod.de\\\/nyari-hangulat-a-framahei-oszi-taborban\\\/#primaryimage\"},\"image\":{\"@id\":\"https:\\\/\\\/buod.de\\\/nyari-hangulat-a-framahei-oszi-taborban\\\/#primaryimage\"},\"thumbnailUrl\":\"https:\\\/\\\/buod.de\\\/wp-content\\\/uploads\\\/2024\\\/12\\\/FraMaHei-oszi-tabor-3-scaled.jpg\",\"datePublished\":\"2024-12-11T17:07:24+00:00\",\"dateModified\":\"2024-12-20T17:43:10+00:00\",\"breadcrumb\":{\"@id\":\"https:\\\/\\\/buod.de\\\/nyari-hangulat-a-framahei-oszi-taborban\\\/#breadcrumb\"},\"inLanguage\":\"de-DE\",\"potentialAction\":[{\"@type\":\"ReadAction\",\"target\":[\"https:\\\/\\\/buod.de\\\/nyari-hangulat-a-framahei-oszi-taborban\\\/\"]}]},{\"@type\":\"ImageObject\",\"inLanguage\":\"de-DE\",\"@id\":\"https:\\\/\\\/buod.de\\\/nyari-hangulat-a-framahei-oszi-taborban\\\/#primaryimage\",\"url\":\"https:\\\/\\\/buod.de\\\/wp-content\\\/uploads\\\/2024\\\/12\\\/FraMaHei-oszi-tabor-3-scaled.jpg\",\"contentUrl\":\"https:\\\/\\\/buod.de\\\/wp-content\\\/uploads\\\/2024\\\/12\\\/FraMaHei-oszi-tabor-3-scaled.jpg\",\"width\":2560,\"height\":1706},{\"@type\":\"BreadcrumbList\",\"@id\":\"https:\\\/\\\/buod.de\\\/nyari-hangulat-a-framahei-oszi-taborban\\\/#breadcrumb\",\"itemListElement\":[{\"@type\":\"ListItem\",\"position\":1,\"name\":\"Kezd\u0151lap\",\"item\":\"https:\\\/\\\/buod.de\\\/\"},{\"@type\":\"ListItem\",\"position\":2,\"name\":\"Ny\u00e1ri hangulat a FraMaHei \u0151szi t\u00e1borban\"}]},{\"@type\":\"WebSite\",\"@id\":\"https:\\\/\\\/buod.de\\\/#website\",\"url\":\"https:\\\/\\\/buod.de\\\/\",\"name\":\"BUOD\",\"description\":\"Bund Ungarischer Organisationen in Deutschland\",\"publisher\":{\"@id\":\"https:\\\/\\\/buod.de\\\/#organization\"},\"potentialAction\":[{\"@type\":\"SearchAction\",\"target\":{\"@type\":\"EntryPoint\",\"urlTemplate\":\"https:\\\/\\\/buod.de\\\/?s={search_term_string}\"},\"query-input\":{\"@type\":\"PropertyValueSpecification\",\"valueRequired\":true,\"valueName\":\"search_term_string\"}}],\"inLanguage\":\"de-DE\"},{\"@type\":\"Organization\",\"@id\":\"https:\\\/\\\/buod.de\\\/#organization\",\"name\":\"BUOD\",\"url\":\"https:\\\/\\\/buod.de\\\/\",\"logo\":{\"@type\":\"ImageObject\",\"inLanguage\":\"de-DE\",\"@id\":\"https:\\\/\\\/buod.de\\\/#\\\/schema\\\/logo\\\/image\\\/\",\"url\":\"https:\\\/\\\/buod.de\\\/wp-content\\\/uploads\\\/2024\\\/03\\\/BUOD-logo.png\",\"contentUrl\":\"https:\\\/\\\/buod.de\\\/wp-content\\\/uploads\\\/2024\\\/03\\\/BUOD-logo.png\",\"width\":586,\"height\":490,\"caption\":\"BUOD\"},\"image\":{\"@id\":\"https:\\\/\\\/buod.de\\\/#\\\/schema\\\/logo\\\/image\\\/\"},\"sameAs\":[\"https:\\\/\\\/www.facebook.com\\\/profile.php?id=100082185652397\"]},{\"@type\":\"Person\",\"@id\":\"https:\\\/\\\/buod.de\\\/#\\\/schema\\\/person\\\/8332a3e63b017fea8fcd17e9c0f96bf1\",\"name\":\"Gery V\u00e1rkonyi\",\"image\":{\"@type\":\"ImageObject\",\"inLanguage\":\"de-DE\",\"@id\":\"https:\\\/\\\/secure.gravatar.com\\\/avatar\\\/c1babe7dc68f065be4ec606c522172804715398688c78c6fffca3888b364e934?s=96&d=mm&r=g\",\"url\":\"https:\\\/\\\/secure.gravatar.com\\\/avatar\\\/c1babe7dc68f065be4ec606c522172804715398688c78c6fffca3888b364e934?s=96&d=mm&r=g\",\"contentUrl\":\"https:\\\/\\\/secure.gravatar.com\\\/avatar\\\/c1babe7dc68f065be4ec606c522172804715398688c78c6fffca3888b364e934?s=96&d=mm&r=g\",\"caption\":\"Gery V\u00e1rkonyi\"},\"url\":\"https:\\\/\\\/buod.de\\\/de\\\/author\\\/geryvarkonyi\\\/\"}]}<\/script>\n<!-- \/ Yoast SEO plugin. -->","yoast_head_json":{"title":"Ny\u00e1ri hangulat a FraMaHei \u0151szi t\u00e1borban - BUOD","robots":{"index":"index","follow":"follow","max-snippet":"max-snippet:-1","max-image-preview":"max-image-preview:large","max-video-preview":"max-video-preview:-1"},"canonical":"https:\/\/buod.de\/de\/nyari-hangulat-a-framahei-oszi-taborban\/","og_locale":"de_DE","og_type":"article","og_title":"Ny\u00e1ri hangulat a FraMaHei \u0151szi t\u00e1borban - BUOD","og_description":"November 22-24. k\u00f6z\u00f6tt ker\u00fclt megrendez\u00e9sre a FraMaHei \u0151szi t\u00e1bor, amely a frankfurti, mainzi \u00e9s heidelbergi cserk\u00e9szcsapatok k\u00f6z\u00f6s t\u00e1bora volt, \u00e9s amelynek Weidenthal adott otthont. A t\u00e1bor t\u00e9m\u00e1ja a Sziget fesztiv\u00e1l volt, e k\u00f6r\u00e9 szervez\u0151d\u00f6tt sz\u00e1mos program, \u00edgy ker\u00fclhett\u00fcnk a hideg id\u0151ben is ny\u00e1ri hangulatba. A h\u00e1rom cserk\u00e9szcsapat 2018 \u00f3ta nem t\u00e1borozott egy\u00fctt, \u00edgy nagy \u00f6r\u00f6m [&hellip;]","og_url":"https:\/\/buod.de\/de\/nyari-hangulat-a-framahei-oszi-taborban\/","og_site_name":"BUOD","article_publisher":"https:\/\/www.facebook.com\/profile.php?id=100082185652397","article_published_time":"2024-12-11T17:07:24+00:00","article_modified_time":"2024-12-20T17:43:10+00:00","og_image":[{"width":2560,"height":1706,"url":"https:\/\/buod.de\/wp-content\/uploads\/2024\/12\/FraMaHei-oszi-tabor-3-scaled.jpg","type":"image\/jpeg"}],"author":"Gery V\u00e1rkonyi","twitter_card":"summary_large_image","twitter_misc":{"Written by":"Gery V\u00e1rkonyi","Est. reading time":"1 minute"},"schema":{"@context":"https:\/\/schema.org","@graph":[{"@type":"Article","@id":"https:\/\/buod.de\/nyari-hangulat-a-framahei-oszi-taborban\/#article","isPartOf":{"@id":"https:\/\/buod.de\/nyari-hangulat-a-framahei-oszi-taborban\/"},"author":{"name":"Gery V\u00e1rkonyi","@id":"https:\/\/buod.de\/#\/schema\/person\/8332a3e63b017fea8fcd17e9c0f96bf1"},"headline":"Ny\u00e1ri hangulat a FraMaHei \u0151szi t\u00e1borban","datePublished":"2024-12-11T17:07:24+00:00","dateModified":"2024-12-20T17:43:10+00:00","mainEntityOfPage":{"@id":"https:\/\/buod.de\/nyari-hangulat-a-framahei-oszi-taborban\/"},"wordCount":181,"commentCount":0,"publisher":{"@id":"https:\/\/buod.de\/#organization"},"image":{"@id":"https:\/\/buod.de\/nyari-hangulat-a-framahei-oszi-taborban\/#primaryimage"},"thumbnailUrl":"https:\/\/buod.de\/wp-content\/uploads\/2024\/12\/FraMaHei-oszi-tabor-3-scaled.jpg","keywords":["2024"],"articleSection":["H\u00edrek"],"inLanguage":"de-DE","potentialAction":[{"@type":"CommentAction","name":"Comment","target":["https:\/\/buod.de\/nyari-hangulat-a-framahei-oszi-taborban\/#respond"]}]},{"@type":"WebPage","@id":"https:\/\/buod.de\/nyari-hangulat-a-framahei-oszi-taborban\/","url":"https:\/\/buod.de\/nyari-hangulat-a-framahei-oszi-taborban\/","name":"Ny\u00e1ri hangulat a FraMaHei \u0151szi t\u00e1borban - BUOD","isPartOf":{"@id":"https:\/\/buod.de\/#website"},"primaryImageOfPage":{"@id":"https:\/\/buod.de\/nyari-hangulat-a-framahei-oszi-taborban\/#primaryimage"},"image":{"@id":"https:\/\/buod.de\/nyari-hangulat-a-framahei-oszi-taborban\/#primaryimage"},"thumbnailUrl":"https:\/\/buod.de\/wp-content\/uploads\/2024\/12\/FraMaHei-oszi-tabor-3-scaled.jpg","datePublished":"2024-12-11T17:07:24+00:00","dateModified":"2024-12-20T17:43:10+00:00","breadcrumb":{"@id":"https:\/\/buod.de\/nyari-hangulat-a-framahei-oszi-taborban\/#breadcrumb"},"inLanguage":"de-DE","potentialAction":[{"@type":"ReadAction","target":["https:\/\/buod.de\/nyari-hangulat-a-framahei-oszi-taborban\/"]}]},{"@type":"ImageObject","inLanguage":"de-DE","@id":"https:\/\/buod.de\/nyari-hangulat-a-framahei-oszi-taborban\/#primaryimage","url":"https:\/\/buod.de\/wp-content\/uploads\/2024\/12\/FraMaHei-oszi-tabor-3-scaled.jpg","contentUrl":"https:\/\/buod.de\/wp-content\/uploads\/2024\/12\/FraMaHei-oszi-tabor-3-scaled.jpg","width":2560,"height":1706},{"@type":"BreadcrumbList","@id":"https:\/\/buod.de\/nyari-hangulat-a-framahei-oszi-taborban\/#breadcrumb","itemListElement":[{"@type":"ListItem","position":1,"name":"Kezd\u0151lap","item":"https:\/\/buod.de\/"},{"@type":"ListItem","position":2,"name":"Ny\u00e1ri hangulat a FraMaHei \u0151szi t\u00e1borban"}]},{"@type":"WebSite","@id":"https:\/\/buod.de\/#website","url":"https:\/\/buod.de\/","name":"BUOD","description":"Bund Ungarischer Organisationen in Deutschland","publisher":{"@id":"https:\/\/buod.de\/#organization"},"potentialAction":[{"@type":"SearchAction","target":{"@type":"EntryPoint","urlTemplate":"https:\/\/buod.de\/?s={search_term_string}"},"query-input":{"@type":"PropertyValueSpecification","valueRequired":true,"valueName":"search_term_string"}}],"inLanguage":"de-DE"},{"@type":"Organization","@id":"https:\/\/buod.de\/#organization","name":"BUOD","url":"https:\/\/buod.de\/","logo":{"@type":"ImageObject","inLanguage":"de-DE","@id":"https:\/\/buod.de\/#\/schema\/logo\/image\/","url":"https:\/\/buod.de\/wp-content\/uploads\/2024\/03\/BUOD-logo.png","contentUrl":"https:\/\/buod.de\/wp-content\/uploads\/2024\/03\/BUOD-logo.png","width":586,"height":490,"caption":"BUOD"},"image":{"@id":"https:\/\/buod.de\/#\/schema\/logo\/image\/"},"sameAs":["https:\/\/www.facebook.com\/profile.php?id=100082185652397"]},{"@type":"Person","@id":"https:\/\/buod.de\/#\/schema\/person\/8332a3e63b017fea8fcd17e9c0f96bf1","name":"Gery V\u00e1rkonyi","image":{"@type":"ImageObject","inLanguage":"de-DE","@id":"https:\/\/secure.gravatar.com\/avatar\/c1babe7dc68f065be4ec606c522172804715398688c78c6fffca3888b364e934?s=96&d=mm&r=g","url":"https:\/\/secure.gravatar.com\/avatar\/c1babe7dc68f065be4ec606c522172804715398688c78c6fffca3888b364e934?s=96&d=mm&r=g","contentUrl":"https:\/\/secure.gravatar.com\/avatar\/c1babe7dc68f065be4ec606c522172804715398688c78c6fffca3888b364e934?s=96&d=mm&r=g","caption":"Gery V\u00e1rkonyi"},"url":"https:\/\/buod.de\/de\/author\/geryvarkonyi\/"}]}},"_links":{"self":[{"href":"https:\/\/buod.de\/de\/wp-json\/wp\/v2\/posts\/9802","targetHints":{"allow":["GET"]}}],"collection":[{"href":"https:\/\/buod.de\/de\/wp-json\/wp\/v2\/posts"}],"about":[{"href":"https:\/\/buod.de\/de\/wp-json\/wp\/v2\/types\/post"}],"author":[{"embeddable":true,"href":"https:\/\/buod.de\/de\/wp-json\/wp\/v2\/users\/4"}],"replies":[{"embeddable":true,"href":"https:\/\/buod.de\/de\/wp-json\/wp\/v2\/comments?post=9802"}],"version-history":[{"count":1,"href":"https:\/\/buod.de\/de\/wp-json\/wp\/v2\/posts\/9802\/revisions"}],"predecessor-version":[{"id":9805,"href":"https:\/\/buod.de\/de\/wp-json\/wp\/v2\/posts\/9802\/revisions\/9805"}],"wp:featuredmedia":[{"embeddable":true,"href":"https:\/\/buod.de\/de\/wp-json\/wp\/v2\/media\/9804"}],"wp:attachment":[{"href":"https:\/\/buod.de\/de\/wp-json\/wp\/v2\/media?parent=9802"}],"wp:term":[{"taxonomy":"category","embeddable":true,"href":"https:\/\/buod.de\/de\/wp-json\/wp\/v2\/categories?post=9802"},{"taxonomy":"post_tag","embeddable":true,"href":"https:\/\/buod.de\/de\/wp-json\/wp\/v2\/tags?post=9802"}],"curies":[{"name":"wp","href":"https:\/\/api.w.org\/{rel}","templated":true}]}}