{"id":9820,"date":"2024-12-18T19:49:20","date_gmt":"2024-12-18T17:49:20","guid":{"rendered":"https:\/\/buod.de\/?p=9820"},"modified":"2024-12-20T19:52:12","modified_gmt":"2024-12-20T17:52:12","slug":"megerkeztem-regensburgba-ahol-korbeolel-az-irodalom","status":"publish","type":"post","link":"https:\/\/buod.de\/de\/megerkeztem-regensburgba-ahol-korbeolel-az-irodalom\/","title":{"rendered":"Meg\u00e9rkeztem Regensburgba, ahol ,,k\u00f6rbe\u00f6lel\u201c az irodalom"},"content":{"rendered":"<p>Nagyon k\u00fcl\u00f6nleges \u00e9lm\u00e9ny volt el\u0151sz\u00f6r bel\u00e9pni a Regensburgban tal\u00e1lhat\u00f3 M\u00fcncheni Magyar Int\u00e9zet ajtaj\u00e1n. Mi v\u00e1r itt r\u00e1m? Magyarul kell k\u00f6sz\u00f6nn\u00f6m, el\u0151sz\u00f6r megsz\u00f3lalnom? De hiszen N\u00e9metorsz\u00e1gban vagyok\u2026 Agg\u00f3dnom azt\u00e1n egy pillanatig sem kellett tov\u00e1bb, kedves, igaz\u00e1n magyaros, melegsz\u00edv\u0171 fogadtat\u00e1sban volt r\u00e9szem. Mindenki \u00f6r\u00f6mmel, mosollyal az arc\u00e1n k\u00f6sz\u00f6nt\u00f6tt, \u00e9l\u00e9n dr. Lengyel Zsolt int\u00e9zetvezet\u0151vel. Azonnal otthon \u00e9reztem magam a koll\u00e9g\u00e1im k\u00f6z\u00f6tt. Az els\u0151 napok az ismerked\u00e9sr\u0151l sz\u00f3ltak. El\u0151sz\u00f6r az \u00e9p\u00fcletben vezettek k\u00f6rbe, majd az int\u00e9zet m\u0171k\u00f6d\u00e9s\u00e9be \u00e9s mindennapjaiba nyerhettem betekint\u00e9st.<\/p>\n\n\n\n<p>Mag\u00e1val ragadott egy eg\u00e9szen saj\u00e1tos \u00e9rz\u00e9s, mondhatn\u00e1m \u00fagy is, hogy t\u00e1tott sz\u00e1jjal fordultam k\u00f6rbe a sok-sok k\u00f6nyvt\u0151l roskadoz\u00f3 polcok l\u00e1tt\u00e1n. Vannak itt n\u00e9met nyelv\u0171 magyar, els\u0151sorban sz\u00e9pirodalmi, \u00e9s magyarra leford\u00edtott vil\u00e1girodalmi alkot\u00e1sok. Aki ide bel\u00e9p, egy igazi k\u00f6nyvt\u00e1rban \u00e9rezheti mag\u00e1t, amely \u2013 engem legal\u00e1bbis \u2013 egyszerre t\u00f6lt el felemel\u0151, s k\u00f6zben megnyugtat\u00f3 \u00e9rz\u00e9ssel. Van ezeknek a k\u00f6nyvespolcoknak egy eg\u00e9szen k\u00fcl\u00f6nleges, meghitt hangulata, mintha az irodalom \u00f6lel\u00e9se venne k\u00f6r\u00fcl minket.<\/p>\n\n\n\n<p>Talabos Andrea, M\u00fcncheni Magyar Int\u00e9zet, Regensburg<\/p>\n\n\n\n<figure class=\"wp-block-gallery has-nested-images columns-default is-cropped wp-block-gallery-1 is-layout-flex wp-block-gallery-is-layout-flex\">\n<figure data-wp-context=\"{&quot;imageId&quot;:&quot;69f4962f784a7&quot;}\" data-wp-interactive=\"core\/image\" data-wp-key=\"69f4962f784a7\" class=\"wp-block-image size-large wp-lightbox-container\"><img loading=\"lazy\" decoding=\"async\" width=\"689\" height=\"918\" data-wp-class--hide=\"state.isContentHidden\" data-wp-class--show=\"state.isContentVisible\" data-wp-init=\"callbacks.setButtonStyles\" data-wp-on--click=\"actions.showLightbox\" data-wp-on--load=\"callbacks.setButtonStyles\" data-wp-on-window--resize=\"callbacks.setButtonStyles\" data-id=\"9825\" src=\"https:\/\/buod.de\/wp-content\/uploads\/2024\/12\/05.jpg\" alt=\"\" class=\"wp-image-9825\" srcset=\"https:\/\/buod.de\/wp-content\/uploads\/2024\/12\/05.jpg 689w, https:\/\/buod.de\/wp-content\/uploads\/2024\/12\/05-225x300.jpg 225w, https:\/\/buod.de\/wp-content\/uploads\/2024\/12\/05-9x12.jpg 9w\" sizes=\"auto, (max-width: 689px) 100vw, 689px\" \/><button\n\t\t\tclass=\"lightbox-trigger\"\n\t\t\ttype=\"button\"\n\t\t\taria-haspopup=\"dialog\"\n\t\t\taria-label=\"Enlarge\"\n\t\t\tdata-wp-init=\"callbacks.initTriggerButton\"\n\t\t\tdata-wp-on--click=\"actions.showLightbox\"\n\t\t\tdata-wp-style--right=\"state.imageButtonRight\"\n\t\t\tdata-wp-style--top=\"state.imageButtonTop\"\n\t\t>\n\t\t\t<svg xmlns=\"http:\/\/www.w3.org\/2000\/svg\" width=\"12\" height=\"12\" fill=\"none\" viewbox=\"0 0 12 12\">\n\t\t\t\t<path fill=\"#fff\" d=\"M2 0a2 2 0 0 0-2 2v2h1.5V2a.5.5 0 0 1 .5-.5h2V0H2Zm2 10.5H2a.5.5 0 0 1-.5-.5V8H0v2a2 2 0 0 0 2 2h2v-1.5ZM8 12v-1.5h2a.5.5 0 0 0 .5-.5V8H12v2a2 2 0 0 1-2 2H8Zm2-12a2 2 0 0 1 2 2v2h-1.5V2a.5.5 0 0 0-.5-.5H8V0h2Z\" \/>\n\t\t\t<\/svg>\n\t\t<\/button><\/figure>\n\n\n\n<figure data-wp-context=\"{&quot;imageId&quot;:&quot;69f4962f791e2&quot;}\" data-wp-interactive=\"core\/image\" data-wp-key=\"69f4962f791e2\" class=\"wp-block-image size-large wp-lightbox-container\"><img loading=\"lazy\" decoding=\"async\" width=\"1024\" height=\"790\" data-wp-class--hide=\"state.isContentHidden\" data-wp-class--show=\"state.isContentVisible\" data-wp-init=\"callbacks.setButtonStyles\" data-wp-on--click=\"actions.showLightbox\" data-wp-on--load=\"callbacks.setButtonStyles\" data-wp-on-window--resize=\"callbacks.setButtonStyles\" data-id=\"9824\" src=\"https:\/\/buod.de\/wp-content\/uploads\/2024\/12\/04-1-1024x790.jpg\" alt=\"\" class=\"wp-image-9824\" srcset=\"https:\/\/buod.de\/wp-content\/uploads\/2024\/12\/04-1-1024x790.jpg 1024w, https:\/\/buod.de\/wp-content\/uploads\/2024\/12\/04-1-300x231.jpg 300w, https:\/\/buod.de\/wp-content\/uploads\/2024\/12\/04-1-768x592.jpg 768w, https:\/\/buod.de\/wp-content\/uploads\/2024\/12\/04-1-16x12.jpg 16w, https:\/\/buod.de\/wp-content\/uploads\/2024\/12\/04-1.jpg 1094w\" sizes=\"auto, (max-width: 1024px) 100vw, 1024px\" \/><button\n\t\t\tclass=\"lightbox-trigger\"\n\t\t\ttype=\"button\"\n\t\t\taria-haspopup=\"dialog\"\n\t\t\taria-label=\"Enlarge\"\n\t\t\tdata-wp-init=\"callbacks.initTriggerButton\"\n\t\t\tdata-wp-on--click=\"actions.showLightbox\"\n\t\t\tdata-wp-style--right=\"state.imageButtonRight\"\n\t\t\tdata-wp-style--top=\"state.imageButtonTop\"\n\t\t>\n\t\t\t<svg xmlns=\"http:\/\/www.w3.org\/2000\/svg\" width=\"12\" height=\"12\" fill=\"none\" viewbox=\"0 0 12 12\">\n\t\t\t\t<path fill=\"#fff\" d=\"M2 0a2 2 0 0 0-2 2v2h1.5V2a.5.5 0 0 1 .5-.5h2V0H2Zm2 10.5H2a.5.5 0 0 1-.5-.5V8H0v2a2 2 0 0 0 2 2h2v-1.5ZM8 12v-1.5h2a.5.5 0 0 0 .5-.5V8H12v2a2 2 0 0 1-2 2H8Zm2-12a2 2 0 0 1 2 2v2h-1.5V2a.5.5 0 0 0-.5-.5H8V0h2Z\" \/>\n\t\t\t<\/svg>\n\t\t<\/button><\/figure>\n\n\n\n<figure data-wp-context=\"{&quot;imageId&quot;:&quot;69f4962f79d0a&quot;}\" data-wp-interactive=\"core\/image\" data-wp-key=\"69f4962f79d0a\" class=\"wp-block-image size-large wp-lightbox-container\"><img loading=\"lazy\" decoding=\"async\" width=\"1024\" height=\"768\" data-wp-class--hide=\"state.isContentHidden\" data-wp-class--show=\"state.isContentVisible\" data-wp-init=\"callbacks.setButtonStyles\" data-wp-on--click=\"actions.showLightbox\" data-wp-on--load=\"callbacks.setButtonStyles\" data-wp-on-window--resize=\"callbacks.setButtonStyles\" data-id=\"9823\" src=\"https:\/\/buod.de\/wp-content\/uploads\/2024\/12\/03-1-1024x768.jpg\" alt=\"\" class=\"wp-image-9823\" srcset=\"https:\/\/buod.de\/wp-content\/uploads\/2024\/12\/03-1-1024x768.jpg 1024w, https:\/\/buod.de\/wp-content\/uploads\/2024\/12\/03-1-300x225.jpg 300w, https:\/\/buod.de\/wp-content\/uploads\/2024\/12\/03-1-768x576.jpg 768w, https:\/\/buod.de\/wp-content\/uploads\/2024\/12\/03-1-16x12.jpg 16w, https:\/\/buod.de\/wp-content\/uploads\/2024\/12\/03-1.jpg 1363w\" sizes=\"auto, (max-width: 1024px) 100vw, 1024px\" \/><button\n\t\t\tclass=\"lightbox-trigger\"\n\t\t\ttype=\"button\"\n\t\t\taria-haspopup=\"dialog\"\n\t\t\taria-label=\"Enlarge\"\n\t\t\tdata-wp-init=\"callbacks.initTriggerButton\"\n\t\t\tdata-wp-on--click=\"actions.showLightbox\"\n\t\t\tdata-wp-style--right=\"state.imageButtonRight\"\n\t\t\tdata-wp-style--top=\"state.imageButtonTop\"\n\t\t>\n\t\t\t<svg xmlns=\"http:\/\/www.w3.org\/2000\/svg\" width=\"12\" height=\"12\" fill=\"none\" viewbox=\"0 0 12 12\">\n\t\t\t\t<path fill=\"#fff\" d=\"M2 0a2 2 0 0 0-2 2v2h1.5V2a.5.5 0 0 1 .5-.5h2V0H2Zm2 10.5H2a.5.5 0 0 1-.5-.5V8H0v2a2 2 0 0 0 2 2h2v-1.5ZM8 12v-1.5h2a.5.5 0 0 0 .5-.5V8H12v2a2 2 0 0 1-2 2H8Zm2-12a2 2 0 0 1 2 2v2h-1.5V2a.5.5 0 0 0-.5-.5H8V0h2Z\" \/>\n\t\t\t<\/svg>\n\t\t<\/button><\/figure>\n\n\n\n<figure data-wp-context=\"{&quot;imageId&quot;:&quot;69f4962f7a7e8&quot;}\" data-wp-interactive=\"core\/image\" data-wp-key=\"69f4962f7a7e8\" class=\"wp-block-image size-large wp-lightbox-container\"><img loading=\"lazy\" decoding=\"async\" width=\"1024\" height=\"792\" data-wp-class--hide=\"state.isContentHidden\" data-wp-class--show=\"state.isContentVisible\" data-wp-init=\"callbacks.setButtonStyles\" data-wp-on--click=\"actions.showLightbox\" data-wp-on--load=\"callbacks.setButtonStyles\" data-wp-on-window--resize=\"callbacks.setButtonStyles\" data-id=\"9822\" src=\"https:\/\/buod.de\/wp-content\/uploads\/2024\/12\/02-2-1024x792.jpg\" alt=\"\" class=\"wp-image-9822\" srcset=\"https:\/\/buod.de\/wp-content\/uploads\/2024\/12\/02-2-1024x792.jpg 1024w, https:\/\/buod.de\/wp-content\/uploads\/2024\/12\/02-2-300x232.jpg 300w, https:\/\/buod.de\/wp-content\/uploads\/2024\/12\/02-2-768x594.jpg 768w, https:\/\/buod.de\/wp-content\/uploads\/2024\/12\/02-2-16x12.jpg 16w, https:\/\/buod.de\/wp-content\/uploads\/2024\/12\/02-2.jpg 1064w\" sizes=\"auto, (max-width: 1024px) 100vw, 1024px\" \/><button\n\t\t\tclass=\"lightbox-trigger\"\n\t\t\ttype=\"button\"\n\t\t\taria-haspopup=\"dialog\"\n\t\t\taria-label=\"Enlarge\"\n\t\t\tdata-wp-init=\"callbacks.initTriggerButton\"\n\t\t\tdata-wp-on--click=\"actions.showLightbox\"\n\t\t\tdata-wp-style--right=\"state.imageButtonRight\"\n\t\t\tdata-wp-style--top=\"state.imageButtonTop\"\n\t\t>\n\t\t\t<svg xmlns=\"http:\/\/www.w3.org\/2000\/svg\" width=\"12\" height=\"12\" fill=\"none\" viewbox=\"0 0 12 12\">\n\t\t\t\t<path fill=\"#fff\" d=\"M2 0a2 2 0 0 0-2 2v2h1.5V2a.5.5 0 0 1 .5-.5h2V0H2Zm2 10.5H2a.5.5 0 0 1-.5-.5V8H0v2a2 2 0 0 0 2 2h2v-1.5ZM8 12v-1.5h2a.5.5 0 0 0 .5-.5V8H12v2a2 2 0 0 1-2 2H8Zm2-12a2 2 0 0 1 2 2v2h-1.5V2a.5.5 0 0 0-.5-.5H8V0h2Z\" \/>\n\t\t\t<\/svg>\n\t\t<\/button><\/figure>\n\n\n\n<figure data-wp-context=\"{&quot;imageId&quot;:&quot;69f4962f7b25a&quot;}\" data-wp-interactive=\"core\/image\" data-wp-key=\"69f4962f7b25a\" class=\"wp-block-image size-large wp-lightbox-container\"><img loading=\"lazy\" decoding=\"async\" width=\"693\" height=\"924\" data-wp-class--hide=\"state.isContentHidden\" data-wp-class--show=\"state.isContentVisible\" data-wp-init=\"callbacks.setButtonStyles\" data-wp-on--click=\"actions.showLightbox\" data-wp-on--load=\"callbacks.setButtonStyles\" data-wp-on-window--resize=\"callbacks.setButtonStyles\" data-id=\"9821\" src=\"https:\/\/buod.de\/wp-content\/uploads\/2024\/12\/01-2.jpg\" alt=\"\" class=\"wp-image-9821\" srcset=\"https:\/\/buod.de\/wp-content\/uploads\/2024\/12\/01-2.jpg 693w, https:\/\/buod.de\/wp-content\/uploads\/2024\/12\/01-2-225x300.jpg 225w, https:\/\/buod.de\/wp-content\/uploads\/2024\/12\/01-2-9x12.jpg 9w\" sizes=\"auto, (max-width: 693px) 100vw, 693px\" \/><button\n\t\t\tclass=\"lightbox-trigger\"\n\t\t\ttype=\"button\"\n\t\t\taria-haspopup=\"dialog\"\n\t\t\taria-label=\"Enlarge\"\n\t\t\tdata-wp-init=\"callbacks.initTriggerButton\"\n\t\t\tdata-wp-on--click=\"actions.showLightbox\"\n\t\t\tdata-wp-style--right=\"state.imageButtonRight\"\n\t\t\tdata-wp-style--top=\"state.imageButtonTop\"\n\t\t>\n\t\t\t<svg xmlns=\"http:\/\/www.w3.org\/2000\/svg\" width=\"12\" height=\"12\" fill=\"none\" viewbox=\"0 0 12 12\">\n\t\t\t\t<path fill=\"#fff\" d=\"M2 0a2 2 0 0 0-2 2v2h1.5V2a.5.5 0 0 1 .5-.5h2V0H2Zm2 10.5H2a.5.5 0 0 1-.5-.5V8H0v2a2 2 0 0 0 2 2h2v-1.5ZM8 12v-1.5h2a.5.5 0 0 0 .5-.5V8H12v2a2 2 0 0 1-2 2H8Zm2-12a2 2 0 0 1 2 2v2h-1.5V2a.5.5 0 0 0-.5-.5H8V0h2Z\" \/>\n\t\t\t<\/svg>\n\t\t<\/button><\/figure>\n<\/figure>","protected":false},"excerpt":{"rendered":"<p>Nagyon k\u00fcl\u00f6nleges \u00e9lm\u00e9ny volt el\u0151sz\u00f6r bel\u00e9pni a Regensburgban tal\u00e1lhat\u00f3 M\u00fcncheni Magyar Int\u00e9zet ajtaj\u00e1n. Mi v\u00e1r itt r\u00e1m? Magyarul kell k\u00f6sz\u00f6nn\u00f6m, el\u0151sz\u00f6r megsz\u00f3lalnom? De hiszen N\u00e9metorsz\u00e1gban vagyok\u2026 Agg\u00f3dnom azt\u00e1n egy pillanatig sem kellett tov\u00e1bb, kedves, igaz\u00e1n magyaros, melegsz\u00edv\u0171 fogadtat\u00e1sban volt r\u00e9szem. Mindenki \u00f6r\u00f6mmel, mosollyal az arc\u00e1n k\u00f6sz\u00f6nt\u00f6tt, \u00e9l\u00e9n dr. Lengyel Zsolt int\u00e9zetvezet\u0151vel. Azonnal otthon \u00e9reztem magam [&hellip;]<\/p>\n","protected":false},"author":4,"featured_media":9822,"comment_status":"open","ping_status":"open","sticky":false,"template":"","format":"standard","meta":{"footnotes":""},"categories":[17],"tags":[22],"class_list":["post-9820","post","type-post","status-publish","format-standard","has-post-thumbnail","hentry","category-hirek","tag-22"],"yoast_head":"<!-- This site is optimized with the Yoast SEO plugin v27.5 - https:\/\/yoast.com\/product\/yoast-seo-wordpress\/ -->\n<title>Meg\u00e9rkeztem Regensburgba, ahol ,,k\u00f6rbe\u00f6lel\u201c az irodalom - BUOD<\/title>\n<meta name=\"robots\" content=\"index, follow, max-snippet:-1, max-image-preview:large, max-video-preview:-1\" \/>\n<link rel=\"canonical\" href=\"https:\/\/buod.de\/de\/megerkeztem-regensburgba-ahol-korbeolel-az-irodalom\/\" \/>\n<meta property=\"og:locale\" content=\"de_DE\" \/>\n<meta property=\"og:type\" content=\"article\" \/>\n<meta property=\"og:title\" content=\"Meg\u00e9rkeztem Regensburgba, ahol ,,k\u00f6rbe\u00f6lel\u201c az irodalom - BUOD\" \/>\n<meta property=\"og:description\" content=\"Nagyon k\u00fcl\u00f6nleges \u00e9lm\u00e9ny volt el\u0151sz\u00f6r bel\u00e9pni a Regensburgban tal\u00e1lhat\u00f3 M\u00fcncheni Magyar Int\u00e9zet ajtaj\u00e1n. Mi v\u00e1r itt r\u00e1m? Magyarul kell k\u00f6sz\u00f6nn\u00f6m, el\u0151sz\u00f6r megsz\u00f3lalnom? De hiszen N\u00e9metorsz\u00e1gban vagyok\u2026 Agg\u00f3dnom azt\u00e1n egy pillanatig sem kellett tov\u00e1bb, kedves, igaz\u00e1n magyaros, melegsz\u00edv\u0171 fogadtat\u00e1sban volt r\u00e9szem. Mindenki \u00f6r\u00f6mmel, mosollyal az arc\u00e1n k\u00f6sz\u00f6nt\u00f6tt, \u00e9l\u00e9n dr. Lengyel Zsolt int\u00e9zetvezet\u0151vel. Azonnal otthon \u00e9reztem magam [&hellip;]\" \/>\n<meta property=\"og:url\" content=\"https:\/\/buod.de\/de\/megerkeztem-regensburgba-ahol-korbeolel-az-irodalom\/\" \/>\n<meta property=\"og:site_name\" content=\"BUOD\" \/>\n<meta property=\"article:publisher\" content=\"https:\/\/www.facebook.com\/profile.php?id=100082185652397\" \/>\n<meta property=\"article:published_time\" content=\"2024-12-18T17:49:20+00:00\" \/>\n<meta property=\"article:modified_time\" content=\"2024-12-20T17:52:12+00:00\" \/>\n<meta property=\"og:image\" content=\"https:\/\/buod.de\/wp-content\/uploads\/2024\/12\/02-2.jpg\" \/>\n\t<meta property=\"og:image:width\" content=\"1064\" \/>\n\t<meta property=\"og:image:height\" content=\"823\" \/>\n\t<meta property=\"og:image:type\" content=\"image\/jpeg\" \/>\n<meta name=\"author\" content=\"Gery V\u00e1rkonyi\" \/>\n<meta name=\"twitter:card\" content=\"summary_large_image\" \/>\n<meta name=\"twitter:label1\" content=\"Written by\" \/>\n\t<meta name=\"twitter:data1\" content=\"Gery V\u00e1rkonyi\" \/>\n\t<meta name=\"twitter:label2\" content=\"Est. reading time\" \/>\n\t<meta name=\"twitter:data2\" content=\"1 minute\" \/>\n<script type=\"application\/ld+json\" class=\"yoast-schema-graph\">{\"@context\":\"https:\\\/\\\/schema.org\",\"@graph\":[{\"@type\":\"Article\",\"@id\":\"https:\\\/\\\/buod.de\\\/megerkeztem-regensburgba-ahol-korbeolel-az-irodalom\\\/#article\",\"isPartOf\":{\"@id\":\"https:\\\/\\\/buod.de\\\/megerkeztem-regensburgba-ahol-korbeolel-az-irodalom\\\/\"},\"author\":{\"name\":\"Gery V\u00e1rkonyi\",\"@id\":\"https:\\\/\\\/buod.de\\\/#\\\/schema\\\/person\\\/8332a3e63b017fea8fcd17e9c0f96bf1\"},\"headline\":\"Meg\u00e9rkeztem Regensburgba, ahol ,,k\u00f6rbe\u00f6lel\u201c az irodalom\",\"datePublished\":\"2024-12-18T17:49:20+00:00\",\"dateModified\":\"2024-12-20T17:52:12+00:00\",\"mainEntityOfPage\":{\"@id\":\"https:\\\/\\\/buod.de\\\/megerkeztem-regensburgba-ahol-korbeolel-az-irodalom\\\/\"},\"wordCount\":246,\"commentCount\":0,\"publisher\":{\"@id\":\"https:\\\/\\\/buod.de\\\/#organization\"},\"image\":{\"@id\":\"https:\\\/\\\/buod.de\\\/megerkeztem-regensburgba-ahol-korbeolel-az-irodalom\\\/#primaryimage\"},\"thumbnailUrl\":\"https:\\\/\\\/buod.de\\\/wp-content\\\/uploads\\\/2024\\\/12\\\/02-2.jpg\",\"keywords\":[\"2024\"],\"articleSection\":[\"H\u00edrek\"],\"inLanguage\":\"de-DE\",\"potentialAction\":[{\"@type\":\"CommentAction\",\"name\":\"Comment\",\"target\":[\"https:\\\/\\\/buod.de\\\/megerkeztem-regensburgba-ahol-korbeolel-az-irodalom\\\/#respond\"]}]},{\"@type\":\"WebPage\",\"@id\":\"https:\\\/\\\/buod.de\\\/megerkeztem-regensburgba-ahol-korbeolel-az-irodalom\\\/\",\"url\":\"https:\\\/\\\/buod.de\\\/megerkeztem-regensburgba-ahol-korbeolel-az-irodalom\\\/\",\"name\":\"Meg\u00e9rkeztem Regensburgba, ahol ,,k\u00f6rbe\u00f6lel\u201c az irodalom - BUOD\",\"isPartOf\":{\"@id\":\"https:\\\/\\\/buod.de\\\/#website\"},\"primaryImageOfPage\":{\"@id\":\"https:\\\/\\\/buod.de\\\/megerkeztem-regensburgba-ahol-korbeolel-az-irodalom\\\/#primaryimage\"},\"image\":{\"@id\":\"https:\\\/\\\/buod.de\\\/megerkeztem-regensburgba-ahol-korbeolel-az-irodalom\\\/#primaryimage\"},\"thumbnailUrl\":\"https:\\\/\\\/buod.de\\\/wp-content\\\/uploads\\\/2024\\\/12\\\/02-2.jpg\",\"datePublished\":\"2024-12-18T17:49:20+00:00\",\"dateModified\":\"2024-12-20T17:52:12+00:00\",\"breadcrumb\":{\"@id\":\"https:\\\/\\\/buod.de\\\/megerkeztem-regensburgba-ahol-korbeolel-az-irodalom\\\/#breadcrumb\"},\"inLanguage\":\"de-DE\",\"potentialAction\":[{\"@type\":\"ReadAction\",\"target\":[\"https:\\\/\\\/buod.de\\\/megerkeztem-regensburgba-ahol-korbeolel-az-irodalom\\\/\"]}]},{\"@type\":\"ImageObject\",\"inLanguage\":\"de-DE\",\"@id\":\"https:\\\/\\\/buod.de\\\/megerkeztem-regensburgba-ahol-korbeolel-az-irodalom\\\/#primaryimage\",\"url\":\"https:\\\/\\\/buod.de\\\/wp-content\\\/uploads\\\/2024\\\/12\\\/02-2.jpg\",\"contentUrl\":\"https:\\\/\\\/buod.de\\\/wp-content\\\/uploads\\\/2024\\\/12\\\/02-2.jpg\",\"width\":1064,\"height\":823},{\"@type\":\"BreadcrumbList\",\"@id\":\"https:\\\/\\\/buod.de\\\/megerkeztem-regensburgba-ahol-korbeolel-az-irodalom\\\/#breadcrumb\",\"itemListElement\":[{\"@type\":\"ListItem\",\"position\":1,\"name\":\"Kezd\u0151lap\",\"item\":\"https:\\\/\\\/buod.de\\\/\"},{\"@type\":\"ListItem\",\"position\":2,\"name\":\"Meg\u00e9rkeztem Regensburgba, ahol ,,k\u00f6rbe\u00f6lel\u201c az irodalom\"}]},{\"@type\":\"WebSite\",\"@id\":\"https:\\\/\\\/buod.de\\\/#website\",\"url\":\"https:\\\/\\\/buod.de\\\/\",\"name\":\"BUOD\",\"description\":\"Bund Ungarischer Organisationen in Deutschland\",\"publisher\":{\"@id\":\"https:\\\/\\\/buod.de\\\/#organization\"},\"potentialAction\":[{\"@type\":\"SearchAction\",\"target\":{\"@type\":\"EntryPoint\",\"urlTemplate\":\"https:\\\/\\\/buod.de\\\/?s={search_term_string}\"},\"query-input\":{\"@type\":\"PropertyValueSpecification\",\"valueRequired\":true,\"valueName\":\"search_term_string\"}}],\"inLanguage\":\"de-DE\"},{\"@type\":\"Organization\",\"@id\":\"https:\\\/\\\/buod.de\\\/#organization\",\"name\":\"BUOD\",\"url\":\"https:\\\/\\\/buod.de\\\/\",\"logo\":{\"@type\":\"ImageObject\",\"inLanguage\":\"de-DE\",\"@id\":\"https:\\\/\\\/buod.de\\\/#\\\/schema\\\/logo\\\/image\\\/\",\"url\":\"https:\\\/\\\/buod.de\\\/wp-content\\\/uploads\\\/2024\\\/03\\\/BUOD-logo.png\",\"contentUrl\":\"https:\\\/\\\/buod.de\\\/wp-content\\\/uploads\\\/2024\\\/03\\\/BUOD-logo.png\",\"width\":586,\"height\":490,\"caption\":\"BUOD\"},\"image\":{\"@id\":\"https:\\\/\\\/buod.de\\\/#\\\/schema\\\/logo\\\/image\\\/\"},\"sameAs\":[\"https:\\\/\\\/www.facebook.com\\\/profile.php?id=100082185652397\"]},{\"@type\":\"Person\",\"@id\":\"https:\\\/\\\/buod.de\\\/#\\\/schema\\\/person\\\/8332a3e63b017fea8fcd17e9c0f96bf1\",\"name\":\"Gery V\u00e1rkonyi\",\"image\":{\"@type\":\"ImageObject\",\"inLanguage\":\"de-DE\",\"@id\":\"https:\\\/\\\/secure.gravatar.com\\\/avatar\\\/c1babe7dc68f065be4ec606c522172804715398688c78c6fffca3888b364e934?s=96&d=mm&r=g\",\"url\":\"https:\\\/\\\/secure.gravatar.com\\\/avatar\\\/c1babe7dc68f065be4ec606c522172804715398688c78c6fffca3888b364e934?s=96&d=mm&r=g\",\"contentUrl\":\"https:\\\/\\\/secure.gravatar.com\\\/avatar\\\/c1babe7dc68f065be4ec606c522172804715398688c78c6fffca3888b364e934?s=96&d=mm&r=g\",\"caption\":\"Gery V\u00e1rkonyi\"},\"url\":\"https:\\\/\\\/buod.de\\\/de\\\/author\\\/geryvarkonyi\\\/\"}]}<\/script>\n<!-- \/ Yoast SEO plugin. -->","yoast_head_json":{"title":"Meg\u00e9rkeztem Regensburgba, ahol ,,k\u00f6rbe\u00f6lel\u201c az irodalom - BUOD","robots":{"index":"index","follow":"follow","max-snippet":"max-snippet:-1","max-image-preview":"max-image-preview:large","max-video-preview":"max-video-preview:-1"},"canonical":"https:\/\/buod.de\/de\/megerkeztem-regensburgba-ahol-korbeolel-az-irodalom\/","og_locale":"de_DE","og_type":"article","og_title":"Meg\u00e9rkeztem Regensburgba, ahol ,,k\u00f6rbe\u00f6lel\u201c az irodalom - BUOD","og_description":"Nagyon k\u00fcl\u00f6nleges \u00e9lm\u00e9ny volt el\u0151sz\u00f6r bel\u00e9pni a Regensburgban tal\u00e1lhat\u00f3 M\u00fcncheni Magyar Int\u00e9zet ajtaj\u00e1n. Mi v\u00e1r itt r\u00e1m? Magyarul kell k\u00f6sz\u00f6nn\u00f6m, el\u0151sz\u00f6r megsz\u00f3lalnom? De hiszen N\u00e9metorsz\u00e1gban vagyok\u2026 Agg\u00f3dnom azt\u00e1n egy pillanatig sem kellett tov\u00e1bb, kedves, igaz\u00e1n magyaros, melegsz\u00edv\u0171 fogadtat\u00e1sban volt r\u00e9szem. Mindenki \u00f6r\u00f6mmel, mosollyal az arc\u00e1n k\u00f6sz\u00f6nt\u00f6tt, \u00e9l\u00e9n dr. Lengyel Zsolt int\u00e9zetvezet\u0151vel. Azonnal otthon \u00e9reztem magam [&hellip;]","og_url":"https:\/\/buod.de\/de\/megerkeztem-regensburgba-ahol-korbeolel-az-irodalom\/","og_site_name":"BUOD","article_publisher":"https:\/\/www.facebook.com\/profile.php?id=100082185652397","article_published_time":"2024-12-18T17:49:20+00:00","article_modified_time":"2024-12-20T17:52:12+00:00","og_image":[{"width":1064,"height":823,"url":"https:\/\/buod.de\/wp-content\/uploads\/2024\/12\/02-2.jpg","type":"image\/jpeg"}],"author":"Gery V\u00e1rkonyi","twitter_card":"summary_large_image","twitter_misc":{"Written by":"Gery V\u00e1rkonyi","Est. reading time":"1 minute"},"schema":{"@context":"https:\/\/schema.org","@graph":[{"@type":"Article","@id":"https:\/\/buod.de\/megerkeztem-regensburgba-ahol-korbeolel-az-irodalom\/#article","isPartOf":{"@id":"https:\/\/buod.de\/megerkeztem-regensburgba-ahol-korbeolel-az-irodalom\/"},"author":{"name":"Gery V\u00e1rkonyi","@id":"https:\/\/buod.de\/#\/schema\/person\/8332a3e63b017fea8fcd17e9c0f96bf1"},"headline":"Meg\u00e9rkeztem Regensburgba, ahol ,,k\u00f6rbe\u00f6lel\u201c az irodalom","datePublished":"2024-12-18T17:49:20+00:00","dateModified":"2024-12-20T17:52:12+00:00","mainEntityOfPage":{"@id":"https:\/\/buod.de\/megerkeztem-regensburgba-ahol-korbeolel-az-irodalom\/"},"wordCount":246,"commentCount":0,"publisher":{"@id":"https:\/\/buod.de\/#organization"},"image":{"@id":"https:\/\/buod.de\/megerkeztem-regensburgba-ahol-korbeolel-az-irodalom\/#primaryimage"},"thumbnailUrl":"https:\/\/buod.de\/wp-content\/uploads\/2024\/12\/02-2.jpg","keywords":["2024"],"articleSection":["H\u00edrek"],"inLanguage":"de-DE","potentialAction":[{"@type":"CommentAction","name":"Comment","target":["https:\/\/buod.de\/megerkeztem-regensburgba-ahol-korbeolel-az-irodalom\/#respond"]}]},{"@type":"WebPage","@id":"https:\/\/buod.de\/megerkeztem-regensburgba-ahol-korbeolel-az-irodalom\/","url":"https:\/\/buod.de\/megerkeztem-regensburgba-ahol-korbeolel-az-irodalom\/","name":"Meg\u00e9rkeztem Regensburgba, ahol ,,k\u00f6rbe\u00f6lel\u201c az irodalom - BUOD","isPartOf":{"@id":"https:\/\/buod.de\/#website"},"primaryImageOfPage":{"@id":"https:\/\/buod.de\/megerkeztem-regensburgba-ahol-korbeolel-az-irodalom\/#primaryimage"},"image":{"@id":"https:\/\/buod.de\/megerkeztem-regensburgba-ahol-korbeolel-az-irodalom\/#primaryimage"},"thumbnailUrl":"https:\/\/buod.de\/wp-content\/uploads\/2024\/12\/02-2.jpg","datePublished":"2024-12-18T17:49:20+00:00","dateModified":"2024-12-20T17:52:12+00:00","breadcrumb":{"@id":"https:\/\/buod.de\/megerkeztem-regensburgba-ahol-korbeolel-az-irodalom\/#breadcrumb"},"inLanguage":"de-DE","potentialAction":[{"@type":"ReadAction","target":["https:\/\/buod.de\/megerkeztem-regensburgba-ahol-korbeolel-az-irodalom\/"]}]},{"@type":"ImageObject","inLanguage":"de-DE","@id":"https:\/\/buod.de\/megerkeztem-regensburgba-ahol-korbeolel-az-irodalom\/#primaryimage","url":"https:\/\/buod.de\/wp-content\/uploads\/2024\/12\/02-2.jpg","contentUrl":"https:\/\/buod.de\/wp-content\/uploads\/2024\/12\/02-2.jpg","width":1064,"height":823},{"@type":"BreadcrumbList","@id":"https:\/\/buod.de\/megerkeztem-regensburgba-ahol-korbeolel-az-irodalom\/#breadcrumb","itemListElement":[{"@type":"ListItem","position":1,"name":"Kezd\u0151lap","item":"https:\/\/buod.de\/"},{"@type":"ListItem","position":2,"name":"Meg\u00e9rkeztem Regensburgba, ahol ,,k\u00f6rbe\u00f6lel\u201c az irodalom"}]},{"@type":"WebSite","@id":"https:\/\/buod.de\/#website","url":"https:\/\/buod.de\/","name":"BUOD","description":"Bund Ungarischer Organisationen in Deutschland","publisher":{"@id":"https:\/\/buod.de\/#organization"},"potentialAction":[{"@type":"SearchAction","target":{"@type":"EntryPoint","urlTemplate":"https:\/\/buod.de\/?s={search_term_string}"},"query-input":{"@type":"PropertyValueSpecification","valueRequired":true,"valueName":"search_term_string"}}],"inLanguage":"de-DE"},{"@type":"Organization","@id":"https:\/\/buod.de\/#organization","name":"BUOD","url":"https:\/\/buod.de\/","logo":{"@type":"ImageObject","inLanguage":"de-DE","@id":"https:\/\/buod.de\/#\/schema\/logo\/image\/","url":"https:\/\/buod.de\/wp-content\/uploads\/2024\/03\/BUOD-logo.png","contentUrl":"https:\/\/buod.de\/wp-content\/uploads\/2024\/03\/BUOD-logo.png","width":586,"height":490,"caption":"BUOD"},"image":{"@id":"https:\/\/buod.de\/#\/schema\/logo\/image\/"},"sameAs":["https:\/\/www.facebook.com\/profile.php?id=100082185652397"]},{"@type":"Person","@id":"https:\/\/buod.de\/#\/schema\/person\/8332a3e63b017fea8fcd17e9c0f96bf1","name":"Gery V\u00e1rkonyi","image":{"@type":"ImageObject","inLanguage":"de-DE","@id":"https:\/\/secure.gravatar.com\/avatar\/c1babe7dc68f065be4ec606c522172804715398688c78c6fffca3888b364e934?s=96&d=mm&r=g","url":"https:\/\/secure.gravatar.com\/avatar\/c1babe7dc68f065be4ec606c522172804715398688c78c6fffca3888b364e934?s=96&d=mm&r=g","contentUrl":"https:\/\/secure.gravatar.com\/avatar\/c1babe7dc68f065be4ec606c522172804715398688c78c6fffca3888b364e934?s=96&d=mm&r=g","caption":"Gery V\u00e1rkonyi"},"url":"https:\/\/buod.de\/de\/author\/geryvarkonyi\/"}]}},"_links":{"self":[{"href":"https:\/\/buod.de\/de\/wp-json\/wp\/v2\/posts\/9820","targetHints":{"allow":["GET"]}}],"collection":[{"href":"https:\/\/buod.de\/de\/wp-json\/wp\/v2\/posts"}],"about":[{"href":"https:\/\/buod.de\/de\/wp-json\/wp\/v2\/types\/post"}],"author":[{"embeddable":true,"href":"https:\/\/buod.de\/de\/wp-json\/wp\/v2\/users\/4"}],"replies":[{"embeddable":true,"href":"https:\/\/buod.de\/de\/wp-json\/wp\/v2\/comments?post=9820"}],"version-history":[{"count":1,"href":"https:\/\/buod.de\/de\/wp-json\/wp\/v2\/posts\/9820\/revisions"}],"predecessor-version":[{"id":9826,"href":"https:\/\/buod.de\/de\/wp-json\/wp\/v2\/posts\/9820\/revisions\/9826"}],"wp:featuredmedia":[{"embeddable":true,"href":"https:\/\/buod.de\/de\/wp-json\/wp\/v2\/media\/9822"}],"wp:attachment":[{"href":"https:\/\/buod.de\/de\/wp-json\/wp\/v2\/media?parent=9820"}],"wp:term":[{"taxonomy":"category","embeddable":true,"href":"https:\/\/buod.de\/de\/wp-json\/wp\/v2\/categories?post=9820"},{"taxonomy":"post_tag","embeddable":true,"href":"https:\/\/buod.de\/de\/wp-json\/wp\/v2\/tags?post=9820"}],"curies":[{"name":"wp","href":"https:\/\/api.w.org\/{rel}","templated":true}]}}