{"id":9985,"date":"2025-01-13T14:10:10","date_gmt":"2025-01-13T12:10:10","guid":{"rendered":"https:\/\/buod.de\/?p=9985"},"modified":"2025-01-17T14:13:41","modified_gmt":"2025-01-17T12:13:41","slug":"szechenyi-kor-meghivo-januar-24","status":"publish","type":"post","link":"https:\/\/buod.de\/de\/szechenyi-kor-meghivo-januar-24\/","title":{"rendered":"Szechenyi k\u00f6r megh\u00edv\u00f3. Janu\u00e1r 24."},"content":{"rendered":"<p><strong>Ungarische und Siebenb\u00fcrgische Mission und Sozialdienst e. V.<\/strong><\/p>\n\n\n\n<h1 class=\"wp-block-heading\">Commerzbank M\u00fcnchen: Kto-Nr. DE25 7004 0041 0670 7533 90<\/h1>\n\n\n\n<h1 class=\"wp-block-heading\">Honlap: http:\/\/www.sz\u00e9chenyi-k\u00f6r.de<\/h1>\n\n\n\n<h1 class=\"wp-block-heading\">A Teleki P\u00e1l-d\u00edjjal kit\u00fcntetett&nbsp; SZ\u00c9CHENYI&nbsp; K\u00d6R<\/h1>\n\n\n\n<p><strong>M E G H \u00cd V \u00d3<\/strong><\/p>\n\n\n\n<figure class=\"wp-block-image size-large is-resized\"><img loading=\"lazy\" decoding=\"async\" width=\"1024\" height=\"910\" src=\"https:\/\/buod.de\/wp-content\/uploads\/2024\/10\/keszult-1024x910.jpg\" alt=\"\" class=\"wp-image-9266\" style=\"width:236px;height:auto\" srcset=\"https:\/\/buod.de\/wp-content\/uploads\/2024\/10\/keszult-1024x910.jpg 1024w, https:\/\/buod.de\/wp-content\/uploads\/2024\/10\/keszult-300x267.jpg 300w, https:\/\/buod.de\/wp-content\/uploads\/2024\/10\/keszult-768x682.jpg 768w, https:\/\/buod.de\/wp-content\/uploads\/2024\/10\/keszult-14x12.jpg 14w, https:\/\/buod.de\/wp-content\/uploads\/2024\/10\/keszult.jpg 1500w\" sizes=\"auto, (max-width: 1024px) 100vw, 1024px\" \/><\/figure>\n\n\n\n<p><br>Szeretettel megh\u00edvjuk \u00d6nt, kedves csal\u00e1dj\u00e1t \u00e9s bar\u00e1tait az al\u00e1bbi rendezv\u00e9nyre: <\/p>\n\n\n\n<p><strong><em>RABOK\u00a0 LETT\u00dcNK,\u00a0 VAGY\u00a0 SZABADOK?<\/em><\/strong><\/p>\n\n\n\n<p><strong><em>Kondor Katalin a Magyar R\u00e1di\u00f3 v. eln\u00f6ke, Budapest<\/em><\/strong><\/p>\n\n\n\n<p>Kedves vend\u00e9g\u00fcnk \u00edgy vall el\u0151ad\u00e1s\u00e1r\u00f3l \u00e9s mag\u00e1r\u00f3l:<br>\u201eC\u00edme az\u00e9rt, mert sokakat \u00e9rdekel \u00e9s \u00e9rint is az a k\u00e9rd\u00e9s, hogy vajon a kommunista elit mik\u00e9ppen mentette \u00e1t mag\u00e1t a rendszerv\u00e1lt\u00e1s idej\u00e9n.&nbsp; Ennek t\u00e9nyei m\u00e1ig nem ismertek teljes m\u00e9rt\u00e9kben, s m\u00e9g val\u00f3sz\u00edn\u0171 sok\u00e1ig nem is lesznek alaposan felt\u00e1rva. Viszont ami sz\u00e1munkra nagyon fontos, az, hogy ez id\u0151 t\u00e1jt mit is gondolunk a magyar szabads\u00e1gr\u00f3l. A jelenlegir\u0151l. Pap\u00edron elj\u00f6tt, ezt naponta tudatja vel\u00fcnk a vil\u00e1g. \u00c1m, hogy ez val\u00f3di szabads\u00e1g-e, arr\u00f3l \u00e9rdemes n\u00e9h\u00e1ny sz\u00f3t ejteni. Vajon \u0151szint\u00e9n \u00f6r\u00fclhet\u00fcnk-e a szabads\u00e1gnak, vajon ilyennek \u00e1lmodtuk-e, amikor m\u00e9g csak \u00e1h\u00edtoztunk r\u00e1?<\/p>\n\n\n\n<p>Debrecenben polg\u00e1ri csal\u00e1dban l\u00e1ttam meg a napvil\u00e1got, \u00edgy azt\u00e1n nem volt k\u00f6nny\u0171 dolga a csal\u00e1dnak. Sz\u00fcleimmel, nagymam\u00e1mmal egy\u00fctt \u00e9lt\u00fcnk. Szabad gyermekkorom volt, s ezt fontosnak tartom. Az els\u0151 \u201efeln\u0151tt\u201d tapasztalatom az \u201956-os forradalom kezdete volt, ez ugyanis val\u00f3j\u00e1ban Debrecenben kezd\u0151d\u00f6tt. Ezt sokan m\u00e1ig sem tudj\u00e1k az az, hogy \u201956 okt\u00f3ber 23.-\u00e1n d\u00e9lut\u00e1n Debrecenben l\u0151ttek el\u0151sz\u00f6r az emberek k\u00f6z\u00e9. Iskol\u00e1imat a Kossuth Lajos \u00e1ltal\u00e1nos iskol\u00e1ban, majd a Fazekas Mih\u00e1ly Gimn\u00e1ziumban v\u00e9geztem. Nos, \u00e9retts\u00e9gi ut\u00e1n \u2013 ma m\u00e1r tudom, hogy t\u00e9ved\u00e9sb\u0151l \u00e9s butas\u00e1gb\u00f3l \u2013 a Marx K\u00e1roly K\u00f6zgazdas\u00e1gi Egyetemre jelentkeztem, fel is vettek, ott v\u00e9geztem jeles eredm\u00e9nnyel. Szerettem volna egy egyetemi felh\u00edv\u00e1st elolvasva a Magyar R\u00e1di\u00f3ba menni dolgozni, \u00e1m nekem nem v\u00e1laszoltak.&nbsp; M\u00e9gis, k\u00e9s\u00f6bb szerencs\u00e9m volt, \u00e9s l\u00e9nyeg\u00e9ben nyugd\u00edjaz\u00e1somig a Magyar R\u00e1di\u00f3 munkat\u00e1rsa voltam. Addig \u201emezei munkat\u00e1rs\u201d, rovatvezet\u0151, a Kossuth R\u00e1di\u00f3 f\u0151szerkeszt\u0151je, majd a MR eln\u00f6ke lettem. Hogy mi\u00e9rt, nem tudom. \u00c9n dolgozni, riporterkedni szerettem nagyon, de \u00fagy gondolom, hogy eln\u00f6ki m\u0171k\u00f6d\u00e9semet sem kell sz\u00e9gyellenem. R\u00e1di\u00f3s \u00e9veimben h\u00edvtak a telev\u00edzi\u00f3ba, ahov\u00e1 \u00e1lland\u00f3 munkat\u00e1rsnak sosem mentem el, de t\u00f6bb m\u0171sort is k\u00e9sz\u00edtettem, ill. sok\u00e1ig az A H\u00e9t c. m\u0171sor vezet\u0151je voltam. K\u00e9s\u0151bb m\u00e9g dolgoztam az Echo Tv-ben is. Manaps\u00e1g nyugd\u00edjask\u00e9nt \u00edrok minden h\u00e9ten a Magyar H\u00edrlap c. sajnos ma m\u00e1r csak online megjelen\u0151 \u00fajs\u00e1gba, azt\u00e1n egy erd\u00e9lyi lapnak, meg az Aracs c\u00edm\u0171 kit\u0171n\u0151 d\u00e9lvid\u00e9ki foly\u00f3iratnak, valamint a sz\u00e9pbesz\u00e9d meg\u00f3v\u00e1s\u00e1ra elk\u00f6telezett telev\u00edzi\u00f3s Mont\u00e1gh Test\u00fclet tagjak\u00e9nt id\u0151nk\u00e9nt a tv \u00e9s a r\u00e1di\u00f3 nyelvhelyess\u00e9g\u00e9t meg\u0151rizni k\u00edv\u00e1n\u00f3 \u201ecselekedeteket\u201d k\u00f6vet\u00fcnk el.\u201d<\/p>\n\n\n\n<p>Az est\u00e9t bevezeti: <strong><em>Dr. Kottra G\u00e1bor, M\u00fcnchen<\/em><\/strong><\/p>\n\n\n\n<p><strong>Magyar Katolikus Misszi\u00f3 M\u00fcnchen, Oberf\u00f6hringer Str. 40<\/strong><\/p>\n\n\n\n<p><strong>2025. janu\u00e1r 24-\u00e9n, p\u00e9nteken, 19.00-kor<\/strong><\/p>\n\n\n\n<p><strong>Sz\u00edves k\u00f6lts\u00e9ghozz\u00e1j\u00e1rul\u00e1s\u00e1ra sz\u00e1m\u00edtunk.&nbsp;&nbsp;&nbsp;&nbsp;&nbsp;&nbsp;&nbsp;&nbsp;&nbsp;&nbsp;&nbsp; Mindenkit szeretettel v\u00e1runk!<\/strong><\/p>\n\n\n\n<p><\/p>","protected":false},"excerpt":{"rendered":"<p>Ungarische und Siebenb\u00fcrgische Mission und Sozialdienst e. V. Commerzbank M\u00fcnchen: Kto-Nr. DE25 7004 0041 0670 7533 90 Honlap: http:\/\/www.sz\u00e9chenyi-k\u00f6r.de A Teleki P\u00e1l-d\u00edjjal kit\u00fcntetett&nbsp; SZ\u00c9CHENYI&nbsp; K\u00d6R M E G H \u00cd V \u00d3 Szeretettel megh\u00edvjuk \u00d6nt, kedves csal\u00e1dj\u00e1t \u00e9s bar\u00e1tait az al\u00e1bbi rendezv\u00e9nyre: RABOK\u00a0 LETT\u00dcNK,\u00a0 VAGY\u00a0 SZABADOK? Kondor Katalin a Magyar R\u00e1di\u00f3 v. eln\u00f6ke, Budapest Kedves [&hellip;]<\/p>\n","protected":false},"author":4,"featured_media":0,"comment_status":"open","ping_status":"open","sticky":false,"template":"","format":"standard","meta":{"footnotes":""},"categories":[17],"tags":[23],"class_list":["post-9985","post","type-post","status-publish","format-standard","hentry","category-hirek","tag-23"],"yoast_head":"<!-- This site is optimized with the Yoast SEO plugin v27.4 - https:\/\/yoast.com\/product\/yoast-seo-wordpress\/ -->\n<title>Szechenyi k\u00f6r megh\u00edv\u00f3. Janu\u00e1r 24. - BUOD<\/title>\n<meta name=\"robots\" content=\"index, follow, max-snippet:-1, max-image-preview:large, max-video-preview:-1\" \/>\n<link rel=\"canonical\" href=\"https:\/\/buod.de\/de\/szechenyi-kor-meghivo-januar-24\/\" \/>\n<meta property=\"og:locale\" content=\"de_DE\" \/>\n<meta property=\"og:type\" content=\"article\" \/>\n<meta property=\"og:title\" content=\"Szechenyi k\u00f6r megh\u00edv\u00f3. Janu\u00e1r 24. - BUOD\" \/>\n<meta property=\"og:description\" content=\"Ungarische und Siebenb\u00fcrgische Mission und Sozialdienst e. V. Commerzbank M\u00fcnchen: Kto-Nr. DE25 7004 0041 0670 7533 90 Honlap: http:\/\/www.sz\u00e9chenyi-k\u00f6r.de A Teleki P\u00e1l-d\u00edjjal kit\u00fcntetett&nbsp; SZ\u00c9CHENYI&nbsp; K\u00d6R M E G H \u00cd V \u00d3 Szeretettel megh\u00edvjuk \u00d6nt, kedves csal\u00e1dj\u00e1t \u00e9s bar\u00e1tait az al\u00e1bbi rendezv\u00e9nyre: RABOK\u00a0 LETT\u00dcNK,\u00a0 VAGY\u00a0 SZABADOK? Kondor Katalin a Magyar R\u00e1di\u00f3 v. eln\u00f6ke, Budapest Kedves [&hellip;]\" \/>\n<meta property=\"og:url\" content=\"https:\/\/buod.de\/de\/szechenyi-kor-meghivo-januar-24\/\" \/>\n<meta property=\"og:site_name\" content=\"BUOD\" \/>\n<meta property=\"article:publisher\" content=\"https:\/\/www.facebook.com\/profile.php?id=100082185652397\" \/>\n<meta property=\"article:published_time\" content=\"2025-01-13T12:10:10+00:00\" \/>\n<meta property=\"article:modified_time\" content=\"2025-01-17T12:13:41+00:00\" \/>\n<meta property=\"og:image\" content=\"https:\/\/buod.de\/wp-content\/uploads\/2024\/10\/keszult.jpg\" \/>\n\t<meta property=\"og:image:width\" content=\"1500\" \/>\n\t<meta property=\"og:image:height\" content=\"1333\" \/>\n\t<meta property=\"og:image:type\" content=\"image\/jpeg\" \/>\n<meta name=\"author\" content=\"Gery V\u00e1rkonyi\" \/>\n<meta name=\"twitter:card\" content=\"summary_large_image\" \/>\n<meta name=\"twitter:label1\" content=\"Written by\" \/>\n\t<meta name=\"twitter:data1\" content=\"Gery V\u00e1rkonyi\" \/>\n\t<meta name=\"twitter:label2\" content=\"Est. reading time\" \/>\n\t<meta name=\"twitter:data2\" content=\"3 minutes\" \/>\n<script type=\"application\/ld+json\" class=\"yoast-schema-graph\">{\"@context\":\"https:\\\/\\\/schema.org\",\"@graph\":[{\"@type\":\"Article\",\"@id\":\"https:\\\/\\\/buod.de\\\/szechenyi-kor-meghivo-januar-24\\\/#article\",\"isPartOf\":{\"@id\":\"https:\\\/\\\/buod.de\\\/szechenyi-kor-meghivo-januar-24\\\/\"},\"author\":{\"name\":\"Gery V\u00e1rkonyi\",\"@id\":\"https:\\\/\\\/buod.de\\\/#\\\/schema\\\/person\\\/8332a3e63b017fea8fcd17e9c0f96bf1\"},\"headline\":\"Szechenyi k\u00f6r megh\u00edv\u00f3. Janu\u00e1r 24.\",\"datePublished\":\"2025-01-13T12:10:10+00:00\",\"dateModified\":\"2025-01-17T12:13:41+00:00\",\"mainEntityOfPage\":{\"@id\":\"https:\\\/\\\/buod.de\\\/szechenyi-kor-meghivo-januar-24\\\/\"},\"wordCount\":626,\"commentCount\":0,\"publisher\":{\"@id\":\"https:\\\/\\\/buod.de\\\/#organization\"},\"image\":{\"@id\":\"https:\\\/\\\/buod.de\\\/szechenyi-kor-meghivo-januar-24\\\/#primaryimage\"},\"thumbnailUrl\":\"https:\\\/\\\/buod.de\\\/wp-content\\\/uploads\\\/2024\\\/10\\\/keszult-1024x910.jpg\",\"keywords\":[\"2025\"],\"articleSection\":[\"H\u00edrek\"],\"inLanguage\":\"de-DE\",\"potentialAction\":[{\"@type\":\"CommentAction\",\"name\":\"Comment\",\"target\":[\"https:\\\/\\\/buod.de\\\/szechenyi-kor-meghivo-januar-24\\\/#respond\"]}]},{\"@type\":\"WebPage\",\"@id\":\"https:\\\/\\\/buod.de\\\/szechenyi-kor-meghivo-januar-24\\\/\",\"url\":\"https:\\\/\\\/buod.de\\\/szechenyi-kor-meghivo-januar-24\\\/\",\"name\":\"Szechenyi k\u00f6r megh\u00edv\u00f3. Janu\u00e1r 24. - BUOD\",\"isPartOf\":{\"@id\":\"https:\\\/\\\/buod.de\\\/#website\"},\"primaryImageOfPage\":{\"@id\":\"https:\\\/\\\/buod.de\\\/szechenyi-kor-meghivo-januar-24\\\/#primaryimage\"},\"image\":{\"@id\":\"https:\\\/\\\/buod.de\\\/szechenyi-kor-meghivo-januar-24\\\/#primaryimage\"},\"thumbnailUrl\":\"https:\\\/\\\/buod.de\\\/wp-content\\\/uploads\\\/2024\\\/10\\\/keszult-1024x910.jpg\",\"datePublished\":\"2025-01-13T12:10:10+00:00\",\"dateModified\":\"2025-01-17T12:13:41+00:00\",\"breadcrumb\":{\"@id\":\"https:\\\/\\\/buod.de\\\/szechenyi-kor-meghivo-januar-24\\\/#breadcrumb\"},\"inLanguage\":\"de-DE\",\"potentialAction\":[{\"@type\":\"ReadAction\",\"target\":[\"https:\\\/\\\/buod.de\\\/szechenyi-kor-meghivo-januar-24\\\/\"]}]},{\"@type\":\"ImageObject\",\"inLanguage\":\"de-DE\",\"@id\":\"https:\\\/\\\/buod.de\\\/szechenyi-kor-meghivo-januar-24\\\/#primaryimage\",\"url\":\"https:\\\/\\\/buod.de\\\/wp-content\\\/uploads\\\/2024\\\/10\\\/keszult-1024x910.jpg\",\"contentUrl\":\"https:\\\/\\\/buod.de\\\/wp-content\\\/uploads\\\/2024\\\/10\\\/keszult-1024x910.jpg\"},{\"@type\":\"BreadcrumbList\",\"@id\":\"https:\\\/\\\/buod.de\\\/szechenyi-kor-meghivo-januar-24\\\/#breadcrumb\",\"itemListElement\":[{\"@type\":\"ListItem\",\"position\":1,\"name\":\"Kezd\u0151lap\",\"item\":\"https:\\\/\\\/buod.de\\\/\"},{\"@type\":\"ListItem\",\"position\":2,\"name\":\"Szechenyi k\u00f6r megh\u00edv\u00f3. Janu\u00e1r 24.\"}]},{\"@type\":\"WebSite\",\"@id\":\"https:\\\/\\\/buod.de\\\/#website\",\"url\":\"https:\\\/\\\/buod.de\\\/\",\"name\":\"BUOD\",\"description\":\"Bund Ungarischer Organisationen in Deutschland\",\"publisher\":{\"@id\":\"https:\\\/\\\/buod.de\\\/#organization\"},\"potentialAction\":[{\"@type\":\"SearchAction\",\"target\":{\"@type\":\"EntryPoint\",\"urlTemplate\":\"https:\\\/\\\/buod.de\\\/?s={search_term_string}\"},\"query-input\":{\"@type\":\"PropertyValueSpecification\",\"valueRequired\":true,\"valueName\":\"search_term_string\"}}],\"inLanguage\":\"de-DE\"},{\"@type\":\"Organization\",\"@id\":\"https:\\\/\\\/buod.de\\\/#organization\",\"name\":\"BUOD\",\"url\":\"https:\\\/\\\/buod.de\\\/\",\"logo\":{\"@type\":\"ImageObject\",\"inLanguage\":\"de-DE\",\"@id\":\"https:\\\/\\\/buod.de\\\/#\\\/schema\\\/logo\\\/image\\\/\",\"url\":\"https:\\\/\\\/buod.de\\\/wp-content\\\/uploads\\\/2024\\\/03\\\/BUOD-logo.png\",\"contentUrl\":\"https:\\\/\\\/buod.de\\\/wp-content\\\/uploads\\\/2024\\\/03\\\/BUOD-logo.png\",\"width\":586,\"height\":490,\"caption\":\"BUOD\"},\"image\":{\"@id\":\"https:\\\/\\\/buod.de\\\/#\\\/schema\\\/logo\\\/image\\\/\"},\"sameAs\":[\"https:\\\/\\\/www.facebook.com\\\/profile.php?id=100082185652397\"]},{\"@type\":\"Person\",\"@id\":\"https:\\\/\\\/buod.de\\\/#\\\/schema\\\/person\\\/8332a3e63b017fea8fcd17e9c0f96bf1\",\"name\":\"Gery V\u00e1rkonyi\",\"image\":{\"@type\":\"ImageObject\",\"inLanguage\":\"de-DE\",\"@id\":\"https:\\\/\\\/secure.gravatar.com\\\/avatar\\\/c1babe7dc68f065be4ec606c522172804715398688c78c6fffca3888b364e934?s=96&d=mm&r=g\",\"url\":\"https:\\\/\\\/secure.gravatar.com\\\/avatar\\\/c1babe7dc68f065be4ec606c522172804715398688c78c6fffca3888b364e934?s=96&d=mm&r=g\",\"contentUrl\":\"https:\\\/\\\/secure.gravatar.com\\\/avatar\\\/c1babe7dc68f065be4ec606c522172804715398688c78c6fffca3888b364e934?s=96&d=mm&r=g\",\"caption\":\"Gery V\u00e1rkonyi\"},\"url\":\"https:\\\/\\\/buod.de\\\/de\\\/author\\\/geryvarkonyi\\\/\"}]}<\/script>\n<!-- \/ Yoast SEO plugin. -->","yoast_head_json":{"title":"Szechenyi k\u00f6r megh\u00edv\u00f3. Janu\u00e1r 24. - BUOD","robots":{"index":"index","follow":"follow","max-snippet":"max-snippet:-1","max-image-preview":"max-image-preview:large","max-video-preview":"max-video-preview:-1"},"canonical":"https:\/\/buod.de\/de\/szechenyi-kor-meghivo-januar-24\/","og_locale":"de_DE","og_type":"article","og_title":"Szechenyi k\u00f6r megh\u00edv\u00f3. Janu\u00e1r 24. - BUOD","og_description":"Ungarische und Siebenb\u00fcrgische Mission und Sozialdienst e. V. Commerzbank M\u00fcnchen: Kto-Nr. DE25 7004 0041 0670 7533 90 Honlap: http:\/\/www.sz\u00e9chenyi-k\u00f6r.de A Teleki P\u00e1l-d\u00edjjal kit\u00fcntetett&nbsp; SZ\u00c9CHENYI&nbsp; K\u00d6R M E G H \u00cd V \u00d3 Szeretettel megh\u00edvjuk \u00d6nt, kedves csal\u00e1dj\u00e1t \u00e9s bar\u00e1tait az al\u00e1bbi rendezv\u00e9nyre: RABOK\u00a0 LETT\u00dcNK,\u00a0 VAGY\u00a0 SZABADOK? Kondor Katalin a Magyar R\u00e1di\u00f3 v. eln\u00f6ke, Budapest Kedves [&hellip;]","og_url":"https:\/\/buod.de\/de\/szechenyi-kor-meghivo-januar-24\/","og_site_name":"BUOD","article_publisher":"https:\/\/www.facebook.com\/profile.php?id=100082185652397","article_published_time":"2025-01-13T12:10:10+00:00","article_modified_time":"2025-01-17T12:13:41+00:00","og_image":[{"width":1500,"height":1333,"url":"https:\/\/buod.de\/wp-content\/uploads\/2024\/10\/keszult.jpg","type":"image\/jpeg"}],"author":"Gery V\u00e1rkonyi","twitter_card":"summary_large_image","twitter_misc":{"Written by":"Gery V\u00e1rkonyi","Est. reading time":"3 minutes"},"schema":{"@context":"https:\/\/schema.org","@graph":[{"@type":"Article","@id":"https:\/\/buod.de\/szechenyi-kor-meghivo-januar-24\/#article","isPartOf":{"@id":"https:\/\/buod.de\/szechenyi-kor-meghivo-januar-24\/"},"author":{"name":"Gery V\u00e1rkonyi","@id":"https:\/\/buod.de\/#\/schema\/person\/8332a3e63b017fea8fcd17e9c0f96bf1"},"headline":"Szechenyi k\u00f6r megh\u00edv\u00f3. Janu\u00e1r 24.","datePublished":"2025-01-13T12:10:10+00:00","dateModified":"2025-01-17T12:13:41+00:00","mainEntityOfPage":{"@id":"https:\/\/buod.de\/szechenyi-kor-meghivo-januar-24\/"},"wordCount":626,"commentCount":0,"publisher":{"@id":"https:\/\/buod.de\/#organization"},"image":{"@id":"https:\/\/buod.de\/szechenyi-kor-meghivo-januar-24\/#primaryimage"},"thumbnailUrl":"https:\/\/buod.de\/wp-content\/uploads\/2024\/10\/keszult-1024x910.jpg","keywords":["2025"],"articleSection":["H\u00edrek"],"inLanguage":"de-DE","potentialAction":[{"@type":"CommentAction","name":"Comment","target":["https:\/\/buod.de\/szechenyi-kor-meghivo-januar-24\/#respond"]}]},{"@type":"WebPage","@id":"https:\/\/buod.de\/szechenyi-kor-meghivo-januar-24\/","url":"https:\/\/buod.de\/szechenyi-kor-meghivo-januar-24\/","name":"Szechenyi k\u00f6r megh\u00edv\u00f3. Janu\u00e1r 24. - BUOD","isPartOf":{"@id":"https:\/\/buod.de\/#website"},"primaryImageOfPage":{"@id":"https:\/\/buod.de\/szechenyi-kor-meghivo-januar-24\/#primaryimage"},"image":{"@id":"https:\/\/buod.de\/szechenyi-kor-meghivo-januar-24\/#primaryimage"},"thumbnailUrl":"https:\/\/buod.de\/wp-content\/uploads\/2024\/10\/keszult-1024x910.jpg","datePublished":"2025-01-13T12:10:10+00:00","dateModified":"2025-01-17T12:13:41+00:00","breadcrumb":{"@id":"https:\/\/buod.de\/szechenyi-kor-meghivo-januar-24\/#breadcrumb"},"inLanguage":"de-DE","potentialAction":[{"@type":"ReadAction","target":["https:\/\/buod.de\/szechenyi-kor-meghivo-januar-24\/"]}]},{"@type":"ImageObject","inLanguage":"de-DE","@id":"https:\/\/buod.de\/szechenyi-kor-meghivo-januar-24\/#primaryimage","url":"https:\/\/buod.de\/wp-content\/uploads\/2024\/10\/keszult-1024x910.jpg","contentUrl":"https:\/\/buod.de\/wp-content\/uploads\/2024\/10\/keszult-1024x910.jpg"},{"@type":"BreadcrumbList","@id":"https:\/\/buod.de\/szechenyi-kor-meghivo-januar-24\/#breadcrumb","itemListElement":[{"@type":"ListItem","position":1,"name":"Kezd\u0151lap","item":"https:\/\/buod.de\/"},{"@type":"ListItem","position":2,"name":"Szechenyi k\u00f6r megh\u00edv\u00f3. Janu\u00e1r 24."}]},{"@type":"WebSite","@id":"https:\/\/buod.de\/#website","url":"https:\/\/buod.de\/","name":"BUOD","description":"Bund Ungarischer Organisationen in Deutschland","publisher":{"@id":"https:\/\/buod.de\/#organization"},"potentialAction":[{"@type":"SearchAction","target":{"@type":"EntryPoint","urlTemplate":"https:\/\/buod.de\/?s={search_term_string}"},"query-input":{"@type":"PropertyValueSpecification","valueRequired":true,"valueName":"search_term_string"}}],"inLanguage":"de-DE"},{"@type":"Organization","@id":"https:\/\/buod.de\/#organization","name":"BUOD","url":"https:\/\/buod.de\/","logo":{"@type":"ImageObject","inLanguage":"de-DE","@id":"https:\/\/buod.de\/#\/schema\/logo\/image\/","url":"https:\/\/buod.de\/wp-content\/uploads\/2024\/03\/BUOD-logo.png","contentUrl":"https:\/\/buod.de\/wp-content\/uploads\/2024\/03\/BUOD-logo.png","width":586,"height":490,"caption":"BUOD"},"image":{"@id":"https:\/\/buod.de\/#\/schema\/logo\/image\/"},"sameAs":["https:\/\/www.facebook.com\/profile.php?id=100082185652397"]},{"@type":"Person","@id":"https:\/\/buod.de\/#\/schema\/person\/8332a3e63b017fea8fcd17e9c0f96bf1","name":"Gery V\u00e1rkonyi","image":{"@type":"ImageObject","inLanguage":"de-DE","@id":"https:\/\/secure.gravatar.com\/avatar\/c1babe7dc68f065be4ec606c522172804715398688c78c6fffca3888b364e934?s=96&d=mm&r=g","url":"https:\/\/secure.gravatar.com\/avatar\/c1babe7dc68f065be4ec606c522172804715398688c78c6fffca3888b364e934?s=96&d=mm&r=g","contentUrl":"https:\/\/secure.gravatar.com\/avatar\/c1babe7dc68f065be4ec606c522172804715398688c78c6fffca3888b364e934?s=96&d=mm&r=g","caption":"Gery V\u00e1rkonyi"},"url":"https:\/\/buod.de\/de\/author\/geryvarkonyi\/"}]}},"_links":{"self":[{"href":"https:\/\/buod.de\/de\/wp-json\/wp\/v2\/posts\/9985","targetHints":{"allow":["GET"]}}],"collection":[{"href":"https:\/\/buod.de\/de\/wp-json\/wp\/v2\/posts"}],"about":[{"href":"https:\/\/buod.de\/de\/wp-json\/wp\/v2\/types\/post"}],"author":[{"embeddable":true,"href":"https:\/\/buod.de\/de\/wp-json\/wp\/v2\/users\/4"}],"replies":[{"embeddable":true,"href":"https:\/\/buod.de\/de\/wp-json\/wp\/v2\/comments?post=9985"}],"version-history":[{"count":1,"href":"https:\/\/buod.de\/de\/wp-json\/wp\/v2\/posts\/9985\/revisions"}],"predecessor-version":[{"id":9986,"href":"https:\/\/buod.de\/de\/wp-json\/wp\/v2\/posts\/9985\/revisions\/9986"}],"wp:attachment":[{"href":"https:\/\/buod.de\/de\/wp-json\/wp\/v2\/media?parent=9985"}],"wp:term":[{"taxonomy":"category","embeddable":true,"href":"https:\/\/buod.de\/de\/wp-json\/wp\/v2\/categories?post=9985"},{"taxonomy":"post_tag","embeddable":true,"href":"https:\/\/buod.de\/de\/wp-json\/wp\/v2\/tags?post=9985"}],"curies":[{"name":"wp","href":"https:\/\/api.w.org\/{rel}","templated":true}]}}